{"id":6,"count":30,"description":"<p class=\"isSelectedEnd\"><strong>EDITORIAL\u00a0<\/strong><\/p>\r\nCAMBIAN LAS REGLAS DEL JUEGO. \u00bfM\u00c1S DEMOCRACIA O M\u00c1S CONTROL?\r\n<p class=\"isSelectedEnd\">Hoy queremos explicar de manera simple un tema que est\u00e1 empezando a generar debate en la provincia de Salta: el proyecto de <strong>Ley de Participaci\u00f3n Democr\u00e1tica<\/strong>, impulsado por el gobierno y acompa\u00f1ado por casi 38 diputados.<\/p>\r\n<p class=\"isSelectedEnd\">A ver. \u00bfDe qu\u00e9 se trata esto?<\/p>\r\n<p class=\"isSelectedEnd\">En palabras claras, no es una ley cualquiera: es una reforma electoral. Es decir, cambia las reglas de c\u00f3mo se presentan los candidatos, c\u00f3mo compiten y c\u00f3mo se cuentan los votos.<\/p>\r\n<p class=\"isSelectedEnd\">Ahora bien, \u00bfqu\u00e9 cambia en concreto?<\/p>\r\n<p class=\"isSelectedEnd\">Primero, los partidos pol\u00edticos van a poder armar frentes y presentar varias listas internas, pero con un l\u00edmite. Esto, seg\u00fan dicen, busca ordenar la oferta electoral, aunque tambi\u00e9n reduce la cantidad de opciones.<\/p>\r\n<p class=\"isSelectedEnd\">Segundo, y muy importante: si dentro de un mismo frente hay varias listas, <strong>los votos se suman<\/strong>. Es decir, aunque haya competencia interna, termina ganando el candidato m\u00e1s fuerte de ese mismo espacio. Esto claramente beneficia a los frentes grandes.<\/p>\r\n<p class=\"isSelectedEnd\">Tercero, para competir por la gobernaci\u00f3n, los espacios pol\u00edticos van a tener que tener presencia en al menos 15 departamentos. \u00bfQu\u00e9 significa esto? Que los partidos chicos o locales la van a tener mucho m\u00e1s dif\u00edcil.<\/p>\r\n<p class=\"isSelectedEnd\">Tambi\u00e9n hay cambios en el sistema de votaci\u00f3n electr\u00f3nica, con m\u00e1s protagonismo de la imagen de los candidatos y un conteo manual posterior para garantizar transparencia.<\/p>\r\n<p class=\"isSelectedEnd\">Y otro punto no menor, se le da m\u00e1s poder al Tribunal Electoral para observar y aprobar las listas, con menos posibilidades de apelaci\u00f3n.<\/p>\r\n<p class=\"isSelectedEnd\">Entonces, la pregunta de fondo es\u2026<\/p>\r\n<p class=\"isSelectedEnd\">\u00bfEsto mejora la participaci\u00f3n democr\u00e1tica o la ordena en beneficio de algunos sectores?<\/p>\r\n<p class=\"isSelectedEnd\">Como siempre, hay dos miradas.<\/p>\r\n<p class=\"isSelectedEnd\">Por un lado, quienes apoyan el proyecto dicen que va a dar m\u00e1s claridad, m\u00e1s transparencia y menos desorden en las elecciones.<\/p>\r\n<p class=\"isSelectedEnd\">Por otro lado, hay quienes advierten que puede concentrar el poder en los espacios pol\u00edticos m\u00e1s grandes y dejar afuera a sectores m\u00e1s chicos.<\/p>\r\n<p class=\"isSelectedEnd\">Lo cierto es que no se cambia qui\u00e9n vota ni a qui\u00e9n vota,\u00a0 pero s\u00ed se cambian las reglas que terminan definiendo qui\u00e9n gana.<\/p>\r\n<p class=\"isSelectedEnd\">Y en pol\u00edtica, eso nunca es un detalle menor.<\/p>\r\nDesde Radio Quijano vamos a seguir de cerca este tema, porque estas decisiones no son solo de los pol\u00edticos, impactan directamente en la forma en que todos los ciudadanos elegimos a nuestros representantes.","link":"https:\/\/nahuelproducciones.com.ar\/radioquijano\/category\/editorial\/","name":"Editorial","slug":"editorial","taxonomy":"category","parent":0,"meta":[],"yoast_head":"<!-- This site is optimized with the Yoast SEO plugin v20.8 - https:\/\/yoast.com\/wordpress\/plugins\/seo\/ -->\n<title>Editorial archivos - RQ 99.9<\/title>\n<meta name=\"description\" content=\"Cuando desde el poder te ponen un t\u00edtulo lindo, \u201cLey de Participaci\u00f3n Democr\u00e1tica\u201d uno dice qu\u00e9 bien, m\u00e1s participaci\u00f3n, m\u00e1s democracia. Pero no alcanza con ponerle un nombre lindo a una ley. La democracia de verdad se mide en la igualdad de oportunidades.\" \/>\n<meta name=\"robots\" content=\"index, follow, max-snippet:-1, max-image-preview:large, max-video-preview:-1\" \/>\n<link rel=\"canonical\" href=\"https:\/\/nahuelproducciones.com.ar\/radioquijano\/category\/editorial\/\" \/>\n<meta property=\"og:locale\" content=\"es_ES\" \/>\n<meta property=\"og:type\" content=\"article\" \/>\n<meta property=\"og:title\" content=\"Editorial archivos - RQ 99.9\" \/>\n<meta property=\"og:description\" content=\"Cuando desde el poder te ponen un t\u00edtulo lindo, \u201cLey de Participaci\u00f3n Democr\u00e1tica\u201d uno dice qu\u00e9 bien, m\u00e1s participaci\u00f3n, m\u00e1s democracia. Pero no alcanza con ponerle un nombre lindo a una ley. La democracia de verdad se mide en la igualdad de oportunidades.\" \/>\n<meta property=\"og:url\" content=\"https:\/\/nahuelproducciones.com.ar\/radioquijano\/category\/editorial\/\" \/>\n<meta property=\"og:site_name\" content=\"RQ 99.9\" \/>\n<meta name=\"twitter:card\" content=\"summary_large_image\" \/>\n<meta name=\"twitter:site\" content=\"@nahuproduciones\" \/>\n<script type=\"application\/ld+json\" class=\"yoast-schema-graph\">{\"@context\":\"https:\/\/schema.org\",\"@graph\":[{\"@type\":\"CollectionPage\",\"@id\":\"https:\/\/nahuelproducciones.com.ar\/radioquijano\/category\/editorial\/\",\"url\":\"https:\/\/nahuelproducciones.com.ar\/radioquijano\/category\/editorial\/\",\"name\":\"Editorial archivos - RQ 99.9\",\"isPartOf\":{\"@id\":\"https:\/\/nahuelproducciones.com.ar\/radioquijano\/#website\"},\"description\":\"Cuando desde el poder te ponen un t\u00edtulo lindo, \u201cLey de Participaci\u00f3n Democr\u00e1tica\u201d uno dice qu\u00e9 bien, m\u00e1s participaci\u00f3n, m\u00e1s democracia. Pero no alcanza con ponerle un nombre lindo a una ley. La democracia de verdad se mide en la igualdad de oportunidades.\",\"breadcrumb\":{\"@id\":\"https:\/\/nahuelproducciones.com.ar\/radioquijano\/category\/editorial\/#breadcrumb\"},\"inLanguage\":\"es\"},{\"@type\":\"BreadcrumbList\",\"@id\":\"https:\/\/nahuelproducciones.com.ar\/radioquijano\/category\/editorial\/#breadcrumb\",\"itemListElement\":[{\"@type\":\"ListItem\",\"position\":1,\"name\":\"Portada\",\"item\":\"https:\/\/nahuelproducciones.com.ar\/radioquijano\/\"},{\"@type\":\"ListItem\",\"position\":2,\"name\":\"Editorial\"}]},{\"@type\":\"WebSite\",\"@id\":\"https:\/\/nahuelproducciones.com.ar\/radioquijano\/#website\",\"url\":\"https:\/\/nahuelproducciones.com.ar\/radioquijano\/\",\"name\":\"RQ 99.9\",\"description\":\"Radio Quijano 99.9 MHz\",\"potentialAction\":[{\"@type\":\"SearchAction\",\"target\":{\"@type\":\"EntryPoint\",\"urlTemplate\":\"https:\/\/nahuelproducciones.com.ar\/radioquijano\/?s={search_term_string}\"},\"query-input\":\"required name=search_term_string\"}],\"inLanguage\":\"es\"}]}<\/script>\n<!-- \/ Yoast SEO plugin. -->","yoast_head_json":{"title":"Editorial archivos - RQ 99.9","description":"Cuando desde el poder te ponen un t\u00edtulo lindo, \u201cLey de Participaci\u00f3n Democr\u00e1tica\u201d uno dice qu\u00e9 bien, m\u00e1s participaci\u00f3n, m\u00e1s democracia. Pero no alcanza con ponerle un nombre lindo a una ley. La democracia de verdad se mide en la igualdad de oportunidades.","robots":{"index":"index","follow":"follow","max-snippet":"max-snippet:-1","max-image-preview":"max-image-preview:large","max-video-preview":"max-video-preview:-1"},"canonical":"https:\/\/nahuelproducciones.com.ar\/radioquijano\/category\/editorial\/","og_locale":"es_ES","og_type":"article","og_title":"Editorial archivos - RQ 99.9","og_description":"Cuando desde el poder te ponen un t\u00edtulo lindo, \u201cLey de Participaci\u00f3n Democr\u00e1tica\u201d uno dice qu\u00e9 bien, m\u00e1s participaci\u00f3n, m\u00e1s democracia. Pero no alcanza con ponerle un nombre lindo a una ley. La democracia de verdad se mide en la igualdad de oportunidades.","og_url":"https:\/\/nahuelproducciones.com.ar\/radioquijano\/category\/editorial\/","og_site_name":"RQ 99.9","twitter_card":"summary_large_image","twitter_site":"@nahuproduciones","schema":{"@context":"https:\/\/schema.org","@graph":[{"@type":"CollectionPage","@id":"https:\/\/nahuelproducciones.com.ar\/radioquijano\/category\/editorial\/","url":"https:\/\/nahuelproducciones.com.ar\/radioquijano\/category\/editorial\/","name":"Editorial archivos - RQ 99.9","isPartOf":{"@id":"https:\/\/nahuelproducciones.com.ar\/radioquijano\/#website"},"description":"Cuando desde el poder te ponen un t\u00edtulo lindo, \u201cLey de Participaci\u00f3n Democr\u00e1tica\u201d uno dice qu\u00e9 bien, m\u00e1s participaci\u00f3n, m\u00e1s democracia. Pero no alcanza con ponerle un nombre lindo a una ley. La democracia de verdad se mide en la igualdad de oportunidades.","breadcrumb":{"@id":"https:\/\/nahuelproducciones.com.ar\/radioquijano\/category\/editorial\/#breadcrumb"},"inLanguage":"es"},{"@type":"BreadcrumbList","@id":"https:\/\/nahuelproducciones.com.ar\/radioquijano\/category\/editorial\/#breadcrumb","itemListElement":[{"@type":"ListItem","position":1,"name":"Portada","item":"https:\/\/nahuelproducciones.com.ar\/radioquijano\/"},{"@type":"ListItem","position":2,"name":"Editorial"}]},{"@type":"WebSite","@id":"https:\/\/nahuelproducciones.com.ar\/radioquijano\/#website","url":"https:\/\/nahuelproducciones.com.ar\/radioquijano\/","name":"RQ 99.9","description":"Radio Quijano 99.9 MHz","potentialAction":[{"@type":"SearchAction","target":{"@type":"EntryPoint","urlTemplate":"https:\/\/nahuelproducciones.com.ar\/radioquijano\/?s={search_term_string}"},"query-input":"required name=search_term_string"}],"inLanguage":"es"}]}},"_links":{"self":[{"href":"https:\/\/nahuelproducciones.com.ar\/radioquijano\/wp-json\/wp\/v2\/categories\/6","targetHints":{"allow":["GET"]}}],"collection":[{"href":"https:\/\/nahuelproducciones.com.ar\/radioquijano\/wp-json\/wp\/v2\/categories"}],"about":[{"href":"https:\/\/nahuelproducciones.com.ar\/radioquijano\/wp-json\/wp\/v2\/taxonomies\/category"}],"wp:post_type":[{"href":"https:\/\/nahuelproducciones.com.ar\/radioquijano\/wp-json\/wp\/v2\/posts?categories=6"}],"curies":[{"name":"wp","href":"https:\/\/api.w.org\/{rel}","templated":true}]}}