{"id":10011,"date":"2025-04-17T16:28:58","date_gmt":"2025-04-17T19:28:58","guid":{"rendered":"https:\/\/nahuelproducciones.com.ar\/radioquijano\/?p=10011"},"modified":"2025-04-17T16:44:26","modified_gmt":"2025-04-17T19:44:26","slug":"lorena-torres-busca-la-reeleccion-mi-compromiso-sigue-siendo-con-la-gente","status":"publish","type":"post","link":"https:\/\/nahuelproducciones.com.ar\/radioquijano\/lorena-torres-busca-la-reeleccion-mi-compromiso-sigue-siendo-con-la-gente\/","title":{"rendered":"Lorena Torres busca la reelecci\u00f3n: \u201cMi compromiso sigue siendo con la gente\u201d"},"content":{"rendered":"\n<p>En el marco del ciclo radial \u201cConocemos al Candidato\u201d, Radio Quijano dialog\u00f3 telef\u00f3nicamente con Lorena Torres, actual concejal y candidata a renovar su banca por la lista 403 \u201cJuntos\u201d.<\/p>\n\n\n\n<p>Durante la entrevista, Torres record\u00f3 cu\u00e1l es el verdadero rol de un concejal: \u00abSer concejal es ser el representante elegido por los vecinos para formar parte del \u00f3rgano legislativo del gobierno municipal. Es controlar al Ejecutivo, presentar, proponer, debatir y aprobar ordenanzas\u00bb. En este sentido, fue cr\u00edtica con algunos colegas: \u201cMuchos candidatos ya tuvieron la oportunidad de legislar, representar y controlar; eligieron la comodidad, el silencio, la indiferencia y la obsecuencia\u201d, afirm\u00f3.<\/p>\n\n\n\n<p>El edil hizo hincapi\u00e9 en la importancia de que la ciudadan\u00eda se involucre en pol\u00edtica y se comprometa con los asuntos p\u00fablicos. \u00abAl ser nueva en esta funci\u00f3n, tuve que fortalecerme en mis posturas, sabiendo que estoy en la oposici\u00f3n y que el Concejo Deliberante tiene mayor\u00eda oficialista. Pero resisto con el mismo esfuerzo y s\u00f3lidas convicciones\u00bb, asegur\u00f3.<\/p>\n\n\n\n<p>De cara a una posible nueva gesti\u00f3n, anticip\u00f3 que comenzar\u00e1 en la misma l\u00ednea de trabajo, pero con m\u00e1s aportes ciudadanos: \u201cMi pr\u00f3xima gesti\u00f3n ser\u00e1 igual que esta, pero con m\u00e1s ideas y proyectos que llegan de la gente\u201d, cerr\u00f3.<\/p>\n\n\n\n<p>Escucha la entrevista:<\/p>\n\n\n\n<figure class=\"wp-block-audio\"><audio controls src=\"https:\/\/nahuelproducciones.com.ar\/radioquijano\/wp-content\/uploads\/2025\/04\/17-04-2025-CONCEJAL-LORENA-TORRES-LISTA-403-JUNTOS.mp3\"><\/audio><\/figure>\n\n\n<div class=\"wp-block-image\">\n<figure class=\"aligncenter size-full is-resized\"><img loading=\"lazy\" decoding=\"async\" width=\"1024\" height=\"1024\" src=\"https:\/\/nahuelproducciones.com.ar\/radioquijano\/wp-content\/uploads\/2025\/04\/ChatGPT-Image-14-abr-2025-10_27_11-p.m-3.png\" alt=\"\" class=\"wp-image-10015\" style=\"width:445px;height:auto\" srcset=\"https:\/\/nahuelproducciones.com.ar\/radioquijano\/wp-content\/uploads\/2025\/04\/ChatGPT-Image-14-abr-2025-10_27_11-p.m-3.png 1024w, https:\/\/nahuelproducciones.com.ar\/radioquijano\/wp-content\/uploads\/2025\/04\/ChatGPT-Image-14-abr-2025-10_27_11-p.m-3-300x300.png 300w\" sizes=\"auto, (max-width: 1024px) 100vw, 1024px\" \/><\/figure><\/div>\n\n\n<p><\/p>\n","protected":false},"excerpt":{"rendered":"<p>En el marco del ciclo radial \u201cConocemos al Candidato\u201d, Radio Quijano dialog\u00f3 telef\u00f3nicamente con Lorena Torres, actual concejal y candidata a renovar su banca por la lista 403 \u201cJuntos\u201d. Durante la entrevista, Torres record\u00f3 cu\u00e1l es el verdadero rol de un concejal: \u00abSer concejal es ser el representante elegido por los vecinos para formar parte [&hellip;]<\/p>\n","protected":false},"author":8,"featured_media":10014,"comment_status":"open","ping_status":"open","sticky":false,"template":"","format":"standard","meta":{"_monsterinsights_skip_tracking":false,"_monsterinsights_sitenote_active":false,"_monsterinsights_sitenote_note":"","_monsterinsights_sitenote_category":0,"footnotes":""},"categories":[16],"tags":[1582,100,1767],"class_list":["post-10011","post","type-post","status-publish","format-standard","has-post-thumbnail","hentry","category-noticias","tag-lorena-torres","tag-municipio-de-campo-quijano","tag-conocemos-al-candidato-2"],"yoast_head":"<!-- This site is optimized with the Yoast SEO plugin v20.8 - https:\/\/yoast.com\/wordpress\/plugins\/seo\/ -->\n<title>Lorena Torres busca la reelecci\u00f3n: \u201cMi compromiso sigue siendo con la gente\u201d - RQ 99.9<\/title>\n<meta name=\"description\" content=\"De cara a una posible nueva gesti\u00f3n, anticip\u00f3 que comenzar\u00e1 en la misma l\u00ednea de trabajo, pero con m\u00e1s aportes ciudadanos\" \/>\n<meta name=\"robots\" content=\"index, follow, max-snippet:-1, max-image-preview:large, max-video-preview:-1\" \/>\n<link rel=\"canonical\" href=\"https:\/\/nahuelproducciones.com.ar\/radioquijano\/lorena-torres-busca-la-reeleccion-mi-compromiso-sigue-siendo-con-la-gente\/\" \/>\n<meta property=\"og:locale\" content=\"es_ES\" \/>\n<meta property=\"og:type\" content=\"article\" \/>\n<meta property=\"og:title\" content=\"Lorena Torres busca la reelecci\u00f3n: \u201cMi compromiso sigue siendo con la gente\u201d - RQ 99.9\" \/>\n<meta property=\"og:description\" content=\"De cara a una posible nueva gesti\u00f3n, anticip\u00f3 que comenzar\u00e1 en la misma l\u00ednea de trabajo, pero con m\u00e1s aportes ciudadanos\" \/>\n<meta property=\"og:url\" content=\"https:\/\/nahuelproducciones.com.ar\/radioquijano\/lorena-torres-busca-la-reeleccion-mi-compromiso-sigue-siendo-con-la-gente\/\" \/>\n<meta property=\"og:site_name\" content=\"RQ 99.9\" \/>\n<meta property=\"article:publisher\" content=\"https:\/\/www.facebook.com\/nahuelproducciones999\/\" \/>\n<meta property=\"article:published_time\" content=\"2025-04-17T19:28:58+00:00\" \/>\n<meta property=\"article:modified_time\" content=\"2025-04-17T19:44:26+00:00\" \/>\n<meta property=\"og:image\" content=\"https:\/\/nahuelproducciones.com.ar\/radioquijano\/wp-content\/uploads\/2025\/04\/490340562_4309549525940922_5980766337836477733_n.jpg\" \/>\n\t<meta property=\"og:image:width\" content=\"720\" \/>\n\t<meta property=\"og:image:height\" content=\"726\" \/>\n\t<meta property=\"og:image:type\" content=\"image\/jpeg\" \/>\n<meta name=\"author\" content=\"Cecilia Pastrana\" \/>\n<meta name=\"twitter:card\" content=\"summary_large_image\" \/>\n<meta name=\"twitter:creator\" content=\"@nahuproduciones\" \/>\n<meta name=\"twitter:site\" content=\"@nahuproduciones\" \/>\n<meta name=\"twitter:label1\" content=\"Escrito por\" \/>\n\t<meta name=\"twitter:data1\" content=\"Cecilia Pastrana\" \/>\n\t<meta name=\"twitter:label2\" content=\"Tiempo de lectura\" \/>\n\t<meta name=\"twitter:data2\" content=\"2 minutos\" \/>\n<script type=\"application\/ld+json\" class=\"yoast-schema-graph\">{\"@context\":\"https:\/\/schema.org\",\"@graph\":[{\"@type\":\"WebPage\",\"@id\":\"https:\/\/nahuelproducciones.com.ar\/radioquijano\/lorena-torres-busca-la-reeleccion-mi-compromiso-sigue-siendo-con-la-gente\/\",\"url\":\"https:\/\/nahuelproducciones.com.ar\/radioquijano\/lorena-torres-busca-la-reeleccion-mi-compromiso-sigue-siendo-con-la-gente\/\",\"name\":\"Lorena Torres busca la reelecci\u00f3n: \u201cMi compromiso sigue siendo con la gente\u201d - RQ 99.9\",\"isPartOf\":{\"@id\":\"https:\/\/nahuelproducciones.com.ar\/radioquijano\/#website\"},\"datePublished\":\"2025-04-17T19:28:58+00:00\",\"dateModified\":\"2025-04-17T19:44:26+00:00\",\"author\":{\"@id\":\"https:\/\/nahuelproducciones.com.ar\/radioquijano\/#\/schema\/person\/e8a4f939e2cb487fe6d0c54042c9d32c\"},\"description\":\"De cara a una posible nueva gesti\u00f3n, anticip\u00f3 que comenzar\u00e1 en la misma l\u00ednea de trabajo, pero con m\u00e1s aportes ciudadanos\",\"breadcrumb\":{\"@id\":\"https:\/\/nahuelproducciones.com.ar\/radioquijano\/lorena-torres-busca-la-reeleccion-mi-compromiso-sigue-siendo-con-la-gente\/#breadcrumb\"},\"inLanguage\":\"es\",\"potentialAction\":[{\"@type\":\"ReadAction\",\"target\":[\"https:\/\/nahuelproducciones.com.ar\/radioquijano\/lorena-torres-busca-la-reeleccion-mi-compromiso-sigue-siendo-con-la-gente\/\"]}]},{\"@type\":\"BreadcrumbList\",\"@id\":\"https:\/\/nahuelproducciones.com.ar\/radioquijano\/lorena-torres-busca-la-reeleccion-mi-compromiso-sigue-siendo-con-la-gente\/#breadcrumb\",\"itemListElement\":[{\"@type\":\"ListItem\",\"position\":1,\"name\":\"Portada\",\"item\":\"https:\/\/nahuelproducciones.com.ar\/radioquijano\/\"},{\"@type\":\"ListItem\",\"position\":2,\"name\":\"Lorena Torres busca la reelecci\u00f3n: \u201cMi compromiso sigue siendo con la gente\u201d\"}]},{\"@type\":\"WebSite\",\"@id\":\"https:\/\/nahuelproducciones.com.ar\/radioquijano\/#website\",\"url\":\"https:\/\/nahuelproducciones.com.ar\/radioquijano\/\",\"name\":\"RQ 99.9\",\"description\":\"Radio Quijano 99.9 MHz\",\"potentialAction\":[{\"@type\":\"SearchAction\",\"target\":{\"@type\":\"EntryPoint\",\"urlTemplate\":\"https:\/\/nahuelproducciones.com.ar\/radioquijano\/?s={search_term_string}\"},\"query-input\":\"required name=search_term_string\"}],\"inLanguage\":\"es\"},{\"@type\":\"Person\",\"@id\":\"https:\/\/nahuelproducciones.com.ar\/radioquijano\/#\/schema\/person\/e8a4f939e2cb487fe6d0c54042c9d32c\",\"name\":\"Cecilia Pastrana\",\"image\":{\"@type\":\"ImageObject\",\"inLanguage\":\"es\",\"@id\":\"https:\/\/nahuelproducciones.com.ar\/radioquijano\/#\/schema\/person\/image\/\",\"url\":\"https:\/\/secure.gravatar.com\/avatar\/661a3ef63a8488d4f2794ed44af8cf71420f7e106f3072c40125114df5157749?s=96&d=mm&r=g\",\"contentUrl\":\"https:\/\/secure.gravatar.com\/avatar\/661a3ef63a8488d4f2794ed44af8cf71420f7e106f3072c40125114df5157749?s=96&d=mm&r=g\",\"caption\":\"Cecilia Pastrana\"},\"sameAs\":[\"cecy\"],\"url\":\"https:\/\/nahuelproducciones.com.ar\/radioquijano\/author\/cecy\/\"}]}<\/script>\n<!-- \/ Yoast SEO plugin. -->","yoast_head_json":{"title":"Lorena Torres busca la reelecci\u00f3n: \u201cMi compromiso sigue siendo con la gente\u201d - RQ 99.9","description":"De cara a una posible nueva gesti\u00f3n, anticip\u00f3 que comenzar\u00e1 en la misma l\u00ednea de trabajo, pero con m\u00e1s aportes ciudadanos","robots":{"index":"index","follow":"follow","max-snippet":"max-snippet:-1","max-image-preview":"max-image-preview:large","max-video-preview":"max-video-preview:-1"},"canonical":"https:\/\/nahuelproducciones.com.ar\/radioquijano\/lorena-torres-busca-la-reeleccion-mi-compromiso-sigue-siendo-con-la-gente\/","og_locale":"es_ES","og_type":"article","og_title":"Lorena Torres busca la reelecci\u00f3n: \u201cMi compromiso sigue siendo con la gente\u201d - RQ 99.9","og_description":"De cara a una posible nueva gesti\u00f3n, anticip\u00f3 que comenzar\u00e1 en la misma l\u00ednea de trabajo, pero con m\u00e1s aportes ciudadanos","og_url":"https:\/\/nahuelproducciones.com.ar\/radioquijano\/lorena-torres-busca-la-reeleccion-mi-compromiso-sigue-siendo-con-la-gente\/","og_site_name":"RQ 99.9","article_publisher":"https:\/\/www.facebook.com\/nahuelproducciones999\/","article_published_time":"2025-04-17T19:28:58+00:00","article_modified_time":"2025-04-17T19:44:26+00:00","og_image":[{"width":720,"height":726,"url":"https:\/\/nahuelproducciones.com.ar\/radioquijano\/wp-content\/uploads\/2025\/04\/490340562_4309549525940922_5980766337836477733_n.jpg","type":"image\/jpeg"}],"author":"Cecilia Pastrana","twitter_card":"summary_large_image","twitter_creator":"@nahuproduciones","twitter_site":"@nahuproduciones","twitter_misc":{"Escrito por":"Cecilia Pastrana","Tiempo de lectura":"2 minutos"},"schema":{"@context":"https:\/\/schema.org","@graph":[{"@type":"WebPage","@id":"https:\/\/nahuelproducciones.com.ar\/radioquijano\/lorena-torres-busca-la-reeleccion-mi-compromiso-sigue-siendo-con-la-gente\/","url":"https:\/\/nahuelproducciones.com.ar\/radioquijano\/lorena-torres-busca-la-reeleccion-mi-compromiso-sigue-siendo-con-la-gente\/","name":"Lorena Torres busca la reelecci\u00f3n: \u201cMi compromiso sigue siendo con la gente\u201d - RQ 99.9","isPartOf":{"@id":"https:\/\/nahuelproducciones.com.ar\/radioquijano\/#website"},"datePublished":"2025-04-17T19:28:58+00:00","dateModified":"2025-04-17T19:44:26+00:00","author":{"@id":"https:\/\/nahuelproducciones.com.ar\/radioquijano\/#\/schema\/person\/e8a4f939e2cb487fe6d0c54042c9d32c"},"description":"De cara a una posible nueva gesti\u00f3n, anticip\u00f3 que comenzar\u00e1 en la misma l\u00ednea de trabajo, pero con m\u00e1s aportes ciudadanos","breadcrumb":{"@id":"https:\/\/nahuelproducciones.com.ar\/radioquijano\/lorena-torres-busca-la-reeleccion-mi-compromiso-sigue-siendo-con-la-gente\/#breadcrumb"},"inLanguage":"es","potentialAction":[{"@type":"ReadAction","target":["https:\/\/nahuelproducciones.com.ar\/radioquijano\/lorena-torres-busca-la-reeleccion-mi-compromiso-sigue-siendo-con-la-gente\/"]}]},{"@type":"BreadcrumbList","@id":"https:\/\/nahuelproducciones.com.ar\/radioquijano\/lorena-torres-busca-la-reeleccion-mi-compromiso-sigue-siendo-con-la-gente\/#breadcrumb","itemListElement":[{"@type":"ListItem","position":1,"name":"Portada","item":"https:\/\/nahuelproducciones.com.ar\/radioquijano\/"},{"@type":"ListItem","position":2,"name":"Lorena Torres busca la reelecci\u00f3n: \u201cMi compromiso sigue siendo con la gente\u201d"}]},{"@type":"WebSite","@id":"https:\/\/nahuelproducciones.com.ar\/radioquijano\/#website","url":"https:\/\/nahuelproducciones.com.ar\/radioquijano\/","name":"RQ 99.9","description":"Radio Quijano 99.9 MHz","potentialAction":[{"@type":"SearchAction","target":{"@type":"EntryPoint","urlTemplate":"https:\/\/nahuelproducciones.com.ar\/radioquijano\/?s={search_term_string}"},"query-input":"required name=search_term_string"}],"inLanguage":"es"},{"@type":"Person","@id":"https:\/\/nahuelproducciones.com.ar\/radioquijano\/#\/schema\/person\/e8a4f939e2cb487fe6d0c54042c9d32c","name":"Cecilia Pastrana","image":{"@type":"ImageObject","inLanguage":"es","@id":"https:\/\/nahuelproducciones.com.ar\/radioquijano\/#\/schema\/person\/image\/","url":"https:\/\/secure.gravatar.com\/avatar\/661a3ef63a8488d4f2794ed44af8cf71420f7e106f3072c40125114df5157749?s=96&d=mm&r=g","contentUrl":"https:\/\/secure.gravatar.com\/avatar\/661a3ef63a8488d4f2794ed44af8cf71420f7e106f3072c40125114df5157749?s=96&d=mm&r=g","caption":"Cecilia Pastrana"},"sameAs":["cecy"],"url":"https:\/\/nahuelproducciones.com.ar\/radioquijano\/author\/cecy\/"}]}},"_links":{"self":[{"href":"https:\/\/nahuelproducciones.com.ar\/radioquijano\/wp-json\/wp\/v2\/posts\/10011","targetHints":{"allow":["GET"]}}],"collection":[{"href":"https:\/\/nahuelproducciones.com.ar\/radioquijano\/wp-json\/wp\/v2\/posts"}],"about":[{"href":"https:\/\/nahuelproducciones.com.ar\/radioquijano\/wp-json\/wp\/v2\/types\/post"}],"author":[{"embeddable":true,"href":"https:\/\/nahuelproducciones.com.ar\/radioquijano\/wp-json\/wp\/v2\/users\/8"}],"replies":[{"embeddable":true,"href":"https:\/\/nahuelproducciones.com.ar\/radioquijano\/wp-json\/wp\/v2\/comments?post=10011"}],"version-history":[{"count":2,"href":"https:\/\/nahuelproducciones.com.ar\/radioquijano\/wp-json\/wp\/v2\/posts\/10011\/revisions"}],"predecessor-version":[{"id":10019,"href":"https:\/\/nahuelproducciones.com.ar\/radioquijano\/wp-json\/wp\/v2\/posts\/10011\/revisions\/10019"}],"wp:featuredmedia":[{"embeddable":true,"href":"https:\/\/nahuelproducciones.com.ar\/radioquijano\/wp-json\/wp\/v2\/media\/10014"}],"wp:attachment":[{"href":"https:\/\/nahuelproducciones.com.ar\/radioquijano\/wp-json\/wp\/v2\/media?parent=10011"}],"wp:term":[{"taxonomy":"category","embeddable":true,"href":"https:\/\/nahuelproducciones.com.ar\/radioquijano\/wp-json\/wp\/v2\/categories?post=10011"},{"taxonomy":"post_tag","embeddable":true,"href":"https:\/\/nahuelproducciones.com.ar\/radioquijano\/wp-json\/wp\/v2\/tags?post=10011"}],"curies":[{"name":"wp","href":"https:\/\/api.w.org\/{rel}","templated":true}]}}