{"id":10022,"date":"2025-04-21T09:23:50","date_gmt":"2025-04-21T12:23:50","guid":{"rendered":"https:\/\/nahuelproducciones.com.ar\/radioquijano\/?p=10022"},"modified":"2025-04-21T09:25:21","modified_gmt":"2025-04-21T12:25:21","slug":"murio-el-papa-francisco","status":"publish","type":"post","link":"https:\/\/nahuelproducciones.com.ar\/radioquijano\/murio-el-papa-francisco\/","title":{"rendered":"Muri\u00f3 el Papa Francisco"},"content":{"rendered":"\n<p>Desde la Capilla de Casa Santa Marta, el Cardenal Kevin Farrell, Prefecto del Dicasterio para los Laicos, la Familia y la Vida y Camarlengo de la Santa Romana Iglesia, anunci\u00f3 la muerte del Papa Francisco este lunes 21 de abril de 2025 a las 7:35 de la ma\u00f1ana(Hora en Roma)<\/p>\n\n\n\n<p>\u00abToda su vida estuvo dedicada al servicio del Se\u00f1or y de su Iglesia.<\/p>\n\n\n\n<p>Nos <a><\/a>ense\u00f1\u00f3 a vivir los valores del Evangelio con fidelidad, valent\u00eda y amor universal, especialmente en favor de los m\u00e1s pobres y marginados\u00bb, agreg\u00f3 Farrell.<\/p>\n\n\n\n<p>\u00abCon inmensa gratitud por su ejemplo de verdadero disc\u00edpulo del Se\u00f1or Jes\u00fas, encomendamos el alma del Papa Francisco al infinito amor misericordioso del Dios Uno y Trino\u00bb, concluy\u00f3.<\/p>\n\n\n\n<p>Fuente: Vaticano News<\/p>\n\n\n\n<figure class=\"wp-block-video aligncenter\"><video controls src=\"https:\/\/nahuelproducciones.com.ar\/radioquijano\/wp-content\/uploads\/2025\/04\/anuncio-de-la-muerte-del-papa-francisco.mp4\"><\/video><\/figure>\n\n\n\n<p><strong>Por la muerte del Papa, el Gobierno decreta siete d\u00edas de duelo nacional<\/strong><\/p>\n\n\n\n<p>La Argentina entrar\u00e1 en un per\u00edodo de luto tras la muerte del&nbsp;<strong>Papa Francisco<\/strong>.&nbsp;<strong>Jorge Mario Bergoglio<\/strong>, el primer pont\u00edfice argentino y latinoamericano de la historia, falleci\u00f3 este lunes a los 88 a\u00f1os.<\/p>\n\n\n\n<p>La noticia conmocion\u00f3 al pa\u00eds y al mundo entero, y el presidente&nbsp;<strong>Javier Milei<\/strong>&nbsp;decreta siete d\u00edas de duelo nacional en homenaje a su figura y legado.<\/p>\n\n\n\n<p>Durante el duelo, la bandera nacional permanecer\u00e1 izada a media asta en todos los edificios p\u00fablicos, y se suspender\u00e1n los actos oficiales de festejo.<\/p>\n\n\n\n<p>El decreto presidencial fue publicado en el Bolet\u00edn Oficial.<\/p>\n\n\n\n<p>\u00abHa partido el Santo Padre, el Papa Francisco, una figura \u00fanica en la historia de nuestra naci\u00f3n y del mundo. Un hombre de fe, de humildad, de compromiso con los m\u00e1s necesitados. En su memoria, decretamos siete d\u00edas de duelo nacional\u00bb, expresaron desde Casa Rosada.+<\/p>\n","protected":false},"excerpt":{"rendered":"<p>Desde la Capilla de Casa Santa Marta, el Cardenal Kevin Farrell, Prefecto del Dicasterio para los Laicos, la Familia y la Vida y Camarlengo de la Santa Romana Iglesia, anunci\u00f3 la muerte del Papa Francisco este lunes 21 de abril de 2025 a las 7:35 de la ma\u00f1ana(Hora en Roma) \u00abToda su vida estuvo dedicada [&hellip;]<\/p>\n","protected":false},"author":8,"featured_media":10024,"comment_status":"open","ping_status":"open","sticky":false,"template":"","format":"standard","meta":{"_monsterinsights_skip_tracking":false,"_monsterinsights_sitenote_active":false,"_monsterinsights_sitenote_note":"","_monsterinsights_sitenote_category":0,"footnotes":""},"categories":[16],"tags":[100,1768],"class_list":["post-10022","post","type-post","status-publish","format-standard","has-post-thumbnail","hentry","category-noticias","tag-municipio-de-campo-quijano","tag-papa-francisco"],"yoast_head":"<!-- This site is optimized with the Yoast SEO plugin v20.8 - https:\/\/yoast.com\/wordpress\/plugins\/seo\/ -->\n<title>Muri\u00f3 el Papa Francisco - RQ 99.9<\/title>\n<meta name=\"description\" content=\"Muri\u00f3 el lunes 21 de abril de 2025 a las 7:35 de la ma\u00f1ana(Hora en Roma)\" \/>\n<meta name=\"robots\" content=\"index, follow, max-snippet:-1, max-image-preview:large, max-video-preview:-1\" \/>\n<link rel=\"canonical\" href=\"https:\/\/nahuelproducciones.com.ar\/radioquijano\/murio-el-papa-francisco\/\" \/>\n<meta property=\"og:locale\" content=\"es_ES\" \/>\n<meta property=\"og:type\" content=\"article\" \/>\n<meta property=\"og:title\" content=\"Muri\u00f3 el Papa Francisco - RQ 99.9\" \/>\n<meta property=\"og:description\" content=\"Muri\u00f3 el lunes 21 de abril de 2025 a las 7:35 de la ma\u00f1ana(Hora en Roma)\" \/>\n<meta property=\"og:url\" content=\"https:\/\/nahuelproducciones.com.ar\/radioquijano\/murio-el-papa-francisco\/\" \/>\n<meta property=\"og:site_name\" content=\"RQ 99.9\" \/>\n<meta property=\"article:publisher\" content=\"https:\/\/www.facebook.com\/nahuelproducciones999\/\" \/>\n<meta property=\"article:published_time\" content=\"2025-04-21T12:23:50+00:00\" \/>\n<meta property=\"article:modified_time\" content=\"2025-04-21T12:25:21+00:00\" \/>\n<meta property=\"og:image\" content=\"https:\/\/nahuelproducciones.com.ar\/radioquijano\/wp-content\/uploads\/2025\/04\/491913785_10235888537182857_3545019548541459779_n-e1745238122948.jpg\" \/>\n\t<meta property=\"og:image:width\" content=\"700\" \/>\n\t<meta property=\"og:image:height\" content=\"875\" \/>\n\t<meta property=\"og:image:type\" content=\"image\/jpeg\" \/>\n<meta name=\"author\" content=\"Cecilia Pastrana\" \/>\n<meta name=\"twitter:card\" content=\"summary_large_image\" \/>\n<meta name=\"twitter:creator\" content=\"@nahuproduciones\" \/>\n<meta name=\"twitter:site\" content=\"@nahuproduciones\" \/>\n<meta name=\"twitter:label1\" content=\"Escrito por\" \/>\n\t<meta name=\"twitter:data1\" content=\"Cecilia Pastrana\" \/>\n\t<meta name=\"twitter:label2\" content=\"Tiempo de lectura\" \/>\n\t<meta name=\"twitter:data2\" content=\"2 minutos\" \/>\n<script type=\"application\/ld+json\" class=\"yoast-schema-graph\">{\"@context\":\"https:\/\/schema.org\",\"@graph\":[{\"@type\":\"WebPage\",\"@id\":\"https:\/\/nahuelproducciones.com.ar\/radioquijano\/murio-el-papa-francisco\/\",\"url\":\"https:\/\/nahuelproducciones.com.ar\/radioquijano\/murio-el-papa-francisco\/\",\"name\":\"Muri\u00f3 el Papa Francisco - RQ 99.9\",\"isPartOf\":{\"@id\":\"https:\/\/nahuelproducciones.com.ar\/radioquijano\/#website\"},\"datePublished\":\"2025-04-21T12:23:50+00:00\",\"dateModified\":\"2025-04-21T12:25:21+00:00\",\"author\":{\"@id\":\"https:\/\/nahuelproducciones.com.ar\/radioquijano\/#\/schema\/person\/e8a4f939e2cb487fe6d0c54042c9d32c\"},\"description\":\"Muri\u00f3 el lunes 21 de abril de 2025 a las 7:35 de la ma\u00f1ana(Hora en Roma)\",\"breadcrumb\":{\"@id\":\"https:\/\/nahuelproducciones.com.ar\/radioquijano\/murio-el-papa-francisco\/#breadcrumb\"},\"inLanguage\":\"es\",\"potentialAction\":[{\"@type\":\"ReadAction\",\"target\":[\"https:\/\/nahuelproducciones.com.ar\/radioquijano\/murio-el-papa-francisco\/\"]}]},{\"@type\":\"BreadcrumbList\",\"@id\":\"https:\/\/nahuelproducciones.com.ar\/radioquijano\/murio-el-papa-francisco\/#breadcrumb\",\"itemListElement\":[{\"@type\":\"ListItem\",\"position\":1,\"name\":\"Portada\",\"item\":\"https:\/\/nahuelproducciones.com.ar\/radioquijano\/\"},{\"@type\":\"ListItem\",\"position\":2,\"name\":\"Muri\u00f3 el Papa Francisco\"}]},{\"@type\":\"WebSite\",\"@id\":\"https:\/\/nahuelproducciones.com.ar\/radioquijano\/#website\",\"url\":\"https:\/\/nahuelproducciones.com.ar\/radioquijano\/\",\"name\":\"RQ 99.9\",\"description\":\"Radio Quijano 99.9 MHz\",\"potentialAction\":[{\"@type\":\"SearchAction\",\"target\":{\"@type\":\"EntryPoint\",\"urlTemplate\":\"https:\/\/nahuelproducciones.com.ar\/radioquijano\/?s={search_term_string}\"},\"query-input\":\"required name=search_term_string\"}],\"inLanguage\":\"es\"},{\"@type\":\"Person\",\"@id\":\"https:\/\/nahuelproducciones.com.ar\/radioquijano\/#\/schema\/person\/e8a4f939e2cb487fe6d0c54042c9d32c\",\"name\":\"Cecilia Pastrana\",\"image\":{\"@type\":\"ImageObject\",\"inLanguage\":\"es\",\"@id\":\"https:\/\/nahuelproducciones.com.ar\/radioquijano\/#\/schema\/person\/image\/\",\"url\":\"https:\/\/secure.gravatar.com\/avatar\/661a3ef63a8488d4f2794ed44af8cf71420f7e106f3072c40125114df5157749?s=96&d=mm&r=g\",\"contentUrl\":\"https:\/\/secure.gravatar.com\/avatar\/661a3ef63a8488d4f2794ed44af8cf71420f7e106f3072c40125114df5157749?s=96&d=mm&r=g\",\"caption\":\"Cecilia Pastrana\"},\"sameAs\":[\"cecy\"],\"url\":\"https:\/\/nahuelproducciones.com.ar\/radioquijano\/author\/cecy\/\"}]}<\/script>\n<!-- \/ Yoast SEO plugin. -->","yoast_head_json":{"title":"Muri\u00f3 el Papa Francisco - RQ 99.9","description":"Muri\u00f3 el lunes 21 de abril de 2025 a las 7:35 de la ma\u00f1ana(Hora en Roma)","robots":{"index":"index","follow":"follow","max-snippet":"max-snippet:-1","max-image-preview":"max-image-preview:large","max-video-preview":"max-video-preview:-1"},"canonical":"https:\/\/nahuelproducciones.com.ar\/radioquijano\/murio-el-papa-francisco\/","og_locale":"es_ES","og_type":"article","og_title":"Muri\u00f3 el Papa Francisco - RQ 99.9","og_description":"Muri\u00f3 el lunes 21 de abril de 2025 a las 7:35 de la ma\u00f1ana(Hora en Roma)","og_url":"https:\/\/nahuelproducciones.com.ar\/radioquijano\/murio-el-papa-francisco\/","og_site_name":"RQ 99.9","article_publisher":"https:\/\/www.facebook.com\/nahuelproducciones999\/","article_published_time":"2025-04-21T12:23:50+00:00","article_modified_time":"2025-04-21T12:25:21+00:00","og_image":[{"width":700,"height":875,"url":"https:\/\/nahuelproducciones.com.ar\/radioquijano\/wp-content\/uploads\/2025\/04\/491913785_10235888537182857_3545019548541459779_n-e1745238122948.jpg","type":"image\/jpeg"}],"author":"Cecilia Pastrana","twitter_card":"summary_large_image","twitter_creator":"@nahuproduciones","twitter_site":"@nahuproduciones","twitter_misc":{"Escrito por":"Cecilia Pastrana","Tiempo de lectura":"2 minutos"},"schema":{"@context":"https:\/\/schema.org","@graph":[{"@type":"WebPage","@id":"https:\/\/nahuelproducciones.com.ar\/radioquijano\/murio-el-papa-francisco\/","url":"https:\/\/nahuelproducciones.com.ar\/radioquijano\/murio-el-papa-francisco\/","name":"Muri\u00f3 el Papa Francisco - RQ 99.9","isPartOf":{"@id":"https:\/\/nahuelproducciones.com.ar\/radioquijano\/#website"},"datePublished":"2025-04-21T12:23:50+00:00","dateModified":"2025-04-21T12:25:21+00:00","author":{"@id":"https:\/\/nahuelproducciones.com.ar\/radioquijano\/#\/schema\/person\/e8a4f939e2cb487fe6d0c54042c9d32c"},"description":"Muri\u00f3 el lunes 21 de abril de 2025 a las 7:35 de la ma\u00f1ana(Hora en Roma)","breadcrumb":{"@id":"https:\/\/nahuelproducciones.com.ar\/radioquijano\/murio-el-papa-francisco\/#breadcrumb"},"inLanguage":"es","potentialAction":[{"@type":"ReadAction","target":["https:\/\/nahuelproducciones.com.ar\/radioquijano\/murio-el-papa-francisco\/"]}]},{"@type":"BreadcrumbList","@id":"https:\/\/nahuelproducciones.com.ar\/radioquijano\/murio-el-papa-francisco\/#breadcrumb","itemListElement":[{"@type":"ListItem","position":1,"name":"Portada","item":"https:\/\/nahuelproducciones.com.ar\/radioquijano\/"},{"@type":"ListItem","position":2,"name":"Muri\u00f3 el Papa Francisco"}]},{"@type":"WebSite","@id":"https:\/\/nahuelproducciones.com.ar\/radioquijano\/#website","url":"https:\/\/nahuelproducciones.com.ar\/radioquijano\/","name":"RQ 99.9","description":"Radio Quijano 99.9 MHz","potentialAction":[{"@type":"SearchAction","target":{"@type":"EntryPoint","urlTemplate":"https:\/\/nahuelproducciones.com.ar\/radioquijano\/?s={search_term_string}"},"query-input":"required name=search_term_string"}],"inLanguage":"es"},{"@type":"Person","@id":"https:\/\/nahuelproducciones.com.ar\/radioquijano\/#\/schema\/person\/e8a4f939e2cb487fe6d0c54042c9d32c","name":"Cecilia Pastrana","image":{"@type":"ImageObject","inLanguage":"es","@id":"https:\/\/nahuelproducciones.com.ar\/radioquijano\/#\/schema\/person\/image\/","url":"https:\/\/secure.gravatar.com\/avatar\/661a3ef63a8488d4f2794ed44af8cf71420f7e106f3072c40125114df5157749?s=96&d=mm&r=g","contentUrl":"https:\/\/secure.gravatar.com\/avatar\/661a3ef63a8488d4f2794ed44af8cf71420f7e106f3072c40125114df5157749?s=96&d=mm&r=g","caption":"Cecilia Pastrana"},"sameAs":["cecy"],"url":"https:\/\/nahuelproducciones.com.ar\/radioquijano\/author\/cecy\/"}]}},"_links":{"self":[{"href":"https:\/\/nahuelproducciones.com.ar\/radioquijano\/wp-json\/wp\/v2\/posts\/10022","targetHints":{"allow":["GET"]}}],"collection":[{"href":"https:\/\/nahuelproducciones.com.ar\/radioquijano\/wp-json\/wp\/v2\/posts"}],"about":[{"href":"https:\/\/nahuelproducciones.com.ar\/radioquijano\/wp-json\/wp\/v2\/types\/post"}],"author":[{"embeddable":true,"href":"https:\/\/nahuelproducciones.com.ar\/radioquijano\/wp-json\/wp\/v2\/users\/8"}],"replies":[{"embeddable":true,"href":"https:\/\/nahuelproducciones.com.ar\/radioquijano\/wp-json\/wp\/v2\/comments?post=10022"}],"version-history":[{"count":2,"href":"https:\/\/nahuelproducciones.com.ar\/radioquijano\/wp-json\/wp\/v2\/posts\/10022\/revisions"}],"predecessor-version":[{"id":10027,"href":"https:\/\/nahuelproducciones.com.ar\/radioquijano\/wp-json\/wp\/v2\/posts\/10022\/revisions\/10027"}],"wp:featuredmedia":[{"embeddable":true,"href":"https:\/\/nahuelproducciones.com.ar\/radioquijano\/wp-json\/wp\/v2\/media\/10024"}],"wp:attachment":[{"href":"https:\/\/nahuelproducciones.com.ar\/radioquijano\/wp-json\/wp\/v2\/media?parent=10022"}],"wp:term":[{"taxonomy":"category","embeddable":true,"href":"https:\/\/nahuelproducciones.com.ar\/radioquijano\/wp-json\/wp\/v2\/categories?post=10022"},{"taxonomy":"post_tag","embeddable":true,"href":"https:\/\/nahuelproducciones.com.ar\/radioquijano\/wp-json\/wp\/v2\/tags?post=10022"}],"curies":[{"name":"wp","href":"https:\/\/api.w.org\/{rel}","templated":true}]}}