{"id":10028,"date":"2025-04-21T11:24:29","date_gmt":"2025-04-21T14:24:29","guid":{"rendered":"https:\/\/nahuelproducciones.com.ar\/radioquijano\/?p=10028"},"modified":"2025-04-21T11:24:31","modified_gmt":"2025-04-21T14:24:31","slug":"fallecio-el-papa-francisco-el-arzobispado-de-salta-decreto-asueto-en-instituciones-educativas-catolicas","status":"publish","type":"post","link":"https:\/\/nahuelproducciones.com.ar\/radioquijano\/fallecio-el-papa-francisco-el-arzobispado-de-salta-decreto-asueto-en-instituciones-educativas-catolicas\/","title":{"rendered":"Falleci\u00f3 el Papa Francisco: El Arzobispado de Salta decret\u00f3 asueto en instituciones educativas cat\u00f3licas"},"content":{"rendered":"\n<p> En una jornada marcada por la conmoci\u00f3n de la comunidad cat\u00f3lica, el Papa Francisco ha fallecido este lunes de Pascua, seg\u00fan confirm\u00f3 el Arzobispado de Salta en un comunicado oficial. \u00abEl Santo Padre Francisco ha vuelto a la casa del Padre\u00bb, expresaron desde la sede eclesi\u00e1stica, en un mensaje cargado de fe y reconocimiento.<\/p>\n\n\n\n<p>A ra\u00edz de esta noticia, el Arzobispo de Salta decret\u00f3 asueto en todas las instituciones educativas cat\u00f3licas de la Arquidi\u00f3cesis, a partir de las 12 del mediod\u00eda de este lunes  y durante toda la jornada del martes 22 de abril, como muestra de duelo y adhesi\u00f3n al pont\u00edfice.<\/p>\n\n\n\n<p>Adem\u00e1s, este lunes por la tarde, a las 19:00, se celebrar\u00e1 una Misa por el eterno descanso del Papa Francisco en la Catedral Bas\u00edlica de Salta. La ceremonia ser\u00e1 presidida por el Arzobispo de la provincia, quien invit\u00f3 a toda la comunidad de fieles a participar de este momento de oraci\u00f3n y despedida.<\/p>\n\n\n\n<p>El Papa Francisco, nacido Jorge Mario Bergoglio, fue el primer pont\u00edfice latinoamericano de la historia y su liderazgo marc\u00f3 profundamente a la Iglesia y al mundo. Su partida deja un legado de humildad, compromiso social y cercan\u00eda con los m\u00e1s necesitados.<\/p>\n","protected":false},"excerpt":{"rendered":"<p>En una jornada marcada por la conmoci\u00f3n de la comunidad cat\u00f3lica, el Papa Francisco ha fallecido este lunes de Pascua, seg\u00fan confirm\u00f3 el Arzobispado de Salta en un comunicado oficial. \u00abEl Santo Padre Francisco ha vuelto a la casa del Padre\u00bb, expresaron desde la sede eclesi\u00e1stica, en un mensaje cargado de fe y reconocimiento. A [&hellip;]<\/p>\n","protected":false},"author":8,"featured_media":10029,"comment_status":"open","ping_status":"open","sticky":false,"template":"","format":"standard","meta":{"_monsterinsights_skip_tracking":false,"_monsterinsights_sitenote_active":false,"_monsterinsights_sitenote_note":"","_monsterinsights_sitenote_category":0,"footnotes":""},"categories":[16],"tags":[1769,100,1768],"class_list":["post-10028","post","type-post","status-publish","format-standard","has-post-thumbnail","hentry","category-noticias","tag-arzobispado-de-salta","tag-municipio-de-campo-quijano","tag-papa-francisco"],"yoast_head":"<!-- This site is optimized with the Yoast SEO plugin v20.8 - https:\/\/yoast.com\/wordpress\/plugins\/seo\/ -->\n<title>Falleci\u00f3 el Papa Francisco: El Arzobispado de Salta decret\u00f3 asueto en instituciones educativas cat\u00f3licas - RQ 99.9<\/title>\n<meta name=\"description\" content=\"Su partida deja un legado de humildad, compromiso social y cercan\u00eda con los m\u00e1s necesitados.\" \/>\n<meta name=\"robots\" content=\"index, follow, max-snippet:-1, max-image-preview:large, max-video-preview:-1\" \/>\n<link rel=\"canonical\" href=\"https:\/\/nahuelproducciones.com.ar\/radioquijano\/fallecio-el-papa-francisco-el-arzobispado-de-salta-decreto-asueto-en-instituciones-educativas-catolicas\/\" \/>\n<meta property=\"og:locale\" content=\"es_ES\" \/>\n<meta property=\"og:type\" content=\"article\" \/>\n<meta property=\"og:title\" content=\"Falleci\u00f3 el Papa Francisco: El Arzobispado de Salta decret\u00f3 asueto en instituciones educativas cat\u00f3licas - RQ 99.9\" \/>\n<meta property=\"og:description\" content=\"Su partida deja un legado de humildad, compromiso social y cercan\u00eda con los m\u00e1s necesitados.\" \/>\n<meta property=\"og:url\" content=\"https:\/\/nahuelproducciones.com.ar\/radioquijano\/fallecio-el-papa-francisco-el-arzobispado-de-salta-decreto-asueto-en-instituciones-educativas-catolicas\/\" \/>\n<meta property=\"og:site_name\" content=\"RQ 99.9\" \/>\n<meta property=\"article:publisher\" content=\"https:\/\/www.facebook.com\/nahuelproducciones999\/\" \/>\n<meta property=\"article:published_time\" content=\"2025-04-21T14:24:29+00:00\" \/>\n<meta property=\"article:modified_time\" content=\"2025-04-21T14:24:31+00:00\" \/>\n<meta property=\"og:image\" content=\"https:\/\/nahuelproducciones.com.ar\/radioquijano\/wp-content\/uploads\/2025\/04\/WhatsApp-Image-2025-04-21-at-11.16.34-AM-e1745245400351.jpeg\" \/>\n\t<meta property=\"og:image:width\" content=\"700\" \/>\n\t<meta property=\"og:image:height\" content=\"955\" \/>\n\t<meta property=\"og:image:type\" content=\"image\/jpeg\" \/>\n<meta name=\"author\" content=\"Cecilia Pastrana\" \/>\n<meta name=\"twitter:card\" content=\"summary_large_image\" \/>\n<meta name=\"twitter:creator\" content=\"@nahuproduciones\" \/>\n<meta name=\"twitter:site\" content=\"@nahuproduciones\" \/>\n<meta name=\"twitter:label1\" content=\"Escrito por\" \/>\n\t<meta name=\"twitter:data1\" content=\"Cecilia Pastrana\" \/>\n\t<meta name=\"twitter:label2\" content=\"Tiempo de lectura\" \/>\n\t<meta name=\"twitter:data2\" content=\"1 minuto\" \/>\n<script type=\"application\/ld+json\" class=\"yoast-schema-graph\">{\"@context\":\"https:\/\/schema.org\",\"@graph\":[{\"@type\":\"WebPage\",\"@id\":\"https:\/\/nahuelproducciones.com.ar\/radioquijano\/fallecio-el-papa-francisco-el-arzobispado-de-salta-decreto-asueto-en-instituciones-educativas-catolicas\/\",\"url\":\"https:\/\/nahuelproducciones.com.ar\/radioquijano\/fallecio-el-papa-francisco-el-arzobispado-de-salta-decreto-asueto-en-instituciones-educativas-catolicas\/\",\"name\":\"Falleci\u00f3 el Papa Francisco: El Arzobispado de Salta decret\u00f3 asueto en instituciones educativas cat\u00f3licas - RQ 99.9\",\"isPartOf\":{\"@id\":\"https:\/\/nahuelproducciones.com.ar\/radioquijano\/#website\"},\"datePublished\":\"2025-04-21T14:24:29+00:00\",\"dateModified\":\"2025-04-21T14:24:31+00:00\",\"author\":{\"@id\":\"https:\/\/nahuelproducciones.com.ar\/radioquijano\/#\/schema\/person\/e8a4f939e2cb487fe6d0c54042c9d32c\"},\"description\":\"Su partida deja un legado de humildad, compromiso social y cercan\u00eda con los m\u00e1s necesitados.\",\"breadcrumb\":{\"@id\":\"https:\/\/nahuelproducciones.com.ar\/radioquijano\/fallecio-el-papa-francisco-el-arzobispado-de-salta-decreto-asueto-en-instituciones-educativas-catolicas\/#breadcrumb\"},\"inLanguage\":\"es\",\"potentialAction\":[{\"@type\":\"ReadAction\",\"target\":[\"https:\/\/nahuelproducciones.com.ar\/radioquijano\/fallecio-el-papa-francisco-el-arzobispado-de-salta-decreto-asueto-en-instituciones-educativas-catolicas\/\"]}]},{\"@type\":\"BreadcrumbList\",\"@id\":\"https:\/\/nahuelproducciones.com.ar\/radioquijano\/fallecio-el-papa-francisco-el-arzobispado-de-salta-decreto-asueto-en-instituciones-educativas-catolicas\/#breadcrumb\",\"itemListElement\":[{\"@type\":\"ListItem\",\"position\":1,\"name\":\"Portada\",\"item\":\"https:\/\/nahuelproducciones.com.ar\/radioquijano\/\"},{\"@type\":\"ListItem\",\"position\":2,\"name\":\"Falleci\u00f3 el Papa Francisco: El Arzobispado de Salta decret\u00f3 asueto en instituciones educativas cat\u00f3licas\"}]},{\"@type\":\"WebSite\",\"@id\":\"https:\/\/nahuelproducciones.com.ar\/radioquijano\/#website\",\"url\":\"https:\/\/nahuelproducciones.com.ar\/radioquijano\/\",\"name\":\"RQ 99.9\",\"description\":\"Radio Quijano 99.9 MHz\",\"potentialAction\":[{\"@type\":\"SearchAction\",\"target\":{\"@type\":\"EntryPoint\",\"urlTemplate\":\"https:\/\/nahuelproducciones.com.ar\/radioquijano\/?s={search_term_string}\"},\"query-input\":\"required name=search_term_string\"}],\"inLanguage\":\"es\"},{\"@type\":\"Person\",\"@id\":\"https:\/\/nahuelproducciones.com.ar\/radioquijano\/#\/schema\/person\/e8a4f939e2cb487fe6d0c54042c9d32c\",\"name\":\"Cecilia Pastrana\",\"image\":{\"@type\":\"ImageObject\",\"inLanguage\":\"es\",\"@id\":\"https:\/\/nahuelproducciones.com.ar\/radioquijano\/#\/schema\/person\/image\/\",\"url\":\"https:\/\/secure.gravatar.com\/avatar\/661a3ef63a8488d4f2794ed44af8cf71420f7e106f3072c40125114df5157749?s=96&d=mm&r=g\",\"contentUrl\":\"https:\/\/secure.gravatar.com\/avatar\/661a3ef63a8488d4f2794ed44af8cf71420f7e106f3072c40125114df5157749?s=96&d=mm&r=g\",\"caption\":\"Cecilia Pastrana\"},\"sameAs\":[\"cecy\"],\"url\":\"https:\/\/nahuelproducciones.com.ar\/radioquijano\/author\/cecy\/\"}]}<\/script>\n<!-- \/ Yoast SEO plugin. -->","yoast_head_json":{"title":"Falleci\u00f3 el Papa Francisco: El Arzobispado de Salta decret\u00f3 asueto en instituciones educativas cat\u00f3licas - RQ 99.9","description":"Su partida deja un legado de humildad, compromiso social y cercan\u00eda con los m\u00e1s necesitados.","robots":{"index":"index","follow":"follow","max-snippet":"max-snippet:-1","max-image-preview":"max-image-preview:large","max-video-preview":"max-video-preview:-1"},"canonical":"https:\/\/nahuelproducciones.com.ar\/radioquijano\/fallecio-el-papa-francisco-el-arzobispado-de-salta-decreto-asueto-en-instituciones-educativas-catolicas\/","og_locale":"es_ES","og_type":"article","og_title":"Falleci\u00f3 el Papa Francisco: El Arzobispado de Salta decret\u00f3 asueto en instituciones educativas cat\u00f3licas - RQ 99.9","og_description":"Su partida deja un legado de humildad, compromiso social y cercan\u00eda con los m\u00e1s necesitados.","og_url":"https:\/\/nahuelproducciones.com.ar\/radioquijano\/fallecio-el-papa-francisco-el-arzobispado-de-salta-decreto-asueto-en-instituciones-educativas-catolicas\/","og_site_name":"RQ 99.9","article_publisher":"https:\/\/www.facebook.com\/nahuelproducciones999\/","article_published_time":"2025-04-21T14:24:29+00:00","article_modified_time":"2025-04-21T14:24:31+00:00","og_image":[{"width":700,"height":955,"url":"https:\/\/nahuelproducciones.com.ar\/radioquijano\/wp-content\/uploads\/2025\/04\/WhatsApp-Image-2025-04-21-at-11.16.34-AM-e1745245400351.jpeg","type":"image\/jpeg"}],"author":"Cecilia Pastrana","twitter_card":"summary_large_image","twitter_creator":"@nahuproduciones","twitter_site":"@nahuproduciones","twitter_misc":{"Escrito por":"Cecilia Pastrana","Tiempo de lectura":"1 minuto"},"schema":{"@context":"https:\/\/schema.org","@graph":[{"@type":"WebPage","@id":"https:\/\/nahuelproducciones.com.ar\/radioquijano\/fallecio-el-papa-francisco-el-arzobispado-de-salta-decreto-asueto-en-instituciones-educativas-catolicas\/","url":"https:\/\/nahuelproducciones.com.ar\/radioquijano\/fallecio-el-papa-francisco-el-arzobispado-de-salta-decreto-asueto-en-instituciones-educativas-catolicas\/","name":"Falleci\u00f3 el Papa Francisco: El Arzobispado de Salta decret\u00f3 asueto en instituciones educativas cat\u00f3licas - RQ 99.9","isPartOf":{"@id":"https:\/\/nahuelproducciones.com.ar\/radioquijano\/#website"},"datePublished":"2025-04-21T14:24:29+00:00","dateModified":"2025-04-21T14:24:31+00:00","author":{"@id":"https:\/\/nahuelproducciones.com.ar\/radioquijano\/#\/schema\/person\/e8a4f939e2cb487fe6d0c54042c9d32c"},"description":"Su partida deja un legado de humildad, compromiso social y cercan\u00eda con los m\u00e1s necesitados.","breadcrumb":{"@id":"https:\/\/nahuelproducciones.com.ar\/radioquijano\/fallecio-el-papa-francisco-el-arzobispado-de-salta-decreto-asueto-en-instituciones-educativas-catolicas\/#breadcrumb"},"inLanguage":"es","potentialAction":[{"@type":"ReadAction","target":["https:\/\/nahuelproducciones.com.ar\/radioquijano\/fallecio-el-papa-francisco-el-arzobispado-de-salta-decreto-asueto-en-instituciones-educativas-catolicas\/"]}]},{"@type":"BreadcrumbList","@id":"https:\/\/nahuelproducciones.com.ar\/radioquijano\/fallecio-el-papa-francisco-el-arzobispado-de-salta-decreto-asueto-en-instituciones-educativas-catolicas\/#breadcrumb","itemListElement":[{"@type":"ListItem","position":1,"name":"Portada","item":"https:\/\/nahuelproducciones.com.ar\/radioquijano\/"},{"@type":"ListItem","position":2,"name":"Falleci\u00f3 el Papa Francisco: El Arzobispado de Salta decret\u00f3 asueto en instituciones educativas cat\u00f3licas"}]},{"@type":"WebSite","@id":"https:\/\/nahuelproducciones.com.ar\/radioquijano\/#website","url":"https:\/\/nahuelproducciones.com.ar\/radioquijano\/","name":"RQ 99.9","description":"Radio Quijano 99.9 MHz","potentialAction":[{"@type":"SearchAction","target":{"@type":"EntryPoint","urlTemplate":"https:\/\/nahuelproducciones.com.ar\/radioquijano\/?s={search_term_string}"},"query-input":"required name=search_term_string"}],"inLanguage":"es"},{"@type":"Person","@id":"https:\/\/nahuelproducciones.com.ar\/radioquijano\/#\/schema\/person\/e8a4f939e2cb487fe6d0c54042c9d32c","name":"Cecilia Pastrana","image":{"@type":"ImageObject","inLanguage":"es","@id":"https:\/\/nahuelproducciones.com.ar\/radioquijano\/#\/schema\/person\/image\/","url":"https:\/\/secure.gravatar.com\/avatar\/661a3ef63a8488d4f2794ed44af8cf71420f7e106f3072c40125114df5157749?s=96&d=mm&r=g","contentUrl":"https:\/\/secure.gravatar.com\/avatar\/661a3ef63a8488d4f2794ed44af8cf71420f7e106f3072c40125114df5157749?s=96&d=mm&r=g","caption":"Cecilia Pastrana"},"sameAs":["cecy"],"url":"https:\/\/nahuelproducciones.com.ar\/radioquijano\/author\/cecy\/"}]}},"_links":{"self":[{"href":"https:\/\/nahuelproducciones.com.ar\/radioquijano\/wp-json\/wp\/v2\/posts\/10028","targetHints":{"allow":["GET"]}}],"collection":[{"href":"https:\/\/nahuelproducciones.com.ar\/radioquijano\/wp-json\/wp\/v2\/posts"}],"about":[{"href":"https:\/\/nahuelproducciones.com.ar\/radioquijano\/wp-json\/wp\/v2\/types\/post"}],"author":[{"embeddable":true,"href":"https:\/\/nahuelproducciones.com.ar\/radioquijano\/wp-json\/wp\/v2\/users\/8"}],"replies":[{"embeddable":true,"href":"https:\/\/nahuelproducciones.com.ar\/radioquijano\/wp-json\/wp\/v2\/comments?post=10028"}],"version-history":[{"count":1,"href":"https:\/\/nahuelproducciones.com.ar\/radioquijano\/wp-json\/wp\/v2\/posts\/10028\/revisions"}],"predecessor-version":[{"id":10030,"href":"https:\/\/nahuelproducciones.com.ar\/radioquijano\/wp-json\/wp\/v2\/posts\/10028\/revisions\/10030"}],"wp:featuredmedia":[{"embeddable":true,"href":"https:\/\/nahuelproducciones.com.ar\/radioquijano\/wp-json\/wp\/v2\/media\/10029"}],"wp:attachment":[{"href":"https:\/\/nahuelproducciones.com.ar\/radioquijano\/wp-json\/wp\/v2\/media?parent=10028"}],"wp:term":[{"taxonomy":"category","embeddable":true,"href":"https:\/\/nahuelproducciones.com.ar\/radioquijano\/wp-json\/wp\/v2\/categories?post=10028"},{"taxonomy":"post_tag","embeddable":true,"href":"https:\/\/nahuelproducciones.com.ar\/radioquijano\/wp-json\/wp\/v2\/tags?post=10028"}],"curies":[{"name":"wp","href":"https:\/\/api.w.org\/{rel}","templated":true}]}}