{"id":10031,"date":"2025-04-22T22:32:16","date_gmt":"2025-04-23T01:32:16","guid":{"rendered":"https:\/\/nahuelproducciones.com.ar\/radioquijano\/?p=10031"},"modified":"2025-04-22T23:21:47","modified_gmt":"2025-04-23T02:21:47","slug":"polemica-en-diputados-aprueban-cuestion-de-privilegio-contra-griselda-galleguillos-por-sus-dichos","status":"publish","type":"post","link":"https:\/\/nahuelproducciones.com.ar\/radioquijano\/polemica-en-diputados-aprueban-cuestion-de-privilegio-contra-griselda-galleguillos-por-sus-dichos\/","title":{"rendered":"Pol\u00e9mica en Diputados: aprueban cuesti\u00f3n de privilegio contra Griselda Galleguillos por sus dichos"},"content":{"rendered":"\n<p>Durante la \u00faltima sesi\u00f3n de la C\u00e1mara de Diputados de Salta, se vivi\u00f3 un tenso momento cuando, a pedido de la diputada por Capital, Laura Cartuccia, se trat\u00f3 una cuesti\u00f3n de privilegio contra la legisladora por Rosario de Lerma, Griselda Galleguillos.<\/p>\n\n\n\n<p>El motivo fue una serie de declaraciones de Galleguillos, quien hab\u00eda dicho p\u00fablicamente que en la C\u00e1mara \u201chay in\u00fatiles, \u00f1oquis y asesores fantasmas\u201d. Cartuccia consider\u00f3 que estas expresiones da\u00f1an la relaci\u00f3n entre la ciudadan\u00eda y sus representantes, y pidi\u00f3 que se tomen medidas.<\/p>\n\n\n\n<p>Antes de la votaci\u00f3n, se le ofreci\u00f3 a Galleguillos la oportunidad de retractarse, pero en lugar de hacerlo reafirm\u00f3 sus dichos y critic\u00f3 a sus colegas. \u201cMe quieren callar por haber dicho la verdad\u201d, expres\u00f3, lo que llev\u00f3 al presidente de la C\u00e1mara, Esteban Amat, a cortarle el micr\u00f3fono por no respetar el uso de la palabra concedido.<\/p>\n\n\n\n<p>La moci\u00f3n fue aprobada por mayor\u00eda, con solo cinco votos en contra, entre ellos el de la propia Galleguillos. Ahora, se conformar\u00e1 una comisi\u00f3n especial integrada por todos los diputados que evaluar\u00e1 las declaraciones y decidir\u00e1 si corresponde aplicar sanciones. Las posibles sanciones van desde quitarle la palabra en algunas sesiones hasta la expulsi\u00f3n del cuerpo legislativo.<\/p>\n\n\n\n<figure class=\"wp-block-gallery has-nested-images columns-default is-cropped wp-block-gallery-1 is-layout-flex wp-block-gallery-is-layout-flex\">\n<figure class=\"wp-block-image size-large\"><img loading=\"lazy\" decoding=\"async\" width=\"1024\" height=\"576\" data-id=\"10033\" src=\"https:\/\/nahuelproducciones.com.ar\/radioquijano\/wp-content\/uploads\/2025\/04\/WhatsApp-Image-2025-04-22-at-10.22.35-PM-1024x576.jpeg\" alt=\"\" class=\"wp-image-10033\" srcset=\"https:\/\/nahuelproducciones.com.ar\/radioquijano\/wp-content\/uploads\/2025\/04\/WhatsApp-Image-2025-04-22-at-10.22.35-PM-1024x576.jpeg 1024w, https:\/\/nahuelproducciones.com.ar\/radioquijano\/wp-content\/uploads\/2025\/04\/WhatsApp-Image-2025-04-22-at-10.22.35-PM-300x169.jpeg 300w, https:\/\/nahuelproducciones.com.ar\/radioquijano\/wp-content\/uploads\/2025\/04\/WhatsApp-Image-2025-04-22-at-10.22.35-PM-768x432.jpeg 768w, https:\/\/nahuelproducciones.com.ar\/radioquijano\/wp-content\/uploads\/2025\/04\/WhatsApp-Image-2025-04-22-at-10.22.35-PM-150x84.jpeg 150w, https:\/\/nahuelproducciones.com.ar\/radioquijano\/wp-content\/uploads\/2025\/04\/WhatsApp-Image-2025-04-22-at-10.22.35-PM.jpeg 1280w\" sizes=\"auto, (max-width: 1024px) 100vw, 1024px\" \/><\/figure>\n\n\n\n<figure class=\"wp-block-image size-large\"><img loading=\"lazy\" decoding=\"async\" width=\"1024\" height=\"576\" data-id=\"10032\" src=\"https:\/\/nahuelproducciones.com.ar\/radioquijano\/wp-content\/uploads\/2025\/04\/WhatsApp-Image-2025-04-22-at-10.20.54-PM-1024x576.jpeg\" alt=\"\" class=\"wp-image-10032\" srcset=\"https:\/\/nahuelproducciones.com.ar\/radioquijano\/wp-content\/uploads\/2025\/04\/WhatsApp-Image-2025-04-22-at-10.20.54-PM-1024x576.jpeg 1024w, https:\/\/nahuelproducciones.com.ar\/radioquijano\/wp-content\/uploads\/2025\/04\/WhatsApp-Image-2025-04-22-at-10.20.54-PM-300x169.jpeg 300w, https:\/\/nahuelproducciones.com.ar\/radioquijano\/wp-content\/uploads\/2025\/04\/WhatsApp-Image-2025-04-22-at-10.20.54-PM-768x432.jpeg 768w, https:\/\/nahuelproducciones.com.ar\/radioquijano\/wp-content\/uploads\/2025\/04\/WhatsApp-Image-2025-04-22-at-10.20.54-PM-150x84.jpeg 150w, https:\/\/nahuelproducciones.com.ar\/radioquijano\/wp-content\/uploads\/2025\/04\/WhatsApp-Image-2025-04-22-at-10.20.54-PM.jpeg 1280w\" sizes=\"auto, (max-width: 1024px) 100vw, 1024px\" \/><\/figure>\n<\/figure>\n\n\n\n<p>7\u00ba Sesi\u00f3n Ordinaria de la C\u00e1mara de Diputados<\/p>\n\n\n\n<p>martes, 22 de abril de 2025<\/p>\n","protected":false},"excerpt":{"rendered":"<p>Durante la \u00faltima sesi\u00f3n de la C\u00e1mara de Diputados de Salta, se vivi\u00f3 un tenso momento cuando, a pedido de la diputada por Capital, Laura Cartuccia, se trat\u00f3 una cuesti\u00f3n de privilegio contra la legisladora por Rosario de Lerma, Griselda Galleguillos. El motivo fue una serie de declaraciones de Galleguillos, quien hab\u00eda dicho p\u00fablicamente que [&hellip;]<\/p>\n","protected":false},"author":8,"featured_media":10034,"comment_status":"open","ping_status":"open","sticky":false,"template":"","format":"standard","meta":{"_monsterinsights_skip_tracking":false,"_monsterinsights_sitenote_active":false,"_monsterinsights_sitenote_note":"","_monsterinsights_sitenote_category":0,"footnotes":""},"categories":[16],"tags":[1770,1774,100],"class_list":["post-10031","post","type-post","status-publish","format-standard","has-post-thumbnail","hentry","category-noticias","tag-7o-sesion-ordinaria-de-la-camara-de-diputados-martes","tag-cuestion-de-privilegio","tag-municipio-de-campo-quijano"],"yoast_head":"<!-- This site is optimized with the Yoast SEO plugin v20.8 - https:\/\/yoast.com\/wordpress\/plugins\/seo\/ -->\n<title>Pol\u00e9mica en Diputados: aprueban cuesti\u00f3n de privilegio contra Griselda Galleguillos por sus dichos - RQ 99.9<\/title>\n<meta name=\"description\" content=\"Las posibles sanciones van desde quitarle la palabra en algunas sesiones hasta la expulsi\u00f3n del cuerpo legislativo.\" \/>\n<meta name=\"robots\" content=\"index, follow, max-snippet:-1, max-image-preview:large, max-video-preview:-1\" \/>\n<link rel=\"canonical\" href=\"https:\/\/nahuelproducciones.com.ar\/radioquijano\/polemica-en-diputados-aprueban-cuestion-de-privilegio-contra-griselda-galleguillos-por-sus-dichos\/\" \/>\n<meta property=\"og:locale\" content=\"es_ES\" \/>\n<meta property=\"og:type\" content=\"article\" \/>\n<meta property=\"og:title\" content=\"Pol\u00e9mica en Diputados: aprueban cuesti\u00f3n de privilegio contra Griselda Galleguillos por sus dichos - RQ 99.9\" \/>\n<meta property=\"og:description\" content=\"Las posibles sanciones van desde quitarle la palabra en algunas sesiones hasta la expulsi\u00f3n del cuerpo legislativo.\" \/>\n<meta property=\"og:url\" content=\"https:\/\/nahuelproducciones.com.ar\/radioquijano\/polemica-en-diputados-aprueban-cuestion-de-privilegio-contra-griselda-galleguillos-por-sus-dichos\/\" \/>\n<meta property=\"og:site_name\" content=\"RQ 99.9\" \/>\n<meta property=\"article:publisher\" content=\"https:\/\/www.facebook.com\/nahuelproducciones999\/\" \/>\n<meta property=\"article:published_time\" content=\"2025-04-23T01:32:16+00:00\" \/>\n<meta property=\"article:modified_time\" content=\"2025-04-23T02:21:47+00:00\" \/>\n<meta property=\"og:image\" content=\"https:\/\/nahuelproducciones.com.ar\/radioquijano\/wp-content\/uploads\/2025\/04\/WhatsApp-Image-2025-04-22-at-10.24.53-PM.jpeg\" \/>\n\t<meta property=\"og:image:width\" content=\"1280\" \/>\n\t<meta property=\"og:image:height\" content=\"720\" \/>\n\t<meta property=\"og:image:type\" content=\"image\/jpeg\" \/>\n<meta name=\"author\" content=\"Cecilia Pastrana\" \/>\n<meta name=\"twitter:card\" content=\"summary_large_image\" \/>\n<meta name=\"twitter:creator\" content=\"@nahuproduciones\" \/>\n<meta name=\"twitter:site\" content=\"@nahuproduciones\" \/>\n<meta name=\"twitter:label1\" content=\"Escrito por\" \/>\n\t<meta name=\"twitter:data1\" content=\"Cecilia Pastrana\" \/>\n\t<meta name=\"twitter:label2\" content=\"Tiempo de lectura\" \/>\n\t<meta name=\"twitter:data2\" content=\"2 minutos\" \/>\n<script type=\"application\/ld+json\" class=\"yoast-schema-graph\">{\"@context\":\"https:\/\/schema.org\",\"@graph\":[{\"@type\":\"WebPage\",\"@id\":\"https:\/\/nahuelproducciones.com.ar\/radioquijano\/polemica-en-diputados-aprueban-cuestion-de-privilegio-contra-griselda-galleguillos-por-sus-dichos\/\",\"url\":\"https:\/\/nahuelproducciones.com.ar\/radioquijano\/polemica-en-diputados-aprueban-cuestion-de-privilegio-contra-griselda-galleguillos-por-sus-dichos\/\",\"name\":\"Pol\u00e9mica en Diputados: aprueban cuesti\u00f3n de privilegio contra Griselda Galleguillos por sus dichos - RQ 99.9\",\"isPartOf\":{\"@id\":\"https:\/\/nahuelproducciones.com.ar\/radioquijano\/#website\"},\"datePublished\":\"2025-04-23T01:32:16+00:00\",\"dateModified\":\"2025-04-23T02:21:47+00:00\",\"author\":{\"@id\":\"https:\/\/nahuelproducciones.com.ar\/radioquijano\/#\/schema\/person\/e8a4f939e2cb487fe6d0c54042c9d32c\"},\"description\":\"Las posibles sanciones van desde quitarle la palabra en algunas sesiones hasta la expulsi\u00f3n del cuerpo legislativo.\",\"breadcrumb\":{\"@id\":\"https:\/\/nahuelproducciones.com.ar\/radioquijano\/polemica-en-diputados-aprueban-cuestion-de-privilegio-contra-griselda-galleguillos-por-sus-dichos\/#breadcrumb\"},\"inLanguage\":\"es\",\"potentialAction\":[{\"@type\":\"ReadAction\",\"target\":[\"https:\/\/nahuelproducciones.com.ar\/radioquijano\/polemica-en-diputados-aprueban-cuestion-de-privilegio-contra-griselda-galleguillos-por-sus-dichos\/\"]}]},{\"@type\":\"BreadcrumbList\",\"@id\":\"https:\/\/nahuelproducciones.com.ar\/radioquijano\/polemica-en-diputados-aprueban-cuestion-de-privilegio-contra-griselda-galleguillos-por-sus-dichos\/#breadcrumb\",\"itemListElement\":[{\"@type\":\"ListItem\",\"position\":1,\"name\":\"Portada\",\"item\":\"https:\/\/nahuelproducciones.com.ar\/radioquijano\/\"},{\"@type\":\"ListItem\",\"position\":2,\"name\":\"Pol\u00e9mica en Diputados: aprueban cuesti\u00f3n de privilegio contra Griselda Galleguillos por sus dichos\"}]},{\"@type\":\"WebSite\",\"@id\":\"https:\/\/nahuelproducciones.com.ar\/radioquijano\/#website\",\"url\":\"https:\/\/nahuelproducciones.com.ar\/radioquijano\/\",\"name\":\"RQ 99.9\",\"description\":\"Radio Quijano 99.9 MHz\",\"potentialAction\":[{\"@type\":\"SearchAction\",\"target\":{\"@type\":\"EntryPoint\",\"urlTemplate\":\"https:\/\/nahuelproducciones.com.ar\/radioquijano\/?s={search_term_string}\"},\"query-input\":\"required name=search_term_string\"}],\"inLanguage\":\"es\"},{\"@type\":\"Person\",\"@id\":\"https:\/\/nahuelproducciones.com.ar\/radioquijano\/#\/schema\/person\/e8a4f939e2cb487fe6d0c54042c9d32c\",\"name\":\"Cecilia Pastrana\",\"image\":{\"@type\":\"ImageObject\",\"inLanguage\":\"es\",\"@id\":\"https:\/\/nahuelproducciones.com.ar\/radioquijano\/#\/schema\/person\/image\/\",\"url\":\"https:\/\/secure.gravatar.com\/avatar\/661a3ef63a8488d4f2794ed44af8cf71420f7e106f3072c40125114df5157749?s=96&d=mm&r=g\",\"contentUrl\":\"https:\/\/secure.gravatar.com\/avatar\/661a3ef63a8488d4f2794ed44af8cf71420f7e106f3072c40125114df5157749?s=96&d=mm&r=g\",\"caption\":\"Cecilia Pastrana\"},\"sameAs\":[\"cecy\"],\"url\":\"https:\/\/nahuelproducciones.com.ar\/radioquijano\/author\/cecy\/\"}]}<\/script>\n<!-- \/ Yoast SEO plugin. -->","yoast_head_json":{"title":"Pol\u00e9mica en Diputados: aprueban cuesti\u00f3n de privilegio contra Griselda Galleguillos por sus dichos - RQ 99.9","description":"Las posibles sanciones van desde quitarle la palabra en algunas sesiones hasta la expulsi\u00f3n del cuerpo legislativo.","robots":{"index":"index","follow":"follow","max-snippet":"max-snippet:-1","max-image-preview":"max-image-preview:large","max-video-preview":"max-video-preview:-1"},"canonical":"https:\/\/nahuelproducciones.com.ar\/radioquijano\/polemica-en-diputados-aprueban-cuestion-de-privilegio-contra-griselda-galleguillos-por-sus-dichos\/","og_locale":"es_ES","og_type":"article","og_title":"Pol\u00e9mica en Diputados: aprueban cuesti\u00f3n de privilegio contra Griselda Galleguillos por sus dichos - RQ 99.9","og_description":"Las posibles sanciones van desde quitarle la palabra en algunas sesiones hasta la expulsi\u00f3n del cuerpo legislativo.","og_url":"https:\/\/nahuelproducciones.com.ar\/radioquijano\/polemica-en-diputados-aprueban-cuestion-de-privilegio-contra-griselda-galleguillos-por-sus-dichos\/","og_site_name":"RQ 99.9","article_publisher":"https:\/\/www.facebook.com\/nahuelproducciones999\/","article_published_time":"2025-04-23T01:32:16+00:00","article_modified_time":"2025-04-23T02:21:47+00:00","og_image":[{"width":1280,"height":720,"url":"https:\/\/nahuelproducciones.com.ar\/radioquijano\/wp-content\/uploads\/2025\/04\/WhatsApp-Image-2025-04-22-at-10.24.53-PM.jpeg","type":"image\/jpeg"}],"author":"Cecilia Pastrana","twitter_card":"summary_large_image","twitter_creator":"@nahuproduciones","twitter_site":"@nahuproduciones","twitter_misc":{"Escrito por":"Cecilia Pastrana","Tiempo de lectura":"2 minutos"},"schema":{"@context":"https:\/\/schema.org","@graph":[{"@type":"WebPage","@id":"https:\/\/nahuelproducciones.com.ar\/radioquijano\/polemica-en-diputados-aprueban-cuestion-de-privilegio-contra-griselda-galleguillos-por-sus-dichos\/","url":"https:\/\/nahuelproducciones.com.ar\/radioquijano\/polemica-en-diputados-aprueban-cuestion-de-privilegio-contra-griselda-galleguillos-por-sus-dichos\/","name":"Pol\u00e9mica en Diputados: aprueban cuesti\u00f3n de privilegio contra Griselda Galleguillos por sus dichos - RQ 99.9","isPartOf":{"@id":"https:\/\/nahuelproducciones.com.ar\/radioquijano\/#website"},"datePublished":"2025-04-23T01:32:16+00:00","dateModified":"2025-04-23T02:21:47+00:00","author":{"@id":"https:\/\/nahuelproducciones.com.ar\/radioquijano\/#\/schema\/person\/e8a4f939e2cb487fe6d0c54042c9d32c"},"description":"Las posibles sanciones van desde quitarle la palabra en algunas sesiones hasta la expulsi\u00f3n del cuerpo legislativo.","breadcrumb":{"@id":"https:\/\/nahuelproducciones.com.ar\/radioquijano\/polemica-en-diputados-aprueban-cuestion-de-privilegio-contra-griselda-galleguillos-por-sus-dichos\/#breadcrumb"},"inLanguage":"es","potentialAction":[{"@type":"ReadAction","target":["https:\/\/nahuelproducciones.com.ar\/radioquijano\/polemica-en-diputados-aprueban-cuestion-de-privilegio-contra-griselda-galleguillos-por-sus-dichos\/"]}]},{"@type":"BreadcrumbList","@id":"https:\/\/nahuelproducciones.com.ar\/radioquijano\/polemica-en-diputados-aprueban-cuestion-de-privilegio-contra-griselda-galleguillos-por-sus-dichos\/#breadcrumb","itemListElement":[{"@type":"ListItem","position":1,"name":"Portada","item":"https:\/\/nahuelproducciones.com.ar\/radioquijano\/"},{"@type":"ListItem","position":2,"name":"Pol\u00e9mica en Diputados: aprueban cuesti\u00f3n de privilegio contra Griselda Galleguillos por sus dichos"}]},{"@type":"WebSite","@id":"https:\/\/nahuelproducciones.com.ar\/radioquijano\/#website","url":"https:\/\/nahuelproducciones.com.ar\/radioquijano\/","name":"RQ 99.9","description":"Radio Quijano 99.9 MHz","potentialAction":[{"@type":"SearchAction","target":{"@type":"EntryPoint","urlTemplate":"https:\/\/nahuelproducciones.com.ar\/radioquijano\/?s={search_term_string}"},"query-input":"required name=search_term_string"}],"inLanguage":"es"},{"@type":"Person","@id":"https:\/\/nahuelproducciones.com.ar\/radioquijano\/#\/schema\/person\/e8a4f939e2cb487fe6d0c54042c9d32c","name":"Cecilia Pastrana","image":{"@type":"ImageObject","inLanguage":"es","@id":"https:\/\/nahuelproducciones.com.ar\/radioquijano\/#\/schema\/person\/image\/","url":"https:\/\/secure.gravatar.com\/avatar\/661a3ef63a8488d4f2794ed44af8cf71420f7e106f3072c40125114df5157749?s=96&d=mm&r=g","contentUrl":"https:\/\/secure.gravatar.com\/avatar\/661a3ef63a8488d4f2794ed44af8cf71420f7e106f3072c40125114df5157749?s=96&d=mm&r=g","caption":"Cecilia Pastrana"},"sameAs":["cecy"],"url":"https:\/\/nahuelproducciones.com.ar\/radioquijano\/author\/cecy\/"}]}},"_links":{"self":[{"href":"https:\/\/nahuelproducciones.com.ar\/radioquijano\/wp-json\/wp\/v2\/posts\/10031","targetHints":{"allow":["GET"]}}],"collection":[{"href":"https:\/\/nahuelproducciones.com.ar\/radioquijano\/wp-json\/wp\/v2\/posts"}],"about":[{"href":"https:\/\/nahuelproducciones.com.ar\/radioquijano\/wp-json\/wp\/v2\/types\/post"}],"author":[{"embeddable":true,"href":"https:\/\/nahuelproducciones.com.ar\/radioquijano\/wp-json\/wp\/v2\/users\/8"}],"replies":[{"embeddable":true,"href":"https:\/\/nahuelproducciones.com.ar\/radioquijano\/wp-json\/wp\/v2\/comments?post=10031"}],"version-history":[{"count":2,"href":"https:\/\/nahuelproducciones.com.ar\/radioquijano\/wp-json\/wp\/v2\/posts\/10031\/revisions"}],"predecessor-version":[{"id":10038,"href":"https:\/\/nahuelproducciones.com.ar\/radioquijano\/wp-json\/wp\/v2\/posts\/10031\/revisions\/10038"}],"wp:featuredmedia":[{"embeddable":true,"href":"https:\/\/nahuelproducciones.com.ar\/radioquijano\/wp-json\/wp\/v2\/media\/10034"}],"wp:attachment":[{"href":"https:\/\/nahuelproducciones.com.ar\/radioquijano\/wp-json\/wp\/v2\/media?parent=10031"}],"wp:term":[{"taxonomy":"category","embeddable":true,"href":"https:\/\/nahuelproducciones.com.ar\/radioquijano\/wp-json\/wp\/v2\/categories?post=10031"},{"taxonomy":"post_tag","embeddable":true,"href":"https:\/\/nahuelproducciones.com.ar\/radioquijano\/wp-json\/wp\/v2\/tags?post=10031"}],"curies":[{"name":"wp","href":"https:\/\/api.w.org\/{rel}","templated":true}]}}