{"id":10036,"date":"2025-04-22T22:39:29","date_gmt":"2025-04-23T01:39:29","guid":{"rendered":"https:\/\/nahuelproducciones.com.ar\/radioquijano\/?p=10036"},"modified":"2025-04-22T22:39:31","modified_gmt":"2025-04-23T01:39:31","slug":"la-legislatura-decreto-duelo-institucional-por-la-muerte-del-papa-francisco","status":"publish","type":"post","link":"https:\/\/nahuelproducciones.com.ar\/radioquijano\/la-legislatura-decreto-duelo-institucional-por-la-muerte-del-papa-francisco\/","title":{"rendered":"La Legislatura decret\u00f3 duelo institucional por la muerte del Papa Francisco"},"content":{"rendered":"\n<p>La Legislatura de la Provincia declar\u00f3 este lunes duelo institucional por el fallecimiento del Papa Francisco, en homenaje a su figura y legado como l\u00edder espiritual, social y moral, y la defensa de los m\u00e1s vulnerables.<br><br>Mediante la Resoluci\u00f3n Bipresidencial N\u00b0 3, firmada conjuntamente por el presidente de la C\u00e1mara de Senadores, Antonio Marocco, y el presidente de la C\u00e1mara de Diputados, Esteban Amat Lacroix, se estableci\u00f3 un duelo de siete d\u00edas, durante el cual la Bandera Nacional y la Bandera de Salta permanecer\u00e1n izadas a media asta en los recintos legislativos, en especial los d\u00edas en que se llevar\u00e1n a cabo las sesiones de ambas C\u00e1maras.<br><br>En el documento se destaca la trascendencia del pontificado de Francisco, primer papa latinoamericano y argentino, record\u00e1ndolo como un s\u00edmbolo de humildad, di\u00e1logo interreligioso y defensa de los sectores m\u00e1s vulnerables.<br><br>\u201cLa figura del Papa Francisco trascendi\u00f3 las fronteras del \u00e1mbito religioso, constituy\u00e9ndose en un l\u00edder moral y espiritual de referencia mundial\u201d, se\u00f1ala el texto, que expresa tambi\u00e9n el profundo pesar del pueblo salte\u00f1o por la partida del l\u00edder de la iglesia Cat\u00f3lica.<br><br>La Resoluci\u00f3n tambi\u00e9n expresa el pesar del Poder Legislativo por la \u201cirreparable p\u00e9rdida\u201d, y rinde homenaje al legado espiritual, social y humano del sumo Pont\u00edfice.<\/p>\n\n\n\n<p>Fuente: Prensa de C\u00e1mara de Diputados Salta.<\/p>\n\n\n\n<h5 class=\"wp-block-heading\">7\u00ba Sesi\u00f3n Ordinaria de la C\u00e1mara de Diputados<\/h5>\n\n\n\n<h6 class=\"wp-block-heading\">martes, 22 de abril de 2025<\/h6>\n","protected":false},"excerpt":{"rendered":"<p>La Legislatura de la Provincia declar\u00f3 este lunes duelo institucional por el fallecimiento del Papa Francisco, en homenaje a su figura y legado como l\u00edder espiritual, social y moral, y la defensa de los m\u00e1s vulnerables. Mediante la Resoluci\u00f3n Bipresidencial N\u00b0 3, firmada conjuntamente por el presidente de la C\u00e1mara de Senadores, Antonio Marocco, y [&hellip;]<\/p>\n","protected":false},"author":8,"featured_media":10037,"comment_status":"open","ping_status":"open","sticky":false,"template":"","format":"standard","meta":{"_monsterinsights_skip_tracking":false,"_monsterinsights_sitenote_active":false,"_monsterinsights_sitenote_note":"","_monsterinsights_sitenote_category":0,"footnotes":""},"categories":[16],"tags":[1770,1771,100,1768],"class_list":["post-10036","post","type-post","status-publish","format-standard","has-post-thumbnail","hentry","category-noticias","tag-7o-sesion-ordinaria-de-la-camara-de-diputados-martes","tag-duelo-institucional","tag-municipio-de-campo-quijano","tag-papa-francisco"],"yoast_head":"<!-- This site is optimized with the Yoast SEO plugin v20.8 - https:\/\/yoast.com\/wordpress\/plugins\/seo\/ -->\n<title>La Legislatura decret\u00f3 duelo institucional por la muerte del Papa Francisco - RQ 99.9<\/title>\n<meta name=\"description\" content=\"Se estableci\u00f3 un duelo de siete d\u00edas, durante el cual la Bandera Nacional y la Bandera de Salta permanecer\u00e1n izadas a media asta en los recintos legislativos, en especial los d\u00edas en que se llevar\u00e1n a cabo las sesiones de ambas C\u00e1maras.\" \/>\n<meta name=\"robots\" content=\"index, follow, max-snippet:-1, max-image-preview:large, max-video-preview:-1\" \/>\n<link rel=\"canonical\" href=\"https:\/\/nahuelproducciones.com.ar\/radioquijano\/la-legislatura-decreto-duelo-institucional-por-la-muerte-del-papa-francisco\/\" \/>\n<meta property=\"og:locale\" content=\"es_ES\" \/>\n<meta property=\"og:type\" content=\"article\" \/>\n<meta property=\"og:title\" content=\"La Legislatura decret\u00f3 duelo institucional por la muerte del Papa Francisco - RQ 99.9\" \/>\n<meta property=\"og:description\" content=\"Se estableci\u00f3 un duelo de siete d\u00edas, durante el cual la Bandera Nacional y la Bandera de Salta permanecer\u00e1n izadas a media asta en los recintos legislativos, en especial los d\u00edas en que se llevar\u00e1n a cabo las sesiones de ambas C\u00e1maras.\" \/>\n<meta property=\"og:url\" content=\"https:\/\/nahuelproducciones.com.ar\/radioquijano\/la-legislatura-decreto-duelo-institucional-por-la-muerte-del-papa-francisco\/\" \/>\n<meta property=\"og:site_name\" content=\"RQ 99.9\" \/>\n<meta property=\"article:publisher\" content=\"https:\/\/www.facebook.com\/nahuelproducciones999\/\" \/>\n<meta property=\"article:published_time\" content=\"2025-04-23T01:39:29+00:00\" \/>\n<meta property=\"article:modified_time\" content=\"2025-04-23T01:39:31+00:00\" \/>\n<meta property=\"og:image\" content=\"https:\/\/nahuelproducciones.com.ar\/radioquijano\/wp-content\/uploads\/2025\/04\/IMG_20250422_095134.jpg\" \/>\n\t<meta property=\"og:image:width\" content=\"201\" \/>\n\t<meta property=\"og:image:height\" content=\"194\" \/>\n\t<meta property=\"og:image:type\" content=\"image\/jpeg\" \/>\n<meta name=\"author\" content=\"Cecilia Pastrana\" \/>\n<meta name=\"twitter:card\" content=\"summary_large_image\" \/>\n<meta name=\"twitter:creator\" content=\"@nahuproduciones\" \/>\n<meta name=\"twitter:site\" content=\"@nahuproduciones\" \/>\n<meta name=\"twitter:label1\" content=\"Escrito por\" \/>\n\t<meta name=\"twitter:data1\" content=\"Cecilia Pastrana\" \/>\n\t<meta name=\"twitter:label2\" content=\"Tiempo de lectura\" \/>\n\t<meta name=\"twitter:data2\" content=\"2 minutos\" \/>\n<script type=\"application\/ld+json\" class=\"yoast-schema-graph\">{\"@context\":\"https:\/\/schema.org\",\"@graph\":[{\"@type\":\"WebPage\",\"@id\":\"https:\/\/nahuelproducciones.com.ar\/radioquijano\/la-legislatura-decreto-duelo-institucional-por-la-muerte-del-papa-francisco\/\",\"url\":\"https:\/\/nahuelproducciones.com.ar\/radioquijano\/la-legislatura-decreto-duelo-institucional-por-la-muerte-del-papa-francisco\/\",\"name\":\"La Legislatura decret\u00f3 duelo institucional por la muerte del Papa Francisco - RQ 99.9\",\"isPartOf\":{\"@id\":\"https:\/\/nahuelproducciones.com.ar\/radioquijano\/#website\"},\"datePublished\":\"2025-04-23T01:39:29+00:00\",\"dateModified\":\"2025-04-23T01:39:31+00:00\",\"author\":{\"@id\":\"https:\/\/nahuelproducciones.com.ar\/radioquijano\/#\/schema\/person\/e8a4f939e2cb487fe6d0c54042c9d32c\"},\"description\":\"Se estableci\u00f3 un duelo de siete d\u00edas, durante el cual la Bandera Nacional y la Bandera de Salta permanecer\u00e1n izadas a media asta en los recintos legislativos, en especial los d\u00edas en que se llevar\u00e1n a cabo las sesiones de ambas C\u00e1maras.\",\"breadcrumb\":{\"@id\":\"https:\/\/nahuelproducciones.com.ar\/radioquijano\/la-legislatura-decreto-duelo-institucional-por-la-muerte-del-papa-francisco\/#breadcrumb\"},\"inLanguage\":\"es\",\"potentialAction\":[{\"@type\":\"ReadAction\",\"target\":[\"https:\/\/nahuelproducciones.com.ar\/radioquijano\/la-legislatura-decreto-duelo-institucional-por-la-muerte-del-papa-francisco\/\"]}]},{\"@type\":\"BreadcrumbList\",\"@id\":\"https:\/\/nahuelproducciones.com.ar\/radioquijano\/la-legislatura-decreto-duelo-institucional-por-la-muerte-del-papa-francisco\/#breadcrumb\",\"itemListElement\":[{\"@type\":\"ListItem\",\"position\":1,\"name\":\"Portada\",\"item\":\"https:\/\/nahuelproducciones.com.ar\/radioquijano\/\"},{\"@type\":\"ListItem\",\"position\":2,\"name\":\"La Legislatura decret\u00f3 duelo institucional por la muerte del Papa Francisco\"}]},{\"@type\":\"WebSite\",\"@id\":\"https:\/\/nahuelproducciones.com.ar\/radioquijano\/#website\",\"url\":\"https:\/\/nahuelproducciones.com.ar\/radioquijano\/\",\"name\":\"RQ 99.9\",\"description\":\"Radio Quijano 99.9 MHz\",\"potentialAction\":[{\"@type\":\"SearchAction\",\"target\":{\"@type\":\"EntryPoint\",\"urlTemplate\":\"https:\/\/nahuelproducciones.com.ar\/radioquijano\/?s={search_term_string}\"},\"query-input\":\"required name=search_term_string\"}],\"inLanguage\":\"es\"},{\"@type\":\"Person\",\"@id\":\"https:\/\/nahuelproducciones.com.ar\/radioquijano\/#\/schema\/person\/e8a4f939e2cb487fe6d0c54042c9d32c\",\"name\":\"Cecilia Pastrana\",\"image\":{\"@type\":\"ImageObject\",\"inLanguage\":\"es\",\"@id\":\"https:\/\/nahuelproducciones.com.ar\/radioquijano\/#\/schema\/person\/image\/\",\"url\":\"https:\/\/secure.gravatar.com\/avatar\/661a3ef63a8488d4f2794ed44af8cf71420f7e106f3072c40125114df5157749?s=96&d=mm&r=g\",\"contentUrl\":\"https:\/\/secure.gravatar.com\/avatar\/661a3ef63a8488d4f2794ed44af8cf71420f7e106f3072c40125114df5157749?s=96&d=mm&r=g\",\"caption\":\"Cecilia Pastrana\"},\"sameAs\":[\"cecy\"],\"url\":\"https:\/\/nahuelproducciones.com.ar\/radioquijano\/author\/cecy\/\"}]}<\/script>\n<!-- \/ Yoast SEO plugin. -->","yoast_head_json":{"title":"La Legislatura decret\u00f3 duelo institucional por la muerte del Papa Francisco - RQ 99.9","description":"Se estableci\u00f3 un duelo de siete d\u00edas, durante el cual la Bandera Nacional y la Bandera de Salta permanecer\u00e1n izadas a media asta en los recintos legislativos, en especial los d\u00edas en que se llevar\u00e1n a cabo las sesiones de ambas C\u00e1maras.","robots":{"index":"index","follow":"follow","max-snippet":"max-snippet:-1","max-image-preview":"max-image-preview:large","max-video-preview":"max-video-preview:-1"},"canonical":"https:\/\/nahuelproducciones.com.ar\/radioquijano\/la-legislatura-decreto-duelo-institucional-por-la-muerte-del-papa-francisco\/","og_locale":"es_ES","og_type":"article","og_title":"La Legislatura decret\u00f3 duelo institucional por la muerte del Papa Francisco - RQ 99.9","og_description":"Se estableci\u00f3 un duelo de siete d\u00edas, durante el cual la Bandera Nacional y la Bandera de Salta permanecer\u00e1n izadas a media asta en los recintos legislativos, en especial los d\u00edas en que se llevar\u00e1n a cabo las sesiones de ambas C\u00e1maras.","og_url":"https:\/\/nahuelproducciones.com.ar\/radioquijano\/la-legislatura-decreto-duelo-institucional-por-la-muerte-del-papa-francisco\/","og_site_name":"RQ 99.9","article_publisher":"https:\/\/www.facebook.com\/nahuelproducciones999\/","article_published_time":"2025-04-23T01:39:29+00:00","article_modified_time":"2025-04-23T01:39:31+00:00","og_image":[{"width":201,"height":194,"url":"https:\/\/nahuelproducciones.com.ar\/radioquijano\/wp-content\/uploads\/2025\/04\/IMG_20250422_095134.jpg","type":"image\/jpeg"}],"author":"Cecilia Pastrana","twitter_card":"summary_large_image","twitter_creator":"@nahuproduciones","twitter_site":"@nahuproduciones","twitter_misc":{"Escrito por":"Cecilia Pastrana","Tiempo de lectura":"2 minutos"},"schema":{"@context":"https:\/\/schema.org","@graph":[{"@type":"WebPage","@id":"https:\/\/nahuelproducciones.com.ar\/radioquijano\/la-legislatura-decreto-duelo-institucional-por-la-muerte-del-papa-francisco\/","url":"https:\/\/nahuelproducciones.com.ar\/radioquijano\/la-legislatura-decreto-duelo-institucional-por-la-muerte-del-papa-francisco\/","name":"La Legislatura decret\u00f3 duelo institucional por la muerte del Papa Francisco - RQ 99.9","isPartOf":{"@id":"https:\/\/nahuelproducciones.com.ar\/radioquijano\/#website"},"datePublished":"2025-04-23T01:39:29+00:00","dateModified":"2025-04-23T01:39:31+00:00","author":{"@id":"https:\/\/nahuelproducciones.com.ar\/radioquijano\/#\/schema\/person\/e8a4f939e2cb487fe6d0c54042c9d32c"},"description":"Se estableci\u00f3 un duelo de siete d\u00edas, durante el cual la Bandera Nacional y la Bandera de Salta permanecer\u00e1n izadas a media asta en los recintos legislativos, en especial los d\u00edas en que se llevar\u00e1n a cabo las sesiones de ambas C\u00e1maras.","breadcrumb":{"@id":"https:\/\/nahuelproducciones.com.ar\/radioquijano\/la-legislatura-decreto-duelo-institucional-por-la-muerte-del-papa-francisco\/#breadcrumb"},"inLanguage":"es","potentialAction":[{"@type":"ReadAction","target":["https:\/\/nahuelproducciones.com.ar\/radioquijano\/la-legislatura-decreto-duelo-institucional-por-la-muerte-del-papa-francisco\/"]}]},{"@type":"BreadcrumbList","@id":"https:\/\/nahuelproducciones.com.ar\/radioquijano\/la-legislatura-decreto-duelo-institucional-por-la-muerte-del-papa-francisco\/#breadcrumb","itemListElement":[{"@type":"ListItem","position":1,"name":"Portada","item":"https:\/\/nahuelproducciones.com.ar\/radioquijano\/"},{"@type":"ListItem","position":2,"name":"La Legislatura decret\u00f3 duelo institucional por la muerte del Papa Francisco"}]},{"@type":"WebSite","@id":"https:\/\/nahuelproducciones.com.ar\/radioquijano\/#website","url":"https:\/\/nahuelproducciones.com.ar\/radioquijano\/","name":"RQ 99.9","description":"Radio Quijano 99.9 MHz","potentialAction":[{"@type":"SearchAction","target":{"@type":"EntryPoint","urlTemplate":"https:\/\/nahuelproducciones.com.ar\/radioquijano\/?s={search_term_string}"},"query-input":"required name=search_term_string"}],"inLanguage":"es"},{"@type":"Person","@id":"https:\/\/nahuelproducciones.com.ar\/radioquijano\/#\/schema\/person\/e8a4f939e2cb487fe6d0c54042c9d32c","name":"Cecilia Pastrana","image":{"@type":"ImageObject","inLanguage":"es","@id":"https:\/\/nahuelproducciones.com.ar\/radioquijano\/#\/schema\/person\/image\/","url":"https:\/\/secure.gravatar.com\/avatar\/661a3ef63a8488d4f2794ed44af8cf71420f7e106f3072c40125114df5157749?s=96&d=mm&r=g","contentUrl":"https:\/\/secure.gravatar.com\/avatar\/661a3ef63a8488d4f2794ed44af8cf71420f7e106f3072c40125114df5157749?s=96&d=mm&r=g","caption":"Cecilia Pastrana"},"sameAs":["cecy"],"url":"https:\/\/nahuelproducciones.com.ar\/radioquijano\/author\/cecy\/"}]}},"_links":{"self":[{"href":"https:\/\/nahuelproducciones.com.ar\/radioquijano\/wp-json\/wp\/v2\/posts\/10036","targetHints":{"allow":["GET"]}}],"collection":[{"href":"https:\/\/nahuelproducciones.com.ar\/radioquijano\/wp-json\/wp\/v2\/posts"}],"about":[{"href":"https:\/\/nahuelproducciones.com.ar\/radioquijano\/wp-json\/wp\/v2\/types\/post"}],"author":[{"embeddable":true,"href":"https:\/\/nahuelproducciones.com.ar\/radioquijano\/wp-json\/wp\/v2\/users\/8"}],"replies":[{"embeddable":true,"href":"https:\/\/nahuelproducciones.com.ar\/radioquijano\/wp-json\/wp\/v2\/comments?post=10036"}],"version-history":[{"count":1,"href":"https:\/\/nahuelproducciones.com.ar\/radioquijano\/wp-json\/wp\/v2\/posts\/10036\/revisions"}],"predecessor-version":[{"id":10040,"href":"https:\/\/nahuelproducciones.com.ar\/radioquijano\/wp-json\/wp\/v2\/posts\/10036\/revisions\/10040"}],"wp:featuredmedia":[{"embeddable":true,"href":"https:\/\/nahuelproducciones.com.ar\/radioquijano\/wp-json\/wp\/v2\/media\/10037"}],"wp:attachment":[{"href":"https:\/\/nahuelproducciones.com.ar\/radioquijano\/wp-json\/wp\/v2\/media?parent=10036"}],"wp:term":[{"taxonomy":"category","embeddable":true,"href":"https:\/\/nahuelproducciones.com.ar\/radioquijano\/wp-json\/wp\/v2\/categories?post=10036"},{"taxonomy":"post_tag","embeddable":true,"href":"https:\/\/nahuelproducciones.com.ar\/radioquijano\/wp-json\/wp\/v2\/tags?post=10036"}],"curies":[{"name":"wp","href":"https:\/\/api.w.org\/{rel}","templated":true}]}}