{"id":10041,"date":"2025-04-22T22:45:27","date_gmt":"2025-04-23T01:45:27","guid":{"rendered":"https:\/\/nahuelproducciones.com.ar\/radioquijano\/?p=10041"},"modified":"2025-04-22T22:45:29","modified_gmt":"2025-04-23T01:45:29","slug":"se-evidencia-un-aumento-en-la-circulacion-del-virus-de-la-gripe-en-salta","status":"publish","type":"post","link":"https:\/\/nahuelproducciones.com.ar\/radioquijano\/se-evidencia-un-aumento-en-la-circulacion-del-virus-de-la-gripe-en-salta\/","title":{"rendered":"Se evidencia un aumento en la circulaci\u00f3n del virus de la gripe en Salta"},"content":{"rendered":"\n<p>En la semana epidemiol\u00f3gica 15, se notificaron 577 nuevos casos de infecci\u00f3n causada por virus Influenza A, el serotipo circulante es el H1N1. Adem\u00e1s, se actualizan los datos de enfermedades zoon\u00f3ticas, inmunoprevenibles, transmitidas por alimentos, dermatol\u00f3gicas de inter\u00e9s sanitario y arbovirosis.<\/p>\n\n\n\n<p>El&nbsp;<strong>Ministerio de Salud P\u00fablica<\/strong>&nbsp;informa datos proporcionados por la Direcci\u00f3n General de Coordinaci\u00f3n Epidemiol\u00f3gica sobre diferentes patolog\u00edas que se encuentran bajo su vigilancia hasta la semana epidemiol\u00f3gica (SE) 15, comprendida entre el lunes 6 y el s\u00e1bado 12 del presente mes.<\/p>\n\n\n\n<p><strong>Virus respiratorios<\/strong><\/p>\n\n\n\n<p>En la SE 15, en Salta se notificaron 577 casos de gripe, enfermedad causada por el virus influenza A, totalizando 4392 casos desde que comenz\u00f3 el a\u00f1o. Adem\u00e1s, se inform\u00f3 que el serotipo circulante de los casos es el H1N1.<\/p>\n\n\n\n<p>Adem\u00e1s, hasta la SE 15, se registraron siguientes infecciones respiratorias agudas:<\/p>\n\n\n\n<p>\u00b7 &nbsp; &nbsp; &nbsp; Bronquiolitis en menores de 2 a\u00f1os: 1774 casos<br>\u00b7 &nbsp; &nbsp; &nbsp; Neumon\u00eda: 1874 casos<br>\u00b7 &nbsp; &nbsp; &nbsp; COVID-19: 98 casos<\/p>\n\n\n\n<p>En la SE 15 se registraron 197 internaciones por IRA, con predominio en adultos mayores, ni\u00f1os de 5 a 9 a\u00f1os, y menores de 1 a\u00f1o. Ocho casos requirieron ingreso a cuidados intensivos, lo que refleja un impacto moderado sobre la capacidad hospitalaria.&nbsp;<\/p>\n\n\n\n<p><strong>Enfermedades zoon\u00f3ticas<\/strong><\/p>\n\n\n\n<p>Se registraron 16 nuevos accidentes potencialmente r\u00e1bicos. El acumulado, en lo que va del a\u00f1o en APR es de 290 casos.<\/p>\n\n\n\n<p>Adem\u00e1s, se registraron 7 casos de alacranismo y 3 de ofidismo (yarar\u00e1), principalmente en Capital y San Mart\u00edn. Se suma 1 nuevo caso de brucelosis humana en Rivadavia y 2 de leishmaniasis visceral canina.<\/p>\n\n\n\n<p><strong>Enfermedades dermatol\u00f3gicas de inter\u00e9s sanitario (EDIS)<\/strong><\/p>\n\n\n\n<p>\u00b7 &nbsp; &nbsp; &nbsp; No se han notificado casos de leishmaniasis (mucosa\/cut\u00e1nea). Acumulado: 9 casos.<br>\u00b7 &nbsp; &nbsp; &nbsp; No se registraron casos de leishmaniasis visceral humana. Acumulado: 2 casos.<br>\u00b7 &nbsp; &nbsp; &nbsp; No hubo casos de lepra. Acumulado: 1 caso<br>\u00b7 &nbsp; &nbsp; &nbsp; No se notificaron casos de micosis profunda.<\/p>\n\n\n\n<p><strong>Enfermedades Transmitidas por Alimentos (ETA)<\/strong><\/p>\n\n\n\n<p>\u00b7 &nbsp; &nbsp; &nbsp; Salmonelosis: No se han notificado casos de esta enfermedad causada en SE 15. El acumulado del a\u00f1o es de 15.<br>\u00b7 &nbsp; &nbsp; &nbsp; Botulismo del lactante: No se registraron casos en lo que va del 2025.<br>\u00b7 &nbsp; &nbsp; &nbsp; Botulismo: No se registraron casos en la \u00faltima SE. Acumulado: 1 caso<br>\u00b7 &nbsp; &nbsp; &nbsp; S\u00edndrome Ur\u00e9mico Hemol\u00edtico: No se registraron nuevos casos en la \u00faltima SE. Acumulado: 1 caso<br>\u00b7 &nbsp; &nbsp; &nbsp; Diarrea aguda: se registraron 1187 casos en la SE 15. El acumulado de casos es de 21.870.<\/p>\n\n\n\n<p><strong>Enfermedades prevenibles por vacunas<\/strong><\/p>\n\n\n\n<p>\u00b7 &nbsp; &nbsp; &nbsp; No se han notificado casos de coqueluche en el a\u00f1o.<br>\u00b7 &nbsp; &nbsp; &nbsp; No se registraron nuevos casos de varicela. El acumulado anual es de 104.<br>\u00b7 &nbsp; &nbsp; &nbsp; No se registraron nuevos casos de meningoencefalitis. El acumulado en lo que va del a\u00f1o es de 34 casos.<br>\u00b7 &nbsp; &nbsp; &nbsp; No se notificaron casos de parotiditis, con lo que el acumulado anual es de 3 casos.<br>\u00b7 &nbsp; &nbsp; &nbsp; No hubo casos de sarampi\u00f3n.<br>\u00b7 &nbsp; &nbsp; &nbsp; No se registraron casos de Enfermedad Febril Exantem\u00e1tica. Acumulado: 6 casos<br>\u00b7 &nbsp; &nbsp; &nbsp; No se ha confirmado ning\u00fan caso de difteria ni de poliomielitis.<\/p>\n\n\n\n<p>Se mantienen 9 casos confirmados de Hepatitis A, hasta la SE 15, con alta proporci\u00f3n en menores de 20 a\u00f1os y predominio femenino. El departamento de Rivadavia sigue siendo el m\u00e1s afectado.<\/p>\n\n\n\n<p><strong>Dengue<\/strong><\/p>\n\n\n\n<p>Se confirmaron tres nuevos positivos en la SE15, llevando el acumulado a 24 casos (22 por laboratorio, 2 por nexo). El departamento m\u00e1s afectado sigue siendo Capital con 21 casos confirmados. Tasa de incidencia provincial: 1,7\/100.000 hab.<\/p>\n\n\n\n<p>Actualmente hay 30 sospechosos con s\u00edntomas compatibles de esa arbovirosis; y se han descartado 879 casos mediante pruebas de laboratorio.<br>&nbsp;<\/p>\n\n\n\n<hr class=\"wp-block-separator has-alpha-channel-opacity\"\/>\n\n\n\n<p>Fuente:&nbsp;<strong>Secretar\u00eda de Prensa<\/strong><\/p>\n","protected":false},"excerpt":{"rendered":"<p>En la semana epidemiol\u00f3gica 15, se notificaron 577 nuevos casos de infecci\u00f3n causada por virus Influenza A, el serotipo circulante es el H1N1. Adem\u00e1s, se actualizan los datos de enfermedades zoon\u00f3ticas, inmunoprevenibles, transmitidas por alimentos, dermatol\u00f3gicas de inter\u00e9s sanitario y arbovirosis. El&nbsp;Ministerio de Salud P\u00fablica&nbsp;informa datos proporcionados por la Direcci\u00f3n General de Coordinaci\u00f3n Epidemiol\u00f3gica sobre [&hellip;]<\/p>\n","protected":false},"author":8,"featured_media":10042,"comment_status":"open","ping_status":"open","sticky":false,"template":"","format":"standard","meta":{"_monsterinsights_skip_tracking":false,"_monsterinsights_sitenote_active":false,"_monsterinsights_sitenote_note":"","_monsterinsights_sitenote_category":0,"footnotes":""},"categories":[16],"tags":[1627,696,100,657],"class_list":["post-10041","post","type-post","status-publish","format-standard","has-post-thumbnail","hentry","category-noticias","tag-gripe","tag-ministerio-de-salud-publica","tag-municipio-de-campo-quijano","tag-provincia-de-salta"],"yoast_head":"<!-- This site is optimized with the Yoast SEO plugin v20.8 - https:\/\/yoast.com\/wordpress\/plugins\/seo\/ -->\n<title>Se evidencia un aumento en la circulaci\u00f3n del virus de la gripe en Salta - RQ 99.9<\/title>\n<meta name=\"description\" content=\"En la SE 15, en Salta se notificaron 577 casos de gripe, enfermedad causada por el virus influenza A\" \/>\n<meta name=\"robots\" content=\"index, follow, max-snippet:-1, max-image-preview:large, max-video-preview:-1\" \/>\n<link rel=\"canonical\" href=\"https:\/\/nahuelproducciones.com.ar\/radioquijano\/se-evidencia-un-aumento-en-la-circulacion-del-virus-de-la-gripe-en-salta\/\" \/>\n<meta property=\"og:locale\" content=\"es_ES\" \/>\n<meta property=\"og:type\" content=\"article\" \/>\n<meta property=\"og:title\" content=\"Se evidencia un aumento en la circulaci\u00f3n del virus de la gripe en Salta - RQ 99.9\" \/>\n<meta property=\"og:description\" content=\"En la SE 15, en Salta se notificaron 577 casos de gripe, enfermedad causada por el virus influenza A\" \/>\n<meta property=\"og:url\" content=\"https:\/\/nahuelproducciones.com.ar\/radioquijano\/se-evidencia-un-aumento-en-la-circulacion-del-virus-de-la-gripe-en-salta\/\" \/>\n<meta property=\"og:site_name\" content=\"RQ 99.9\" \/>\n<meta property=\"article:publisher\" content=\"https:\/\/www.facebook.com\/nahuelproducciones999\/\" \/>\n<meta property=\"article:published_time\" content=\"2025-04-23T01:45:27+00:00\" \/>\n<meta property=\"article:modified_time\" content=\"2025-04-23T01:45:29+00:00\" \/>\n<meta property=\"og:image\" content=\"https:\/\/nahuelproducciones.com.ar\/radioquijano\/wp-content\/uploads\/2025\/04\/101215-se-evidencia-un-aumento-en-la-circulacion-del-virus-de-la-gripe-en-salta-e1745372612191.webp\" \/>\n\t<meta property=\"og:image:width\" content=\"700\" \/>\n\t<meta property=\"og:image:height\" content=\"394\" \/>\n\t<meta property=\"og:image:type\" content=\"image\/webp\" \/>\n<meta name=\"author\" content=\"Cecilia Pastrana\" \/>\n<meta name=\"twitter:card\" content=\"summary_large_image\" \/>\n<meta name=\"twitter:creator\" content=\"@nahuproduciones\" \/>\n<meta name=\"twitter:site\" content=\"@nahuproduciones\" \/>\n<meta name=\"twitter:label1\" content=\"Escrito por\" \/>\n\t<meta name=\"twitter:data1\" content=\"Cecilia Pastrana\" \/>\n\t<meta name=\"twitter:label2\" content=\"Tiempo de lectura\" \/>\n\t<meta name=\"twitter:data2\" content=\"3 minutos\" \/>\n<script type=\"application\/ld+json\" class=\"yoast-schema-graph\">{\"@context\":\"https:\/\/schema.org\",\"@graph\":[{\"@type\":\"WebPage\",\"@id\":\"https:\/\/nahuelproducciones.com.ar\/radioquijano\/se-evidencia-un-aumento-en-la-circulacion-del-virus-de-la-gripe-en-salta\/\",\"url\":\"https:\/\/nahuelproducciones.com.ar\/radioquijano\/se-evidencia-un-aumento-en-la-circulacion-del-virus-de-la-gripe-en-salta\/\",\"name\":\"Se evidencia un aumento en la circulaci\u00f3n del virus de la gripe en Salta - RQ 99.9\",\"isPartOf\":{\"@id\":\"https:\/\/nahuelproducciones.com.ar\/radioquijano\/#website\"},\"datePublished\":\"2025-04-23T01:45:27+00:00\",\"dateModified\":\"2025-04-23T01:45:29+00:00\",\"author\":{\"@id\":\"https:\/\/nahuelproducciones.com.ar\/radioquijano\/#\/schema\/person\/e8a4f939e2cb487fe6d0c54042c9d32c\"},\"description\":\"En la SE 15, en Salta se notificaron 577 casos de gripe, enfermedad causada por el virus influenza A\",\"breadcrumb\":{\"@id\":\"https:\/\/nahuelproducciones.com.ar\/radioquijano\/se-evidencia-un-aumento-en-la-circulacion-del-virus-de-la-gripe-en-salta\/#breadcrumb\"},\"inLanguage\":\"es\",\"potentialAction\":[{\"@type\":\"ReadAction\",\"target\":[\"https:\/\/nahuelproducciones.com.ar\/radioquijano\/se-evidencia-un-aumento-en-la-circulacion-del-virus-de-la-gripe-en-salta\/\"]}]},{\"@type\":\"BreadcrumbList\",\"@id\":\"https:\/\/nahuelproducciones.com.ar\/radioquijano\/se-evidencia-un-aumento-en-la-circulacion-del-virus-de-la-gripe-en-salta\/#breadcrumb\",\"itemListElement\":[{\"@type\":\"ListItem\",\"position\":1,\"name\":\"Portada\",\"item\":\"https:\/\/nahuelproducciones.com.ar\/radioquijano\/\"},{\"@type\":\"ListItem\",\"position\":2,\"name\":\"Se evidencia un aumento en la circulaci\u00f3n del virus de la gripe en Salta\"}]},{\"@type\":\"WebSite\",\"@id\":\"https:\/\/nahuelproducciones.com.ar\/radioquijano\/#website\",\"url\":\"https:\/\/nahuelproducciones.com.ar\/radioquijano\/\",\"name\":\"RQ 99.9\",\"description\":\"Radio Quijano 99.9 MHz\",\"potentialAction\":[{\"@type\":\"SearchAction\",\"target\":{\"@type\":\"EntryPoint\",\"urlTemplate\":\"https:\/\/nahuelproducciones.com.ar\/radioquijano\/?s={search_term_string}\"},\"query-input\":\"required name=search_term_string\"}],\"inLanguage\":\"es\"},{\"@type\":\"Person\",\"@id\":\"https:\/\/nahuelproducciones.com.ar\/radioquijano\/#\/schema\/person\/e8a4f939e2cb487fe6d0c54042c9d32c\",\"name\":\"Cecilia Pastrana\",\"image\":{\"@type\":\"ImageObject\",\"inLanguage\":\"es\",\"@id\":\"https:\/\/nahuelproducciones.com.ar\/radioquijano\/#\/schema\/person\/image\/\",\"url\":\"https:\/\/secure.gravatar.com\/avatar\/661a3ef63a8488d4f2794ed44af8cf71420f7e106f3072c40125114df5157749?s=96&d=mm&r=g\",\"contentUrl\":\"https:\/\/secure.gravatar.com\/avatar\/661a3ef63a8488d4f2794ed44af8cf71420f7e106f3072c40125114df5157749?s=96&d=mm&r=g\",\"caption\":\"Cecilia Pastrana\"},\"sameAs\":[\"cecy\"],\"url\":\"https:\/\/nahuelproducciones.com.ar\/radioquijano\/author\/cecy\/\"}]}<\/script>\n<!-- \/ Yoast SEO plugin. -->","yoast_head_json":{"title":"Se evidencia un aumento en la circulaci\u00f3n del virus de la gripe en Salta - RQ 99.9","description":"En la SE 15, en Salta se notificaron 577 casos de gripe, enfermedad causada por el virus influenza A","robots":{"index":"index","follow":"follow","max-snippet":"max-snippet:-1","max-image-preview":"max-image-preview:large","max-video-preview":"max-video-preview:-1"},"canonical":"https:\/\/nahuelproducciones.com.ar\/radioquijano\/se-evidencia-un-aumento-en-la-circulacion-del-virus-de-la-gripe-en-salta\/","og_locale":"es_ES","og_type":"article","og_title":"Se evidencia un aumento en la circulaci\u00f3n del virus de la gripe en Salta - RQ 99.9","og_description":"En la SE 15, en Salta se notificaron 577 casos de gripe, enfermedad causada por el virus influenza A","og_url":"https:\/\/nahuelproducciones.com.ar\/radioquijano\/se-evidencia-un-aumento-en-la-circulacion-del-virus-de-la-gripe-en-salta\/","og_site_name":"RQ 99.9","article_publisher":"https:\/\/www.facebook.com\/nahuelproducciones999\/","article_published_time":"2025-04-23T01:45:27+00:00","article_modified_time":"2025-04-23T01:45:29+00:00","og_image":[{"width":700,"height":394,"url":"https:\/\/nahuelproducciones.com.ar\/radioquijano\/wp-content\/uploads\/2025\/04\/101215-se-evidencia-un-aumento-en-la-circulacion-del-virus-de-la-gripe-en-salta-e1745372612191.webp","type":"image\/webp"}],"author":"Cecilia Pastrana","twitter_card":"summary_large_image","twitter_creator":"@nahuproduciones","twitter_site":"@nahuproduciones","twitter_misc":{"Escrito por":"Cecilia Pastrana","Tiempo de lectura":"3 minutos"},"schema":{"@context":"https:\/\/schema.org","@graph":[{"@type":"WebPage","@id":"https:\/\/nahuelproducciones.com.ar\/radioquijano\/se-evidencia-un-aumento-en-la-circulacion-del-virus-de-la-gripe-en-salta\/","url":"https:\/\/nahuelproducciones.com.ar\/radioquijano\/se-evidencia-un-aumento-en-la-circulacion-del-virus-de-la-gripe-en-salta\/","name":"Se evidencia un aumento en la circulaci\u00f3n del virus de la gripe en Salta - RQ 99.9","isPartOf":{"@id":"https:\/\/nahuelproducciones.com.ar\/radioquijano\/#website"},"datePublished":"2025-04-23T01:45:27+00:00","dateModified":"2025-04-23T01:45:29+00:00","author":{"@id":"https:\/\/nahuelproducciones.com.ar\/radioquijano\/#\/schema\/person\/e8a4f939e2cb487fe6d0c54042c9d32c"},"description":"En la SE 15, en Salta se notificaron 577 casos de gripe, enfermedad causada por el virus influenza A","breadcrumb":{"@id":"https:\/\/nahuelproducciones.com.ar\/radioquijano\/se-evidencia-un-aumento-en-la-circulacion-del-virus-de-la-gripe-en-salta\/#breadcrumb"},"inLanguage":"es","potentialAction":[{"@type":"ReadAction","target":["https:\/\/nahuelproducciones.com.ar\/radioquijano\/se-evidencia-un-aumento-en-la-circulacion-del-virus-de-la-gripe-en-salta\/"]}]},{"@type":"BreadcrumbList","@id":"https:\/\/nahuelproducciones.com.ar\/radioquijano\/se-evidencia-un-aumento-en-la-circulacion-del-virus-de-la-gripe-en-salta\/#breadcrumb","itemListElement":[{"@type":"ListItem","position":1,"name":"Portada","item":"https:\/\/nahuelproducciones.com.ar\/radioquijano\/"},{"@type":"ListItem","position":2,"name":"Se evidencia un aumento en la circulaci\u00f3n del virus de la gripe en Salta"}]},{"@type":"WebSite","@id":"https:\/\/nahuelproducciones.com.ar\/radioquijano\/#website","url":"https:\/\/nahuelproducciones.com.ar\/radioquijano\/","name":"RQ 99.9","description":"Radio Quijano 99.9 MHz","potentialAction":[{"@type":"SearchAction","target":{"@type":"EntryPoint","urlTemplate":"https:\/\/nahuelproducciones.com.ar\/radioquijano\/?s={search_term_string}"},"query-input":"required name=search_term_string"}],"inLanguage":"es"},{"@type":"Person","@id":"https:\/\/nahuelproducciones.com.ar\/radioquijano\/#\/schema\/person\/e8a4f939e2cb487fe6d0c54042c9d32c","name":"Cecilia Pastrana","image":{"@type":"ImageObject","inLanguage":"es","@id":"https:\/\/nahuelproducciones.com.ar\/radioquijano\/#\/schema\/person\/image\/","url":"https:\/\/secure.gravatar.com\/avatar\/661a3ef63a8488d4f2794ed44af8cf71420f7e106f3072c40125114df5157749?s=96&d=mm&r=g","contentUrl":"https:\/\/secure.gravatar.com\/avatar\/661a3ef63a8488d4f2794ed44af8cf71420f7e106f3072c40125114df5157749?s=96&d=mm&r=g","caption":"Cecilia Pastrana"},"sameAs":["cecy"],"url":"https:\/\/nahuelproducciones.com.ar\/radioquijano\/author\/cecy\/"}]}},"_links":{"self":[{"href":"https:\/\/nahuelproducciones.com.ar\/radioquijano\/wp-json\/wp\/v2\/posts\/10041","targetHints":{"allow":["GET"]}}],"collection":[{"href":"https:\/\/nahuelproducciones.com.ar\/radioquijano\/wp-json\/wp\/v2\/posts"}],"about":[{"href":"https:\/\/nahuelproducciones.com.ar\/radioquijano\/wp-json\/wp\/v2\/types\/post"}],"author":[{"embeddable":true,"href":"https:\/\/nahuelproducciones.com.ar\/radioquijano\/wp-json\/wp\/v2\/users\/8"}],"replies":[{"embeddable":true,"href":"https:\/\/nahuelproducciones.com.ar\/radioquijano\/wp-json\/wp\/v2\/comments?post=10041"}],"version-history":[{"count":1,"href":"https:\/\/nahuelproducciones.com.ar\/radioquijano\/wp-json\/wp\/v2\/posts\/10041\/revisions"}],"predecessor-version":[{"id":10043,"href":"https:\/\/nahuelproducciones.com.ar\/radioquijano\/wp-json\/wp\/v2\/posts\/10041\/revisions\/10043"}],"wp:featuredmedia":[{"embeddable":true,"href":"https:\/\/nahuelproducciones.com.ar\/radioquijano\/wp-json\/wp\/v2\/media\/10042"}],"wp:attachment":[{"href":"https:\/\/nahuelproducciones.com.ar\/radioquijano\/wp-json\/wp\/v2\/media?parent=10041"}],"wp:term":[{"taxonomy":"category","embeddable":true,"href":"https:\/\/nahuelproducciones.com.ar\/radioquijano\/wp-json\/wp\/v2\/categories?post=10041"},{"taxonomy":"post_tag","embeddable":true,"href":"https:\/\/nahuelproducciones.com.ar\/radioquijano\/wp-json\/wp\/v2\/tags?post=10041"}],"curies":[{"name":"wp","href":"https:\/\/api.w.org\/{rel}","templated":true}]}}