{"id":10062,"date":"2025-04-24T16:41:04","date_gmt":"2025-04-24T19:41:04","guid":{"rendered":"https:\/\/nahuelproducciones.com.ar\/radioquijano\/?p=10062"},"modified":"2025-04-24T16:41:06","modified_gmt":"2025-04-24T19:41:06","slug":"semana-de-vacunacion-en-las-americas-el-hospital-dr-francisco-herrera-instalara-dos-puestos-de-vacunacion-este-sabado","status":"publish","type":"post","link":"https:\/\/nahuelproducciones.com.ar\/radioquijano\/semana-de-vacunacion-en-las-americas-el-hospital-dr-francisco-herrera-instalara-dos-puestos-de-vacunacion-este-sabado\/","title":{"rendered":"Semana de Vacunaci\u00f3n en las Am\u00e9ricas: El Hospital Dr. Francisco Herrera instalar\u00e1 dos puestos de vacunaci\u00f3n este s\u00e1bado"},"content":{"rendered":"\n<p>En el marco de la <strong>Semana de Vacunaci\u00f3n en las Am\u00e9ricas 2025<\/strong>, que se celebra del <strong>26 de abril al 3 de mayo<\/strong> por iniciativa de la <strong>Organizaci\u00f3n Panamericana de la Salud (OPS)<\/strong>, el Hospital Dr. Francisco Herrera llevar\u00e1 adelante una jornada especial este <strong>s\u00e1bado 26 de abril<\/strong> con el objetivo de promover el acceso equitativo a las vacunas y actualizar esquemas de vacunaci\u00f3n en todas las edades.<\/p>\n\n\n\n<p>El gerente general del hospital, <strong>Dr. Juan Pablo Castillo<\/strong>, inform\u00f3 a <strong>Radio Quijano<\/strong> que se instalar\u00e1n <strong>dos puntos de vacunaci\u00f3n<\/strong> en el \u00e1rea operativa:<\/p>\n\n\n\n<ol class=\"wp-block-list\">\n<li><strong>Centro de Salud La Silleta<\/strong>, de <strong>9 a 16 horas<\/strong>.<\/li>\n\n\n\n<li><strong>Plazoleta del Barrio Del Sol<\/strong>, de <strong>10 a 16 horas<\/strong>.<\/li>\n<\/ol>\n\n\n\n<p>La campa\u00f1a se desarrollar\u00e1 bajo el lema <strong>\u00abTu decisi\u00f3n marca la diferencia. Inmunizaci\u00f3n para todos\u00bb<\/strong>, y est\u00e1 dirigida a personas de todas las edades que deseen completar o actualizar su calendario de vacunaci\u00f3n.<\/p>\n\n\n\n<p>Desde el hospital recuerdan a la comunidad <strong>llevar el carnet de vacunaci\u00f3n<\/strong> para poder registrar correctamente las dosis aplicadas.<\/p>\n\n\n\n<p>Esta iniciativa refuerza el compromiso del sistema de salud local con la prevenci\u00f3n y la equidad en el acceso a servicios esenciales como la vacunaci\u00f3n, clave para proteger la salud individual y colectiva.<\/p>\n\n\n\n<figure class=\"wp-block-image size-large\"><img loading=\"lazy\" decoding=\"async\" width=\"742\" height=\"1024\" src=\"https:\/\/nahuelproducciones.com.ar\/radioquijano\/wp-content\/uploads\/2025\/04\/WhatsApp-Image-2025-04-24-at-4.32.59-PM-1-742x1024.jpeg\" alt=\"\" class=\"wp-image-10064\" srcset=\"https:\/\/nahuelproducciones.com.ar\/radioquijano\/wp-content\/uploads\/2025\/04\/WhatsApp-Image-2025-04-24-at-4.32.59-PM-1-742x1024.jpeg 742w, https:\/\/nahuelproducciones.com.ar\/radioquijano\/wp-content\/uploads\/2025\/04\/WhatsApp-Image-2025-04-24-at-4.32.59-PM-1-217x300.jpeg 217w, https:\/\/nahuelproducciones.com.ar\/radioquijano\/wp-content\/uploads\/2025\/04\/WhatsApp-Image-2025-04-24-at-4.32.59-PM-1-768x1060.jpeg 768w, https:\/\/nahuelproducciones.com.ar\/radioquijano\/wp-content\/uploads\/2025\/04\/WhatsApp-Image-2025-04-24-at-4.32.59-PM-1-150x207.jpeg 150w, https:\/\/nahuelproducciones.com.ar\/radioquijano\/wp-content\/uploads\/2025\/04\/WhatsApp-Image-2025-04-24-at-4.32.59-PM-1.jpeg 951w\" sizes=\"auto, (max-width: 742px) 100vw, 742px\" \/><\/figure>\n","protected":false},"excerpt":{"rendered":"<p>En el marco de la Semana de Vacunaci\u00f3n en las Am\u00e9ricas 2025, que se celebra del 26 de abril al 3 de mayo por iniciativa de la Organizaci\u00f3n Panamericana de la Salud (OPS), el Hospital Dr. Francisco Herrera llevar\u00e1 adelante una jornada especial este s\u00e1bado 26 de abril con el objetivo de promover el acceso [&hellip;]<\/p>\n","protected":false},"author":8,"featured_media":10063,"comment_status":"open","ping_status":"open","sticky":false,"template":"","format":"standard","meta":{"_monsterinsights_skip_tracking":false,"_monsterinsights_sitenote_active":false,"_monsterinsights_sitenote_note":"","_monsterinsights_sitenote_category":0,"footnotes":""},"categories":[16],"tags":[374,100,441],"class_list":["post-10062","post","type-post","status-publish","format-standard","has-post-thumbnail","hentry","category-noticias","tag-hospital-dr-francisco-herrera","tag-municipio-de-campo-quijano","tag-semana-de-vacunacion-en-las-americas"],"yoast_head":"<!-- This site is optimized with the Yoast SEO plugin v20.8 - https:\/\/yoast.com\/wordpress\/plugins\/seo\/ -->\n<title>Semana de Vacunaci\u00f3n en las Am\u00e9ricas: El Hospital Dr. Francisco Herrera instalar\u00e1 dos puestos de vacunaci\u00f3n este s\u00e1bado - RQ 99.9<\/title>\n<meta name=\"description\" content=\"Desde el hospital recuerdan a la comunidad llevar el carnet de vacunaci\u00f3n para poder registrar correctamente las dosis aplicadas.\" \/>\n<meta name=\"robots\" content=\"index, follow, max-snippet:-1, max-image-preview:large, max-video-preview:-1\" \/>\n<link rel=\"canonical\" href=\"https:\/\/nahuelproducciones.com.ar\/radioquijano\/semana-de-vacunacion-en-las-americas-el-hospital-dr-francisco-herrera-instalara-dos-puestos-de-vacunacion-este-sabado\/\" \/>\n<meta property=\"og:locale\" content=\"es_ES\" \/>\n<meta property=\"og:type\" content=\"article\" \/>\n<meta property=\"og:title\" content=\"Semana de Vacunaci\u00f3n en las Am\u00e9ricas: El Hospital Dr. Francisco Herrera instalar\u00e1 dos puestos de vacunaci\u00f3n este s\u00e1bado - RQ 99.9\" \/>\n<meta property=\"og:description\" content=\"Desde el hospital recuerdan a la comunidad llevar el carnet de vacunaci\u00f3n para poder registrar correctamente las dosis aplicadas.\" \/>\n<meta property=\"og:url\" content=\"https:\/\/nahuelproducciones.com.ar\/radioquijano\/semana-de-vacunacion-en-las-americas-el-hospital-dr-francisco-herrera-instalara-dos-puestos-de-vacunacion-este-sabado\/\" \/>\n<meta property=\"og:site_name\" content=\"RQ 99.9\" \/>\n<meta property=\"article:publisher\" content=\"https:\/\/www.facebook.com\/nahuelproducciones999\/\" \/>\n<meta property=\"article:published_time\" content=\"2025-04-24T19:41:04+00:00\" \/>\n<meta property=\"article:modified_time\" content=\"2025-04-24T19:41:06+00:00\" \/>\n<meta property=\"og:image\" content=\"https:\/\/nahuelproducciones.com.ar\/radioquijano\/wp-content\/uploads\/2025\/04\/WhatsApp-Image-2025-04-24-at-4.32.59-PM-e1745523628986.jpeg\" \/>\n\t<meta property=\"og:image:width\" content=\"700\" \/>\n\t<meta property=\"og:image:height\" content=\"966\" \/>\n\t<meta property=\"og:image:type\" content=\"image\/jpeg\" \/>\n<meta name=\"author\" content=\"Cecilia Pastrana\" \/>\n<meta name=\"twitter:card\" content=\"summary_large_image\" \/>\n<meta name=\"twitter:creator\" content=\"@nahuproduciones\" \/>\n<meta name=\"twitter:site\" content=\"@nahuproduciones\" \/>\n<meta name=\"twitter:label1\" content=\"Escrito por\" \/>\n\t<meta name=\"twitter:data1\" content=\"Cecilia Pastrana\" \/>\n\t<meta name=\"twitter:label2\" content=\"Tiempo de lectura\" \/>\n\t<meta name=\"twitter:data2\" content=\"2 minutos\" \/>\n<script type=\"application\/ld+json\" class=\"yoast-schema-graph\">{\"@context\":\"https:\/\/schema.org\",\"@graph\":[{\"@type\":\"WebPage\",\"@id\":\"https:\/\/nahuelproducciones.com.ar\/radioquijano\/semana-de-vacunacion-en-las-americas-el-hospital-dr-francisco-herrera-instalara-dos-puestos-de-vacunacion-este-sabado\/\",\"url\":\"https:\/\/nahuelproducciones.com.ar\/radioquijano\/semana-de-vacunacion-en-las-americas-el-hospital-dr-francisco-herrera-instalara-dos-puestos-de-vacunacion-este-sabado\/\",\"name\":\"Semana de Vacunaci\u00f3n en las Am\u00e9ricas: El Hospital Dr. Francisco Herrera instalar\u00e1 dos puestos de vacunaci\u00f3n este s\u00e1bado - RQ 99.9\",\"isPartOf\":{\"@id\":\"https:\/\/nahuelproducciones.com.ar\/radioquijano\/#website\"},\"datePublished\":\"2025-04-24T19:41:04+00:00\",\"dateModified\":\"2025-04-24T19:41:06+00:00\",\"author\":{\"@id\":\"https:\/\/nahuelproducciones.com.ar\/radioquijano\/#\/schema\/person\/e8a4f939e2cb487fe6d0c54042c9d32c\"},\"description\":\"Desde el hospital recuerdan a la comunidad llevar el carnet de vacunaci\u00f3n para poder registrar correctamente las dosis aplicadas.\",\"breadcrumb\":{\"@id\":\"https:\/\/nahuelproducciones.com.ar\/radioquijano\/semana-de-vacunacion-en-las-americas-el-hospital-dr-francisco-herrera-instalara-dos-puestos-de-vacunacion-este-sabado\/#breadcrumb\"},\"inLanguage\":\"es\",\"potentialAction\":[{\"@type\":\"ReadAction\",\"target\":[\"https:\/\/nahuelproducciones.com.ar\/radioquijano\/semana-de-vacunacion-en-las-americas-el-hospital-dr-francisco-herrera-instalara-dos-puestos-de-vacunacion-este-sabado\/\"]}]},{\"@type\":\"BreadcrumbList\",\"@id\":\"https:\/\/nahuelproducciones.com.ar\/radioquijano\/semana-de-vacunacion-en-las-americas-el-hospital-dr-francisco-herrera-instalara-dos-puestos-de-vacunacion-este-sabado\/#breadcrumb\",\"itemListElement\":[{\"@type\":\"ListItem\",\"position\":1,\"name\":\"Portada\",\"item\":\"https:\/\/nahuelproducciones.com.ar\/radioquijano\/\"},{\"@type\":\"ListItem\",\"position\":2,\"name\":\"Semana de Vacunaci\u00f3n en las Am\u00e9ricas: El Hospital Dr. Francisco Herrera instalar\u00e1 dos puestos de vacunaci\u00f3n este s\u00e1bado\"}]},{\"@type\":\"WebSite\",\"@id\":\"https:\/\/nahuelproducciones.com.ar\/radioquijano\/#website\",\"url\":\"https:\/\/nahuelproducciones.com.ar\/radioquijano\/\",\"name\":\"RQ 99.9\",\"description\":\"Radio Quijano 99.9 MHz\",\"potentialAction\":[{\"@type\":\"SearchAction\",\"target\":{\"@type\":\"EntryPoint\",\"urlTemplate\":\"https:\/\/nahuelproducciones.com.ar\/radioquijano\/?s={search_term_string}\"},\"query-input\":\"required name=search_term_string\"}],\"inLanguage\":\"es\"},{\"@type\":\"Person\",\"@id\":\"https:\/\/nahuelproducciones.com.ar\/radioquijano\/#\/schema\/person\/e8a4f939e2cb487fe6d0c54042c9d32c\",\"name\":\"Cecilia Pastrana\",\"image\":{\"@type\":\"ImageObject\",\"inLanguage\":\"es\",\"@id\":\"https:\/\/nahuelproducciones.com.ar\/radioquijano\/#\/schema\/person\/image\/\",\"url\":\"https:\/\/secure.gravatar.com\/avatar\/661a3ef63a8488d4f2794ed44af8cf71420f7e106f3072c40125114df5157749?s=96&d=mm&r=g\",\"contentUrl\":\"https:\/\/secure.gravatar.com\/avatar\/661a3ef63a8488d4f2794ed44af8cf71420f7e106f3072c40125114df5157749?s=96&d=mm&r=g\",\"caption\":\"Cecilia Pastrana\"},\"sameAs\":[\"cecy\"],\"url\":\"https:\/\/nahuelproducciones.com.ar\/radioquijano\/author\/cecy\/\"}]}<\/script>\n<!-- \/ Yoast SEO plugin. -->","yoast_head_json":{"title":"Semana de Vacunaci\u00f3n en las Am\u00e9ricas: El Hospital Dr. Francisco Herrera instalar\u00e1 dos puestos de vacunaci\u00f3n este s\u00e1bado - RQ 99.9","description":"Desde el hospital recuerdan a la comunidad llevar el carnet de vacunaci\u00f3n para poder registrar correctamente las dosis aplicadas.","robots":{"index":"index","follow":"follow","max-snippet":"max-snippet:-1","max-image-preview":"max-image-preview:large","max-video-preview":"max-video-preview:-1"},"canonical":"https:\/\/nahuelproducciones.com.ar\/radioquijano\/semana-de-vacunacion-en-las-americas-el-hospital-dr-francisco-herrera-instalara-dos-puestos-de-vacunacion-este-sabado\/","og_locale":"es_ES","og_type":"article","og_title":"Semana de Vacunaci\u00f3n en las Am\u00e9ricas: El Hospital Dr. Francisco Herrera instalar\u00e1 dos puestos de vacunaci\u00f3n este s\u00e1bado - RQ 99.9","og_description":"Desde el hospital recuerdan a la comunidad llevar el carnet de vacunaci\u00f3n para poder registrar correctamente las dosis aplicadas.","og_url":"https:\/\/nahuelproducciones.com.ar\/radioquijano\/semana-de-vacunacion-en-las-americas-el-hospital-dr-francisco-herrera-instalara-dos-puestos-de-vacunacion-este-sabado\/","og_site_name":"RQ 99.9","article_publisher":"https:\/\/www.facebook.com\/nahuelproducciones999\/","article_published_time":"2025-04-24T19:41:04+00:00","article_modified_time":"2025-04-24T19:41:06+00:00","og_image":[{"width":700,"height":966,"url":"https:\/\/nahuelproducciones.com.ar\/radioquijano\/wp-content\/uploads\/2025\/04\/WhatsApp-Image-2025-04-24-at-4.32.59-PM-e1745523628986.jpeg","type":"image\/jpeg"}],"author":"Cecilia Pastrana","twitter_card":"summary_large_image","twitter_creator":"@nahuproduciones","twitter_site":"@nahuproduciones","twitter_misc":{"Escrito por":"Cecilia Pastrana","Tiempo de lectura":"2 minutos"},"schema":{"@context":"https:\/\/schema.org","@graph":[{"@type":"WebPage","@id":"https:\/\/nahuelproducciones.com.ar\/radioquijano\/semana-de-vacunacion-en-las-americas-el-hospital-dr-francisco-herrera-instalara-dos-puestos-de-vacunacion-este-sabado\/","url":"https:\/\/nahuelproducciones.com.ar\/radioquijano\/semana-de-vacunacion-en-las-americas-el-hospital-dr-francisco-herrera-instalara-dos-puestos-de-vacunacion-este-sabado\/","name":"Semana de Vacunaci\u00f3n en las Am\u00e9ricas: El Hospital Dr. Francisco Herrera instalar\u00e1 dos puestos de vacunaci\u00f3n este s\u00e1bado - RQ 99.9","isPartOf":{"@id":"https:\/\/nahuelproducciones.com.ar\/radioquijano\/#website"},"datePublished":"2025-04-24T19:41:04+00:00","dateModified":"2025-04-24T19:41:06+00:00","author":{"@id":"https:\/\/nahuelproducciones.com.ar\/radioquijano\/#\/schema\/person\/e8a4f939e2cb487fe6d0c54042c9d32c"},"description":"Desde el hospital recuerdan a la comunidad llevar el carnet de vacunaci\u00f3n para poder registrar correctamente las dosis aplicadas.","breadcrumb":{"@id":"https:\/\/nahuelproducciones.com.ar\/radioquijano\/semana-de-vacunacion-en-las-americas-el-hospital-dr-francisco-herrera-instalara-dos-puestos-de-vacunacion-este-sabado\/#breadcrumb"},"inLanguage":"es","potentialAction":[{"@type":"ReadAction","target":["https:\/\/nahuelproducciones.com.ar\/radioquijano\/semana-de-vacunacion-en-las-americas-el-hospital-dr-francisco-herrera-instalara-dos-puestos-de-vacunacion-este-sabado\/"]}]},{"@type":"BreadcrumbList","@id":"https:\/\/nahuelproducciones.com.ar\/radioquijano\/semana-de-vacunacion-en-las-americas-el-hospital-dr-francisco-herrera-instalara-dos-puestos-de-vacunacion-este-sabado\/#breadcrumb","itemListElement":[{"@type":"ListItem","position":1,"name":"Portada","item":"https:\/\/nahuelproducciones.com.ar\/radioquijano\/"},{"@type":"ListItem","position":2,"name":"Semana de Vacunaci\u00f3n en las Am\u00e9ricas: El Hospital Dr. Francisco Herrera instalar\u00e1 dos puestos de vacunaci\u00f3n este s\u00e1bado"}]},{"@type":"WebSite","@id":"https:\/\/nahuelproducciones.com.ar\/radioquijano\/#website","url":"https:\/\/nahuelproducciones.com.ar\/radioquijano\/","name":"RQ 99.9","description":"Radio Quijano 99.9 MHz","potentialAction":[{"@type":"SearchAction","target":{"@type":"EntryPoint","urlTemplate":"https:\/\/nahuelproducciones.com.ar\/radioquijano\/?s={search_term_string}"},"query-input":"required name=search_term_string"}],"inLanguage":"es"},{"@type":"Person","@id":"https:\/\/nahuelproducciones.com.ar\/radioquijano\/#\/schema\/person\/e8a4f939e2cb487fe6d0c54042c9d32c","name":"Cecilia Pastrana","image":{"@type":"ImageObject","inLanguage":"es","@id":"https:\/\/nahuelproducciones.com.ar\/radioquijano\/#\/schema\/person\/image\/","url":"https:\/\/secure.gravatar.com\/avatar\/661a3ef63a8488d4f2794ed44af8cf71420f7e106f3072c40125114df5157749?s=96&d=mm&r=g","contentUrl":"https:\/\/secure.gravatar.com\/avatar\/661a3ef63a8488d4f2794ed44af8cf71420f7e106f3072c40125114df5157749?s=96&d=mm&r=g","caption":"Cecilia Pastrana"},"sameAs":["cecy"],"url":"https:\/\/nahuelproducciones.com.ar\/radioquijano\/author\/cecy\/"}]}},"_links":{"self":[{"href":"https:\/\/nahuelproducciones.com.ar\/radioquijano\/wp-json\/wp\/v2\/posts\/10062","targetHints":{"allow":["GET"]}}],"collection":[{"href":"https:\/\/nahuelproducciones.com.ar\/radioquijano\/wp-json\/wp\/v2\/posts"}],"about":[{"href":"https:\/\/nahuelproducciones.com.ar\/radioquijano\/wp-json\/wp\/v2\/types\/post"}],"author":[{"embeddable":true,"href":"https:\/\/nahuelproducciones.com.ar\/radioquijano\/wp-json\/wp\/v2\/users\/8"}],"replies":[{"embeddable":true,"href":"https:\/\/nahuelproducciones.com.ar\/radioquijano\/wp-json\/wp\/v2\/comments?post=10062"}],"version-history":[{"count":1,"href":"https:\/\/nahuelproducciones.com.ar\/radioquijano\/wp-json\/wp\/v2\/posts\/10062\/revisions"}],"predecessor-version":[{"id":10065,"href":"https:\/\/nahuelproducciones.com.ar\/radioquijano\/wp-json\/wp\/v2\/posts\/10062\/revisions\/10065"}],"wp:featuredmedia":[{"embeddable":true,"href":"https:\/\/nahuelproducciones.com.ar\/radioquijano\/wp-json\/wp\/v2\/media\/10063"}],"wp:attachment":[{"href":"https:\/\/nahuelproducciones.com.ar\/radioquijano\/wp-json\/wp\/v2\/media?parent=10062"}],"wp:term":[{"taxonomy":"category","embeddable":true,"href":"https:\/\/nahuelproducciones.com.ar\/radioquijano\/wp-json\/wp\/v2\/categories?post=10062"},{"taxonomy":"post_tag","embeddable":true,"href":"https:\/\/nahuelproducciones.com.ar\/radioquijano\/wp-json\/wp\/v2\/tags?post=10062"}],"curies":[{"name":"wp","href":"https:\/\/api.w.org\/{rel}","templated":true}]}}