{"id":10073,"date":"2025-04-26T09:21:44","date_gmt":"2025-04-26T12:21:44","guid":{"rendered":"https:\/\/nahuelproducciones.com.ar\/radioquijano\/?p=10073"},"modified":"2025-04-26T09:31:04","modified_gmt":"2025-04-26T12:31:04","slug":"misa-exequial-por-el-papa-francisco-26-de-abril-de-2025","status":"publish","type":"post","link":"https:\/\/nahuelproducciones.com.ar\/radioquijano\/misa-exequial-por-el-papa-francisco-26-de-abril-de-2025\/","title":{"rendered":"Misa exequial por el Papa Francisco, 26 de abril de 2025"},"content":{"rendered":"\n<p>La Misa exequial es una&nbsp;<strong>oraci\u00f3n que pide la misericordia de Dios por el difunto y consuelo para los familiares, incluyendo a toda la comunidad de fe<\/strong>.<\/p>\n\n\n\n<p>La ceremonia para despedir al Papa Francisco en el Vaticano fue presidida por el cardenal Giovanni Battista Re y reuni\u00f3 a l\u00edderes mundiales y miles de fieles.<\/p>\n\n\n\n<p>M\u00e1s de 150.000 personas se congregaron este s\u00e1bado en la<strong>\u00a0Plaza San Pedro<\/strong>\u00a0para participar de la misa exequial por el<strong>\u00a0papa Francisco<\/strong>, quien falleci\u00f3 hace cinco d\u00edas, a los 88 a\u00f1os. El cardenal italiano\u00a0<strong>Giovanni Battista Re<\/strong>, decano del\u00a0<strong>Colegio Cardenalicio<\/strong>, fue quien presidi\u00f3 la ceremonia.<\/p>\n\n\n\n<p>Durante su homil\u00eda, destac\u00f3 el legado de servicio y entrega del pont\u00edfice argentino, recordando especialmente su \u00faltima bendici\u00f3n p\u00fablica impartida el Domingo de Pascua, a pesar de su delicado estado de salud.<\/p>\n\n\n\n<p>La misa, que se desarroll\u00f3 de manera sobria, cont\u00f3 con la presencia de delegaciones de numerosos pa\u00edses, representantes de otras confesiones religiosas y miles de fieles de distintas partes del mundo, en una manifestaci\u00f3n de respeto y gratitud hacia el papa Francisco.<\/p>\n\n\n\n<h2 class=\"wp-block-heading\">El legado del papa Francisco<\/h2>\n\n\n\n<p>El cardenal Re vincul\u00f3 la figura de Francisco con la del ap\u00f3stol Pedro y subray\u00f3 que su pontificado se caracteriz\u00f3 por un servicio constante inspirado en Cristo, \u00abque no vino para ser servido, sino para servir y dar su vida en rescate por una multitud\u00bb.<\/p>\n\n\n\n<p>El italiano record\u00f3 tambi\u00e9n el paso de Francisco por la&nbsp;<strong>Compa\u00f1\u00eda de Jes\u00fas<\/strong>, su elecci\u00f3n pontificia en 2013 y la adopci\u00f3n de su nombre en homenaje a&nbsp;<strong>San Francisco de As\u00eds<\/strong>, reflejo de un programa de vida centrado en la humildad, la paz y la cercan\u00eda con los pobres.<\/p>\n\n\n\n<p>El cardenal destac\u00f3 el \u00e9nfasis del pont\u00edfice en la misericordia, su defensa de los refugiados y desplazados, su compromiso con la paz y su llamado a \u00abconstruir puentes y no muros\u00bb, principios que guiaron su acci\u00f3n pastoral durante m\u00e1s de una d\u00e9cada al frente de la Iglesia.<\/p>\n\n\n\n<h2 class=\"wp-block-heading\">El cierre del f\u00e9retro del papa Francisco<\/h2>\n\n\n\n<p>El\u00a0<a class=\"\" href=\"https:\/\/www.0221.com.ar\/tag\/vaticano\"><\/a><strong>Vaticano<\/strong>\u00a0llev\u00f3 a cabo este viernes\u00a0el rito de clausura del f\u00e9retro del papa Francisco,\u00a0fallecido el lunes a los 88 a\u00f1os. La ceremonia se realiz\u00f3 en el Altar de la Confesi\u00f3n de la\u00a0<strong>Bas\u00edlica de San Pedro\u00a0<\/strong>y marc\u00f3 el inicio de la vigilia nocturna.<\/p>\n\n\n\n<p>El acto fue presidido por el cardenal&nbsp;<strong>Camerlengo<\/strong>. Sobre el rostro del Pont\u00edfice se coloc\u00f3 un velo de seda blanca, en una ceremonia conocida como \u00abvelatio\u00bb. Luego, el&nbsp;<strong>Maestro de las Celebraciones Lit\u00fargicas<\/strong>&nbsp;ley\u00f3 la escritura que fue depositada en el ata\u00fad, y coloc\u00f3 su sello en la tapa de zinc que lo cerr\u00f3.<\/p>\n\n\n\n<p>El Vaticano llev\u00f3 a cabo este viernes el rito de clausura del f\u00e9retro del papa Francisco.<\/p>\n\n\n\n<p>Desde el mi\u00e9rcoles, cerca de 250.000 personas ingresaron al templo para despedir al primer papa latinoamericano. La afluencia oblig\u00f3 a extender el horario de acceso durante los tres d\u00edas de capilla ardiente.<\/p>\n\n\n\n<figure class=\"wp-block-embed is-type-video is-provider-youtube wp-block-embed-youtube wp-embed-aspect-16-9 wp-has-aspect-ratio\"><div class=\"wp-block-embed__wrapper\">\n<iframe loading=\"lazy\" title=\"Misa exequial por el Papa Francisco, 26 de abril de 2025\" width=\"640\" height=\"360\" src=\"https:\/\/www.youtube.com\/embed\/P7STinAfv2c?feature=oembed\" frameborder=\"0\" allow=\"accelerometer; autoplay; clipboard-write; encrypted-media; gyroscope; picture-in-picture; web-share\" referrerpolicy=\"strict-origin-when-cross-origin\" allowfullscreen><\/iframe>\n<\/div><\/figure>\n\n\n\n<p>Fuente: 0221.com.ar<a href=\"https:\/\/www.0221.com.ar\/provincia\/la-provincia-confirmo-las-fechas-cobro-todos-los-trabajadores-publicos-n108644\"><\/a><\/p>\n\n\n\n<p><a href=\"https:\/\/www.0221.com.ar\/policiales\/robo-y-muerte-tolosa-asaltaron-una-abuela-la-golpearon-y-murio-un-infarto-n108688\"><\/a><\/p>\n\n\n\n<p><a href=\"https:\/\/www.0221.com.ar\/la-plata\/a-que-hora-podria-empezar-las-lluvias-pronosticadas-este-viernes-la-plata-n108693\"><\/a><\/p>\n\n\n\n<p><a href=\"https:\/\/www.0221.com.ar\/deportes\/franco-colapinto-confirmo-su-presencia-un-evento-junto-la-empresa-la-plata-que-lo-apoya-n108691\"><\/a><a href=\"https:\/\/www.0221.com.ar\/deportes\/franco-colapinto-confirmo-su-presencia-un-evento-junto-la-empresa-la-plata-que-lo-apoya-n108691\"><\/a><\/p>\n\n\n\n<p><\/p>\n","protected":false},"excerpt":{"rendered":"<p>La Misa exequial es una&nbsp;oraci\u00f3n que pide la misericordia de Dios por el difunto y consuelo para los familiares, incluyendo a toda la comunidad de fe. La ceremonia para despedir al Papa Francisco en el Vaticano fue presidida por el cardenal Giovanni Battista Re y reuni\u00f3 a l\u00edderes mundiales y miles de fieles. M\u00e1s de [&hellip;]<\/p>\n","protected":false},"author":8,"featured_media":10075,"comment_status":"open","ping_status":"open","sticky":false,"template":"","format":"standard","meta":{"_monsterinsights_skip_tracking":false,"_monsterinsights_sitenote_active":false,"_monsterinsights_sitenote_note":"","_monsterinsights_sitenote_category":0,"footnotes":""},"categories":[16],"tags":[1778,100,1768],"class_list":["post-10073","post","type-post","status-publish","format-standard","has-post-thumbnail","hentry","category-noticias","tag-misa-exequial","tag-municipio-de-campo-quijano","tag-papa-francisco"],"yoast_head":"<!-- This site is optimized with the Yoast SEO plugin v20.8 - https:\/\/yoast.com\/wordpress\/plugins\/seo\/ -->\n<title>Misa exequial por el Papa Francisco, 26 de abril de 2025 - RQ 99.9<\/title>\n<meta name=\"description\" content=\"El Vaticano llev\u00f3 a cabo este viernes el rito de clausura del f\u00e9retro del papa Francisco.\" \/>\n<meta name=\"robots\" content=\"index, follow, max-snippet:-1, max-image-preview:large, max-video-preview:-1\" \/>\n<link rel=\"canonical\" href=\"https:\/\/nahuelproducciones.com.ar\/radioquijano\/misa-exequial-por-el-papa-francisco-26-de-abril-de-2025\/\" \/>\n<meta property=\"og:locale\" content=\"es_ES\" \/>\n<meta property=\"og:type\" content=\"article\" \/>\n<meta property=\"og:title\" content=\"Misa exequial por el Papa Francisco, 26 de abril de 2025 - RQ 99.9\" \/>\n<meta property=\"og:description\" content=\"El Vaticano llev\u00f3 a cabo este viernes el rito de clausura del f\u00e9retro del papa Francisco.\" \/>\n<meta property=\"og:url\" content=\"https:\/\/nahuelproducciones.com.ar\/radioquijano\/misa-exequial-por-el-papa-francisco-26-de-abril-de-2025\/\" \/>\n<meta property=\"og:site_name\" content=\"RQ 99.9\" \/>\n<meta property=\"article:publisher\" content=\"https:\/\/www.facebook.com\/nahuelproducciones999\/\" \/>\n<meta property=\"article:published_time\" content=\"2025-04-26T12:21:44+00:00\" \/>\n<meta property=\"article:modified_time\" content=\"2025-04-26T12:31:04+00:00\" \/>\n<meta property=\"og:image\" content=\"https:\/\/nahuelproducciones.com.ar\/radioquijano\/wp-content\/uploads\/2025\/04\/misa-exequiel-papa-francisco-3jpeg-e1745670052310.webp\" \/>\n\t<meta property=\"og:image:width\" content=\"700\" \/>\n\t<meta property=\"og:image:height\" content=\"462\" \/>\n\t<meta property=\"og:image:type\" content=\"image\/webp\" \/>\n<meta name=\"author\" content=\"Cecilia Pastrana\" \/>\n<meta name=\"twitter:card\" content=\"summary_large_image\" \/>\n<meta name=\"twitter:creator\" content=\"@nahuproduciones\" \/>\n<meta name=\"twitter:site\" content=\"@nahuproduciones\" \/>\n<meta name=\"twitter:label1\" content=\"Escrito por\" \/>\n\t<meta name=\"twitter:data1\" content=\"Cecilia Pastrana\" \/>\n\t<meta name=\"twitter:label2\" content=\"Tiempo de lectura\" \/>\n\t<meta name=\"twitter:data2\" content=\"3 minutos\" \/>\n<script type=\"application\/ld+json\" class=\"yoast-schema-graph\">{\"@context\":\"https:\/\/schema.org\",\"@graph\":[{\"@type\":\"WebPage\",\"@id\":\"https:\/\/nahuelproducciones.com.ar\/radioquijano\/misa-exequial-por-el-papa-francisco-26-de-abril-de-2025\/\",\"url\":\"https:\/\/nahuelproducciones.com.ar\/radioquijano\/misa-exequial-por-el-papa-francisco-26-de-abril-de-2025\/\",\"name\":\"Misa exequial por el Papa Francisco, 26 de abril de 2025 - RQ 99.9\",\"isPartOf\":{\"@id\":\"https:\/\/nahuelproducciones.com.ar\/radioquijano\/#website\"},\"datePublished\":\"2025-04-26T12:21:44+00:00\",\"dateModified\":\"2025-04-26T12:31:04+00:00\",\"author\":{\"@id\":\"https:\/\/nahuelproducciones.com.ar\/radioquijano\/#\/schema\/person\/e8a4f939e2cb487fe6d0c54042c9d32c\"},\"description\":\"El Vaticano llev\u00f3 a cabo este viernes el rito de clausura del f\u00e9retro del papa Francisco.\",\"breadcrumb\":{\"@id\":\"https:\/\/nahuelproducciones.com.ar\/radioquijano\/misa-exequial-por-el-papa-francisco-26-de-abril-de-2025\/#breadcrumb\"},\"inLanguage\":\"es\",\"potentialAction\":[{\"@type\":\"ReadAction\",\"target\":[\"https:\/\/nahuelproducciones.com.ar\/radioquijano\/misa-exequial-por-el-papa-francisco-26-de-abril-de-2025\/\"]}]},{\"@type\":\"BreadcrumbList\",\"@id\":\"https:\/\/nahuelproducciones.com.ar\/radioquijano\/misa-exequial-por-el-papa-francisco-26-de-abril-de-2025\/#breadcrumb\",\"itemListElement\":[{\"@type\":\"ListItem\",\"position\":1,\"name\":\"Portada\",\"item\":\"https:\/\/nahuelproducciones.com.ar\/radioquijano\/\"},{\"@type\":\"ListItem\",\"position\":2,\"name\":\"Misa exequial por el Papa Francisco, 26 de abril de 2025\"}]},{\"@type\":\"WebSite\",\"@id\":\"https:\/\/nahuelproducciones.com.ar\/radioquijano\/#website\",\"url\":\"https:\/\/nahuelproducciones.com.ar\/radioquijano\/\",\"name\":\"RQ 99.9\",\"description\":\"Radio Quijano 99.9 MHz\",\"potentialAction\":[{\"@type\":\"SearchAction\",\"target\":{\"@type\":\"EntryPoint\",\"urlTemplate\":\"https:\/\/nahuelproducciones.com.ar\/radioquijano\/?s={search_term_string}\"},\"query-input\":\"required name=search_term_string\"}],\"inLanguage\":\"es\"},{\"@type\":\"Person\",\"@id\":\"https:\/\/nahuelproducciones.com.ar\/radioquijano\/#\/schema\/person\/e8a4f939e2cb487fe6d0c54042c9d32c\",\"name\":\"Cecilia Pastrana\",\"image\":{\"@type\":\"ImageObject\",\"inLanguage\":\"es\",\"@id\":\"https:\/\/nahuelproducciones.com.ar\/radioquijano\/#\/schema\/person\/image\/\",\"url\":\"https:\/\/secure.gravatar.com\/avatar\/661a3ef63a8488d4f2794ed44af8cf71420f7e106f3072c40125114df5157749?s=96&d=mm&r=g\",\"contentUrl\":\"https:\/\/secure.gravatar.com\/avatar\/661a3ef63a8488d4f2794ed44af8cf71420f7e106f3072c40125114df5157749?s=96&d=mm&r=g\",\"caption\":\"Cecilia Pastrana\"},\"sameAs\":[\"cecy\"],\"url\":\"https:\/\/nahuelproducciones.com.ar\/radioquijano\/author\/cecy\/\"}]}<\/script>\n<!-- \/ Yoast SEO plugin. -->","yoast_head_json":{"title":"Misa exequial por el Papa Francisco, 26 de abril de 2025 - RQ 99.9","description":"El Vaticano llev\u00f3 a cabo este viernes el rito de clausura del f\u00e9retro del papa Francisco.","robots":{"index":"index","follow":"follow","max-snippet":"max-snippet:-1","max-image-preview":"max-image-preview:large","max-video-preview":"max-video-preview:-1"},"canonical":"https:\/\/nahuelproducciones.com.ar\/radioquijano\/misa-exequial-por-el-papa-francisco-26-de-abril-de-2025\/","og_locale":"es_ES","og_type":"article","og_title":"Misa exequial por el Papa Francisco, 26 de abril de 2025 - RQ 99.9","og_description":"El Vaticano llev\u00f3 a cabo este viernes el rito de clausura del f\u00e9retro del papa Francisco.","og_url":"https:\/\/nahuelproducciones.com.ar\/radioquijano\/misa-exequial-por-el-papa-francisco-26-de-abril-de-2025\/","og_site_name":"RQ 99.9","article_publisher":"https:\/\/www.facebook.com\/nahuelproducciones999\/","article_published_time":"2025-04-26T12:21:44+00:00","article_modified_time":"2025-04-26T12:31:04+00:00","og_image":[{"width":700,"height":462,"url":"https:\/\/nahuelproducciones.com.ar\/radioquijano\/wp-content\/uploads\/2025\/04\/misa-exequiel-papa-francisco-3jpeg-e1745670052310.webp","type":"image\/webp"}],"author":"Cecilia Pastrana","twitter_card":"summary_large_image","twitter_creator":"@nahuproduciones","twitter_site":"@nahuproduciones","twitter_misc":{"Escrito por":"Cecilia Pastrana","Tiempo de lectura":"3 minutos"},"schema":{"@context":"https:\/\/schema.org","@graph":[{"@type":"WebPage","@id":"https:\/\/nahuelproducciones.com.ar\/radioquijano\/misa-exequial-por-el-papa-francisco-26-de-abril-de-2025\/","url":"https:\/\/nahuelproducciones.com.ar\/radioquijano\/misa-exequial-por-el-papa-francisco-26-de-abril-de-2025\/","name":"Misa exequial por el Papa Francisco, 26 de abril de 2025 - RQ 99.9","isPartOf":{"@id":"https:\/\/nahuelproducciones.com.ar\/radioquijano\/#website"},"datePublished":"2025-04-26T12:21:44+00:00","dateModified":"2025-04-26T12:31:04+00:00","author":{"@id":"https:\/\/nahuelproducciones.com.ar\/radioquijano\/#\/schema\/person\/e8a4f939e2cb487fe6d0c54042c9d32c"},"description":"El Vaticano llev\u00f3 a cabo este viernes el rito de clausura del f\u00e9retro del papa Francisco.","breadcrumb":{"@id":"https:\/\/nahuelproducciones.com.ar\/radioquijano\/misa-exequial-por-el-papa-francisco-26-de-abril-de-2025\/#breadcrumb"},"inLanguage":"es","potentialAction":[{"@type":"ReadAction","target":["https:\/\/nahuelproducciones.com.ar\/radioquijano\/misa-exequial-por-el-papa-francisco-26-de-abril-de-2025\/"]}]},{"@type":"BreadcrumbList","@id":"https:\/\/nahuelproducciones.com.ar\/radioquijano\/misa-exequial-por-el-papa-francisco-26-de-abril-de-2025\/#breadcrumb","itemListElement":[{"@type":"ListItem","position":1,"name":"Portada","item":"https:\/\/nahuelproducciones.com.ar\/radioquijano\/"},{"@type":"ListItem","position":2,"name":"Misa exequial por el Papa Francisco, 26 de abril de 2025"}]},{"@type":"WebSite","@id":"https:\/\/nahuelproducciones.com.ar\/radioquijano\/#website","url":"https:\/\/nahuelproducciones.com.ar\/radioquijano\/","name":"RQ 99.9","description":"Radio Quijano 99.9 MHz","potentialAction":[{"@type":"SearchAction","target":{"@type":"EntryPoint","urlTemplate":"https:\/\/nahuelproducciones.com.ar\/radioquijano\/?s={search_term_string}"},"query-input":"required name=search_term_string"}],"inLanguage":"es"},{"@type":"Person","@id":"https:\/\/nahuelproducciones.com.ar\/radioquijano\/#\/schema\/person\/e8a4f939e2cb487fe6d0c54042c9d32c","name":"Cecilia Pastrana","image":{"@type":"ImageObject","inLanguage":"es","@id":"https:\/\/nahuelproducciones.com.ar\/radioquijano\/#\/schema\/person\/image\/","url":"https:\/\/secure.gravatar.com\/avatar\/661a3ef63a8488d4f2794ed44af8cf71420f7e106f3072c40125114df5157749?s=96&d=mm&r=g","contentUrl":"https:\/\/secure.gravatar.com\/avatar\/661a3ef63a8488d4f2794ed44af8cf71420f7e106f3072c40125114df5157749?s=96&d=mm&r=g","caption":"Cecilia Pastrana"},"sameAs":["cecy"],"url":"https:\/\/nahuelproducciones.com.ar\/radioquijano\/author\/cecy\/"}]}},"_links":{"self":[{"href":"https:\/\/nahuelproducciones.com.ar\/radioquijano\/wp-json\/wp\/v2\/posts\/10073","targetHints":{"allow":["GET"]}}],"collection":[{"href":"https:\/\/nahuelproducciones.com.ar\/radioquijano\/wp-json\/wp\/v2\/posts"}],"about":[{"href":"https:\/\/nahuelproducciones.com.ar\/radioquijano\/wp-json\/wp\/v2\/types\/post"}],"author":[{"embeddable":true,"href":"https:\/\/nahuelproducciones.com.ar\/radioquijano\/wp-json\/wp\/v2\/users\/8"}],"replies":[{"embeddable":true,"href":"https:\/\/nahuelproducciones.com.ar\/radioquijano\/wp-json\/wp\/v2\/comments?post=10073"}],"version-history":[{"count":2,"href":"https:\/\/nahuelproducciones.com.ar\/radioquijano\/wp-json\/wp\/v2\/posts\/10073\/revisions"}],"predecessor-version":[{"id":10078,"href":"https:\/\/nahuelproducciones.com.ar\/radioquijano\/wp-json\/wp\/v2\/posts\/10073\/revisions\/10078"}],"wp:featuredmedia":[{"embeddable":true,"href":"https:\/\/nahuelproducciones.com.ar\/radioquijano\/wp-json\/wp\/v2\/media\/10075"}],"wp:attachment":[{"href":"https:\/\/nahuelproducciones.com.ar\/radioquijano\/wp-json\/wp\/v2\/media?parent=10073"}],"wp:term":[{"taxonomy":"category","embeddable":true,"href":"https:\/\/nahuelproducciones.com.ar\/radioquijano\/wp-json\/wp\/v2\/categories?post=10073"},{"taxonomy":"post_tag","embeddable":true,"href":"https:\/\/nahuelproducciones.com.ar\/radioquijano\/wp-json\/wp\/v2\/tags?post=10073"}],"curies":[{"name":"wp","href":"https:\/\/api.w.org\/{rel}","templated":true}]}}