{"id":10079,"date":"2025-04-26T12:56:34","date_gmt":"2025-04-26T15:56:34","guid":{"rendered":"https:\/\/nahuelproducciones.com.ar\/radioquijano\/?p=10079"},"modified":"2025-04-26T12:57:45","modified_gmt":"2025-04-26T15:57:45","slug":"campo-quijano-sera-la-primera-estacion-del-proyecto-mas-historias-menos-pantallas","status":"publish","type":"post","link":"https:\/\/nahuelproducciones.com.ar\/radioquijano\/campo-quijano-sera-la-primera-estacion-del-proyecto-mas-historias-menos-pantallas\/","title":{"rendered":"Campo Quijano ser\u00e1 la primera estaci\u00f3n del proyecto \u00abM\u00e1s Historias, Menos Pantallas\u00bb"},"content":{"rendered":"\n<p>En el marco del Abril Cultural, este s\u00e1bado 26 de abril a las 16:00 horas, se dar\u00e1 inicio en Campo Quijano al proyecto de extensi\u00f3n universitaria \u00abM\u00e1s Historias, Menos Pantallas: recuperando los encuentros grupales de transmisi\u00f3n de saberes l\u00fadicos\u00bb.<\/p>\n\n\n\n<p>La actividad tendr\u00e1 lugar en la Plaza Mart\u00edn Fierro y en la Biblioteca Popular General G\u00fcemes de Campo Quijano. El evento convoca especialmente a abuelos y abuelas de la zona para compartir relatos, pr\u00e1cticas e historias sobre c\u00f3mo jugaban y se divert\u00edan en tiempos pasados. Estos testimonios ser\u00e1n recopilados para la elaboraci\u00f3n del libro <strong>\u00abJuego e interculturalidad\u00bb<\/strong>, destinado a preservar los saberes l\u00fadicos tradicionales del interior de Salta.<\/p>\n\n\n\n<p>Adem\u00e1s, ni\u00f1as, ni\u00f1os, adolescentes y adultos podr\u00e1n participar de los juegos tradicionales, reviviendo las experiencias de otras generaciones en un encuentro intergeneracional cargado de memoria y diversi\u00f3n.<\/p>\n\n\n\n<p>El proyecto, ganador del Concurso de Proyectos de Extensi\u00f3n Universitaria de la Universidad Cat\u00f3lica de Salta (UCASAL), es impulsado por la Fundaci\u00f3n Rawa y dirigido por la Licenciada Florencia Aguirre, docente de la c\u00e1tedra Teor\u00edas y T\u00e9cnicas de Grupos de la carrera de Licenciatura en Psicomotricidad.<\/p>\n\n\n\n<p>La invitaci\u00f3n la realiz\u00f3 v\u00eda telef\u00f3nica en Radio Quijano y  es abierta a toda la comunidad. \u00a1Una oportunidad \u00fanica para recuperar nuestras tradiciones y fortalecer los lazos comunitarios a trav\u00e9s del juego!<\/p>\n\n\n\n<p>Escucha la entrevista:<\/p>\n\n\n\n<figure class=\"wp-block-audio\"><audio controls src=\"https:\/\/nahuelproducciones.com.ar\/radioquijano\/wp-content\/uploads\/2025\/04\/26-04-2025-FLOR-AGUIRRE-JUEGOS-EN-LA-BIBLIOTECA.mp3\"><\/audio><\/figure>\n\n\n\n<figure class=\"wp-block-video aligncenter\"><video controls src=\"https:\/\/nahuelproducciones.com.ar\/radioquijano\/wp-content\/uploads\/2025\/04\/WhatsApp-Video-2025-04-26-at-10.10.48-AM-1.mp4\"><\/video><\/figure>\n","protected":false},"excerpt":{"rendered":"<p>En el marco del Abril Cultural, este s\u00e1bado 26 de abril a las 16:00 horas, se dar\u00e1 inicio en Campo Quijano al proyecto de extensi\u00f3n universitaria \u00abM\u00e1s Historias, Menos Pantallas: recuperando los encuentros grupales de transmisi\u00f3n de saberes l\u00fadicos\u00bb. La actividad tendr\u00e1 lugar en la Plaza Mart\u00edn Fierro y en la Biblioteca Popular General G\u00fcemes [&hellip;]<\/p>\n","protected":false},"author":8,"featured_media":10080,"comment_status":"open","ping_status":"open","sticky":false,"template":"","format":"standard","meta":{"_monsterinsights_skip_tracking":false,"_monsterinsights_sitenote_active":false,"_monsterinsights_sitenote_note":"","_monsterinsights_sitenote_category":0,"footnotes":""},"categories":[16],"tags":[1511,1779,100],"class_list":["post-10079","post","type-post","status-publish","format-standard","has-post-thumbnail","hentry","category-noticias","tag-abril-cultural","tag-biblioteca-popular-general-guemes","tag-municipio-de-campo-quijano"],"yoast_head":"<!-- This site is optimized with the Yoast SEO plugin v20.8 - https:\/\/yoast.com\/wordpress\/plugins\/seo\/ -->\n<title>Campo Quijano ser\u00e1 la primera estaci\u00f3n del proyecto &quot;M\u00e1s Historias, Menos Pantallas&quot; - RQ 99.9<\/title>\n<meta name=\"description\" content=\"S\u00e1bado 26 de abril a las 16:00 horas, se dar\u00e1 inicio en Campo Quijano al proyecto de extensi\u00f3n universitaria &quot;M\u00e1s Historias, Menos Pantallas: recuperando los encuentros grupales de transmisi\u00f3n de saberes l\u00fadicos&quot;.\" \/>\n<meta name=\"robots\" content=\"index, follow, max-snippet:-1, max-image-preview:large, max-video-preview:-1\" \/>\n<link rel=\"canonical\" href=\"https:\/\/nahuelproducciones.com.ar\/radioquijano\/campo-quijano-sera-la-primera-estacion-del-proyecto-mas-historias-menos-pantallas\/\" \/>\n<meta property=\"og:locale\" content=\"es_ES\" \/>\n<meta property=\"og:type\" content=\"article\" \/>\n<meta property=\"og:title\" content=\"Campo Quijano ser\u00e1 la primera estaci\u00f3n del proyecto &quot;M\u00e1s Historias, Menos Pantallas&quot; - RQ 99.9\" \/>\n<meta property=\"og:description\" content=\"S\u00e1bado 26 de abril a las 16:00 horas, se dar\u00e1 inicio en Campo Quijano al proyecto de extensi\u00f3n universitaria &quot;M\u00e1s Historias, Menos Pantallas: recuperando los encuentros grupales de transmisi\u00f3n de saberes l\u00fadicos&quot;.\" \/>\n<meta property=\"og:url\" content=\"https:\/\/nahuelproducciones.com.ar\/radioquijano\/campo-quijano-sera-la-primera-estacion-del-proyecto-mas-historias-menos-pantallas\/\" \/>\n<meta property=\"og:site_name\" content=\"RQ 99.9\" \/>\n<meta property=\"article:publisher\" content=\"https:\/\/www.facebook.com\/nahuelproducciones999\/\" \/>\n<meta property=\"article:published_time\" content=\"2025-04-26T15:56:34+00:00\" \/>\n<meta property=\"article:modified_time\" content=\"2025-04-26T15:57:45+00:00\" \/>\n<meta property=\"og:image\" content=\"https:\/\/nahuelproducciones.com.ar\/radioquijano\/wp-content\/uploads\/2025\/04\/WhatsApp-Image-2025-04-26-at-12.48.30-PM.jpeg\" \/>\n\t<meta property=\"og:image:width\" content=\"317\" \/>\n\t<meta property=\"og:image:height\" content=\"401\" \/>\n\t<meta property=\"og:image:type\" content=\"image\/jpeg\" \/>\n<meta name=\"author\" content=\"Cecilia Pastrana\" \/>\n<meta name=\"twitter:card\" content=\"summary_large_image\" \/>\n<meta name=\"twitter:creator\" content=\"@nahuproduciones\" \/>\n<meta name=\"twitter:site\" content=\"@nahuproduciones\" \/>\n<meta name=\"twitter:label1\" content=\"Escrito por\" \/>\n\t<meta name=\"twitter:data1\" content=\"Cecilia Pastrana\" \/>\n\t<meta name=\"twitter:label2\" content=\"Tiempo de lectura\" \/>\n\t<meta name=\"twitter:data2\" content=\"1 minuto\" \/>\n<script type=\"application\/ld+json\" class=\"yoast-schema-graph\">{\"@context\":\"https:\/\/schema.org\",\"@graph\":[{\"@type\":\"WebPage\",\"@id\":\"https:\/\/nahuelproducciones.com.ar\/radioquijano\/campo-quijano-sera-la-primera-estacion-del-proyecto-mas-historias-menos-pantallas\/\",\"url\":\"https:\/\/nahuelproducciones.com.ar\/radioquijano\/campo-quijano-sera-la-primera-estacion-del-proyecto-mas-historias-menos-pantallas\/\",\"name\":\"Campo Quijano ser\u00e1 la primera estaci\u00f3n del proyecto \\\"M\u00e1s Historias, Menos Pantallas\\\" - RQ 99.9\",\"isPartOf\":{\"@id\":\"https:\/\/nahuelproducciones.com.ar\/radioquijano\/#website\"},\"datePublished\":\"2025-04-26T15:56:34+00:00\",\"dateModified\":\"2025-04-26T15:57:45+00:00\",\"author\":{\"@id\":\"https:\/\/nahuelproducciones.com.ar\/radioquijano\/#\/schema\/person\/e8a4f939e2cb487fe6d0c54042c9d32c\"},\"description\":\"S\u00e1bado 26 de abril a las 16:00 horas, se dar\u00e1 inicio en Campo Quijano al proyecto de extensi\u00f3n universitaria \\\"M\u00e1s Historias, Menos Pantallas: recuperando los encuentros grupales de transmisi\u00f3n de saberes l\u00fadicos\\\".\",\"breadcrumb\":{\"@id\":\"https:\/\/nahuelproducciones.com.ar\/radioquijano\/campo-quijano-sera-la-primera-estacion-del-proyecto-mas-historias-menos-pantallas\/#breadcrumb\"},\"inLanguage\":\"es\",\"potentialAction\":[{\"@type\":\"ReadAction\",\"target\":[\"https:\/\/nahuelproducciones.com.ar\/radioquijano\/campo-quijano-sera-la-primera-estacion-del-proyecto-mas-historias-menos-pantallas\/\"]}]},{\"@type\":\"BreadcrumbList\",\"@id\":\"https:\/\/nahuelproducciones.com.ar\/radioquijano\/campo-quijano-sera-la-primera-estacion-del-proyecto-mas-historias-menos-pantallas\/#breadcrumb\",\"itemListElement\":[{\"@type\":\"ListItem\",\"position\":1,\"name\":\"Portada\",\"item\":\"https:\/\/nahuelproducciones.com.ar\/radioquijano\/\"},{\"@type\":\"ListItem\",\"position\":2,\"name\":\"Campo Quijano ser\u00e1 la primera estaci\u00f3n del proyecto &#8220;M\u00e1s Historias, Menos Pantallas&#8221;\"}]},{\"@type\":\"WebSite\",\"@id\":\"https:\/\/nahuelproducciones.com.ar\/radioquijano\/#website\",\"url\":\"https:\/\/nahuelproducciones.com.ar\/radioquijano\/\",\"name\":\"RQ 99.9\",\"description\":\"Radio Quijano 99.9 MHz\",\"potentialAction\":[{\"@type\":\"SearchAction\",\"target\":{\"@type\":\"EntryPoint\",\"urlTemplate\":\"https:\/\/nahuelproducciones.com.ar\/radioquijano\/?s={search_term_string}\"},\"query-input\":\"required name=search_term_string\"}],\"inLanguage\":\"es\"},{\"@type\":\"Person\",\"@id\":\"https:\/\/nahuelproducciones.com.ar\/radioquijano\/#\/schema\/person\/e8a4f939e2cb487fe6d0c54042c9d32c\",\"name\":\"Cecilia Pastrana\",\"image\":{\"@type\":\"ImageObject\",\"inLanguage\":\"es\",\"@id\":\"https:\/\/nahuelproducciones.com.ar\/radioquijano\/#\/schema\/person\/image\/\",\"url\":\"https:\/\/secure.gravatar.com\/avatar\/661a3ef63a8488d4f2794ed44af8cf71420f7e106f3072c40125114df5157749?s=96&d=mm&r=g\",\"contentUrl\":\"https:\/\/secure.gravatar.com\/avatar\/661a3ef63a8488d4f2794ed44af8cf71420f7e106f3072c40125114df5157749?s=96&d=mm&r=g\",\"caption\":\"Cecilia Pastrana\"},\"sameAs\":[\"cecy\"],\"url\":\"https:\/\/nahuelproducciones.com.ar\/radioquijano\/author\/cecy\/\"}]}<\/script>\n<!-- \/ Yoast SEO plugin. -->","yoast_head_json":{"title":"Campo Quijano ser\u00e1 la primera estaci\u00f3n del proyecto \"M\u00e1s Historias, Menos Pantallas\" - RQ 99.9","description":"S\u00e1bado 26 de abril a las 16:00 horas, se dar\u00e1 inicio en Campo Quijano al proyecto de extensi\u00f3n universitaria \"M\u00e1s Historias, Menos Pantallas: recuperando los encuentros grupales de transmisi\u00f3n de saberes l\u00fadicos\".","robots":{"index":"index","follow":"follow","max-snippet":"max-snippet:-1","max-image-preview":"max-image-preview:large","max-video-preview":"max-video-preview:-1"},"canonical":"https:\/\/nahuelproducciones.com.ar\/radioquijano\/campo-quijano-sera-la-primera-estacion-del-proyecto-mas-historias-menos-pantallas\/","og_locale":"es_ES","og_type":"article","og_title":"Campo Quijano ser\u00e1 la primera estaci\u00f3n del proyecto \"M\u00e1s Historias, Menos Pantallas\" - RQ 99.9","og_description":"S\u00e1bado 26 de abril a las 16:00 horas, se dar\u00e1 inicio en Campo Quijano al proyecto de extensi\u00f3n universitaria \"M\u00e1s Historias, Menos Pantallas: recuperando los encuentros grupales de transmisi\u00f3n de saberes l\u00fadicos\".","og_url":"https:\/\/nahuelproducciones.com.ar\/radioquijano\/campo-quijano-sera-la-primera-estacion-del-proyecto-mas-historias-menos-pantallas\/","og_site_name":"RQ 99.9","article_publisher":"https:\/\/www.facebook.com\/nahuelproducciones999\/","article_published_time":"2025-04-26T15:56:34+00:00","article_modified_time":"2025-04-26T15:57:45+00:00","og_image":[{"width":317,"height":401,"url":"https:\/\/nahuelproducciones.com.ar\/radioquijano\/wp-content\/uploads\/2025\/04\/WhatsApp-Image-2025-04-26-at-12.48.30-PM.jpeg","type":"image\/jpeg"}],"author":"Cecilia Pastrana","twitter_card":"summary_large_image","twitter_creator":"@nahuproduciones","twitter_site":"@nahuproduciones","twitter_misc":{"Escrito por":"Cecilia Pastrana","Tiempo de lectura":"1 minuto"},"schema":{"@context":"https:\/\/schema.org","@graph":[{"@type":"WebPage","@id":"https:\/\/nahuelproducciones.com.ar\/radioquijano\/campo-quijano-sera-la-primera-estacion-del-proyecto-mas-historias-menos-pantallas\/","url":"https:\/\/nahuelproducciones.com.ar\/radioquijano\/campo-quijano-sera-la-primera-estacion-del-proyecto-mas-historias-menos-pantallas\/","name":"Campo Quijano ser\u00e1 la primera estaci\u00f3n del proyecto \"M\u00e1s Historias, Menos Pantallas\" - RQ 99.9","isPartOf":{"@id":"https:\/\/nahuelproducciones.com.ar\/radioquijano\/#website"},"datePublished":"2025-04-26T15:56:34+00:00","dateModified":"2025-04-26T15:57:45+00:00","author":{"@id":"https:\/\/nahuelproducciones.com.ar\/radioquijano\/#\/schema\/person\/e8a4f939e2cb487fe6d0c54042c9d32c"},"description":"S\u00e1bado 26 de abril a las 16:00 horas, se dar\u00e1 inicio en Campo Quijano al proyecto de extensi\u00f3n universitaria \"M\u00e1s Historias, Menos Pantallas: recuperando los encuentros grupales de transmisi\u00f3n de saberes l\u00fadicos\".","breadcrumb":{"@id":"https:\/\/nahuelproducciones.com.ar\/radioquijano\/campo-quijano-sera-la-primera-estacion-del-proyecto-mas-historias-menos-pantallas\/#breadcrumb"},"inLanguage":"es","potentialAction":[{"@type":"ReadAction","target":["https:\/\/nahuelproducciones.com.ar\/radioquijano\/campo-quijano-sera-la-primera-estacion-del-proyecto-mas-historias-menos-pantallas\/"]}]},{"@type":"BreadcrumbList","@id":"https:\/\/nahuelproducciones.com.ar\/radioquijano\/campo-quijano-sera-la-primera-estacion-del-proyecto-mas-historias-menos-pantallas\/#breadcrumb","itemListElement":[{"@type":"ListItem","position":1,"name":"Portada","item":"https:\/\/nahuelproducciones.com.ar\/radioquijano\/"},{"@type":"ListItem","position":2,"name":"Campo Quijano ser\u00e1 la primera estaci\u00f3n del proyecto &#8220;M\u00e1s Historias, Menos Pantallas&#8221;"}]},{"@type":"WebSite","@id":"https:\/\/nahuelproducciones.com.ar\/radioquijano\/#website","url":"https:\/\/nahuelproducciones.com.ar\/radioquijano\/","name":"RQ 99.9","description":"Radio Quijano 99.9 MHz","potentialAction":[{"@type":"SearchAction","target":{"@type":"EntryPoint","urlTemplate":"https:\/\/nahuelproducciones.com.ar\/radioquijano\/?s={search_term_string}"},"query-input":"required name=search_term_string"}],"inLanguage":"es"},{"@type":"Person","@id":"https:\/\/nahuelproducciones.com.ar\/radioquijano\/#\/schema\/person\/e8a4f939e2cb487fe6d0c54042c9d32c","name":"Cecilia Pastrana","image":{"@type":"ImageObject","inLanguage":"es","@id":"https:\/\/nahuelproducciones.com.ar\/radioquijano\/#\/schema\/person\/image\/","url":"https:\/\/secure.gravatar.com\/avatar\/661a3ef63a8488d4f2794ed44af8cf71420f7e106f3072c40125114df5157749?s=96&d=mm&r=g","contentUrl":"https:\/\/secure.gravatar.com\/avatar\/661a3ef63a8488d4f2794ed44af8cf71420f7e106f3072c40125114df5157749?s=96&d=mm&r=g","caption":"Cecilia Pastrana"},"sameAs":["cecy"],"url":"https:\/\/nahuelproducciones.com.ar\/radioquijano\/author\/cecy\/"}]}},"_links":{"self":[{"href":"https:\/\/nahuelproducciones.com.ar\/radioquijano\/wp-json\/wp\/v2\/posts\/10079","targetHints":{"allow":["GET"]}}],"collection":[{"href":"https:\/\/nahuelproducciones.com.ar\/radioquijano\/wp-json\/wp\/v2\/posts"}],"about":[{"href":"https:\/\/nahuelproducciones.com.ar\/radioquijano\/wp-json\/wp\/v2\/types\/post"}],"author":[{"embeddable":true,"href":"https:\/\/nahuelproducciones.com.ar\/radioquijano\/wp-json\/wp\/v2\/users\/8"}],"replies":[{"embeddable":true,"href":"https:\/\/nahuelproducciones.com.ar\/radioquijano\/wp-json\/wp\/v2\/comments?post=10079"}],"version-history":[{"count":2,"href":"https:\/\/nahuelproducciones.com.ar\/radioquijano\/wp-json\/wp\/v2\/posts\/10079\/revisions"}],"predecessor-version":[{"id":10085,"href":"https:\/\/nahuelproducciones.com.ar\/radioquijano\/wp-json\/wp\/v2\/posts\/10079\/revisions\/10085"}],"wp:featuredmedia":[{"embeddable":true,"href":"https:\/\/nahuelproducciones.com.ar\/radioquijano\/wp-json\/wp\/v2\/media\/10080"}],"wp:attachment":[{"href":"https:\/\/nahuelproducciones.com.ar\/radioquijano\/wp-json\/wp\/v2\/media?parent=10079"}],"wp:term":[{"taxonomy":"category","embeddable":true,"href":"https:\/\/nahuelproducciones.com.ar\/radioquijano\/wp-json\/wp\/v2\/categories?post=10079"},{"taxonomy":"post_tag","embeddable":true,"href":"https:\/\/nahuelproducciones.com.ar\/radioquijano\/wp-json\/wp\/v2\/tags?post=10079"}],"curies":[{"name":"wp","href":"https:\/\/api.w.org\/{rel}","templated":true}]}}