{"id":10100,"date":"2025-04-29T00:36:54","date_gmt":"2025-04-29T03:36:54","guid":{"rendered":"https:\/\/nahuelproducciones.com.ar\/radioquijano\/?p=10100"},"modified":"2025-04-29T00:36:57","modified_gmt":"2025-04-29T03:36:57","slug":"maria-emilia-orozco-en-radio-quijano-merecemos-una-salta-mejor-y-sin-los-privilegios-de-la-politica","status":"publish","type":"post","link":"https:\/\/nahuelproducciones.com.ar\/radioquijano\/maria-emilia-orozco-en-radio-quijano-merecemos-una-salta-mejor-y-sin-los-privilegios-de-la-politica\/","title":{"rendered":"Mar\u00eda Emilia Orozco en Radio Quijano: \u201cMerecemos una Salta mejor y sin los privilegios de la pol\u00edtica\u201d"},"content":{"rendered":"\n<p>La diputada nacional Mar\u00eda Emilia Orozco, licenciada en Ciencias de la Comunicaci\u00f3n y representante de la provincia de Salta por el partido <em>La Libertad Avanza<\/em>, brind\u00f3 una entrevista telef\u00f3nica a Radio Quijano, donde respondi\u00f3 preguntas de la audiencia y abord\u00f3 distintos temas de actualidad pol\u00edtica.<\/p>\n\n\n\n<p>Orozco aclar\u00f3 que no es candidata en las pr\u00f3ximas elecciones, ya que su mandato como diputada nacional se extiende hasta 2027. Sin embargo, se\u00f1al\u00f3 que actualmente es la encargada de llevar adelante la campa\u00f1a electoral en Salta en representaci\u00f3n de la \u00ab\u00fanica y original\u00bb <em>La Libertad Avanza<\/em>, el espacio pol\u00edtico que lidera el presidente Javier Milei.<\/p>\n\n\n\n<p>Durante la entrevista, expres\u00f3 su fuerte molestia hacia el sector oficialista que responde al gobernador Gustavo S\u00e1enz, denunciando \u00abviejas maniobras\u00bb como amenazas a empleados p\u00fablicos y municipales para obligarlos a trabajar en sus listas. \u00abEs hora de elegir distinto y no seguir votando a los mismos de siempre\u00bb, afirm\u00f3.<\/p>\n\n\n\n<p>Asimismo, Orozco puso especial \u00e9nfasis en la necesidad de controlar los fondos que llegan desde Naci\u00f3n a los municipios, advirtiendo que muchos intendentes no rinden cuentas a sus comunidades ni traducen esos recursos en obras. \u00abSiempre la respuesta es que no hay dinero, pero despu\u00e9s vemos c\u00f3mo esos fondos se utilizan para campa\u00f1as pol\u00edticas\u00bb, denunci\u00f3.<\/p>\n\n\n\n<p>Desde la localidad de Or\u00e1n, vecinos trasladaron a la diputada una inquietud vinculada a denuncias municipales, y se comprometi\u00f3 a investigar el tema. Adem\u00e1s, al ser consultada sobre su intervenci\u00f3n en relaci\u00f3n al IPS (Instituto Provincial de Salud de Salta), Orozco reafirm\u00f3 que <em>La Libertad Avanza<\/em> trabaja para todos los salte\u00f1os y busca terminar con los privilegios de la pol\u00edtica.<\/p>\n\n\n\n<p>\u00abNuestros candidatos tienen ficha limpia. Es cierto que no le caemos bien a todos, pero lleg\u00f3 el momento de saber elegir\u00bb, sostuvo, alentando a los ciudadanos a no votar \u00abm\u00e1s de lo mismo\u00bb.<\/p>\n\n\n\n<p>\u00ab<strong>Merecemos una Salta mejor<\/strong>\u00ab, concluy\u00f3 con firmeza, dejando en claro su compromiso de promover un cambio real en la provincia.<\/p>\n\n\n\n<p> Escucha la entrevista:<\/p>\n\n\n\n<figure class=\"wp-block-audio\"><audio controls src=\"https:\/\/nahuelproducciones.com.ar\/radioquijano\/wp-content\/uploads\/2025\/04\/28-04-2025-DIP-NAC-DE-ARG-MARIA-EMILIA-OROZCO-ENTREVISTA-TEMAS-EN-GRAL.mp3\"><\/audio><\/figure>\n","protected":false},"excerpt":{"rendered":"<p>La diputada nacional Mar\u00eda Emilia Orozco, licenciada en Ciencias de la Comunicaci\u00f3n y representante de la provincia de Salta por el partido La Libertad Avanza, brind\u00f3 una entrevista telef\u00f3nica a Radio Quijano, donde respondi\u00f3 preguntas de la audiencia y abord\u00f3 distintos temas de actualidad pol\u00edtica. Orozco aclar\u00f3 que no es candidata en las pr\u00f3ximas elecciones, [&hellip;]<\/p>\n","protected":false},"author":8,"featured_media":10102,"comment_status":"open","ping_status":"open","sticky":false,"template":"","format":"standard","meta":{"_monsterinsights_skip_tracking":false,"_monsterinsights_sitenote_active":false,"_monsterinsights_sitenote_note":"","_monsterinsights_sitenote_category":0,"footnotes":""},"categories":[16],"tags":[1780,1135,100],"class_list":["post-10100","post","type-post","status-publish","format-standard","has-post-thumbnail","hentry","category-noticias","tag-la-libertad-avanza","tag-maria-emilia-orozco","tag-municipio-de-campo-quijano"],"yoast_head":"<!-- This site is optimized with the Yoast SEO plugin v20.8 - https:\/\/yoast.com\/wordpress\/plugins\/seo\/ -->\n<title>Mar\u00eda Emilia Orozco en Radio Quijano: \u201cMerecemos una Salta mejor y sin los privilegios de la pol\u00edtica\u201d - RQ 99.9<\/title>\n<meta name=\"description\" content=\"Dejo en claro su compromiso de promover un cambio real en la provincia.\" \/>\n<meta name=\"robots\" content=\"index, follow, max-snippet:-1, max-image-preview:large, max-video-preview:-1\" \/>\n<link rel=\"canonical\" href=\"https:\/\/nahuelproducciones.com.ar\/radioquijano\/maria-emilia-orozco-en-radio-quijano-merecemos-una-salta-mejor-y-sin-los-privilegios-de-la-politica\/\" \/>\n<meta property=\"og:locale\" content=\"es_ES\" \/>\n<meta property=\"og:type\" content=\"article\" \/>\n<meta property=\"og:title\" content=\"Mar\u00eda Emilia Orozco en Radio Quijano: \u201cMerecemos una Salta mejor y sin los privilegios de la pol\u00edtica\u201d - RQ 99.9\" \/>\n<meta property=\"og:description\" content=\"Dejo en claro su compromiso de promover un cambio real en la provincia.\" \/>\n<meta property=\"og:url\" content=\"https:\/\/nahuelproducciones.com.ar\/radioquijano\/maria-emilia-orozco-en-radio-quijano-merecemos-una-salta-mejor-y-sin-los-privilegios-de-la-politica\/\" \/>\n<meta property=\"og:site_name\" content=\"RQ 99.9\" \/>\n<meta property=\"article:publisher\" content=\"https:\/\/www.facebook.com\/nahuelproducciones999\/\" \/>\n<meta property=\"article:published_time\" content=\"2025-04-29T03:36:54+00:00\" \/>\n<meta property=\"article:modified_time\" content=\"2025-04-29T03:36:57+00:00\" \/>\n<meta property=\"og:image\" content=\"https:\/\/nahuelproducciones.com.ar\/radioquijano\/wp-content\/uploads\/2025\/04\/493952012_10235994231265143_3174441438795178518_n-e1745897442450.jpg\" \/>\n\t<meta property=\"og:image:width\" content=\"700\" \/>\n\t<meta property=\"og:image:height\" content=\"700\" \/>\n\t<meta property=\"og:image:type\" content=\"image\/jpeg\" \/>\n<meta name=\"author\" content=\"Cecilia Pastrana\" \/>\n<meta name=\"twitter:card\" content=\"summary_large_image\" \/>\n<meta name=\"twitter:creator\" content=\"@nahuproduciones\" \/>\n<meta name=\"twitter:site\" content=\"@nahuproduciones\" \/>\n<meta name=\"twitter:label1\" content=\"Escrito por\" \/>\n\t<meta name=\"twitter:data1\" content=\"Cecilia Pastrana\" \/>\n\t<meta name=\"twitter:label2\" content=\"Tiempo de lectura\" \/>\n\t<meta name=\"twitter:data2\" content=\"2 minutos\" \/>\n<script type=\"application\/ld+json\" class=\"yoast-schema-graph\">{\"@context\":\"https:\/\/schema.org\",\"@graph\":[{\"@type\":\"WebPage\",\"@id\":\"https:\/\/nahuelproducciones.com.ar\/radioquijano\/maria-emilia-orozco-en-radio-quijano-merecemos-una-salta-mejor-y-sin-los-privilegios-de-la-politica\/\",\"url\":\"https:\/\/nahuelproducciones.com.ar\/radioquijano\/maria-emilia-orozco-en-radio-quijano-merecemos-una-salta-mejor-y-sin-los-privilegios-de-la-politica\/\",\"name\":\"Mar\u00eda Emilia Orozco en Radio Quijano: \u201cMerecemos una Salta mejor y sin los privilegios de la pol\u00edtica\u201d - RQ 99.9\",\"isPartOf\":{\"@id\":\"https:\/\/nahuelproducciones.com.ar\/radioquijano\/#website\"},\"datePublished\":\"2025-04-29T03:36:54+00:00\",\"dateModified\":\"2025-04-29T03:36:57+00:00\",\"author\":{\"@id\":\"https:\/\/nahuelproducciones.com.ar\/radioquijano\/#\/schema\/person\/e8a4f939e2cb487fe6d0c54042c9d32c\"},\"description\":\"Dejo en claro su compromiso de promover un cambio real en la provincia.\",\"breadcrumb\":{\"@id\":\"https:\/\/nahuelproducciones.com.ar\/radioquijano\/maria-emilia-orozco-en-radio-quijano-merecemos-una-salta-mejor-y-sin-los-privilegios-de-la-politica\/#breadcrumb\"},\"inLanguage\":\"es\",\"potentialAction\":[{\"@type\":\"ReadAction\",\"target\":[\"https:\/\/nahuelproducciones.com.ar\/radioquijano\/maria-emilia-orozco-en-radio-quijano-merecemos-una-salta-mejor-y-sin-los-privilegios-de-la-politica\/\"]}]},{\"@type\":\"BreadcrumbList\",\"@id\":\"https:\/\/nahuelproducciones.com.ar\/radioquijano\/maria-emilia-orozco-en-radio-quijano-merecemos-una-salta-mejor-y-sin-los-privilegios-de-la-politica\/#breadcrumb\",\"itemListElement\":[{\"@type\":\"ListItem\",\"position\":1,\"name\":\"Portada\",\"item\":\"https:\/\/nahuelproducciones.com.ar\/radioquijano\/\"},{\"@type\":\"ListItem\",\"position\":2,\"name\":\"Mar\u00eda Emilia Orozco en Radio Quijano: \u201cMerecemos una Salta mejor y sin los privilegios de la pol\u00edtica\u201d\"}]},{\"@type\":\"WebSite\",\"@id\":\"https:\/\/nahuelproducciones.com.ar\/radioquijano\/#website\",\"url\":\"https:\/\/nahuelproducciones.com.ar\/radioquijano\/\",\"name\":\"RQ 99.9\",\"description\":\"Radio Quijano 99.9 MHz\",\"potentialAction\":[{\"@type\":\"SearchAction\",\"target\":{\"@type\":\"EntryPoint\",\"urlTemplate\":\"https:\/\/nahuelproducciones.com.ar\/radioquijano\/?s={search_term_string}\"},\"query-input\":\"required name=search_term_string\"}],\"inLanguage\":\"es\"},{\"@type\":\"Person\",\"@id\":\"https:\/\/nahuelproducciones.com.ar\/radioquijano\/#\/schema\/person\/e8a4f939e2cb487fe6d0c54042c9d32c\",\"name\":\"Cecilia Pastrana\",\"image\":{\"@type\":\"ImageObject\",\"inLanguage\":\"es\",\"@id\":\"https:\/\/nahuelproducciones.com.ar\/radioquijano\/#\/schema\/person\/image\/\",\"url\":\"https:\/\/secure.gravatar.com\/avatar\/661a3ef63a8488d4f2794ed44af8cf71420f7e106f3072c40125114df5157749?s=96&d=mm&r=g\",\"contentUrl\":\"https:\/\/secure.gravatar.com\/avatar\/661a3ef63a8488d4f2794ed44af8cf71420f7e106f3072c40125114df5157749?s=96&d=mm&r=g\",\"caption\":\"Cecilia Pastrana\"},\"sameAs\":[\"cecy\"],\"url\":\"https:\/\/nahuelproducciones.com.ar\/radioquijano\/author\/cecy\/\"}]}<\/script>\n<!-- \/ Yoast SEO plugin. -->","yoast_head_json":{"title":"Mar\u00eda Emilia Orozco en Radio Quijano: \u201cMerecemos una Salta mejor y sin los privilegios de la pol\u00edtica\u201d - RQ 99.9","description":"Dejo en claro su compromiso de promover un cambio real en la provincia.","robots":{"index":"index","follow":"follow","max-snippet":"max-snippet:-1","max-image-preview":"max-image-preview:large","max-video-preview":"max-video-preview:-1"},"canonical":"https:\/\/nahuelproducciones.com.ar\/radioquijano\/maria-emilia-orozco-en-radio-quijano-merecemos-una-salta-mejor-y-sin-los-privilegios-de-la-politica\/","og_locale":"es_ES","og_type":"article","og_title":"Mar\u00eda Emilia Orozco en Radio Quijano: \u201cMerecemos una Salta mejor y sin los privilegios de la pol\u00edtica\u201d - RQ 99.9","og_description":"Dejo en claro su compromiso de promover un cambio real en la provincia.","og_url":"https:\/\/nahuelproducciones.com.ar\/radioquijano\/maria-emilia-orozco-en-radio-quijano-merecemos-una-salta-mejor-y-sin-los-privilegios-de-la-politica\/","og_site_name":"RQ 99.9","article_publisher":"https:\/\/www.facebook.com\/nahuelproducciones999\/","article_published_time":"2025-04-29T03:36:54+00:00","article_modified_time":"2025-04-29T03:36:57+00:00","og_image":[{"width":700,"height":700,"url":"https:\/\/nahuelproducciones.com.ar\/radioquijano\/wp-content\/uploads\/2025\/04\/493952012_10235994231265143_3174441438795178518_n-e1745897442450.jpg","type":"image\/jpeg"}],"author":"Cecilia Pastrana","twitter_card":"summary_large_image","twitter_creator":"@nahuproduciones","twitter_site":"@nahuproduciones","twitter_misc":{"Escrito por":"Cecilia Pastrana","Tiempo de lectura":"2 minutos"},"schema":{"@context":"https:\/\/schema.org","@graph":[{"@type":"WebPage","@id":"https:\/\/nahuelproducciones.com.ar\/radioquijano\/maria-emilia-orozco-en-radio-quijano-merecemos-una-salta-mejor-y-sin-los-privilegios-de-la-politica\/","url":"https:\/\/nahuelproducciones.com.ar\/radioquijano\/maria-emilia-orozco-en-radio-quijano-merecemos-una-salta-mejor-y-sin-los-privilegios-de-la-politica\/","name":"Mar\u00eda Emilia Orozco en Radio Quijano: \u201cMerecemos una Salta mejor y sin los privilegios de la pol\u00edtica\u201d - RQ 99.9","isPartOf":{"@id":"https:\/\/nahuelproducciones.com.ar\/radioquijano\/#website"},"datePublished":"2025-04-29T03:36:54+00:00","dateModified":"2025-04-29T03:36:57+00:00","author":{"@id":"https:\/\/nahuelproducciones.com.ar\/radioquijano\/#\/schema\/person\/e8a4f939e2cb487fe6d0c54042c9d32c"},"description":"Dejo en claro su compromiso de promover un cambio real en la provincia.","breadcrumb":{"@id":"https:\/\/nahuelproducciones.com.ar\/radioquijano\/maria-emilia-orozco-en-radio-quijano-merecemos-una-salta-mejor-y-sin-los-privilegios-de-la-politica\/#breadcrumb"},"inLanguage":"es","potentialAction":[{"@type":"ReadAction","target":["https:\/\/nahuelproducciones.com.ar\/radioquijano\/maria-emilia-orozco-en-radio-quijano-merecemos-una-salta-mejor-y-sin-los-privilegios-de-la-politica\/"]}]},{"@type":"BreadcrumbList","@id":"https:\/\/nahuelproducciones.com.ar\/radioquijano\/maria-emilia-orozco-en-radio-quijano-merecemos-una-salta-mejor-y-sin-los-privilegios-de-la-politica\/#breadcrumb","itemListElement":[{"@type":"ListItem","position":1,"name":"Portada","item":"https:\/\/nahuelproducciones.com.ar\/radioquijano\/"},{"@type":"ListItem","position":2,"name":"Mar\u00eda Emilia Orozco en Radio Quijano: \u201cMerecemos una Salta mejor y sin los privilegios de la pol\u00edtica\u201d"}]},{"@type":"WebSite","@id":"https:\/\/nahuelproducciones.com.ar\/radioquijano\/#website","url":"https:\/\/nahuelproducciones.com.ar\/radioquijano\/","name":"RQ 99.9","description":"Radio Quijano 99.9 MHz","potentialAction":[{"@type":"SearchAction","target":{"@type":"EntryPoint","urlTemplate":"https:\/\/nahuelproducciones.com.ar\/radioquijano\/?s={search_term_string}"},"query-input":"required name=search_term_string"}],"inLanguage":"es"},{"@type":"Person","@id":"https:\/\/nahuelproducciones.com.ar\/radioquijano\/#\/schema\/person\/e8a4f939e2cb487fe6d0c54042c9d32c","name":"Cecilia Pastrana","image":{"@type":"ImageObject","inLanguage":"es","@id":"https:\/\/nahuelproducciones.com.ar\/radioquijano\/#\/schema\/person\/image\/","url":"https:\/\/secure.gravatar.com\/avatar\/661a3ef63a8488d4f2794ed44af8cf71420f7e106f3072c40125114df5157749?s=96&d=mm&r=g","contentUrl":"https:\/\/secure.gravatar.com\/avatar\/661a3ef63a8488d4f2794ed44af8cf71420f7e106f3072c40125114df5157749?s=96&d=mm&r=g","caption":"Cecilia Pastrana"},"sameAs":["cecy"],"url":"https:\/\/nahuelproducciones.com.ar\/radioquijano\/author\/cecy\/"}]}},"_links":{"self":[{"href":"https:\/\/nahuelproducciones.com.ar\/radioquijano\/wp-json\/wp\/v2\/posts\/10100","targetHints":{"allow":["GET"]}}],"collection":[{"href":"https:\/\/nahuelproducciones.com.ar\/radioquijano\/wp-json\/wp\/v2\/posts"}],"about":[{"href":"https:\/\/nahuelproducciones.com.ar\/radioquijano\/wp-json\/wp\/v2\/types\/post"}],"author":[{"embeddable":true,"href":"https:\/\/nahuelproducciones.com.ar\/radioquijano\/wp-json\/wp\/v2\/users\/8"}],"replies":[{"embeddable":true,"href":"https:\/\/nahuelproducciones.com.ar\/radioquijano\/wp-json\/wp\/v2\/comments?post=10100"}],"version-history":[{"count":1,"href":"https:\/\/nahuelproducciones.com.ar\/radioquijano\/wp-json\/wp\/v2\/posts\/10100\/revisions"}],"predecessor-version":[{"id":10103,"href":"https:\/\/nahuelproducciones.com.ar\/radioquijano\/wp-json\/wp\/v2\/posts\/10100\/revisions\/10103"}],"wp:featuredmedia":[{"embeddable":true,"href":"https:\/\/nahuelproducciones.com.ar\/radioquijano\/wp-json\/wp\/v2\/media\/10102"}],"wp:attachment":[{"href":"https:\/\/nahuelproducciones.com.ar\/radioquijano\/wp-json\/wp\/v2\/media?parent=10100"}],"wp:term":[{"taxonomy":"category","embeddable":true,"href":"https:\/\/nahuelproducciones.com.ar\/radioquijano\/wp-json\/wp\/v2\/categories?post=10100"},{"taxonomy":"post_tag","embeddable":true,"href":"https:\/\/nahuelproducciones.com.ar\/radioquijano\/wp-json\/wp\/v2\/tags?post=10100"}],"curies":[{"name":"wp","href":"https:\/\/api.w.org\/{rel}","templated":true}]}}