{"id":10116,"date":"2025-04-30T20:29:01","date_gmt":"2025-04-30T23:29:01","guid":{"rendered":"https:\/\/nahuelproducciones.com.ar\/radioquijano\/?p=10116"},"modified":"2025-04-30T20:29:02","modified_gmt":"2025-04-30T23:29:02","slug":"nicolas-museda-todos-juntos-vamos-hacia-un-mismo-objetivo-potenciar-el-emprendimiento-y-crecer-cada-dia-mas","status":"publish","type":"post","link":"https:\/\/nahuelproducciones.com.ar\/radioquijano\/nicolas-museda-todos-juntos-vamos-hacia-un-mismo-objetivo-potenciar-el-emprendimiento-y-crecer-cada-dia-mas\/","title":{"rendered":"Nicol\u00e1s Museda: \u00abTodos juntos vamos hacia un mismo objetivo: potenciar el emprendimiento y crecer cada d\u00eda m\u00e1s\u00bb"},"content":{"rendered":"\n<p>En el marco del ciclo <strong>\u201cConocemos al Candidato\u201d<\/strong>, que se emite por Radio Quijano (RQ), dialogamos v\u00eda telef\u00f3nica con <strong>Nicol\u00e1s Museda<\/strong>, candidato a concejal por <strong>Vamos Salta &#8211; Lista 200 Memoria y Movilizaci\u00f3n Social<\/strong>, quien participa por primera vez en pol\u00edtica y expres\u00f3 su compromiso con el desarrollo local y el bienestar de los vecinos.<\/p>\n\n\n\n<p>Durante la entrevista, Museda destac\u00f3 su preocupaci\u00f3n por temas centrales como <strong>la seguridad y el medio ambiente<\/strong>, y asegur\u00f3 que, en caso de llegar al Concejo Deliberante, su objetivo ser\u00e1 <strong>impulsar microcr\u00e9ditos y capacitaciones<\/strong> para emprendedores, con el fin de generar oportunidades reales de crecimiento.<\/p>\n\n\n\n<p>\u201c<strong>Todos juntos vamos hacia un mismo objetivo: potenciar el emprendimiento y crecer cada d\u00eda m\u00e1s<\/strong>\u201d, sostuvo, al tiempo que remarc\u00f3 que su equipo de trabajo est\u00e1 conformado por personas comprometidas con la comunidad. \u201c<strong>Somos un equipo fuerte, sabemos las necesidades del pueblo y estamos dispuestos a trabajar en conjunto, de manera transparente, representando a nuestros vecinos de la mejor manera<\/strong>\u201d, afirm\u00f3.<\/p>\n\n\n\n<p>Museda tambi\u00e9n hizo hincapi\u00e9 en los valores que lo gu\u00edan: \u201c<strong>Soy una persona honesta, y lo que hacemos siempre fue transparente. Queremos ayudar a la gente con ideas nuevas<\/strong>\u201d.<\/p>\n\n\n\n<p>La lista de candidatos a concejales que lo acompa\u00f1a est\u00e1 integrada por:<\/p>\n\n\n\n<ol class=\"wp-block-list\">\n<li><strong>Nicol\u00e1s Museda<\/strong><\/li>\n\n\n\n<li><strong>Cristina del Valle Geron<\/strong><\/li>\n\n\n\n<li><strong>Edgar Alfredo Barboza<\/strong><\/li>\n\n\n\n<li><strong>Natalia Angelina \u00c1vila<\/strong><\/li>\n<\/ol>\n\n\n\n<p>El ciclo \u201cConocemos al Candidato\u201d contin\u00faa acercando las voces de quienes aspiran a representar a la comunidad, promoviendo el di\u00e1logo abierto y el compromiso con el desarrollo de Campo Quijano.<\/p>\n\n\n\n<p>Escucha la entrevista:<\/p>\n\n\n\n<figure class=\"wp-block-audio\"><audio controls src=\"https:\/\/nahuelproducciones.com.ar\/radioquijano\/wp-content\/uploads\/2025\/04\/30-04-2025-nico-museda-lista-200-memoria-y-movilizacion-categoria-concejal.mp3\"><\/audio><\/figure>\n\n\n\n<p><\/p>\n","protected":false},"excerpt":{"rendered":"<p>En el marco del ciclo \u201cConocemos al Candidato\u201d, que se emite por Radio Quijano (RQ), dialogamos v\u00eda telef\u00f3nica con Nicol\u00e1s Museda, candidato a concejal por Vamos Salta &#8211; Lista 200 Memoria y Movilizaci\u00f3n Social, quien participa por primera vez en pol\u00edtica y expres\u00f3 su compromiso con el desarrollo local y el bienestar de los vecinos. [&hellip;]<\/p>\n","protected":false},"author":8,"featured_media":10118,"comment_status":"open","ping_status":"open","sticky":false,"template":"","format":"standard","meta":{"_monsterinsights_skip_tracking":false,"_monsterinsights_sitenote_active":false,"_monsterinsights_sitenote_note":"","_monsterinsights_sitenote_category":0,"footnotes":""},"categories":[16],"tags":[1785,100,1784,1767],"class_list":["post-10116","post","type-post","status-publish","format-standard","has-post-thumbnail","hentry","category-noticias","tag-candidato-a-concejal","tag-municipio-de-campo-quijano","tag-nicolas-museda","tag-conocemos-al-candidato-2"],"yoast_head":"<!-- This site is optimized with the Yoast SEO plugin v20.8 - https:\/\/yoast.com\/wordpress\/plugins\/seo\/ -->\n<title>Nicol\u00e1s Museda: &quot;Todos juntos vamos hacia un mismo objetivo: potenciar el emprendimiento y crecer cada d\u00eda m\u00e1s&quot; - RQ 99.9<\/title>\n<meta name=\"description\" content=\"Candidato a concejal por Vamos Salta - Lista 200 Memoria y Movilizaci\u00f3n Social.\" \/>\n<meta name=\"robots\" content=\"index, follow, max-snippet:-1, max-image-preview:large, max-video-preview:-1\" \/>\n<link rel=\"canonical\" href=\"https:\/\/nahuelproducciones.com.ar\/radioquijano\/nicolas-museda-todos-juntos-vamos-hacia-un-mismo-objetivo-potenciar-el-emprendimiento-y-crecer-cada-dia-mas\/\" \/>\n<meta property=\"og:locale\" content=\"es_ES\" \/>\n<meta property=\"og:type\" content=\"article\" \/>\n<meta property=\"og:title\" content=\"Nicol\u00e1s Museda: &quot;Todos juntos vamos hacia un mismo objetivo: potenciar el emprendimiento y crecer cada d\u00eda m\u00e1s&quot; - RQ 99.9\" \/>\n<meta property=\"og:description\" content=\"Candidato a concejal por Vamos Salta - Lista 200 Memoria y Movilizaci\u00f3n Social.\" \/>\n<meta property=\"og:url\" content=\"https:\/\/nahuelproducciones.com.ar\/radioquijano\/nicolas-museda-todos-juntos-vamos-hacia-un-mismo-objetivo-potenciar-el-emprendimiento-y-crecer-cada-dia-mas\/\" \/>\n<meta property=\"og:site_name\" content=\"RQ 99.9\" \/>\n<meta property=\"article:publisher\" content=\"https:\/\/www.facebook.com\/nahuelproducciones999\/\" \/>\n<meta property=\"article:published_time\" content=\"2025-04-30T23:29:01+00:00\" \/>\n<meta property=\"article:modified_time\" content=\"2025-04-30T23:29:02+00:00\" \/>\n<meta property=\"og:image\" content=\"https:\/\/nahuelproducciones.com.ar\/radioquijano\/wp-content\/uploads\/2025\/04\/492395089_1130225078873666_111087855550984365_n-e1746055663806.jpg\" \/>\n\t<meta property=\"og:image:width\" content=\"700\" \/>\n\t<meta property=\"og:image:height\" content=\"933\" \/>\n\t<meta property=\"og:image:type\" content=\"image\/jpeg\" \/>\n<meta name=\"author\" content=\"Cecilia Pastrana\" \/>\n<meta name=\"twitter:card\" content=\"summary_large_image\" \/>\n<meta name=\"twitter:creator\" content=\"@nahuproduciones\" \/>\n<meta name=\"twitter:site\" content=\"@nahuproduciones\" \/>\n<meta name=\"twitter:label1\" content=\"Escrito por\" \/>\n\t<meta name=\"twitter:data1\" content=\"Cecilia Pastrana\" \/>\n\t<meta name=\"twitter:label2\" content=\"Tiempo de lectura\" \/>\n\t<meta name=\"twitter:data2\" content=\"2 minutos\" \/>\n<script type=\"application\/ld+json\" class=\"yoast-schema-graph\">{\"@context\":\"https:\/\/schema.org\",\"@graph\":[{\"@type\":\"WebPage\",\"@id\":\"https:\/\/nahuelproducciones.com.ar\/radioquijano\/nicolas-museda-todos-juntos-vamos-hacia-un-mismo-objetivo-potenciar-el-emprendimiento-y-crecer-cada-dia-mas\/\",\"url\":\"https:\/\/nahuelproducciones.com.ar\/radioquijano\/nicolas-museda-todos-juntos-vamos-hacia-un-mismo-objetivo-potenciar-el-emprendimiento-y-crecer-cada-dia-mas\/\",\"name\":\"Nicol\u00e1s Museda: \\\"Todos juntos vamos hacia un mismo objetivo: potenciar el emprendimiento y crecer cada d\u00eda m\u00e1s\\\" - RQ 99.9\",\"isPartOf\":{\"@id\":\"https:\/\/nahuelproducciones.com.ar\/radioquijano\/#website\"},\"datePublished\":\"2025-04-30T23:29:01+00:00\",\"dateModified\":\"2025-04-30T23:29:02+00:00\",\"author\":{\"@id\":\"https:\/\/nahuelproducciones.com.ar\/radioquijano\/#\/schema\/person\/e8a4f939e2cb487fe6d0c54042c9d32c\"},\"description\":\"Candidato a concejal por Vamos Salta - Lista 200 Memoria y Movilizaci\u00f3n Social.\",\"breadcrumb\":{\"@id\":\"https:\/\/nahuelproducciones.com.ar\/radioquijano\/nicolas-museda-todos-juntos-vamos-hacia-un-mismo-objetivo-potenciar-el-emprendimiento-y-crecer-cada-dia-mas\/#breadcrumb\"},\"inLanguage\":\"es\",\"potentialAction\":[{\"@type\":\"ReadAction\",\"target\":[\"https:\/\/nahuelproducciones.com.ar\/radioquijano\/nicolas-museda-todos-juntos-vamos-hacia-un-mismo-objetivo-potenciar-el-emprendimiento-y-crecer-cada-dia-mas\/\"]}]},{\"@type\":\"BreadcrumbList\",\"@id\":\"https:\/\/nahuelproducciones.com.ar\/radioquijano\/nicolas-museda-todos-juntos-vamos-hacia-un-mismo-objetivo-potenciar-el-emprendimiento-y-crecer-cada-dia-mas\/#breadcrumb\",\"itemListElement\":[{\"@type\":\"ListItem\",\"position\":1,\"name\":\"Portada\",\"item\":\"https:\/\/nahuelproducciones.com.ar\/radioquijano\/\"},{\"@type\":\"ListItem\",\"position\":2,\"name\":\"Nicol\u00e1s Museda: &#8220;Todos juntos vamos hacia un mismo objetivo: potenciar el emprendimiento y crecer cada d\u00eda m\u00e1s&#8221;\"}]},{\"@type\":\"WebSite\",\"@id\":\"https:\/\/nahuelproducciones.com.ar\/radioquijano\/#website\",\"url\":\"https:\/\/nahuelproducciones.com.ar\/radioquijano\/\",\"name\":\"RQ 99.9\",\"description\":\"Radio Quijano 99.9 MHz\",\"potentialAction\":[{\"@type\":\"SearchAction\",\"target\":{\"@type\":\"EntryPoint\",\"urlTemplate\":\"https:\/\/nahuelproducciones.com.ar\/radioquijano\/?s={search_term_string}\"},\"query-input\":\"required name=search_term_string\"}],\"inLanguage\":\"es\"},{\"@type\":\"Person\",\"@id\":\"https:\/\/nahuelproducciones.com.ar\/radioquijano\/#\/schema\/person\/e8a4f939e2cb487fe6d0c54042c9d32c\",\"name\":\"Cecilia Pastrana\",\"image\":{\"@type\":\"ImageObject\",\"inLanguage\":\"es\",\"@id\":\"https:\/\/nahuelproducciones.com.ar\/radioquijano\/#\/schema\/person\/image\/\",\"url\":\"https:\/\/secure.gravatar.com\/avatar\/661a3ef63a8488d4f2794ed44af8cf71420f7e106f3072c40125114df5157749?s=96&d=mm&r=g\",\"contentUrl\":\"https:\/\/secure.gravatar.com\/avatar\/661a3ef63a8488d4f2794ed44af8cf71420f7e106f3072c40125114df5157749?s=96&d=mm&r=g\",\"caption\":\"Cecilia Pastrana\"},\"sameAs\":[\"cecy\"],\"url\":\"https:\/\/nahuelproducciones.com.ar\/radioquijano\/author\/cecy\/\"}]}<\/script>\n<!-- \/ Yoast SEO plugin. -->","yoast_head_json":{"title":"Nicol\u00e1s Museda: \"Todos juntos vamos hacia un mismo objetivo: potenciar el emprendimiento y crecer cada d\u00eda m\u00e1s\" - RQ 99.9","description":"Candidato a concejal por Vamos Salta - Lista 200 Memoria y Movilizaci\u00f3n Social.","robots":{"index":"index","follow":"follow","max-snippet":"max-snippet:-1","max-image-preview":"max-image-preview:large","max-video-preview":"max-video-preview:-1"},"canonical":"https:\/\/nahuelproducciones.com.ar\/radioquijano\/nicolas-museda-todos-juntos-vamos-hacia-un-mismo-objetivo-potenciar-el-emprendimiento-y-crecer-cada-dia-mas\/","og_locale":"es_ES","og_type":"article","og_title":"Nicol\u00e1s Museda: \"Todos juntos vamos hacia un mismo objetivo: potenciar el emprendimiento y crecer cada d\u00eda m\u00e1s\" - RQ 99.9","og_description":"Candidato a concejal por Vamos Salta - Lista 200 Memoria y Movilizaci\u00f3n Social.","og_url":"https:\/\/nahuelproducciones.com.ar\/radioquijano\/nicolas-museda-todos-juntos-vamos-hacia-un-mismo-objetivo-potenciar-el-emprendimiento-y-crecer-cada-dia-mas\/","og_site_name":"RQ 99.9","article_publisher":"https:\/\/www.facebook.com\/nahuelproducciones999\/","article_published_time":"2025-04-30T23:29:01+00:00","article_modified_time":"2025-04-30T23:29:02+00:00","og_image":[{"width":700,"height":933,"url":"https:\/\/nahuelproducciones.com.ar\/radioquijano\/wp-content\/uploads\/2025\/04\/492395089_1130225078873666_111087855550984365_n-e1746055663806.jpg","type":"image\/jpeg"}],"author":"Cecilia Pastrana","twitter_card":"summary_large_image","twitter_creator":"@nahuproduciones","twitter_site":"@nahuproduciones","twitter_misc":{"Escrito por":"Cecilia Pastrana","Tiempo de lectura":"2 minutos"},"schema":{"@context":"https:\/\/schema.org","@graph":[{"@type":"WebPage","@id":"https:\/\/nahuelproducciones.com.ar\/radioquijano\/nicolas-museda-todos-juntos-vamos-hacia-un-mismo-objetivo-potenciar-el-emprendimiento-y-crecer-cada-dia-mas\/","url":"https:\/\/nahuelproducciones.com.ar\/radioquijano\/nicolas-museda-todos-juntos-vamos-hacia-un-mismo-objetivo-potenciar-el-emprendimiento-y-crecer-cada-dia-mas\/","name":"Nicol\u00e1s Museda: \"Todos juntos vamos hacia un mismo objetivo: potenciar el emprendimiento y crecer cada d\u00eda m\u00e1s\" - RQ 99.9","isPartOf":{"@id":"https:\/\/nahuelproducciones.com.ar\/radioquijano\/#website"},"datePublished":"2025-04-30T23:29:01+00:00","dateModified":"2025-04-30T23:29:02+00:00","author":{"@id":"https:\/\/nahuelproducciones.com.ar\/radioquijano\/#\/schema\/person\/e8a4f939e2cb487fe6d0c54042c9d32c"},"description":"Candidato a concejal por Vamos Salta - Lista 200 Memoria y Movilizaci\u00f3n Social.","breadcrumb":{"@id":"https:\/\/nahuelproducciones.com.ar\/radioquijano\/nicolas-museda-todos-juntos-vamos-hacia-un-mismo-objetivo-potenciar-el-emprendimiento-y-crecer-cada-dia-mas\/#breadcrumb"},"inLanguage":"es","potentialAction":[{"@type":"ReadAction","target":["https:\/\/nahuelproducciones.com.ar\/radioquijano\/nicolas-museda-todos-juntos-vamos-hacia-un-mismo-objetivo-potenciar-el-emprendimiento-y-crecer-cada-dia-mas\/"]}]},{"@type":"BreadcrumbList","@id":"https:\/\/nahuelproducciones.com.ar\/radioquijano\/nicolas-museda-todos-juntos-vamos-hacia-un-mismo-objetivo-potenciar-el-emprendimiento-y-crecer-cada-dia-mas\/#breadcrumb","itemListElement":[{"@type":"ListItem","position":1,"name":"Portada","item":"https:\/\/nahuelproducciones.com.ar\/radioquijano\/"},{"@type":"ListItem","position":2,"name":"Nicol\u00e1s Museda: &#8220;Todos juntos vamos hacia un mismo objetivo: potenciar el emprendimiento y crecer cada d\u00eda m\u00e1s&#8221;"}]},{"@type":"WebSite","@id":"https:\/\/nahuelproducciones.com.ar\/radioquijano\/#website","url":"https:\/\/nahuelproducciones.com.ar\/radioquijano\/","name":"RQ 99.9","description":"Radio Quijano 99.9 MHz","potentialAction":[{"@type":"SearchAction","target":{"@type":"EntryPoint","urlTemplate":"https:\/\/nahuelproducciones.com.ar\/radioquijano\/?s={search_term_string}"},"query-input":"required name=search_term_string"}],"inLanguage":"es"},{"@type":"Person","@id":"https:\/\/nahuelproducciones.com.ar\/radioquijano\/#\/schema\/person\/e8a4f939e2cb487fe6d0c54042c9d32c","name":"Cecilia Pastrana","image":{"@type":"ImageObject","inLanguage":"es","@id":"https:\/\/nahuelproducciones.com.ar\/radioquijano\/#\/schema\/person\/image\/","url":"https:\/\/secure.gravatar.com\/avatar\/661a3ef63a8488d4f2794ed44af8cf71420f7e106f3072c40125114df5157749?s=96&d=mm&r=g","contentUrl":"https:\/\/secure.gravatar.com\/avatar\/661a3ef63a8488d4f2794ed44af8cf71420f7e106f3072c40125114df5157749?s=96&d=mm&r=g","caption":"Cecilia Pastrana"},"sameAs":["cecy"],"url":"https:\/\/nahuelproducciones.com.ar\/radioquijano\/author\/cecy\/"}]}},"_links":{"self":[{"href":"https:\/\/nahuelproducciones.com.ar\/radioquijano\/wp-json\/wp\/v2\/posts\/10116","targetHints":{"allow":["GET"]}}],"collection":[{"href":"https:\/\/nahuelproducciones.com.ar\/radioquijano\/wp-json\/wp\/v2\/posts"}],"about":[{"href":"https:\/\/nahuelproducciones.com.ar\/radioquijano\/wp-json\/wp\/v2\/types\/post"}],"author":[{"embeddable":true,"href":"https:\/\/nahuelproducciones.com.ar\/radioquijano\/wp-json\/wp\/v2\/users\/8"}],"replies":[{"embeddable":true,"href":"https:\/\/nahuelproducciones.com.ar\/radioquijano\/wp-json\/wp\/v2\/comments?post=10116"}],"version-history":[{"count":1,"href":"https:\/\/nahuelproducciones.com.ar\/radioquijano\/wp-json\/wp\/v2\/posts\/10116\/revisions"}],"predecessor-version":[{"id":10119,"href":"https:\/\/nahuelproducciones.com.ar\/radioquijano\/wp-json\/wp\/v2\/posts\/10116\/revisions\/10119"}],"wp:featuredmedia":[{"embeddable":true,"href":"https:\/\/nahuelproducciones.com.ar\/radioquijano\/wp-json\/wp\/v2\/media\/10118"}],"wp:attachment":[{"href":"https:\/\/nahuelproducciones.com.ar\/radioquijano\/wp-json\/wp\/v2\/media?parent=10116"}],"wp:term":[{"taxonomy":"category","embeddable":true,"href":"https:\/\/nahuelproducciones.com.ar\/radioquijano\/wp-json\/wp\/v2\/categories?post=10116"},{"taxonomy":"post_tag","embeddable":true,"href":"https:\/\/nahuelproducciones.com.ar\/radioquijano\/wp-json\/wp\/v2\/tags?post=10116"}],"curies":[{"name":"wp","href":"https:\/\/api.w.org\/{rel}","templated":true}]}}