{"id":10120,"date":"2025-05-02T00:12:38","date_gmt":"2025-05-02T03:12:38","guid":{"rendered":"https:\/\/nahuelproducciones.com.ar\/radioquijano\/?p=10120"},"modified":"2025-05-02T00:12:40","modified_gmt":"2025-05-02T03:12:40","slug":"preocupacion-en-el-concejo-deliberante-de-campo-quijano-por-la-falta-de-reglamento-y-el-comportamiento-de-algunos-ediles","status":"publish","type":"post","link":"https:\/\/nahuelproducciones.com.ar\/radioquijano\/preocupacion-en-el-concejo-deliberante-de-campo-quijano-por-la-falta-de-reglamento-y-el-comportamiento-de-algunos-ediles\/","title":{"rendered":"Preocupaci\u00f3n en el Concejo Deliberante de Campo Quijano por la falta de reglamento y el comportamiento de algunos ediles"},"content":{"rendered":"\n<p><strong>La presidenta del cuerpo legislativo local, Mirta Copa, se\u00f1al\u00f3 en di\u00e1logo con Radio Quijano que la ausencia de normas internas y el desconocimiento de algunos concejales complican el funcionamiento del \u00f3rgano deliberativo. Tambi\u00e9n destac\u00f3 avances administrativos.<\/strong><\/p>\n\n\n\n<p>En una entrevista telef\u00f3nica con Radio Quijano, la presidenta del Concejo Deliberante de Campo Quijano brind\u00f3 un panorama sobre la sesi\u00f3n ordinaria realizada el martes 29 de abril. Durante la conversaci\u00f3n, hizo hincapi\u00e9 en las dificultades que atraviesa el cuerpo debido a la falta de un reglamento interno, situaci\u00f3n que genera desorden en el tratamiento de los temas y obstaculiza el normal desempe\u00f1o legislativo.<\/p>\n\n\n\n<p>\u201cDebo poner orden ante la falta de respeto de algunos concejales\u201d, afirm\u00f3, haciendo referencia al comportamiento inapropiado de algunos miembros del cuerpo. Copa tambi\u00e9n expres\u00f3 su preocupaci\u00f3n por el nivel de desconocimiento en torno a ciertos procedimientos legislativos y se\u00f1al\u00f3 la presencia de un discurso netamente pol\u00edtico, atravesado por chicanas y tensiones en un contexto preelectoral, de cara a los comicios legislativos del 11 de mayo.<\/p>\n\n\n\n<p>No obstante, tambi\u00e9n comparti\u00f3 aspectos positivos: inform\u00f3 que las actas de sesiones ordinarias est\u00e1n al d\u00eda y firmadas por los ediles en tiempo y forma, y que junto al personal administrativo se est\u00e1 trabajando para actualizar toda la documentaci\u00f3n del Concejo.<\/p>\n\n\n\n<p>La edil, finalmente, lament\u00f3 que la sesi\u00f3n del 13 de marzo no se haya podido transmitir en vivo, ya que la gesti\u00f3n anterior no advirti\u00f3 que las transmisiones realizadas por Facebook deben descargarse para su conservaci\u00f3n, debido a que la plataforma las elimina tras un tiempo. En este sentido, garantiz\u00f3 que todas las grabaciones futuras ser\u00e1n resguardadas como respaldo documental junto a las actas oficiales.<\/p>\n\n\n\n<p>Escucha la entrevista:<\/p>\n\n\n\n<figure class=\"wp-block-audio\"><audio controls src=\"https:\/\/nahuelproducciones.com.ar\/radioquijano\/wp-content\/uploads\/2025\/05\/30-04-2025-PRES-DEL-CONC-DELIBERANTE-MIRTA-COPA.mp3\"><\/audio><\/figure>\n\n\n\n<p><\/p>\n","protected":false},"excerpt":{"rendered":"<p>La presidenta del cuerpo legislativo local, Mirta Copa, se\u00f1al\u00f3 en di\u00e1logo con Radio Quijano que la ausencia de normas internas y el desconocimiento de algunos concejales complican el funcionamiento del \u00f3rgano deliberativo. Tambi\u00e9n destac\u00f3 avances administrativos. En una entrevista telef\u00f3nica con Radio Quijano, la presidenta del Concejo Deliberante de Campo Quijano brind\u00f3 un panorama sobre [&hellip;]<\/p>\n","protected":false},"author":8,"featured_media":10122,"comment_status":"open","ping_status":"open","sticky":false,"template":"","format":"standard","meta":{"_monsterinsights_skip_tracking":false,"_monsterinsights_sitenote_active":false,"_monsterinsights_sitenote_note":"","_monsterinsights_sitenote_category":0,"footnotes":""},"categories":[16],"tags":[1625,103,100],"class_list":["post-10120","post","type-post","status-publish","format-standard","has-post-thumbnail","hentry","category-noticias","tag-concejal-mirta-copa","tag-concejo-deliberante-de-campo-quijan-o","tag-municipio-de-campo-quijano"],"yoast_head":"<!-- This site is optimized with the Yoast SEO plugin v20.8 - https:\/\/yoast.com\/wordpress\/plugins\/seo\/ -->\n<title>Preocupaci\u00f3n en el Concejo Deliberante de Campo Quijano por la falta de reglamento y el comportamiento de algunos ediles - RQ 99.9<\/title>\n<meta name=\"description\" content=\"\u201cDebo poner orden ante la falta de respeto de algunos concejales\u201d, afirm\u00f3, haciendo referencia al comportamiento inapropiado de algunos miembros del cuerpo\" \/>\n<meta name=\"robots\" content=\"index, follow, max-snippet:-1, max-image-preview:large, max-video-preview:-1\" \/>\n<link rel=\"canonical\" href=\"https:\/\/nahuelproducciones.com.ar\/radioquijano\/preocupacion-en-el-concejo-deliberante-de-campo-quijano-por-la-falta-de-reglamento-y-el-comportamiento-de-algunos-ediles\/\" \/>\n<meta property=\"og:locale\" content=\"es_ES\" \/>\n<meta property=\"og:type\" content=\"article\" \/>\n<meta property=\"og:title\" content=\"Preocupaci\u00f3n en el Concejo Deliberante de Campo Quijano por la falta de reglamento y el comportamiento de algunos ediles - RQ 99.9\" \/>\n<meta property=\"og:description\" content=\"\u201cDebo poner orden ante la falta de respeto de algunos concejales\u201d, afirm\u00f3, haciendo referencia al comportamiento inapropiado de algunos miembros del cuerpo\" \/>\n<meta property=\"og:url\" content=\"https:\/\/nahuelproducciones.com.ar\/radioquijano\/preocupacion-en-el-concejo-deliberante-de-campo-quijano-por-la-falta-de-reglamento-y-el-comportamiento-de-algunos-ediles\/\" \/>\n<meta property=\"og:site_name\" content=\"RQ 99.9\" \/>\n<meta property=\"article:publisher\" content=\"https:\/\/www.facebook.com\/nahuelproducciones999\/\" \/>\n<meta property=\"article:published_time\" content=\"2025-05-02T03:12:38+00:00\" \/>\n<meta property=\"article:modified_time\" content=\"2025-05-02T03:12:40+00:00\" \/>\n<meta property=\"og:image\" content=\"https:\/\/nahuelproducciones.com.ar\/radioquijano\/wp-content\/uploads\/2025\/05\/WhatsApp-Image-2025-05-02-at-12.05.12-AM-e1746155547108.jpeg\" \/>\n\t<meta property=\"og:image:width\" content=\"700\" \/>\n\t<meta property=\"og:image:height\" content=\"348\" \/>\n\t<meta property=\"og:image:type\" content=\"image\/jpeg\" \/>\n<meta name=\"author\" content=\"Cecilia Pastrana\" \/>\n<meta name=\"twitter:card\" content=\"summary_large_image\" \/>\n<meta name=\"twitter:creator\" content=\"@nahuproduciones\" \/>\n<meta name=\"twitter:site\" content=\"@nahuproduciones\" \/>\n<meta name=\"twitter:label1\" content=\"Escrito por\" \/>\n\t<meta name=\"twitter:data1\" content=\"Cecilia Pastrana\" \/>\n\t<meta name=\"twitter:label2\" content=\"Tiempo de lectura\" \/>\n\t<meta name=\"twitter:data2\" content=\"2 minutos\" \/>\n<script type=\"application\/ld+json\" class=\"yoast-schema-graph\">{\"@context\":\"https:\/\/schema.org\",\"@graph\":[{\"@type\":\"WebPage\",\"@id\":\"https:\/\/nahuelproducciones.com.ar\/radioquijano\/preocupacion-en-el-concejo-deliberante-de-campo-quijano-por-la-falta-de-reglamento-y-el-comportamiento-de-algunos-ediles\/\",\"url\":\"https:\/\/nahuelproducciones.com.ar\/radioquijano\/preocupacion-en-el-concejo-deliberante-de-campo-quijano-por-la-falta-de-reglamento-y-el-comportamiento-de-algunos-ediles\/\",\"name\":\"Preocupaci\u00f3n en el Concejo Deliberante de Campo Quijano por la falta de reglamento y el comportamiento de algunos ediles - RQ 99.9\",\"isPartOf\":{\"@id\":\"https:\/\/nahuelproducciones.com.ar\/radioquijano\/#website\"},\"datePublished\":\"2025-05-02T03:12:38+00:00\",\"dateModified\":\"2025-05-02T03:12:40+00:00\",\"author\":{\"@id\":\"https:\/\/nahuelproducciones.com.ar\/radioquijano\/#\/schema\/person\/e8a4f939e2cb487fe6d0c54042c9d32c\"},\"description\":\"\u201cDebo poner orden ante la falta de respeto de algunos concejales\u201d, afirm\u00f3, haciendo referencia al comportamiento inapropiado de algunos miembros del cuerpo\",\"breadcrumb\":{\"@id\":\"https:\/\/nahuelproducciones.com.ar\/radioquijano\/preocupacion-en-el-concejo-deliberante-de-campo-quijano-por-la-falta-de-reglamento-y-el-comportamiento-de-algunos-ediles\/#breadcrumb\"},\"inLanguage\":\"es\",\"potentialAction\":[{\"@type\":\"ReadAction\",\"target\":[\"https:\/\/nahuelproducciones.com.ar\/radioquijano\/preocupacion-en-el-concejo-deliberante-de-campo-quijano-por-la-falta-de-reglamento-y-el-comportamiento-de-algunos-ediles\/\"]}]},{\"@type\":\"BreadcrumbList\",\"@id\":\"https:\/\/nahuelproducciones.com.ar\/radioquijano\/preocupacion-en-el-concejo-deliberante-de-campo-quijano-por-la-falta-de-reglamento-y-el-comportamiento-de-algunos-ediles\/#breadcrumb\",\"itemListElement\":[{\"@type\":\"ListItem\",\"position\":1,\"name\":\"Portada\",\"item\":\"https:\/\/nahuelproducciones.com.ar\/radioquijano\/\"},{\"@type\":\"ListItem\",\"position\":2,\"name\":\"Preocupaci\u00f3n en el Concejo Deliberante de Campo Quijano por la falta de reglamento y el comportamiento de algunos ediles\"}]},{\"@type\":\"WebSite\",\"@id\":\"https:\/\/nahuelproducciones.com.ar\/radioquijano\/#website\",\"url\":\"https:\/\/nahuelproducciones.com.ar\/radioquijano\/\",\"name\":\"RQ 99.9\",\"description\":\"Radio Quijano 99.9 MHz\",\"potentialAction\":[{\"@type\":\"SearchAction\",\"target\":{\"@type\":\"EntryPoint\",\"urlTemplate\":\"https:\/\/nahuelproducciones.com.ar\/radioquijano\/?s={search_term_string}\"},\"query-input\":\"required name=search_term_string\"}],\"inLanguage\":\"es\"},{\"@type\":\"Person\",\"@id\":\"https:\/\/nahuelproducciones.com.ar\/radioquijano\/#\/schema\/person\/e8a4f939e2cb487fe6d0c54042c9d32c\",\"name\":\"Cecilia Pastrana\",\"image\":{\"@type\":\"ImageObject\",\"inLanguage\":\"es\",\"@id\":\"https:\/\/nahuelproducciones.com.ar\/radioquijano\/#\/schema\/person\/image\/\",\"url\":\"https:\/\/secure.gravatar.com\/avatar\/661a3ef63a8488d4f2794ed44af8cf71420f7e106f3072c40125114df5157749?s=96&d=mm&r=g\",\"contentUrl\":\"https:\/\/secure.gravatar.com\/avatar\/661a3ef63a8488d4f2794ed44af8cf71420f7e106f3072c40125114df5157749?s=96&d=mm&r=g\",\"caption\":\"Cecilia Pastrana\"},\"sameAs\":[\"cecy\"],\"url\":\"https:\/\/nahuelproducciones.com.ar\/radioquijano\/author\/cecy\/\"}]}<\/script>\n<!-- \/ Yoast SEO plugin. -->","yoast_head_json":{"title":"Preocupaci\u00f3n en el Concejo Deliberante de Campo Quijano por la falta de reglamento y el comportamiento de algunos ediles - RQ 99.9","description":"\u201cDebo poner orden ante la falta de respeto de algunos concejales\u201d, afirm\u00f3, haciendo referencia al comportamiento inapropiado de algunos miembros del cuerpo","robots":{"index":"index","follow":"follow","max-snippet":"max-snippet:-1","max-image-preview":"max-image-preview:large","max-video-preview":"max-video-preview:-1"},"canonical":"https:\/\/nahuelproducciones.com.ar\/radioquijano\/preocupacion-en-el-concejo-deliberante-de-campo-quijano-por-la-falta-de-reglamento-y-el-comportamiento-de-algunos-ediles\/","og_locale":"es_ES","og_type":"article","og_title":"Preocupaci\u00f3n en el Concejo Deliberante de Campo Quijano por la falta de reglamento y el comportamiento de algunos ediles - RQ 99.9","og_description":"\u201cDebo poner orden ante la falta de respeto de algunos concejales\u201d, afirm\u00f3, haciendo referencia al comportamiento inapropiado de algunos miembros del cuerpo","og_url":"https:\/\/nahuelproducciones.com.ar\/radioquijano\/preocupacion-en-el-concejo-deliberante-de-campo-quijano-por-la-falta-de-reglamento-y-el-comportamiento-de-algunos-ediles\/","og_site_name":"RQ 99.9","article_publisher":"https:\/\/www.facebook.com\/nahuelproducciones999\/","article_published_time":"2025-05-02T03:12:38+00:00","article_modified_time":"2025-05-02T03:12:40+00:00","og_image":[{"width":700,"height":348,"url":"https:\/\/nahuelproducciones.com.ar\/radioquijano\/wp-content\/uploads\/2025\/05\/WhatsApp-Image-2025-05-02-at-12.05.12-AM-e1746155547108.jpeg","type":"image\/jpeg"}],"author":"Cecilia Pastrana","twitter_card":"summary_large_image","twitter_creator":"@nahuproduciones","twitter_site":"@nahuproduciones","twitter_misc":{"Escrito por":"Cecilia Pastrana","Tiempo de lectura":"2 minutos"},"schema":{"@context":"https:\/\/schema.org","@graph":[{"@type":"WebPage","@id":"https:\/\/nahuelproducciones.com.ar\/radioquijano\/preocupacion-en-el-concejo-deliberante-de-campo-quijano-por-la-falta-de-reglamento-y-el-comportamiento-de-algunos-ediles\/","url":"https:\/\/nahuelproducciones.com.ar\/radioquijano\/preocupacion-en-el-concejo-deliberante-de-campo-quijano-por-la-falta-de-reglamento-y-el-comportamiento-de-algunos-ediles\/","name":"Preocupaci\u00f3n en el Concejo Deliberante de Campo Quijano por la falta de reglamento y el comportamiento de algunos ediles - RQ 99.9","isPartOf":{"@id":"https:\/\/nahuelproducciones.com.ar\/radioquijano\/#website"},"datePublished":"2025-05-02T03:12:38+00:00","dateModified":"2025-05-02T03:12:40+00:00","author":{"@id":"https:\/\/nahuelproducciones.com.ar\/radioquijano\/#\/schema\/person\/e8a4f939e2cb487fe6d0c54042c9d32c"},"description":"\u201cDebo poner orden ante la falta de respeto de algunos concejales\u201d, afirm\u00f3, haciendo referencia al comportamiento inapropiado de algunos miembros del cuerpo","breadcrumb":{"@id":"https:\/\/nahuelproducciones.com.ar\/radioquijano\/preocupacion-en-el-concejo-deliberante-de-campo-quijano-por-la-falta-de-reglamento-y-el-comportamiento-de-algunos-ediles\/#breadcrumb"},"inLanguage":"es","potentialAction":[{"@type":"ReadAction","target":["https:\/\/nahuelproducciones.com.ar\/radioquijano\/preocupacion-en-el-concejo-deliberante-de-campo-quijano-por-la-falta-de-reglamento-y-el-comportamiento-de-algunos-ediles\/"]}]},{"@type":"BreadcrumbList","@id":"https:\/\/nahuelproducciones.com.ar\/radioquijano\/preocupacion-en-el-concejo-deliberante-de-campo-quijano-por-la-falta-de-reglamento-y-el-comportamiento-de-algunos-ediles\/#breadcrumb","itemListElement":[{"@type":"ListItem","position":1,"name":"Portada","item":"https:\/\/nahuelproducciones.com.ar\/radioquijano\/"},{"@type":"ListItem","position":2,"name":"Preocupaci\u00f3n en el Concejo Deliberante de Campo Quijano por la falta de reglamento y el comportamiento de algunos ediles"}]},{"@type":"WebSite","@id":"https:\/\/nahuelproducciones.com.ar\/radioquijano\/#website","url":"https:\/\/nahuelproducciones.com.ar\/radioquijano\/","name":"RQ 99.9","description":"Radio Quijano 99.9 MHz","potentialAction":[{"@type":"SearchAction","target":{"@type":"EntryPoint","urlTemplate":"https:\/\/nahuelproducciones.com.ar\/radioquijano\/?s={search_term_string}"},"query-input":"required name=search_term_string"}],"inLanguage":"es"},{"@type":"Person","@id":"https:\/\/nahuelproducciones.com.ar\/radioquijano\/#\/schema\/person\/e8a4f939e2cb487fe6d0c54042c9d32c","name":"Cecilia Pastrana","image":{"@type":"ImageObject","inLanguage":"es","@id":"https:\/\/nahuelproducciones.com.ar\/radioquijano\/#\/schema\/person\/image\/","url":"https:\/\/secure.gravatar.com\/avatar\/661a3ef63a8488d4f2794ed44af8cf71420f7e106f3072c40125114df5157749?s=96&d=mm&r=g","contentUrl":"https:\/\/secure.gravatar.com\/avatar\/661a3ef63a8488d4f2794ed44af8cf71420f7e106f3072c40125114df5157749?s=96&d=mm&r=g","caption":"Cecilia Pastrana"},"sameAs":["cecy"],"url":"https:\/\/nahuelproducciones.com.ar\/radioquijano\/author\/cecy\/"}]}},"_links":{"self":[{"href":"https:\/\/nahuelproducciones.com.ar\/radioquijano\/wp-json\/wp\/v2\/posts\/10120","targetHints":{"allow":["GET"]}}],"collection":[{"href":"https:\/\/nahuelproducciones.com.ar\/radioquijano\/wp-json\/wp\/v2\/posts"}],"about":[{"href":"https:\/\/nahuelproducciones.com.ar\/radioquijano\/wp-json\/wp\/v2\/types\/post"}],"author":[{"embeddable":true,"href":"https:\/\/nahuelproducciones.com.ar\/radioquijano\/wp-json\/wp\/v2\/users\/8"}],"replies":[{"embeddable":true,"href":"https:\/\/nahuelproducciones.com.ar\/radioquijano\/wp-json\/wp\/v2\/comments?post=10120"}],"version-history":[{"count":1,"href":"https:\/\/nahuelproducciones.com.ar\/radioquijano\/wp-json\/wp\/v2\/posts\/10120\/revisions"}],"predecessor-version":[{"id":10123,"href":"https:\/\/nahuelproducciones.com.ar\/radioquijano\/wp-json\/wp\/v2\/posts\/10120\/revisions\/10123"}],"wp:featuredmedia":[{"embeddable":true,"href":"https:\/\/nahuelproducciones.com.ar\/radioquijano\/wp-json\/wp\/v2\/media\/10122"}],"wp:attachment":[{"href":"https:\/\/nahuelproducciones.com.ar\/radioquijano\/wp-json\/wp\/v2\/media?parent=10120"}],"wp:term":[{"taxonomy":"category","embeddable":true,"href":"https:\/\/nahuelproducciones.com.ar\/radioquijano\/wp-json\/wp\/v2\/categories?post=10120"},{"taxonomy":"post_tag","embeddable":true,"href":"https:\/\/nahuelproducciones.com.ar\/radioquijano\/wp-json\/wp\/v2\/tags?post=10120"}],"curies":[{"name":"wp","href":"https:\/\/api.w.org\/{rel}","templated":true}]}}