{"id":10124,"date":"2025-05-04T00:15:23","date_gmt":"2025-05-04T03:15:23","guid":{"rendered":"https:\/\/nahuelproducciones.com.ar\/radioquijano\/?p=10124"},"modified":"2025-05-04T00:15:26","modified_gmt":"2025-05-04T03:15:26","slug":"3-de-mayo-dia-mundial-de-la-libertad-de-prensa","status":"publish","type":"post","link":"https:\/\/nahuelproducciones.com.ar\/radioquijano\/3-de-mayo-dia-mundial-de-la-libertad-de-prensa\/","title":{"rendered":"3 de mayo: D\u00eda Mundial de la Libertad de Prensa"},"content":{"rendered":"\n<p>Hoy, 3 de mayo, se conmemora el D\u00eda Mundial de la Libertad de Prensa. No es una fecha decorativa ni un saludo vac\u00edo: es una oportunidad para pensar, en serio, c\u00f3mo se ejerce (o se limita) este derecho fundamental en nuestros pueblos.<\/p>\n\n\n\n<p>En Campo Quijano, desde Radio Quijano, seguimos firmes en nuestro compromiso con una comunicaci\u00f3n libre, plural y comunitaria. Lamentamos profundamente que el intendente municipal se niegue a dialogar <a><\/a>con este medio, y solo elija expresarse a trav\u00e9s de la radio oficialista, silenciando as\u00ed a una parte importante de la comunidad que tambi\u00e9n merece ser escuchada.<\/p>\n\n\n\n<p>La democracia no se construye con aplausos a medida, sino con di\u00e1logo, con preguntas inc\u00f3modas, con transparencia. El silencio deliberado hacia la prensa independiente es una forma de censura solapada que atenta contra el derecho del pueblo a estar informado.<\/p>\n\n\n\n<p>Pero tambi\u00e9n queremos dejar algo claro: as\u00ed como defendemos la libertad de prensa, tambi\u00e9n nos reservamos el derecho de admisi\u00f3n como medio. Hay funcionarios que han incurrido en actitudes de violencia de g\u00e9nero, hostigamiento y faltas graves hacia periodistas, especialmente mujeres. No vamos a naturalizar estas conductas ni a darles un espacio de validaci\u00f3n. No se puede hablar de democracia mientras se vulneran derechos b\u00e1sicos desde el poder.<\/p>\n\n\n\n<p>Hoy reafirmamos que no somos una radio oficialista, pero s\u00ed profundamente comprometida con la comunidad. Seguiremos abriendo el micr\u00f3fono a quien quiera hablar con respeto y honestidad, y seguiremos siendo un canal de expresi\u00f3n para las voces que muchos quieren silenciar.<\/p>\n\n\n\n<p>Porque en un pueblo chico, la libertad de prensa no es un lujo ni un adorno: es una necesidad urgente.<\/p>\n","protected":false},"excerpt":{"rendered":"<p>Hoy, 3 de mayo, se conmemora el D\u00eda Mundial de la Libertad de Prensa. No es una fecha decorativa ni un saludo vac\u00edo: es una oportunidad para pensar, en serio, c\u00f3mo se ejerce (o se limita) este derecho fundamental en nuestros pueblos. En Campo Quijano, desde Radio Quijano, seguimos firmes en nuestro compromiso con una [&hellip;]<\/p>\n","protected":false},"author":8,"featured_media":10125,"comment_status":"open","ping_status":"open","sticky":false,"template":"","format":"standard","meta":{"_monsterinsights_skip_tracking":false,"_monsterinsights_sitenote_active":false,"_monsterinsights_sitenote_note":"","_monsterinsights_sitenote_category":0,"footnotes":""},"categories":[16],"tags":[1786,100],"class_list":["post-10124","post","type-post","status-publish","format-standard","has-post-thumbnail","hentry","category-noticias","tag-dia-mundial-de-la-libertad-de-prensa","tag-municipio-de-campo-quijano"],"yoast_head":"<!-- This site is optimized with the Yoast SEO plugin v20.8 - https:\/\/yoast.com\/wordpress\/plugins\/seo\/ -->\n<title>3 de mayo: D\u00eda Mundial de la Libertad de Prensa - RQ 99.9<\/title>\n<meta name=\"description\" content=\"Porque en un pueblo chico, la libertad de prensa no es un lujo ni un adorno: es una necesidad urgente.\" \/>\n<meta name=\"robots\" content=\"index, follow, max-snippet:-1, max-image-preview:large, max-video-preview:-1\" \/>\n<link rel=\"canonical\" href=\"https:\/\/nahuelproducciones.com.ar\/radioquijano\/3-de-mayo-dia-mundial-de-la-libertad-de-prensa\/\" \/>\n<meta property=\"og:locale\" content=\"es_ES\" \/>\n<meta property=\"og:type\" content=\"article\" \/>\n<meta property=\"og:title\" content=\"3 de mayo: D\u00eda Mundial de la Libertad de Prensa - RQ 99.9\" \/>\n<meta property=\"og:description\" content=\"Porque en un pueblo chico, la libertad de prensa no es un lujo ni un adorno: es una necesidad urgente.\" \/>\n<meta property=\"og:url\" content=\"https:\/\/nahuelproducciones.com.ar\/radioquijano\/3-de-mayo-dia-mundial-de-la-libertad-de-prensa\/\" \/>\n<meta property=\"og:site_name\" content=\"RQ 99.9\" \/>\n<meta property=\"article:publisher\" content=\"https:\/\/www.facebook.com\/nahuelproducciones999\/\" \/>\n<meta property=\"article:published_time\" content=\"2025-05-04T03:15:23+00:00\" \/>\n<meta property=\"article:modified_time\" content=\"2025-05-04T03:15:26+00:00\" \/>\n<meta property=\"og:image\" content=\"https:\/\/nahuelproducciones.com.ar\/radioquijano\/wp-content\/uploads\/2025\/05\/494000590_10236065167478504_4421835195472257619_n-e1746328497390.jpg\" \/>\n\t<meta property=\"og:image:width\" content=\"700\" \/>\n\t<meta property=\"og:image:height\" content=\"700\" \/>\n\t<meta property=\"og:image:type\" content=\"image\/jpeg\" \/>\n<meta name=\"author\" content=\"Cecilia Pastrana\" \/>\n<meta name=\"twitter:card\" content=\"summary_large_image\" \/>\n<meta name=\"twitter:creator\" content=\"@nahuproduciones\" \/>\n<meta name=\"twitter:site\" content=\"@nahuproduciones\" \/>\n<meta name=\"twitter:label1\" content=\"Escrito por\" \/>\n\t<meta name=\"twitter:data1\" content=\"Cecilia Pastrana\" \/>\n\t<meta name=\"twitter:label2\" content=\"Tiempo de lectura\" \/>\n\t<meta name=\"twitter:data2\" content=\"2 minutos\" \/>\n<script type=\"application\/ld+json\" class=\"yoast-schema-graph\">{\"@context\":\"https:\/\/schema.org\",\"@graph\":[{\"@type\":\"WebPage\",\"@id\":\"https:\/\/nahuelproducciones.com.ar\/radioquijano\/3-de-mayo-dia-mundial-de-la-libertad-de-prensa\/\",\"url\":\"https:\/\/nahuelproducciones.com.ar\/radioquijano\/3-de-mayo-dia-mundial-de-la-libertad-de-prensa\/\",\"name\":\"3 de mayo: D\u00eda Mundial de la Libertad de Prensa - RQ 99.9\",\"isPartOf\":{\"@id\":\"https:\/\/nahuelproducciones.com.ar\/radioquijano\/#website\"},\"datePublished\":\"2025-05-04T03:15:23+00:00\",\"dateModified\":\"2025-05-04T03:15:26+00:00\",\"author\":{\"@id\":\"https:\/\/nahuelproducciones.com.ar\/radioquijano\/#\/schema\/person\/e8a4f939e2cb487fe6d0c54042c9d32c\"},\"description\":\"Porque en un pueblo chico, la libertad de prensa no es un lujo ni un adorno: es una necesidad urgente.\",\"breadcrumb\":{\"@id\":\"https:\/\/nahuelproducciones.com.ar\/radioquijano\/3-de-mayo-dia-mundial-de-la-libertad-de-prensa\/#breadcrumb\"},\"inLanguage\":\"es\",\"potentialAction\":[{\"@type\":\"ReadAction\",\"target\":[\"https:\/\/nahuelproducciones.com.ar\/radioquijano\/3-de-mayo-dia-mundial-de-la-libertad-de-prensa\/\"]}]},{\"@type\":\"BreadcrumbList\",\"@id\":\"https:\/\/nahuelproducciones.com.ar\/radioquijano\/3-de-mayo-dia-mundial-de-la-libertad-de-prensa\/#breadcrumb\",\"itemListElement\":[{\"@type\":\"ListItem\",\"position\":1,\"name\":\"Portada\",\"item\":\"https:\/\/nahuelproducciones.com.ar\/radioquijano\/\"},{\"@type\":\"ListItem\",\"position\":2,\"name\":\"3 de mayo: D\u00eda Mundial de la Libertad de Prensa\"}]},{\"@type\":\"WebSite\",\"@id\":\"https:\/\/nahuelproducciones.com.ar\/radioquijano\/#website\",\"url\":\"https:\/\/nahuelproducciones.com.ar\/radioquijano\/\",\"name\":\"RQ 99.9\",\"description\":\"Radio Quijano 99.9 MHz\",\"potentialAction\":[{\"@type\":\"SearchAction\",\"target\":{\"@type\":\"EntryPoint\",\"urlTemplate\":\"https:\/\/nahuelproducciones.com.ar\/radioquijano\/?s={search_term_string}\"},\"query-input\":\"required name=search_term_string\"}],\"inLanguage\":\"es\"},{\"@type\":\"Person\",\"@id\":\"https:\/\/nahuelproducciones.com.ar\/radioquijano\/#\/schema\/person\/e8a4f939e2cb487fe6d0c54042c9d32c\",\"name\":\"Cecilia Pastrana\",\"image\":{\"@type\":\"ImageObject\",\"inLanguage\":\"es\",\"@id\":\"https:\/\/nahuelproducciones.com.ar\/radioquijano\/#\/schema\/person\/image\/\",\"url\":\"https:\/\/secure.gravatar.com\/avatar\/661a3ef63a8488d4f2794ed44af8cf71420f7e106f3072c40125114df5157749?s=96&d=mm&r=g\",\"contentUrl\":\"https:\/\/secure.gravatar.com\/avatar\/661a3ef63a8488d4f2794ed44af8cf71420f7e106f3072c40125114df5157749?s=96&d=mm&r=g\",\"caption\":\"Cecilia Pastrana\"},\"sameAs\":[\"cecy\"],\"url\":\"https:\/\/nahuelproducciones.com.ar\/radioquijano\/author\/cecy\/\"}]}<\/script>\n<!-- \/ Yoast SEO plugin. -->","yoast_head_json":{"title":"3 de mayo: D\u00eda Mundial de la Libertad de Prensa - RQ 99.9","description":"Porque en un pueblo chico, la libertad de prensa no es un lujo ni un adorno: es una necesidad urgente.","robots":{"index":"index","follow":"follow","max-snippet":"max-snippet:-1","max-image-preview":"max-image-preview:large","max-video-preview":"max-video-preview:-1"},"canonical":"https:\/\/nahuelproducciones.com.ar\/radioquijano\/3-de-mayo-dia-mundial-de-la-libertad-de-prensa\/","og_locale":"es_ES","og_type":"article","og_title":"3 de mayo: D\u00eda Mundial de la Libertad de Prensa - RQ 99.9","og_description":"Porque en un pueblo chico, la libertad de prensa no es un lujo ni un adorno: es una necesidad urgente.","og_url":"https:\/\/nahuelproducciones.com.ar\/radioquijano\/3-de-mayo-dia-mundial-de-la-libertad-de-prensa\/","og_site_name":"RQ 99.9","article_publisher":"https:\/\/www.facebook.com\/nahuelproducciones999\/","article_published_time":"2025-05-04T03:15:23+00:00","article_modified_time":"2025-05-04T03:15:26+00:00","og_image":[{"width":700,"height":700,"url":"https:\/\/nahuelproducciones.com.ar\/radioquijano\/wp-content\/uploads\/2025\/05\/494000590_10236065167478504_4421835195472257619_n-e1746328497390.jpg","type":"image\/jpeg"}],"author":"Cecilia Pastrana","twitter_card":"summary_large_image","twitter_creator":"@nahuproduciones","twitter_site":"@nahuproduciones","twitter_misc":{"Escrito por":"Cecilia Pastrana","Tiempo de lectura":"2 minutos"},"schema":{"@context":"https:\/\/schema.org","@graph":[{"@type":"WebPage","@id":"https:\/\/nahuelproducciones.com.ar\/radioquijano\/3-de-mayo-dia-mundial-de-la-libertad-de-prensa\/","url":"https:\/\/nahuelproducciones.com.ar\/radioquijano\/3-de-mayo-dia-mundial-de-la-libertad-de-prensa\/","name":"3 de mayo: D\u00eda Mundial de la Libertad de Prensa - RQ 99.9","isPartOf":{"@id":"https:\/\/nahuelproducciones.com.ar\/radioquijano\/#website"},"datePublished":"2025-05-04T03:15:23+00:00","dateModified":"2025-05-04T03:15:26+00:00","author":{"@id":"https:\/\/nahuelproducciones.com.ar\/radioquijano\/#\/schema\/person\/e8a4f939e2cb487fe6d0c54042c9d32c"},"description":"Porque en un pueblo chico, la libertad de prensa no es un lujo ni un adorno: es una necesidad urgente.","breadcrumb":{"@id":"https:\/\/nahuelproducciones.com.ar\/radioquijano\/3-de-mayo-dia-mundial-de-la-libertad-de-prensa\/#breadcrumb"},"inLanguage":"es","potentialAction":[{"@type":"ReadAction","target":["https:\/\/nahuelproducciones.com.ar\/radioquijano\/3-de-mayo-dia-mundial-de-la-libertad-de-prensa\/"]}]},{"@type":"BreadcrumbList","@id":"https:\/\/nahuelproducciones.com.ar\/radioquijano\/3-de-mayo-dia-mundial-de-la-libertad-de-prensa\/#breadcrumb","itemListElement":[{"@type":"ListItem","position":1,"name":"Portada","item":"https:\/\/nahuelproducciones.com.ar\/radioquijano\/"},{"@type":"ListItem","position":2,"name":"3 de mayo: D\u00eda Mundial de la Libertad de Prensa"}]},{"@type":"WebSite","@id":"https:\/\/nahuelproducciones.com.ar\/radioquijano\/#website","url":"https:\/\/nahuelproducciones.com.ar\/radioquijano\/","name":"RQ 99.9","description":"Radio Quijano 99.9 MHz","potentialAction":[{"@type":"SearchAction","target":{"@type":"EntryPoint","urlTemplate":"https:\/\/nahuelproducciones.com.ar\/radioquijano\/?s={search_term_string}"},"query-input":"required name=search_term_string"}],"inLanguage":"es"},{"@type":"Person","@id":"https:\/\/nahuelproducciones.com.ar\/radioquijano\/#\/schema\/person\/e8a4f939e2cb487fe6d0c54042c9d32c","name":"Cecilia Pastrana","image":{"@type":"ImageObject","inLanguage":"es","@id":"https:\/\/nahuelproducciones.com.ar\/radioquijano\/#\/schema\/person\/image\/","url":"https:\/\/secure.gravatar.com\/avatar\/661a3ef63a8488d4f2794ed44af8cf71420f7e106f3072c40125114df5157749?s=96&d=mm&r=g","contentUrl":"https:\/\/secure.gravatar.com\/avatar\/661a3ef63a8488d4f2794ed44af8cf71420f7e106f3072c40125114df5157749?s=96&d=mm&r=g","caption":"Cecilia Pastrana"},"sameAs":["cecy"],"url":"https:\/\/nahuelproducciones.com.ar\/radioquijano\/author\/cecy\/"}]}},"_links":{"self":[{"href":"https:\/\/nahuelproducciones.com.ar\/radioquijano\/wp-json\/wp\/v2\/posts\/10124","targetHints":{"allow":["GET"]}}],"collection":[{"href":"https:\/\/nahuelproducciones.com.ar\/radioquijano\/wp-json\/wp\/v2\/posts"}],"about":[{"href":"https:\/\/nahuelproducciones.com.ar\/radioquijano\/wp-json\/wp\/v2\/types\/post"}],"author":[{"embeddable":true,"href":"https:\/\/nahuelproducciones.com.ar\/radioquijano\/wp-json\/wp\/v2\/users\/8"}],"replies":[{"embeddable":true,"href":"https:\/\/nahuelproducciones.com.ar\/radioquijano\/wp-json\/wp\/v2\/comments?post=10124"}],"version-history":[{"count":1,"href":"https:\/\/nahuelproducciones.com.ar\/radioquijano\/wp-json\/wp\/v2\/posts\/10124\/revisions"}],"predecessor-version":[{"id":10126,"href":"https:\/\/nahuelproducciones.com.ar\/radioquijano\/wp-json\/wp\/v2\/posts\/10124\/revisions\/10126"}],"wp:featuredmedia":[{"embeddable":true,"href":"https:\/\/nahuelproducciones.com.ar\/radioquijano\/wp-json\/wp\/v2\/media\/10125"}],"wp:attachment":[{"href":"https:\/\/nahuelproducciones.com.ar\/radioquijano\/wp-json\/wp\/v2\/media?parent=10124"}],"wp:term":[{"taxonomy":"category","embeddable":true,"href":"https:\/\/nahuelproducciones.com.ar\/radioquijano\/wp-json\/wp\/v2\/categories?post=10124"},{"taxonomy":"post_tag","embeddable":true,"href":"https:\/\/nahuelproducciones.com.ar\/radioquijano\/wp-json\/wp\/v2\/tags?post=10124"}],"curies":[{"name":"wp","href":"https:\/\/api.w.org\/{rel}","templated":true}]}}