{"id":10127,"date":"2025-05-04T00:18:15","date_gmt":"2025-05-04T03:18:15","guid":{"rendered":"https:\/\/nahuelproducciones.com.ar\/radioquijano\/?p=10127"},"modified":"2025-05-04T00:18:21","modified_gmt":"2025-05-04T03:18:21","slug":"tiempo-de-promesas-tiempo-de-realidad","status":"publish","type":"post","link":"https:\/\/nahuelproducciones.com.ar\/radioquijano\/tiempo-de-promesas-tiempo-de-realidad\/","title":{"rendered":"\u00abTiempo de promesas, tiempo de realidad\u00bb"},"content":{"rendered":"\n<p>Estamos en plena campa\u00f1a. Una vez m\u00e1s, los carteles, los jingles y los saludos apurados en las esquinas intentan despertar el inter\u00e9s de una ciudadan\u00eda que, en su mayor\u00eda, ya no cree. La pol\u00edtica se convirti\u00f3 en una carrera por ver qui\u00e9n tiene m\u00e1s recursos, m\u00e1s pauta, m\u00e1s visibilidad&#8230; aunque falte lo m\u00e1s importante: las ideas y el compromiso real.<\/p>\n\n\n\n<p>Muchos candidatos, con pocas herramientas pero muchas ganas, caminan las calles sin promesas vac\u00edas, buscando ser escuchados. Lo hacen en silencio, sin shows ni sorteos, apelando a una esperanza que parece estar en extinci\u00f3n. Mientras tanto, otros se alinean obedientes a estructuras que solo buscan sostener lo mismo de siempre, cerrando el paso a la diversidad, al disenso, a la verdadera representaci\u00f3n.<\/p>\n\n\n\n<p>\u00bfPara qu\u00e9 se candidatean?, se preguntan los vecinos. \u00bfQu\u00e9 quieren cambiar, si nunca escuchan? \u00bfC\u00f3mo piensan representar, si ya est\u00e1n alineados antes de llegar?<\/p>\n\n\n\n<p>No se trata solo de elegir. Se trata de abrir los ojos. Porque cuando las campa\u00f1as se alejan tanto de la realidad, cuando las promesas se construyen como castillos en el aire, el abismo se acerca. Y no lo empujan ellos solos: lo empujamos todos si elegimos desde el cansancio o la costumbre.<\/p>\n\n\n\n<p>Es tiempo de exigir m\u00e1s que palabras. Es tiempo de preguntar, de dudar, de pensar. Porque si seguimos eligiendo a los que ya estuvieron sin cambiar nada, no esperemos que algo cambie.<\/p>\n","protected":false},"excerpt":{"rendered":"<p>Estamos en plena campa\u00f1a. Una vez m\u00e1s, los carteles, los jingles y los saludos apurados en las esquinas intentan despertar el inter\u00e9s de una ciudadan\u00eda que, en su mayor\u00eda, ya no cree. La pol\u00edtica se convirti\u00f3 en una carrera por ver qui\u00e9n tiene m\u00e1s recursos, m\u00e1s pauta, m\u00e1s visibilidad&#8230; aunque falte lo m\u00e1s importante: las [&hellip;]<\/p>\n","protected":false},"author":8,"featured_media":10128,"comment_status":"open","ping_status":"open","sticky":false,"template":"","format":"standard","meta":{"_monsterinsights_skip_tracking":false,"_monsterinsights_sitenote_active":false,"_monsterinsights_sitenote_note":"","_monsterinsights_sitenote_category":0,"footnotes":""},"categories":[16],"tags":[1787,1761,100],"class_list":["post-10127","post","type-post","status-publish","format-standard","has-post-thumbnail","hentry","category-noticias","tag-11-de-mayo-2025","tag-elecciones-legislativas","tag-municipio-de-campo-quijano"],"yoast_head":"<!-- This site is optimized with the Yoast SEO plugin v20.8 - https:\/\/yoast.com\/wordpress\/plugins\/seo\/ -->\n<title>&quot;Tiempo de promesas, tiempo de realidad&quot; - RQ 99.9<\/title>\n<meta name=\"description\" content=\"Es tiempo de exigir m\u00e1s que palabras. Es tiempo de preguntar, de dudar, de pensar. Porque si seguimos eligiendo a los que ya estuvieron sin cambiar nada, no esperemos que algo cambie.\" \/>\n<meta name=\"robots\" content=\"index, follow, max-snippet:-1, max-image-preview:large, max-video-preview:-1\" \/>\n<link rel=\"canonical\" href=\"https:\/\/nahuelproducciones.com.ar\/radioquijano\/tiempo-de-promesas-tiempo-de-realidad\/\" \/>\n<meta property=\"og:locale\" content=\"es_ES\" \/>\n<meta property=\"og:type\" content=\"article\" \/>\n<meta property=\"og:title\" content=\"&quot;Tiempo de promesas, tiempo de realidad&quot; - RQ 99.9\" \/>\n<meta property=\"og:description\" content=\"Es tiempo de exigir m\u00e1s que palabras. Es tiempo de preguntar, de dudar, de pensar. Porque si seguimos eligiendo a los que ya estuvieron sin cambiar nada, no esperemos que algo cambie.\" \/>\n<meta property=\"og:url\" content=\"https:\/\/nahuelproducciones.com.ar\/radioquijano\/tiempo-de-promesas-tiempo-de-realidad\/\" \/>\n<meta property=\"og:site_name\" content=\"RQ 99.9\" \/>\n<meta property=\"article:publisher\" content=\"https:\/\/www.facebook.com\/nahuelproducciones999\/\" \/>\n<meta property=\"article:published_time\" content=\"2025-05-04T03:18:15+00:00\" \/>\n<meta property=\"article:modified_time\" content=\"2025-05-04T03:18:21+00:00\" \/>\n<meta property=\"og:image\" content=\"https:\/\/nahuelproducciones.com.ar\/radioquijano\/wp-content\/uploads\/2025\/05\/ChatGPT-Image-4-may-2025-12_10_35-a.m-e1746328685785.png\" \/>\n\t<meta property=\"og:image:width\" content=\"700\" \/>\n\t<meta property=\"og:image:height\" content=\"1050\" \/>\n\t<meta property=\"og:image:type\" content=\"image\/png\" \/>\n<meta name=\"author\" content=\"Cecilia Pastrana\" \/>\n<meta name=\"twitter:card\" content=\"summary_large_image\" \/>\n<meta name=\"twitter:creator\" content=\"@nahuproduciones\" \/>\n<meta name=\"twitter:site\" content=\"@nahuproduciones\" \/>\n<meta name=\"twitter:label1\" content=\"Escrito por\" \/>\n\t<meta name=\"twitter:data1\" content=\"Cecilia Pastrana\" \/>\n\t<meta name=\"twitter:label2\" content=\"Tiempo de lectura\" \/>\n\t<meta name=\"twitter:data2\" content=\"2 minutos\" \/>\n<script type=\"application\/ld+json\" class=\"yoast-schema-graph\">{\"@context\":\"https:\/\/schema.org\",\"@graph\":[{\"@type\":\"WebPage\",\"@id\":\"https:\/\/nahuelproducciones.com.ar\/radioquijano\/tiempo-de-promesas-tiempo-de-realidad\/\",\"url\":\"https:\/\/nahuelproducciones.com.ar\/radioquijano\/tiempo-de-promesas-tiempo-de-realidad\/\",\"name\":\"\\\"Tiempo de promesas, tiempo de realidad\\\" - RQ 99.9\",\"isPartOf\":{\"@id\":\"https:\/\/nahuelproducciones.com.ar\/radioquijano\/#website\"},\"datePublished\":\"2025-05-04T03:18:15+00:00\",\"dateModified\":\"2025-05-04T03:18:21+00:00\",\"author\":{\"@id\":\"https:\/\/nahuelproducciones.com.ar\/radioquijano\/#\/schema\/person\/e8a4f939e2cb487fe6d0c54042c9d32c\"},\"description\":\"Es tiempo de exigir m\u00e1s que palabras. Es tiempo de preguntar, de dudar, de pensar. Porque si seguimos eligiendo a los que ya estuvieron sin cambiar nada, no esperemos que algo cambie.\",\"breadcrumb\":{\"@id\":\"https:\/\/nahuelproducciones.com.ar\/radioquijano\/tiempo-de-promesas-tiempo-de-realidad\/#breadcrumb\"},\"inLanguage\":\"es\",\"potentialAction\":[{\"@type\":\"ReadAction\",\"target\":[\"https:\/\/nahuelproducciones.com.ar\/radioquijano\/tiempo-de-promesas-tiempo-de-realidad\/\"]}]},{\"@type\":\"BreadcrumbList\",\"@id\":\"https:\/\/nahuelproducciones.com.ar\/radioquijano\/tiempo-de-promesas-tiempo-de-realidad\/#breadcrumb\",\"itemListElement\":[{\"@type\":\"ListItem\",\"position\":1,\"name\":\"Portada\",\"item\":\"https:\/\/nahuelproducciones.com.ar\/radioquijano\/\"},{\"@type\":\"ListItem\",\"position\":2,\"name\":\"&#8220;Tiempo de promesas, tiempo de realidad&#8221;\"}]},{\"@type\":\"WebSite\",\"@id\":\"https:\/\/nahuelproducciones.com.ar\/radioquijano\/#website\",\"url\":\"https:\/\/nahuelproducciones.com.ar\/radioquijano\/\",\"name\":\"RQ 99.9\",\"description\":\"Radio Quijano 99.9 MHz\",\"potentialAction\":[{\"@type\":\"SearchAction\",\"target\":{\"@type\":\"EntryPoint\",\"urlTemplate\":\"https:\/\/nahuelproducciones.com.ar\/radioquijano\/?s={search_term_string}\"},\"query-input\":\"required name=search_term_string\"}],\"inLanguage\":\"es\"},{\"@type\":\"Person\",\"@id\":\"https:\/\/nahuelproducciones.com.ar\/radioquijano\/#\/schema\/person\/e8a4f939e2cb487fe6d0c54042c9d32c\",\"name\":\"Cecilia Pastrana\",\"image\":{\"@type\":\"ImageObject\",\"inLanguage\":\"es\",\"@id\":\"https:\/\/nahuelproducciones.com.ar\/radioquijano\/#\/schema\/person\/image\/\",\"url\":\"https:\/\/secure.gravatar.com\/avatar\/661a3ef63a8488d4f2794ed44af8cf71420f7e106f3072c40125114df5157749?s=96&d=mm&r=g\",\"contentUrl\":\"https:\/\/secure.gravatar.com\/avatar\/661a3ef63a8488d4f2794ed44af8cf71420f7e106f3072c40125114df5157749?s=96&d=mm&r=g\",\"caption\":\"Cecilia Pastrana\"},\"sameAs\":[\"cecy\"],\"url\":\"https:\/\/nahuelproducciones.com.ar\/radioquijano\/author\/cecy\/\"}]}<\/script>\n<!-- \/ Yoast SEO plugin. -->","yoast_head_json":{"title":"\"Tiempo de promesas, tiempo de realidad\" - RQ 99.9","description":"Es tiempo de exigir m\u00e1s que palabras. Es tiempo de preguntar, de dudar, de pensar. Porque si seguimos eligiendo a los que ya estuvieron sin cambiar nada, no esperemos que algo cambie.","robots":{"index":"index","follow":"follow","max-snippet":"max-snippet:-1","max-image-preview":"max-image-preview:large","max-video-preview":"max-video-preview:-1"},"canonical":"https:\/\/nahuelproducciones.com.ar\/radioquijano\/tiempo-de-promesas-tiempo-de-realidad\/","og_locale":"es_ES","og_type":"article","og_title":"\"Tiempo de promesas, tiempo de realidad\" - RQ 99.9","og_description":"Es tiempo de exigir m\u00e1s que palabras. Es tiempo de preguntar, de dudar, de pensar. Porque si seguimos eligiendo a los que ya estuvieron sin cambiar nada, no esperemos que algo cambie.","og_url":"https:\/\/nahuelproducciones.com.ar\/radioquijano\/tiempo-de-promesas-tiempo-de-realidad\/","og_site_name":"RQ 99.9","article_publisher":"https:\/\/www.facebook.com\/nahuelproducciones999\/","article_published_time":"2025-05-04T03:18:15+00:00","article_modified_time":"2025-05-04T03:18:21+00:00","og_image":[{"width":700,"height":1050,"url":"https:\/\/nahuelproducciones.com.ar\/radioquijano\/wp-content\/uploads\/2025\/05\/ChatGPT-Image-4-may-2025-12_10_35-a.m-e1746328685785.png","type":"image\/png"}],"author":"Cecilia Pastrana","twitter_card":"summary_large_image","twitter_creator":"@nahuproduciones","twitter_site":"@nahuproduciones","twitter_misc":{"Escrito por":"Cecilia Pastrana","Tiempo de lectura":"2 minutos"},"schema":{"@context":"https:\/\/schema.org","@graph":[{"@type":"WebPage","@id":"https:\/\/nahuelproducciones.com.ar\/radioquijano\/tiempo-de-promesas-tiempo-de-realidad\/","url":"https:\/\/nahuelproducciones.com.ar\/radioquijano\/tiempo-de-promesas-tiempo-de-realidad\/","name":"\"Tiempo de promesas, tiempo de realidad\" - RQ 99.9","isPartOf":{"@id":"https:\/\/nahuelproducciones.com.ar\/radioquijano\/#website"},"datePublished":"2025-05-04T03:18:15+00:00","dateModified":"2025-05-04T03:18:21+00:00","author":{"@id":"https:\/\/nahuelproducciones.com.ar\/radioquijano\/#\/schema\/person\/e8a4f939e2cb487fe6d0c54042c9d32c"},"description":"Es tiempo de exigir m\u00e1s que palabras. Es tiempo de preguntar, de dudar, de pensar. Porque si seguimos eligiendo a los que ya estuvieron sin cambiar nada, no esperemos que algo cambie.","breadcrumb":{"@id":"https:\/\/nahuelproducciones.com.ar\/radioquijano\/tiempo-de-promesas-tiempo-de-realidad\/#breadcrumb"},"inLanguage":"es","potentialAction":[{"@type":"ReadAction","target":["https:\/\/nahuelproducciones.com.ar\/radioquijano\/tiempo-de-promesas-tiempo-de-realidad\/"]}]},{"@type":"BreadcrumbList","@id":"https:\/\/nahuelproducciones.com.ar\/radioquijano\/tiempo-de-promesas-tiempo-de-realidad\/#breadcrumb","itemListElement":[{"@type":"ListItem","position":1,"name":"Portada","item":"https:\/\/nahuelproducciones.com.ar\/radioquijano\/"},{"@type":"ListItem","position":2,"name":"&#8220;Tiempo de promesas, tiempo de realidad&#8221;"}]},{"@type":"WebSite","@id":"https:\/\/nahuelproducciones.com.ar\/radioquijano\/#website","url":"https:\/\/nahuelproducciones.com.ar\/radioquijano\/","name":"RQ 99.9","description":"Radio Quijano 99.9 MHz","potentialAction":[{"@type":"SearchAction","target":{"@type":"EntryPoint","urlTemplate":"https:\/\/nahuelproducciones.com.ar\/radioquijano\/?s={search_term_string}"},"query-input":"required name=search_term_string"}],"inLanguage":"es"},{"@type":"Person","@id":"https:\/\/nahuelproducciones.com.ar\/radioquijano\/#\/schema\/person\/e8a4f939e2cb487fe6d0c54042c9d32c","name":"Cecilia Pastrana","image":{"@type":"ImageObject","inLanguage":"es","@id":"https:\/\/nahuelproducciones.com.ar\/radioquijano\/#\/schema\/person\/image\/","url":"https:\/\/secure.gravatar.com\/avatar\/661a3ef63a8488d4f2794ed44af8cf71420f7e106f3072c40125114df5157749?s=96&d=mm&r=g","contentUrl":"https:\/\/secure.gravatar.com\/avatar\/661a3ef63a8488d4f2794ed44af8cf71420f7e106f3072c40125114df5157749?s=96&d=mm&r=g","caption":"Cecilia Pastrana"},"sameAs":["cecy"],"url":"https:\/\/nahuelproducciones.com.ar\/radioquijano\/author\/cecy\/"}]}},"_links":{"self":[{"href":"https:\/\/nahuelproducciones.com.ar\/radioquijano\/wp-json\/wp\/v2\/posts\/10127","targetHints":{"allow":["GET"]}}],"collection":[{"href":"https:\/\/nahuelproducciones.com.ar\/radioquijano\/wp-json\/wp\/v2\/posts"}],"about":[{"href":"https:\/\/nahuelproducciones.com.ar\/radioquijano\/wp-json\/wp\/v2\/types\/post"}],"author":[{"embeddable":true,"href":"https:\/\/nahuelproducciones.com.ar\/radioquijano\/wp-json\/wp\/v2\/users\/8"}],"replies":[{"embeddable":true,"href":"https:\/\/nahuelproducciones.com.ar\/radioquijano\/wp-json\/wp\/v2\/comments?post=10127"}],"version-history":[{"count":1,"href":"https:\/\/nahuelproducciones.com.ar\/radioquijano\/wp-json\/wp\/v2\/posts\/10127\/revisions"}],"predecessor-version":[{"id":10129,"href":"https:\/\/nahuelproducciones.com.ar\/radioquijano\/wp-json\/wp\/v2\/posts\/10127\/revisions\/10129"}],"wp:featuredmedia":[{"embeddable":true,"href":"https:\/\/nahuelproducciones.com.ar\/radioquijano\/wp-json\/wp\/v2\/media\/10128"}],"wp:attachment":[{"href":"https:\/\/nahuelproducciones.com.ar\/radioquijano\/wp-json\/wp\/v2\/media?parent=10127"}],"wp:term":[{"taxonomy":"category","embeddable":true,"href":"https:\/\/nahuelproducciones.com.ar\/radioquijano\/wp-json\/wp\/v2\/categories?post=10127"},{"taxonomy":"post_tag","embeddable":true,"href":"https:\/\/nahuelproducciones.com.ar\/radioquijano\/wp-json\/wp\/v2\/tags?post=10127"}],"curies":[{"name":"wp","href":"https:\/\/api.w.org\/{rel}","templated":true}]}}