{"id":10130,"date":"2025-05-04T15:56:08","date_gmt":"2025-05-04T18:56:08","guid":{"rendered":"https:\/\/nahuelproducciones.com.ar\/radioquijano\/?p=10130"},"modified":"2025-05-04T15:56:09","modified_gmt":"2025-05-04T18:56:09","slug":"corredor-minero-terrible-choque-en-la-ruta-nacional-51-tres-heridos-graves","status":"publish","type":"post","link":"https:\/\/nahuelproducciones.com.ar\/radioquijano\/corredor-minero-terrible-choque-en-la-ruta-nacional-51-tres-heridos-graves\/","title":{"rendered":"CORREDOR MINERO \/ Terrible choque en la ruta nacional 51: tres heridos graves"},"content":{"rendered":"\n<p>Un violento impacto frontal entre una camioneta y un autom\u00f3vil cerca de Chorrillos dej\u00f3 como saldo tres personas con heridas de consideraci\u00f3n, quienes debieron ser trasladadas de urgencia.<\/p>\n\n\n\n<p>Un&nbsp;<strong>siniestro vial<\/strong>&nbsp;de gran magnitud conmocion\u00f3 la tarde de ayer en la&nbsp;<strong>ruta nacional 51<\/strong>, a pocos kil\u00f3metros de&nbsp;<strong>Chorrillos<\/strong>, en pleno<strong>&nbsp;Corredor Minero<\/strong>. El<strong>&nbsp;choque<\/strong>, que tuvo como protagonistas a una camioneta&nbsp;<strong>Ford Ranger blanca y un VW Gol bord\u00f3<\/strong>, dej\u00f3 un saldo de&nbsp;<strong>tres personas heridas de gravedad<\/strong>, quienes fueron r\u00e1pidamente asistidas y trasladadas en&nbsp;<strong>c\u00f3digo rojo&nbsp;<\/strong>a centros de salud de la capital.<\/p>\n\n\n\n<p>Seg\u00fan las primeras informaciones recabadas en el lugar del hecho, la camioneta&nbsp;<strong>Ford Ranger<\/strong>&nbsp;era ocupada por una&nbsp;<strong>pareja oriunda de Mar del Plata<\/strong>, quienes se encontraban descendiendo desde la&nbsp;<strong>localidad de San Antonio de los Cobres<\/strong>. Por otro lado, el&nbsp;<strong>VW Gol&nbsp;<\/strong>transportaba a&nbsp;<strong>tres personas residentes de la zona.<\/strong><\/p>\n\n\n\n<p>El&nbsp;<strong>impacto frontal<\/strong>, cuyas causas a\u00fan se investigan, fue de tal violencia que ambos veh\u00edculos sufrieron&nbsp;<strong>importantes da\u00f1os materiales<\/strong>. Personal policial y de bomberos trabajaron arduamente en el lugar para rescatar a los heridos, quienes presentaban&nbsp;<strong>politraumatismos severos.<\/strong><\/p>\n\n\n\n<p>Las&nbsp;<strong>identidades&nbsp;<\/strong>de los involucrados no fueron reveladas todav\u00eda, mientras que se realizaron las pericias correspondientes para determinar las circunstancias que desencadenaron este lamentable suceso. La&nbsp;<strong>ruta 51<\/strong>&nbsp;permaneci\u00f3 parcialmente interrumpida durante varias horas, generando<strong>&nbsp;demoras en el tr\u00e1nsito<\/strong>. Este nuevo&nbsp;<strong>incidente vial&nbsp;<\/strong>vuelve a poner de manifiesto la necesidad de&nbsp;<strong>extremar las precauciones al conducir por el Corredor Minero<\/strong>.<\/p>\n\n\n\n<p>Fuente: Salta Mining<\/p>\n","protected":false},"excerpt":{"rendered":"<p>Un violento impacto frontal entre una camioneta y un autom\u00f3vil cerca de Chorrillos dej\u00f3 como saldo tres personas con heridas de consideraci\u00f3n, quienes debieron ser trasladadas de urgencia. Un&nbsp;siniestro vial&nbsp;de gran magnitud conmocion\u00f3 la tarde de ayer en la&nbsp;ruta nacional 51, a pocos kil\u00f3metros de&nbsp;Chorrillos, en pleno&nbsp;Corredor Minero. El&nbsp;choque, que tuvo como protagonistas a una [&hellip;]<\/p>\n","protected":false},"author":8,"featured_media":10131,"comment_status":"open","ping_status":"open","sticky":false,"template":"","format":"standard","meta":{"_monsterinsights_skip_tracking":false,"_monsterinsights_sitenote_active":false,"_monsterinsights_sitenote_note":"","_monsterinsights_sitenote_category":0,"footnotes":""},"categories":[16],"tags":[1788,100,149,1667],"class_list":["post-10130","post","type-post","status-publish","format-standard","has-post-thumbnail","hentry","category-noticias","tag-chorrillos","tag-municipio-de-campo-quijano","tag-ruta-51","tag-siniestro-vial"],"yoast_head":"<!-- This site is optimized with the Yoast SEO plugin v20.8 - https:\/\/yoast.com\/wordpress\/plugins\/seo\/ -->\n<title>CORREDOR MINERO \/ Terrible choque en la ruta nacional 51: tres heridos graves - RQ 99.9<\/title>\n<meta name=\"description\" content=\"Este nuevo\u00a0incidente vial\u00a0vuelve a poner de manifiesto la necesidad de\u00a0extremar las precauciones al conducir por el Corredor Minero.\" \/>\n<meta name=\"robots\" content=\"index, follow, max-snippet:-1, max-image-preview:large, max-video-preview:-1\" \/>\n<link rel=\"canonical\" href=\"https:\/\/nahuelproducciones.com.ar\/radioquijano\/corredor-minero-terrible-choque-en-la-ruta-nacional-51-tres-heridos-graves\/\" \/>\n<meta property=\"og:locale\" content=\"es_ES\" \/>\n<meta property=\"og:type\" content=\"article\" \/>\n<meta property=\"og:title\" content=\"CORREDOR MINERO \/ Terrible choque en la ruta nacional 51: tres heridos graves - RQ 99.9\" \/>\n<meta property=\"og:description\" content=\"Este nuevo\u00a0incidente vial\u00a0vuelve a poner de manifiesto la necesidad de\u00a0extremar las precauciones al conducir por el Corredor Minero.\" \/>\n<meta property=\"og:url\" content=\"https:\/\/nahuelproducciones.com.ar\/radioquijano\/corredor-minero-terrible-choque-en-la-ruta-nacional-51-tres-heridos-graves\/\" \/>\n<meta property=\"og:site_name\" content=\"RQ 99.9\" \/>\n<meta property=\"article:publisher\" content=\"https:\/\/www.facebook.com\/nahuelproducciones999\/\" \/>\n<meta property=\"article:published_time\" content=\"2025-05-04T18:56:08+00:00\" \/>\n<meta property=\"article:modified_time\" content=\"2025-05-04T18:56:09+00:00\" \/>\n<meta property=\"og:image\" content=\"https:\/\/nahuelproducciones.com.ar\/radioquijano\/wp-content\/uploads\/2025\/05\/multimedia.normal.890819ce4af23fe4.bm9ybWFsLndlYnA.webp\" \/>\n\t<meta property=\"og:image:width\" content=\"720\" \/>\n\t<meta property=\"og:image:height\" content=\"530\" \/>\n\t<meta property=\"og:image:type\" content=\"image\/webp\" \/>\n<meta name=\"author\" content=\"Cecilia Pastrana\" \/>\n<meta name=\"twitter:card\" content=\"summary_large_image\" \/>\n<meta name=\"twitter:creator\" content=\"@nahuproduciones\" \/>\n<meta name=\"twitter:site\" content=\"@nahuproduciones\" \/>\n<meta name=\"twitter:label1\" content=\"Escrito por\" \/>\n\t<meta name=\"twitter:data1\" content=\"Cecilia Pastrana\" \/>\n\t<meta name=\"twitter:label2\" content=\"Tiempo de lectura\" \/>\n\t<meta name=\"twitter:data2\" content=\"2 minutos\" \/>\n<script type=\"application\/ld+json\" class=\"yoast-schema-graph\">{\"@context\":\"https:\/\/schema.org\",\"@graph\":[{\"@type\":\"WebPage\",\"@id\":\"https:\/\/nahuelproducciones.com.ar\/radioquijano\/corredor-minero-terrible-choque-en-la-ruta-nacional-51-tres-heridos-graves\/\",\"url\":\"https:\/\/nahuelproducciones.com.ar\/radioquijano\/corredor-minero-terrible-choque-en-la-ruta-nacional-51-tres-heridos-graves\/\",\"name\":\"CORREDOR MINERO \/ Terrible choque en la ruta nacional 51: tres heridos graves - RQ 99.9\",\"isPartOf\":{\"@id\":\"https:\/\/nahuelproducciones.com.ar\/radioquijano\/#website\"},\"datePublished\":\"2025-05-04T18:56:08+00:00\",\"dateModified\":\"2025-05-04T18:56:09+00:00\",\"author\":{\"@id\":\"https:\/\/nahuelproducciones.com.ar\/radioquijano\/#\/schema\/person\/e8a4f939e2cb487fe6d0c54042c9d32c\"},\"description\":\"Este nuevo\u00a0incidente vial\u00a0vuelve a poner de manifiesto la necesidad de\u00a0extremar las precauciones al conducir por el Corredor Minero.\",\"breadcrumb\":{\"@id\":\"https:\/\/nahuelproducciones.com.ar\/radioquijano\/corredor-minero-terrible-choque-en-la-ruta-nacional-51-tres-heridos-graves\/#breadcrumb\"},\"inLanguage\":\"es\",\"potentialAction\":[{\"@type\":\"ReadAction\",\"target\":[\"https:\/\/nahuelproducciones.com.ar\/radioquijano\/corredor-minero-terrible-choque-en-la-ruta-nacional-51-tres-heridos-graves\/\"]}]},{\"@type\":\"BreadcrumbList\",\"@id\":\"https:\/\/nahuelproducciones.com.ar\/radioquijano\/corredor-minero-terrible-choque-en-la-ruta-nacional-51-tres-heridos-graves\/#breadcrumb\",\"itemListElement\":[{\"@type\":\"ListItem\",\"position\":1,\"name\":\"Portada\",\"item\":\"https:\/\/nahuelproducciones.com.ar\/radioquijano\/\"},{\"@type\":\"ListItem\",\"position\":2,\"name\":\"CORREDOR MINERO \/ Terrible choque en la ruta nacional 51: tres heridos graves\"}]},{\"@type\":\"WebSite\",\"@id\":\"https:\/\/nahuelproducciones.com.ar\/radioquijano\/#website\",\"url\":\"https:\/\/nahuelproducciones.com.ar\/radioquijano\/\",\"name\":\"RQ 99.9\",\"description\":\"Radio Quijano 99.9 MHz\",\"potentialAction\":[{\"@type\":\"SearchAction\",\"target\":{\"@type\":\"EntryPoint\",\"urlTemplate\":\"https:\/\/nahuelproducciones.com.ar\/radioquijano\/?s={search_term_string}\"},\"query-input\":\"required name=search_term_string\"}],\"inLanguage\":\"es\"},{\"@type\":\"Person\",\"@id\":\"https:\/\/nahuelproducciones.com.ar\/radioquijano\/#\/schema\/person\/e8a4f939e2cb487fe6d0c54042c9d32c\",\"name\":\"Cecilia Pastrana\",\"image\":{\"@type\":\"ImageObject\",\"inLanguage\":\"es\",\"@id\":\"https:\/\/nahuelproducciones.com.ar\/radioquijano\/#\/schema\/person\/image\/\",\"url\":\"https:\/\/secure.gravatar.com\/avatar\/661a3ef63a8488d4f2794ed44af8cf71420f7e106f3072c40125114df5157749?s=96&d=mm&r=g\",\"contentUrl\":\"https:\/\/secure.gravatar.com\/avatar\/661a3ef63a8488d4f2794ed44af8cf71420f7e106f3072c40125114df5157749?s=96&d=mm&r=g\",\"caption\":\"Cecilia Pastrana\"},\"sameAs\":[\"cecy\"],\"url\":\"https:\/\/nahuelproducciones.com.ar\/radioquijano\/author\/cecy\/\"}]}<\/script>\n<!-- \/ Yoast SEO plugin. -->","yoast_head_json":{"title":"CORREDOR MINERO \/ Terrible choque en la ruta nacional 51: tres heridos graves - RQ 99.9","description":"Este nuevo\u00a0incidente vial\u00a0vuelve a poner de manifiesto la necesidad de\u00a0extremar las precauciones al conducir por el Corredor Minero.","robots":{"index":"index","follow":"follow","max-snippet":"max-snippet:-1","max-image-preview":"max-image-preview:large","max-video-preview":"max-video-preview:-1"},"canonical":"https:\/\/nahuelproducciones.com.ar\/radioquijano\/corredor-minero-terrible-choque-en-la-ruta-nacional-51-tres-heridos-graves\/","og_locale":"es_ES","og_type":"article","og_title":"CORREDOR MINERO \/ Terrible choque en la ruta nacional 51: tres heridos graves - RQ 99.9","og_description":"Este nuevo\u00a0incidente vial\u00a0vuelve a poner de manifiesto la necesidad de\u00a0extremar las precauciones al conducir por el Corredor Minero.","og_url":"https:\/\/nahuelproducciones.com.ar\/radioquijano\/corredor-minero-terrible-choque-en-la-ruta-nacional-51-tres-heridos-graves\/","og_site_name":"RQ 99.9","article_publisher":"https:\/\/www.facebook.com\/nahuelproducciones999\/","article_published_time":"2025-05-04T18:56:08+00:00","article_modified_time":"2025-05-04T18:56:09+00:00","og_image":[{"width":720,"height":530,"url":"https:\/\/nahuelproducciones.com.ar\/radioquijano\/wp-content\/uploads\/2025\/05\/multimedia.normal.890819ce4af23fe4.bm9ybWFsLndlYnA.webp","type":"image\/webp"}],"author":"Cecilia Pastrana","twitter_card":"summary_large_image","twitter_creator":"@nahuproduciones","twitter_site":"@nahuproduciones","twitter_misc":{"Escrito por":"Cecilia Pastrana","Tiempo de lectura":"2 minutos"},"schema":{"@context":"https:\/\/schema.org","@graph":[{"@type":"WebPage","@id":"https:\/\/nahuelproducciones.com.ar\/radioquijano\/corredor-minero-terrible-choque-en-la-ruta-nacional-51-tres-heridos-graves\/","url":"https:\/\/nahuelproducciones.com.ar\/radioquijano\/corredor-minero-terrible-choque-en-la-ruta-nacional-51-tres-heridos-graves\/","name":"CORREDOR MINERO \/ Terrible choque en la ruta nacional 51: tres heridos graves - RQ 99.9","isPartOf":{"@id":"https:\/\/nahuelproducciones.com.ar\/radioquijano\/#website"},"datePublished":"2025-05-04T18:56:08+00:00","dateModified":"2025-05-04T18:56:09+00:00","author":{"@id":"https:\/\/nahuelproducciones.com.ar\/radioquijano\/#\/schema\/person\/e8a4f939e2cb487fe6d0c54042c9d32c"},"description":"Este nuevo\u00a0incidente vial\u00a0vuelve a poner de manifiesto la necesidad de\u00a0extremar las precauciones al conducir por el Corredor Minero.","breadcrumb":{"@id":"https:\/\/nahuelproducciones.com.ar\/radioquijano\/corredor-minero-terrible-choque-en-la-ruta-nacional-51-tres-heridos-graves\/#breadcrumb"},"inLanguage":"es","potentialAction":[{"@type":"ReadAction","target":["https:\/\/nahuelproducciones.com.ar\/radioquijano\/corredor-minero-terrible-choque-en-la-ruta-nacional-51-tres-heridos-graves\/"]}]},{"@type":"BreadcrumbList","@id":"https:\/\/nahuelproducciones.com.ar\/radioquijano\/corredor-minero-terrible-choque-en-la-ruta-nacional-51-tres-heridos-graves\/#breadcrumb","itemListElement":[{"@type":"ListItem","position":1,"name":"Portada","item":"https:\/\/nahuelproducciones.com.ar\/radioquijano\/"},{"@type":"ListItem","position":2,"name":"CORREDOR MINERO \/ Terrible choque en la ruta nacional 51: tres heridos graves"}]},{"@type":"WebSite","@id":"https:\/\/nahuelproducciones.com.ar\/radioquijano\/#website","url":"https:\/\/nahuelproducciones.com.ar\/radioquijano\/","name":"RQ 99.9","description":"Radio Quijano 99.9 MHz","potentialAction":[{"@type":"SearchAction","target":{"@type":"EntryPoint","urlTemplate":"https:\/\/nahuelproducciones.com.ar\/radioquijano\/?s={search_term_string}"},"query-input":"required name=search_term_string"}],"inLanguage":"es"},{"@type":"Person","@id":"https:\/\/nahuelproducciones.com.ar\/radioquijano\/#\/schema\/person\/e8a4f939e2cb487fe6d0c54042c9d32c","name":"Cecilia Pastrana","image":{"@type":"ImageObject","inLanguage":"es","@id":"https:\/\/nahuelproducciones.com.ar\/radioquijano\/#\/schema\/person\/image\/","url":"https:\/\/secure.gravatar.com\/avatar\/661a3ef63a8488d4f2794ed44af8cf71420f7e106f3072c40125114df5157749?s=96&d=mm&r=g","contentUrl":"https:\/\/secure.gravatar.com\/avatar\/661a3ef63a8488d4f2794ed44af8cf71420f7e106f3072c40125114df5157749?s=96&d=mm&r=g","caption":"Cecilia Pastrana"},"sameAs":["cecy"],"url":"https:\/\/nahuelproducciones.com.ar\/radioquijano\/author\/cecy\/"}]}},"_links":{"self":[{"href":"https:\/\/nahuelproducciones.com.ar\/radioquijano\/wp-json\/wp\/v2\/posts\/10130","targetHints":{"allow":["GET"]}}],"collection":[{"href":"https:\/\/nahuelproducciones.com.ar\/radioquijano\/wp-json\/wp\/v2\/posts"}],"about":[{"href":"https:\/\/nahuelproducciones.com.ar\/radioquijano\/wp-json\/wp\/v2\/types\/post"}],"author":[{"embeddable":true,"href":"https:\/\/nahuelproducciones.com.ar\/radioquijano\/wp-json\/wp\/v2\/users\/8"}],"replies":[{"embeddable":true,"href":"https:\/\/nahuelproducciones.com.ar\/radioquijano\/wp-json\/wp\/v2\/comments?post=10130"}],"version-history":[{"count":1,"href":"https:\/\/nahuelproducciones.com.ar\/radioquijano\/wp-json\/wp\/v2\/posts\/10130\/revisions"}],"predecessor-version":[{"id":10132,"href":"https:\/\/nahuelproducciones.com.ar\/radioquijano\/wp-json\/wp\/v2\/posts\/10130\/revisions\/10132"}],"wp:featuredmedia":[{"embeddable":true,"href":"https:\/\/nahuelproducciones.com.ar\/radioquijano\/wp-json\/wp\/v2\/media\/10131"}],"wp:attachment":[{"href":"https:\/\/nahuelproducciones.com.ar\/radioquijano\/wp-json\/wp\/v2\/media?parent=10130"}],"wp:term":[{"taxonomy":"category","embeddable":true,"href":"https:\/\/nahuelproducciones.com.ar\/radioquijano\/wp-json\/wp\/v2\/categories?post=10130"},{"taxonomy":"post_tag","embeddable":true,"href":"https:\/\/nahuelproducciones.com.ar\/radioquijano\/wp-json\/wp\/v2\/tags?post=10130"}],"curies":[{"name":"wp","href":"https:\/\/api.w.org\/{rel}","templated":true}]}}