{"id":10136,"date":"2025-05-04T20:50:11","date_gmt":"2025-05-04T23:50:11","guid":{"rendered":"https:\/\/nahuelproducciones.com.ar\/radioquijano\/?p=10136"},"modified":"2025-05-04T20:50:13","modified_gmt":"2025-05-04T23:50:13","slug":"manana-iniciara-la-circulacion-de-las-lineas-2-enlace-rosario-de-lerma-el-carril-que-recorrera-el-camino-a-la-florida-y-la-5-troncal-circunvalacion-oeste-que-unir","status":"publish","type":"post","link":"https:\/\/nahuelproducciones.com.ar\/radioquijano\/manana-iniciara-la-circulacion-de-las-lineas-2-enlace-rosario-de-lerma-el-carril-que-recorrera-el-camino-a-la-florida-y-la-5-troncal-circunvalacion-oeste-que-unir\/","title":{"rendered":"Ma\u00f1ana iniciar\u00e1 la circulaci\u00f3n de las l\u00edneas \u201c2 Enlace Rosario de Lerma- El Carril\u201d que recorrer\u00e1 el camino a La Florida y la \u201c5 Troncal Circunvalaci\u00f3n Oeste\u201d, que unir\u00e1 Cerrillos con la zona Norte de la ciudad de Salta."},"content":{"rendered":"\n<p><img loading=\"lazy\" decoding=\"async\" height=\"16\" width=\"16\" alt=\"&#x1f68d;\" src=\"https:\/\/static.xx.fbcdn.net\/images\/emoji.php\/v9\/tfa\/1\/16\/1f68d.png\"> 2 Enlace Rosario-El Carril<\/p>\n\n\n\n<p>Esta l\u00ednea dar\u00e1 mayor conectividad y accesibilidad entre localidades del Valle de Lerma, especialmente Rosario de Lerma y El Carril, con beneficios extendidos hacia Campo Quijano por medio del transbordo y sectores rurales sobre la Ruta Provincial N.\u00ba 36.<\/p>\n\n\n\n<p>La l\u00ednea 2 Enlace Rosario-El Carril, que ser\u00e1 operada por la empresa El C\u00f3ndor S.A., permitir\u00e1 ampliar la oferta de transporte a estudiantes y vecinos que deben realizar tr\u00e1mites administrativos y gestiones en ambas localidades. Cabe destacar que actualmente, para realizar este trayecto es necesario utilizar combinaciones con otras l\u00edneas a trav\u00e9s de la Ruta Nacional 68 y ruta provincial N\u00b0 23, lo que implica mayores tiempos de viaje y complicaciones log\u00edsticas.<\/p>\n\n\n\n<p>Al establecer una conexi\u00f3n directa por la Ruta Provincial N\u00ba 36 o camino a La Florida, no solo se reducen los tiempos de traslado, sino que adem\u00e1s incorpora a otros conglomerados al servicio de colectivos.<\/p>\n\n\n\n<p>Paradas habilitadas:<\/p>\n\n\n\n<p> Para la nueva l\u00ednea 2 Enlace Rosario de Lerma &#8211; El Carril:<\/p>\n\n\n\n<p>0 <a><\/a>Punta de L\u00ednea<\/p>\n\n\n\n<p>1Los Molles y Calle SN &#8211; Bo. Norte<\/p>\n\n\n\n<p>2 Los Molles y Calle SN &#8211; Bo. Norte-P1<\/p>\n\n\n\n<p>3 Los Eucaliptos y Las Palmeras<\/p>\n\n\n\n<p>4 Las Palmeras y Los Jacarand\u00e1s<\/p>\n\n\n\n<p>5 Las Palmeras<\/p>\n\n\n\n<p>6 Escuadr\u00f3n de los Gauchos<\/p>\n\n\n\n<p>7 Destructor Rosales, entre Escuadr\u00f3n de los Gauchos y Destructor Entre R\u00edos.<\/p>\n\n\n\n<p>8 Destructor Entre R\u00edos y Av. Batalla de Salta<\/p>\n\n\n\n<p>9 Destructor Entre R\u00edos y Mart\u00edn Fierro &#8211; Colegio Secundario Genoveva Astigueta N 5073<\/p>\n\n\n\n<p>10 Rompehielos Gral. San Mart\u00edn y Destructor Rosales<\/p>\n\n\n\n<p>11 Destructor Brown, entre Corbeta Uruguay y Fragata Libertad<\/p>\n\n\n\n<p>12 Ameghino y Chile<\/p>\n\n\n\n<p>13 Ameghino e Ing. Maury<\/p>\n\n\n\n<p>14 Ing. Ricardo Maury y Av. H. Yrigoyen<\/p>\n\n\n\n<p>15 Av. H. Yrigoyen pasando Av. De la Paz<\/p>\n\n\n\n<p>16 Av. H. Yrigoyen antes de Bogot\u00e1<\/p>\n\n\n\n<p>17 Lima pasando Asunci\u00f3n<\/p>\n\n\n\n<p>18 Av. Santiago de Chile y Lima<\/p>\n\n\n\n<p>19 Av. Santiago de Chile y Av. De la Paz<\/p>\n\n\n\n<p>20 Av. De la Paz y Av. Yrigoyen<\/p>\n\n\n\n<p>21 Av. H. Yrigoyen pasando Ing. Maury<\/p>\n\n\n\n<p>22 Av. H. Yrigoyen 250 &#8211; Club Juventud Unida<\/p>\n\n\n\n<p>23 Av. H. Yrigoyen 101<\/p>\n\n\n\n<p>24 Av. H. Yrigoyen y Bernardo de Irigoyen<\/p>\n\n\n\n<p>25 Av. 9 de Julio &#8211; Frente Plaza Coronel Jorge Torino<\/p>\n\n\n\n<p>26 RP 36 Olimpia DIA<\/p>\n\n\n\n<p>27 RP 36 FINCA GALETI IDA<\/p>\n\n\n\n<p>28 RP 36 FINCA SAN BERNARDO IDA<\/p>\n\n\n\n<p>29 RP 36 FINCA SAN BERNARDO IDA<\/p>\n\n\n\n<p>30RP 36 LA FLORIDA IDA<\/p>\n\n\n\n<p>31 RP 36 LA FLORIDA, TIMBO, MOLLAR DIA<\/p>\n\n\n\n<p>32 RP 36 FINCA GOMEZ DIA<\/p>\n\n\n\n<p>33 RP 36 SAN RAMON IDA<\/p>\n\n\n\n<p>34 RP 36 FINCA MIRABAL IDA<\/p>\n\n\n\n<p>35 RP 36 LAS PIRCAS IDA<\/p>\n\n\n\n<p>36 RP 36 FINCA LAS AURELIAS IDA<\/p>\n\n\n\n<p>37 RP 36 LA FLORIDA RP 68 IDA<\/p>\n\n\n\n<p>38 Ruta Nac. 68 &#8211; R\u00edo Rosario<\/p>\n\n\n\n<p>39 Ruta Nac. 68 &#8211; Entrada al Matadero<\/p>\n\n\n\n<p>40 Ruta Nac. 68 &#8211; El Moyar<\/p>\n\n\n\n<p>41 Ruta Nac. 68 &#8211; Parada Gauchito Gil<\/p>\n\n\n\n<p>42 Los Robles &#8211; Frente Boliche Pr\u00f3fugos<\/p>\n\n\n\n<p>43 Los Robles y San Mart\u00edn<\/p>\n\n\n\n<p>44 San Rafael y Los Tilos<\/p>\n\n\n\n<p>45 San Rafael y Zuvir\u00eda<\/p>\n\n\n\n<p>46 San Rafael &#8211; Frente Plaza Arturo D&#8217; Andrea<\/p>\n\n\n\n<p>47 San Rafael y Gral. Belgrano<\/p>\n\n\n\n<p>48 25 de Mayo y 1 de Mayo<\/p>\n\n\n\n<p>49 25 de Mayo y Gral. M. M. de G\u00fcemes<\/p>\n\n\n\n<p>50 Gral. M.M. de G\u00fcemes &#8211; ANSES<\/p>\n\n\n\n<p>51 Gral. M. Gral. M. Belgrano y Pellegrini<\/p>\n\n\n\n<p>52 Gral. M. Gral. M. Belgrano y San Rafael<\/p>\n\n\n\n<p>53 San Rafael &#8211; Plaza Arturo D Andrea<\/p>\n\n\n\n<p>54 San Rafael y Zuviria<\/p>\n\n\n\n<p>55 San Rafael y Los Tilos<\/p>\n\n\n\n<p>56 Los Robles y San Martin<\/p>\n\n\n\n<p>57 Los Robles &#8211; Boliche Pr\u00f3fugos<\/p>\n\n\n\n<p>58 Ruta Nac. 68 &#8211; Gauchito Gil<\/p>\n\n\n\n<p>59 Ruta Nac. 68 &#8211; El Moyar<\/p>\n\n\n\n<p>60 Ruta Nac. 68 &#8211; Entrada al Matadero<\/p>\n\n\n\n<p>61 Ruta Nac. 68 &#8211; Rio Rosario<\/p>\n\n\n\n<p>62 RP 36 LA FLORVUELTA<\/p>\n\n\n\n<p>63 RP 36 FINCA LAS AURELIAS VUELTA<\/p>\n\n\n\n<p>64 RP 36 LAS PIRCAS VUELTA<\/p>\n\n\n\n<p>65 RP 36 FINCA MIRABAL VUELTA<\/p>\n\n\n\n<p>66 RP 36 SAN RAMON VUELTA<\/p>\n\n\n\n<p>67 RP 36 FINCA GOMEZ VUELTA<\/p>\n\n\n\n<p>68 RP 36 LA FLORVUELTA, TIMBO, MOLLAR VUELTA<\/p>\n\n\n\n<p>69 RP 36 LA FLORVUELTA VUELTA<\/p>\n\n\n\n<p>70 RP 36 FINCA SAN BERNARDO VUELTA<\/p>\n\n\n\n<p>71 RP 36 FINCA SAN BERNARDO VUELTA<\/p>\n\n\n\n<p>72 RP 36 FINCA GALETI VUELTA<\/p>\n\n\n\n<p>73 RP 36 Olimpia DIA VUELTA<\/p>\n\n\n\n<p>74 Av. Coronel Torino e Indalecio G\u00f3mez<\/p>\n\n\n\n<p>75 Av. Cnel. Torino y Jorge Marti &#8211; Frente Plaza Cnel. Jorge Torino de Viana<\/p>\n\n\n\n<p>76 Av. Cecilio Rodr\u00edguez y Rold\u00e1n<\/p>\n\n\n\n<p>77 Av. Cecilio Rodr\u00edguez y Gral. G\u00fcemes<\/p>\n\n\n\n<p>78 V. Ted\u00edn y Av. H. Yrigoyen<\/p>\n\n\n\n<p>79 Av. H. Yrigoyen pasando R. Dur\u00e1n<\/p>\n\n\n\n<p>80 Av. De la Paz y Montevideo<\/p>\n\n\n\n<p>81 Av. Santiago del Estero y Lima vuelta<\/p>\n\n\n\n<p>82 Lima antes de Asunci\u00f3n<\/p>\n\n\n\n<p>83 Av. H. Yrigoyen antes de Bogot\u00e1<\/p>\n\n\n\n<p>84 Av. H. Yrigoyen y Av. De la Paz<\/p>\n\n\n\n<p>85 Ing. Maury pasando Av. Yrigoyen<\/p>\n\n\n\n<p>86 Ing. Maury antes de Ameghino<\/p>\n\n\n\n<p>87 Ameghino y Chile Vuelta<\/p>\n\n\n\n<p>88 Destructor Rosales y Submarino Salta<\/p>\n\n\n\n<p>89 Destructor Entre R\u00edos y Marran Fierro<\/p>\n\n\n\n<p>90 Destructor Entre R\u00edos y Batalla de Salta<\/p>\n\n\n\n<p>91 Destructor Rosales &#8211; Entre Escuadr\u00f3n de los Gauchos y Destructor Entre R\u00edos-P1<\/p>\n\n\n\n<p>92 Escuadr\u00f3n de los Gauchos<\/p>\n\n\n\n<p>93 Las Palmeras &#8211; Bo. Eco Sol<\/p>\n\n\n\n<p>94 Las Palmeras y Los Jacarand\u00e1s-P1<\/p>\n\n\n\n<p>95 Los Eucaliptos y Las Palmeras-P1<\/p>\n\n\n\n<p>96 Los Molles &#8211; Entre Los Ceibos y Los Para\u00edsos<\/p>\n\n\n\n<p>97 Punta de L\u00ednea<a href=\"https:\/\/www.facebook.com\/photo\/?fbid=740816584945223&amp;set=a.228778622815691&amp;__cft__[0]=AZUbhuPWe6CTLEFoSodaCJDcSLCRt94QXlUc7GlAg24HyLGJ4bIjKg5xzi4sw8Ckxq0bC1TOvQu5udwS6QzSucCW6D6MwNr2nOcrsYRR8qpT4WTkBS5OGkLi646jqz39dc602YCnAbJeRYwzHwqymbYkO1t53ftL3KQ76tmF7YtV-YwPfQNoseT_9S-W5HGSUqk&amp;__tn__=EH-R\"><\/a><\/p>\n\n\n\n<p><img loading=\"lazy\" decoding=\"async\" height=\"16\" width=\"16\" alt=\"&#x1f68d;\" src=\"https:\/\/static.xx.fbcdn.net\/images\/emoji.php\/v9\/tfa\/1\/16\/1f68d.png\"> 5 Troncal Circunvalaci\u00f3n Oeste<\/p>\n\n\n\n<p>Esta l\u00ednea, que ser\u00e1 operada por la empresa Ale Hnos. ,conectar\u00e1 Cerrillos con la Universidad Nacional de Salta a trav\u00e9s de la autopista de Circunvalaci\u00f3n Oeste y su prolongaci\u00f3n hacia la zona norte de la ciudad. De este modo se podr\u00e1 acceder desde importantes municipios a puntos de inter\u00e9s como ruta nacional 68 y 51, San Lorenzo Chico; Ciudad Judicial; Parque Bicentenario; Predio de la Liga Salte\u00f1a de F\u00fatbol; Colegios, Clubes y Universidades en la zona norte de la ciudad de Salta y todas las \u00e1reas y barrios de influencia de la autopista.<\/p>\n\n\n\n<p>Ambas l\u00edneas comenzar\u00e1n a circular ma\u00f1ana con tarifa plana de $890.<\/p>\n\n\n\n<p>5 Troncal Circunvalaci\u00f3n Oeste. \u00c9stas son las paradas habilitadas.<\/p>\n\n\n\n<p>1 Punta de L\u00ednea Cerrillos Santa Teresita<\/p>\n\n\n\n<p>2 <a><\/a>Santa M\u00f3nica y San Santiago<\/p>\n\n\n\n<p>3 Ruta Provincial 23 y San Rafael<\/p>\n\n\n\n<p>4 Ruta Provincial 23 &#8211; Barrio El Huerto<\/p>\n\n\n\n<p>5 Ruta Provincial 23 &#8211; Barrio El Huerto-P2<\/p>\n\n\n\n<p>6 San Martin y Ruta Provincial 49<\/p>\n\n\n\n<p>7 San Martin y 20 de Febrero<\/p>\n\n\n\n<p>8 Ameghino e Islas Malvinas<\/p>\n\n\n\n<p>9 Av. Gral. M.M. de G\u00fcemes &#8211; Frente Plaza de Cerrillos<\/p>\n\n\n\n<p>10 Av. Gral. M.M. de G\u00fcemes y Vicente P\u00e9rez &#8211; Frente Escuela Villa Los Tarcos<\/p>\n\n\n\n<p>11 Senador Armando Cano y Ruta Nac. 68<\/p>\n\n\n\n<p>12 Senador Armando Cano y Cesar Canepa Villar<\/p>\n\n\n\n<p>13 Ruta Pcial. 24<\/p>\n\n\n\n<p>14 Ruta Pcial. 24<\/p>\n\n\n\n<p>15 Ruta Pcial. 24<\/p>\n\n\n\n<p>16 Colectora altura ingreso Hotel La Liga Ida<\/p>\n\n\n\n<p>17 Colectora altura ingreso Villa Violeta Ida<\/p>\n\n\n\n<p>18 Colectora altura ingreso San Luis Ida<\/p>\n\n\n\n<p>19 Colectora altura ingreso Ceibal &#8211; Tierra Mia ida<\/p>\n\n\n\n<p>20 Colectora altura ingreso Pueblo Atocha Ida<\/p>\n\n\n\n<p>21 Rotonda Acc. Septiembre<\/p>\n\n\n\n<p>22 Rotonda GYT &#8211; Lado este<\/p>\n\n\n\n<p>23 Colectora Sur Colegio Uzzi &#8211; URC<\/p>\n\n\n\n<p>24 Av. Bolivia y Lazarovich<\/p>\n\n\n\n<p>25 Av. Bolivia y Av. Houssay<\/p>\n\n\n\n<p>26 Av. Bolivia &#8211; Parador <a href=\"https:\/\/l.facebook.com\/l.php?u=http%3A%2F%2FU.N.Sa%2F%3Ffbclid%3DIwZXh0bgNhZW0CMTAAYnJpZBExY0Y4SWVPQzc0QW84ZDJkRAEeXui63M_6Be7IlABue8rNWKD7n1rAAv--yGHLEf0_GQjv0nbkMhPzw2_2454_aem_-OrHh7VxnkoFQA9UU_4CEg&amp;h=AT3HHgTajjw7CuxJucZDdaMe9LOKbqeLl2b0RPYVvkU4ilH3zt0X2xysmebpa1A7PFA7HoC7OAAV7X1xHhNDooU5P3TuxwmK7teW0K25AofFhpskV8BLw71CkjNwA2_mOAkB9fzoyN_5Vg&amp;__tn__=-UK-R&amp;c[0]=AT1KFSyvC8ixSqvOwvXr8HxjIVuozdN0uSPe-bWftWeW5yWbikCa3y3ZDDvbU4yHFXr_m8uikoCMufh7FP34Ga-brkOUNPFWwDWnvWo37JZFYF075xfzQDzGOdVUQ9VyMpLG78ccE8hh8hDsbUEKpWWWyh0qKbcd2F927fwEw8RI\" rel=\"noreferrer noopener\" target=\"_blank\">U.N.Sa<\/a><\/p>\n\n\n\n<p>27 Av. Bolivia y Av. Fuerza A\u00e9rea<\/p>\n\n\n\n<p>28 Colectora Oeste Autopista y Calle 19-2<\/p>\n\n\n\n<p>29 Colec. Oeste Autopista Av. Memoria Verdad y Justicia &#8211; Cdad. Judicial<\/p>\n\n\n\n<p>30 \u2070Av. Bolivia y Av. Houssay-1<\/p>\n\n\n\n<p>31 Av. Bolivia y Lazarovich-1<\/p>\n\n\n\n<p>32 Colectora Norte Colegio Uzzi &#8211; URC<\/p>\n\n\n\n<p>33 Colectora Norte Entrada Liga Salte\u00f1a<\/p>\n\n\n\n<p>34 Club GyT &#8211; La Almudena<\/p>\n\n\n\n<p>35 Ingreso a San Lorenzo Chico<\/p>\n\n\n\n<p>36 Colectora altura ingreso Pueblo Atocha Vuelta<\/p>\n\n\n\n<p>37 Colectora altura ingreso Ceibal &#8211; Tierra Mia Vuelta<\/p>\n\n\n\n<p>38 Colectora altura ingreso San Luis Vuelta<\/p>\n\n\n\n<p>39 Colectora altura ingreso Villa Violeta Vuelta<\/p>\n\n\n\n<p>40 Colectora altura ingreso Hotel La Liga Vuelta<\/p>\n\n\n\n<p>41 Ruta Pcial. 24<\/p>\n\n\n\n<p>42 Ruta Pcial. 24<\/p>\n\n\n\n<p>43 Ruta Pcial. 24<\/p>\n\n\n\n<p>44 Senador Caro y C. Canepa Villar<\/p>\n\n\n\n<p>45 C. Canepa Villar y J. M. Peralta Vuelta<\/p>\n\n\n\n<p>46 Juan Larrana y Juan Velarde<\/p>\n\n\n\n<p>47 Washington \u00c1lvarez Escuela de Villa Los Tarcos<\/p>\n\n\n\n<p>48 Rivadavia &#8211; Entre Alvarado y Sarmiento<\/p>\n\n\n\n<p>49 Ameghino e Islas Malvinas &#8211; Camping Cerrillos<\/p>\n\n\n\n<p>50 San Martin y 20 de Febrero-P1<\/p>\n\n\n\n<p>51San Martin y Jos\u00e9 M. Vercellino<\/p>\n\n\n\n<p>Ruta Provincial 23 &#8211; Barrio El Huerto-P3<\/p>\n\n\n\n<p>Ruta Provincial 23 &#8211; Barrio El Huerto-P5<\/p>\n\n\n\n<p>San Rafael y San Cayetano &#8211; Frente Vicaria Santa Teresita del Nino Jes\u00fas<\/p>\n\n\n\n<p>Punta de L\u00ednea Cerrillos Santa Teresita<\/p>\n\n\n\n<p><\/p>\n","protected":false},"excerpt":{"rendered":"<p>2 Enlace Rosario-El Carril Esta l\u00ednea dar\u00e1 mayor conectividad y accesibilidad entre localidades del Valle de Lerma, especialmente Rosario de Lerma y El Carril, con beneficios extendidos hacia Campo Quijano por medio del transbordo y sectores rurales sobre la Ruta Provincial N.\u00ba 36. La l\u00ednea 2 Enlace Rosario-El Carril, que ser\u00e1 operada por la empresa [&hellip;]<\/p>\n","protected":false},"author":8,"featured_media":10137,"comment_status":"open","ping_status":"open","sticky":false,"template":"","format":"standard","meta":{"_monsterinsights_skip_tracking":false,"_monsterinsights_sitenote_active":false,"_monsterinsights_sitenote_note":"","_monsterinsights_sitenote_category":0,"footnotes":""},"categories":[16],"tags":[100,515],"class_list":["post-10136","post","type-post","status-publish","format-standard","has-post-thumbnail","hentry","category-noticias","tag-municipio-de-campo-quijano","tag-saeta-s-a"],"yoast_head":"<!-- This site is optimized with the Yoast SEO plugin v20.8 - https:\/\/yoast.com\/wordpress\/plugins\/seo\/ -->\n<title>Ma\u00f1ana iniciar\u00e1 la circulaci\u00f3n de las l\u00edneas \u201c2 Enlace Rosario de Lerma- El Carril\u201d que recorrer\u00e1 el camino a La Florida y la \u201c5 Troncal Circunvalaci\u00f3n Oeste\u201d, que unir\u00e1 Cerrillos con la zona Norte de la ciudad de Salta. - RQ 99.9<\/title>\n<meta name=\"description\" content=\"Ambas l\u00edneas comenzar\u00e1n a circular ma\u00f1ana con tarifa plana de $890.\" \/>\n<meta name=\"robots\" content=\"index, follow, max-snippet:-1, max-image-preview:large, max-video-preview:-1\" \/>\n<link rel=\"canonical\" href=\"https:\/\/nahuelproducciones.com.ar\/radioquijano\/manana-iniciara-la-circulacion-de-las-lineas-2-enlace-rosario-de-lerma-el-carril-que-recorrera-el-camino-a-la-florida-y-la-5-troncal-circunvalacion-oeste-que-unir\/\" \/>\n<meta property=\"og:locale\" content=\"es_ES\" \/>\n<meta property=\"og:type\" content=\"article\" \/>\n<meta property=\"og:title\" content=\"Ma\u00f1ana iniciar\u00e1 la circulaci\u00f3n de las l\u00edneas \u201c2 Enlace Rosario de Lerma- El Carril\u201d que recorrer\u00e1 el camino a La Florida y la \u201c5 Troncal Circunvalaci\u00f3n Oeste\u201d, que unir\u00e1 Cerrillos con la zona Norte de la ciudad de Salta. - RQ 99.9\" \/>\n<meta property=\"og:description\" content=\"Ambas l\u00edneas comenzar\u00e1n a circular ma\u00f1ana con tarifa plana de $890.\" \/>\n<meta property=\"og:url\" content=\"https:\/\/nahuelproducciones.com.ar\/radioquijano\/manana-iniciara-la-circulacion-de-las-lineas-2-enlace-rosario-de-lerma-el-carril-que-recorrera-el-camino-a-la-florida-y-la-5-troncal-circunvalacion-oeste-que-unir\/\" \/>\n<meta property=\"og:site_name\" content=\"RQ 99.9\" \/>\n<meta property=\"article:publisher\" content=\"https:\/\/www.facebook.com\/nahuelproducciones999\/\" \/>\n<meta property=\"article:published_time\" content=\"2025-05-04T23:50:11+00:00\" \/>\n<meta property=\"article:modified_time\" content=\"2025-05-04T23:50:13+00:00\" \/>\n<meta property=\"og:image\" content=\"https:\/\/nahuelproducciones.com.ar\/radioquijano\/wp-content\/uploads\/2025\/05\/495726982_18277873654269942_8563170822245130833_n-e1746402604945.jpeg\" \/>\n\t<meta property=\"og:image:width\" content=\"700\" \/>\n\t<meta property=\"og:image:height\" content=\"700\" \/>\n\t<meta property=\"og:image:type\" content=\"image\/jpeg\" \/>\n<meta name=\"author\" content=\"Cecilia Pastrana\" \/>\n<meta name=\"twitter:card\" content=\"summary_large_image\" \/>\n<meta name=\"twitter:creator\" content=\"@nahuproduciones\" \/>\n<meta name=\"twitter:site\" content=\"@nahuproduciones\" \/>\n<meta name=\"twitter:label1\" content=\"Escrito por\" \/>\n\t<meta name=\"twitter:data1\" content=\"Cecilia Pastrana\" \/>\n\t<meta name=\"twitter:label2\" content=\"Tiempo de lectura\" \/>\n\t<meta name=\"twitter:data2\" content=\"7 minutos\" \/>\n<script type=\"application\/ld+json\" class=\"yoast-schema-graph\">{\"@context\":\"https:\/\/schema.org\",\"@graph\":[{\"@type\":\"WebPage\",\"@id\":\"https:\/\/nahuelproducciones.com.ar\/radioquijano\/manana-iniciara-la-circulacion-de-las-lineas-2-enlace-rosario-de-lerma-el-carril-que-recorrera-el-camino-a-la-florida-y-la-5-troncal-circunvalacion-oeste-que-unir\/\",\"url\":\"https:\/\/nahuelproducciones.com.ar\/radioquijano\/manana-iniciara-la-circulacion-de-las-lineas-2-enlace-rosario-de-lerma-el-carril-que-recorrera-el-camino-a-la-florida-y-la-5-troncal-circunvalacion-oeste-que-unir\/\",\"name\":\"Ma\u00f1ana iniciar\u00e1 la circulaci\u00f3n de las l\u00edneas \u201c2 Enlace Rosario de Lerma- El Carril\u201d que recorrer\u00e1 el camino a La Florida y la \u201c5 Troncal Circunvalaci\u00f3n Oeste\u201d, que unir\u00e1 Cerrillos con la zona Norte de la ciudad de Salta. - RQ 99.9\",\"isPartOf\":{\"@id\":\"https:\/\/nahuelproducciones.com.ar\/radioquijano\/#website\"},\"datePublished\":\"2025-05-04T23:50:11+00:00\",\"dateModified\":\"2025-05-04T23:50:13+00:00\",\"author\":{\"@id\":\"https:\/\/nahuelproducciones.com.ar\/radioquijano\/#\/schema\/person\/e8a4f939e2cb487fe6d0c54042c9d32c\"},\"description\":\"Ambas l\u00edneas comenzar\u00e1n a circular ma\u00f1ana con tarifa plana de $890.\",\"breadcrumb\":{\"@id\":\"https:\/\/nahuelproducciones.com.ar\/radioquijano\/manana-iniciara-la-circulacion-de-las-lineas-2-enlace-rosario-de-lerma-el-carril-que-recorrera-el-camino-a-la-florida-y-la-5-troncal-circunvalacion-oeste-que-unir\/#breadcrumb\"},\"inLanguage\":\"es\",\"potentialAction\":[{\"@type\":\"ReadAction\",\"target\":[\"https:\/\/nahuelproducciones.com.ar\/radioquijano\/manana-iniciara-la-circulacion-de-las-lineas-2-enlace-rosario-de-lerma-el-carril-que-recorrera-el-camino-a-la-florida-y-la-5-troncal-circunvalacion-oeste-que-unir\/\"]}]},{\"@type\":\"BreadcrumbList\",\"@id\":\"https:\/\/nahuelproducciones.com.ar\/radioquijano\/manana-iniciara-la-circulacion-de-las-lineas-2-enlace-rosario-de-lerma-el-carril-que-recorrera-el-camino-a-la-florida-y-la-5-troncal-circunvalacion-oeste-que-unir\/#breadcrumb\",\"itemListElement\":[{\"@type\":\"ListItem\",\"position\":1,\"name\":\"Portada\",\"item\":\"https:\/\/nahuelproducciones.com.ar\/radioquijano\/\"},{\"@type\":\"ListItem\",\"position\":2,\"name\":\"Ma\u00f1ana iniciar\u00e1 la circulaci\u00f3n de las l\u00edneas \u201c2 Enlace Rosario de Lerma- El Carril\u201d que recorrer\u00e1 el camino a La Florida y la \u201c5 Troncal Circunvalaci\u00f3n Oeste\u201d, que unir\u00e1 Cerrillos con la zona Norte de la ciudad de Salta.\"}]},{\"@type\":\"WebSite\",\"@id\":\"https:\/\/nahuelproducciones.com.ar\/radioquijano\/#website\",\"url\":\"https:\/\/nahuelproducciones.com.ar\/radioquijano\/\",\"name\":\"RQ 99.9\",\"description\":\"Radio Quijano 99.9 MHz\",\"potentialAction\":[{\"@type\":\"SearchAction\",\"target\":{\"@type\":\"EntryPoint\",\"urlTemplate\":\"https:\/\/nahuelproducciones.com.ar\/radioquijano\/?s={search_term_string}\"},\"query-input\":\"required name=search_term_string\"}],\"inLanguage\":\"es\"},{\"@type\":\"Person\",\"@id\":\"https:\/\/nahuelproducciones.com.ar\/radioquijano\/#\/schema\/person\/e8a4f939e2cb487fe6d0c54042c9d32c\",\"name\":\"Cecilia Pastrana\",\"image\":{\"@type\":\"ImageObject\",\"inLanguage\":\"es\",\"@id\":\"https:\/\/nahuelproducciones.com.ar\/radioquijano\/#\/schema\/person\/image\/\",\"url\":\"https:\/\/secure.gravatar.com\/avatar\/661a3ef63a8488d4f2794ed44af8cf71420f7e106f3072c40125114df5157749?s=96&d=mm&r=g\",\"contentUrl\":\"https:\/\/secure.gravatar.com\/avatar\/661a3ef63a8488d4f2794ed44af8cf71420f7e106f3072c40125114df5157749?s=96&d=mm&r=g\",\"caption\":\"Cecilia Pastrana\"},\"sameAs\":[\"cecy\"],\"url\":\"https:\/\/nahuelproducciones.com.ar\/radioquijano\/author\/cecy\/\"}]}<\/script>\n<!-- \/ Yoast SEO plugin. -->","yoast_head_json":{"title":"Ma\u00f1ana iniciar\u00e1 la circulaci\u00f3n de las l\u00edneas \u201c2 Enlace Rosario de Lerma- El Carril\u201d que recorrer\u00e1 el camino a La Florida y la \u201c5 Troncal Circunvalaci\u00f3n Oeste\u201d, que unir\u00e1 Cerrillos con la zona Norte de la ciudad de Salta. - RQ 99.9","description":"Ambas l\u00edneas comenzar\u00e1n a circular ma\u00f1ana con tarifa plana de $890.","robots":{"index":"index","follow":"follow","max-snippet":"max-snippet:-1","max-image-preview":"max-image-preview:large","max-video-preview":"max-video-preview:-1"},"canonical":"https:\/\/nahuelproducciones.com.ar\/radioquijano\/manana-iniciara-la-circulacion-de-las-lineas-2-enlace-rosario-de-lerma-el-carril-que-recorrera-el-camino-a-la-florida-y-la-5-troncal-circunvalacion-oeste-que-unir\/","og_locale":"es_ES","og_type":"article","og_title":"Ma\u00f1ana iniciar\u00e1 la circulaci\u00f3n de las l\u00edneas \u201c2 Enlace Rosario de Lerma- El Carril\u201d que recorrer\u00e1 el camino a La Florida y la \u201c5 Troncal Circunvalaci\u00f3n Oeste\u201d, que unir\u00e1 Cerrillos con la zona Norte de la ciudad de Salta. - RQ 99.9","og_description":"Ambas l\u00edneas comenzar\u00e1n a circular ma\u00f1ana con tarifa plana de $890.","og_url":"https:\/\/nahuelproducciones.com.ar\/radioquijano\/manana-iniciara-la-circulacion-de-las-lineas-2-enlace-rosario-de-lerma-el-carril-que-recorrera-el-camino-a-la-florida-y-la-5-troncal-circunvalacion-oeste-que-unir\/","og_site_name":"RQ 99.9","article_publisher":"https:\/\/www.facebook.com\/nahuelproducciones999\/","article_published_time":"2025-05-04T23:50:11+00:00","article_modified_time":"2025-05-04T23:50:13+00:00","og_image":[{"width":700,"height":700,"url":"https:\/\/nahuelproducciones.com.ar\/radioquijano\/wp-content\/uploads\/2025\/05\/495726982_18277873654269942_8563170822245130833_n-e1746402604945.jpeg","type":"image\/jpeg"}],"author":"Cecilia Pastrana","twitter_card":"summary_large_image","twitter_creator":"@nahuproduciones","twitter_site":"@nahuproduciones","twitter_misc":{"Escrito por":"Cecilia Pastrana","Tiempo de lectura":"7 minutos"},"schema":{"@context":"https:\/\/schema.org","@graph":[{"@type":"WebPage","@id":"https:\/\/nahuelproducciones.com.ar\/radioquijano\/manana-iniciara-la-circulacion-de-las-lineas-2-enlace-rosario-de-lerma-el-carril-que-recorrera-el-camino-a-la-florida-y-la-5-troncal-circunvalacion-oeste-que-unir\/","url":"https:\/\/nahuelproducciones.com.ar\/radioquijano\/manana-iniciara-la-circulacion-de-las-lineas-2-enlace-rosario-de-lerma-el-carril-que-recorrera-el-camino-a-la-florida-y-la-5-troncal-circunvalacion-oeste-que-unir\/","name":"Ma\u00f1ana iniciar\u00e1 la circulaci\u00f3n de las l\u00edneas \u201c2 Enlace Rosario de Lerma- El Carril\u201d que recorrer\u00e1 el camino a La Florida y la \u201c5 Troncal Circunvalaci\u00f3n Oeste\u201d, que unir\u00e1 Cerrillos con la zona Norte de la ciudad de Salta. - RQ 99.9","isPartOf":{"@id":"https:\/\/nahuelproducciones.com.ar\/radioquijano\/#website"},"datePublished":"2025-05-04T23:50:11+00:00","dateModified":"2025-05-04T23:50:13+00:00","author":{"@id":"https:\/\/nahuelproducciones.com.ar\/radioquijano\/#\/schema\/person\/e8a4f939e2cb487fe6d0c54042c9d32c"},"description":"Ambas l\u00edneas comenzar\u00e1n a circular ma\u00f1ana con tarifa plana de $890.","breadcrumb":{"@id":"https:\/\/nahuelproducciones.com.ar\/radioquijano\/manana-iniciara-la-circulacion-de-las-lineas-2-enlace-rosario-de-lerma-el-carril-que-recorrera-el-camino-a-la-florida-y-la-5-troncal-circunvalacion-oeste-que-unir\/#breadcrumb"},"inLanguage":"es","potentialAction":[{"@type":"ReadAction","target":["https:\/\/nahuelproducciones.com.ar\/radioquijano\/manana-iniciara-la-circulacion-de-las-lineas-2-enlace-rosario-de-lerma-el-carril-que-recorrera-el-camino-a-la-florida-y-la-5-troncal-circunvalacion-oeste-que-unir\/"]}]},{"@type":"BreadcrumbList","@id":"https:\/\/nahuelproducciones.com.ar\/radioquijano\/manana-iniciara-la-circulacion-de-las-lineas-2-enlace-rosario-de-lerma-el-carril-que-recorrera-el-camino-a-la-florida-y-la-5-troncal-circunvalacion-oeste-que-unir\/#breadcrumb","itemListElement":[{"@type":"ListItem","position":1,"name":"Portada","item":"https:\/\/nahuelproducciones.com.ar\/radioquijano\/"},{"@type":"ListItem","position":2,"name":"Ma\u00f1ana iniciar\u00e1 la circulaci\u00f3n de las l\u00edneas \u201c2 Enlace Rosario de Lerma- El Carril\u201d que recorrer\u00e1 el camino a La Florida y la \u201c5 Troncal Circunvalaci\u00f3n Oeste\u201d, que unir\u00e1 Cerrillos con la zona Norte de la ciudad de Salta."}]},{"@type":"WebSite","@id":"https:\/\/nahuelproducciones.com.ar\/radioquijano\/#website","url":"https:\/\/nahuelproducciones.com.ar\/radioquijano\/","name":"RQ 99.9","description":"Radio Quijano 99.9 MHz","potentialAction":[{"@type":"SearchAction","target":{"@type":"EntryPoint","urlTemplate":"https:\/\/nahuelproducciones.com.ar\/radioquijano\/?s={search_term_string}"},"query-input":"required name=search_term_string"}],"inLanguage":"es"},{"@type":"Person","@id":"https:\/\/nahuelproducciones.com.ar\/radioquijano\/#\/schema\/person\/e8a4f939e2cb487fe6d0c54042c9d32c","name":"Cecilia Pastrana","image":{"@type":"ImageObject","inLanguage":"es","@id":"https:\/\/nahuelproducciones.com.ar\/radioquijano\/#\/schema\/person\/image\/","url":"https:\/\/secure.gravatar.com\/avatar\/661a3ef63a8488d4f2794ed44af8cf71420f7e106f3072c40125114df5157749?s=96&d=mm&r=g","contentUrl":"https:\/\/secure.gravatar.com\/avatar\/661a3ef63a8488d4f2794ed44af8cf71420f7e106f3072c40125114df5157749?s=96&d=mm&r=g","caption":"Cecilia Pastrana"},"sameAs":["cecy"],"url":"https:\/\/nahuelproducciones.com.ar\/radioquijano\/author\/cecy\/"}]}},"_links":{"self":[{"href":"https:\/\/nahuelproducciones.com.ar\/radioquijano\/wp-json\/wp\/v2\/posts\/10136","targetHints":{"allow":["GET"]}}],"collection":[{"href":"https:\/\/nahuelproducciones.com.ar\/radioquijano\/wp-json\/wp\/v2\/posts"}],"about":[{"href":"https:\/\/nahuelproducciones.com.ar\/radioquijano\/wp-json\/wp\/v2\/types\/post"}],"author":[{"embeddable":true,"href":"https:\/\/nahuelproducciones.com.ar\/radioquijano\/wp-json\/wp\/v2\/users\/8"}],"replies":[{"embeddable":true,"href":"https:\/\/nahuelproducciones.com.ar\/radioquijano\/wp-json\/wp\/v2\/comments?post=10136"}],"version-history":[{"count":2,"href":"https:\/\/nahuelproducciones.com.ar\/radioquijano\/wp-json\/wp\/v2\/posts\/10136\/revisions"}],"predecessor-version":[{"id":10139,"href":"https:\/\/nahuelproducciones.com.ar\/radioquijano\/wp-json\/wp\/v2\/posts\/10136\/revisions\/10139"}],"wp:featuredmedia":[{"embeddable":true,"href":"https:\/\/nahuelproducciones.com.ar\/radioquijano\/wp-json\/wp\/v2\/media\/10137"}],"wp:attachment":[{"href":"https:\/\/nahuelproducciones.com.ar\/radioquijano\/wp-json\/wp\/v2\/media?parent=10136"}],"wp:term":[{"taxonomy":"category","embeddable":true,"href":"https:\/\/nahuelproducciones.com.ar\/radioquijano\/wp-json\/wp\/v2\/categories?post=10136"},{"taxonomy":"post_tag","embeddable":true,"href":"https:\/\/nahuelproducciones.com.ar\/radioquijano\/wp-json\/wp\/v2\/tags?post=10136"}],"curies":[{"name":"wp","href":"https:\/\/api.w.org\/{rel}","templated":true}]}}