{"id":10140,"date":"2025-05-05T21:24:44","date_gmt":"2025-05-06T00:24:44","guid":{"rendered":"https:\/\/nahuelproducciones.com.ar\/radioquijano\/?p=10140"},"modified":"2025-05-05T21:24:45","modified_gmt":"2025-05-06T00:24:45","slug":"casacion-confirmo-la-condena-a-guillermo-moreno-por-manipulacion-de-indices-del-indec","status":"publish","type":"post","link":"https:\/\/nahuelproducciones.com.ar\/radioquijano\/casacion-confirmo-la-condena-a-guillermo-moreno-por-manipulacion-de-indices-del-indec\/","title":{"rendered":"Casaci\u00f3n confirm\u00f3 la condena a Guillermo Moreno por manipulaci\u00f3n de \u00edndices del INDEC"},"content":{"rendered":"\n<h2 class=\"wp-block-heading\">El exsecretario de Comercio Interior recibi\u00f3 tres a\u00f1os de prisi\u00f3n en suspenso e inhabilitaci\u00f3n por seis a\u00f1os para ejercer cargos p\u00fablicos.<\/h2>\n\n\n\n<p>La C\u00e1mara Federal de Casaci\u00f3n Penal confirm\u00f3 este lunes la condena a\u00a0<strong>Guillermo Moreno<\/strong>,\u00a0exsecretario de Comercio Interior, por la\u00a0<strong>manipulaci\u00f3n del \u00cdndice de Precios al Consumidor (IPC)<\/strong>\u00a0del INDEC entre 2006 y 2007 durante el gobierno de Cristina Kirchner.<\/p>\n\n\n\n<p>Por mayor\u00eda, con los votos de&nbsp;<strong>\u00c1ngela Ledesma<\/strong>&nbsp;y&nbsp;<strong>Guillermo Yacobucci<\/strong>, la Sala II del m\u00e1ximo tribunal penal federal del pa\u00eds ratific\u00f3 la&nbsp;<strong>sentencia del Tribunal Oral Federal 2<\/strong>, que en su momento conden\u00f3 a Moreno a&nbsp;<strong>tres a\u00f1os de prisi\u00f3n condicional<\/strong>&nbsp;y&nbsp;<strong>seis a\u00f1os de inhabilitaci\u00f3n especial para ejercer cargos p\u00fablicos<\/strong>&nbsp;por los delitos de&nbsp;<strong>abuso de autoridad en concurso ideal con destrucci\u00f3n e inutilizaci\u00f3n de registros p\u00fablicos<\/strong>.<\/p>\n\n\n\n<p>La \u00fanica instancia pendiente para una eventual revisi\u00f3n es la&nbsp;<strong>Corte Suprema de Justicia<\/strong>. De quedar firme,&nbsp;<strong>Moreno quedar\u00e1 inhabilitado para ocupar cargos p\u00fablicos<\/strong>.<\/p>\n\n\n\n<h4 class=\"wp-block-heading\">La fundamentaci\u00f3n del fallo<\/h4>\n\n\n\n<p>La jueza Ledesma destac\u00f3 que el fallo del tribunal oral \u201cmeritu\u00f3 con fundamento\u201d la prueba reunida, se\u00f1alando el \u201c<strong>marcado inter\u00e9s<\/strong>\u201d de Moreno en influir en el funcionamiento interno del INDEC,&nbsp;<strong>un organismo que no estaba bajo su \u00f3rbita directa<\/strong>.<\/p>\n\n\n\n<p>Durante el juicio se acredit\u00f3 que&nbsp;<strong>los funcionarios del INDEC debieron adoptar m\u00faltiples medidas de resguardo del secreto estad\u00edstico<\/strong>&nbsp;debido a \u201clos constantes embates que recib\u00edan por parte de Moreno a trav\u00e9s de llamados, requerimientos e imposiciones\u201d.<\/p>\n\n\n\n<p>Adem\u00e1s, el fallo remarc\u00f3 que el exfuncionario ten\u00eda una \u201cnecesidad particular, m\u00e1s all\u00e1 del inter\u00e9s p\u00fablico\u201d, de conocer la identidad de los informantes que aportaban datos sobre precios, as\u00ed como las marcas espec\u00edficas relevadas para el IPC.<\/p>\n\n\n\n<p>Ledesma subray\u00f3 que&nbsp;<strong>los t\u00e9cnicos del INDEC terminaron alej\u00e1ndose del organismo, muchos de ellos con licencias<\/strong>, y que&nbsp;<strong>las mujeres fueron quienes m\u00e1s frecuentemente sufrieron destratos y desplantes<\/strong>&nbsp;del exsecretario.<\/p>\n\n\n\n<p>El juez&nbsp;<strong>Alejandro Slokar<\/strong>&nbsp;vot\u00f3 en disidencia.<\/p>\n\n\n\n<p><strong>Noticias Argentinas (NA)<\/strong>.<\/p>\n","protected":false},"excerpt":{"rendered":"<p>El exsecretario de Comercio Interior recibi\u00f3 tres a\u00f1os de prisi\u00f3n en suspenso e inhabilitaci\u00f3n por seis a\u00f1os para ejercer cargos p\u00fablicos. La C\u00e1mara Federal de Casaci\u00f3n Penal confirm\u00f3 este lunes la condena a\u00a0Guillermo Moreno,\u00a0exsecretario de Comercio Interior, por la\u00a0manipulaci\u00f3n del \u00cdndice de Precios al Consumidor (IPC)\u00a0del INDEC entre 2006 y 2007 durante el gobierno de [&hellip;]<\/p>\n","protected":false},"author":8,"featured_media":10141,"comment_status":"open","ping_status":"open","sticky":false,"template":"","format":"standard","meta":{"_monsterinsights_skip_tracking":false,"_monsterinsights_sitenote_active":false,"_monsterinsights_sitenote_note":"","_monsterinsights_sitenote_category":0,"footnotes":""},"categories":[16],"tags":[1790,1789,475,100],"class_list":["post-10140","post","type-post","status-publish","format-standard","has-post-thumbnail","hentry","category-noticias","tag-condena","tag-guillermo-moreno","tag-indec","tag-municipio-de-campo-quijano"],"yoast_head":"<!-- This site is optimized with the Yoast SEO plugin v20.8 - https:\/\/yoast.com\/wordpress\/plugins\/seo\/ -->\n<title>Casaci\u00f3n confirm\u00f3 la condena a Guillermo Moreno por manipulaci\u00f3n de \u00edndices del INDEC - RQ 99.9<\/title>\n<meta name=\"description\" content=\"El exsecretario de Comercio Interior recibi\u00f3 tres a\u00f1os de prisi\u00f3n en suspenso e inhabilitaci\u00f3n por seis a\u00f1os para ejercer cargos p\u00fablicos.\" \/>\n<meta name=\"robots\" content=\"index, follow, max-snippet:-1, max-image-preview:large, max-video-preview:-1\" \/>\n<link rel=\"canonical\" href=\"https:\/\/nahuelproducciones.com.ar\/radioquijano\/casacion-confirmo-la-condena-a-guillermo-moreno-por-manipulacion-de-indices-del-indec\/\" \/>\n<meta property=\"og:locale\" content=\"es_ES\" \/>\n<meta property=\"og:type\" content=\"article\" \/>\n<meta property=\"og:title\" content=\"Casaci\u00f3n confirm\u00f3 la condena a Guillermo Moreno por manipulaci\u00f3n de \u00edndices del INDEC - RQ 99.9\" \/>\n<meta property=\"og:description\" content=\"El exsecretario de Comercio Interior recibi\u00f3 tres a\u00f1os de prisi\u00f3n en suspenso e inhabilitaci\u00f3n por seis a\u00f1os para ejercer cargos p\u00fablicos.\" \/>\n<meta property=\"og:url\" content=\"https:\/\/nahuelproducciones.com.ar\/radioquijano\/casacion-confirmo-la-condena-a-guillermo-moreno-por-manipulacion-de-indices-del-indec\/\" \/>\n<meta property=\"og:site_name\" content=\"RQ 99.9\" \/>\n<meta property=\"article:publisher\" content=\"https:\/\/www.facebook.com\/nahuelproducciones999\/\" \/>\n<meta property=\"article:published_time\" content=\"2025-05-06T00:24:44+00:00\" \/>\n<meta property=\"article:modified_time\" content=\"2025-05-06T00:24:45+00:00\" \/>\n<meta property=\"og:image\" content=\"https:\/\/nahuelproducciones.com.ar\/radioquijano\/wp-content\/uploads\/2025\/05\/WhatsApp-Image-2025-05-05-at-9.16.59-PM.jpeg\" \/>\n\t<meta property=\"og:image:width\" content=\"571\" \/>\n\t<meta property=\"og:image:height\" content=\"454\" \/>\n\t<meta property=\"og:image:type\" content=\"image\/jpeg\" \/>\n<meta name=\"author\" content=\"Cecilia Pastrana\" \/>\n<meta name=\"twitter:card\" content=\"summary_large_image\" \/>\n<meta name=\"twitter:creator\" content=\"@nahuproduciones\" \/>\n<meta name=\"twitter:site\" content=\"@nahuproduciones\" \/>\n<meta name=\"twitter:label1\" content=\"Escrito por\" \/>\n\t<meta name=\"twitter:data1\" content=\"Cecilia Pastrana\" \/>\n\t<meta name=\"twitter:label2\" content=\"Tiempo de lectura\" \/>\n\t<meta name=\"twitter:data2\" content=\"2 minutos\" \/>\n<script type=\"application\/ld+json\" class=\"yoast-schema-graph\">{\"@context\":\"https:\/\/schema.org\",\"@graph\":[{\"@type\":\"WebPage\",\"@id\":\"https:\/\/nahuelproducciones.com.ar\/radioquijano\/casacion-confirmo-la-condena-a-guillermo-moreno-por-manipulacion-de-indices-del-indec\/\",\"url\":\"https:\/\/nahuelproducciones.com.ar\/radioquijano\/casacion-confirmo-la-condena-a-guillermo-moreno-por-manipulacion-de-indices-del-indec\/\",\"name\":\"Casaci\u00f3n confirm\u00f3 la condena a Guillermo Moreno por manipulaci\u00f3n de \u00edndices del INDEC - RQ 99.9\",\"isPartOf\":{\"@id\":\"https:\/\/nahuelproducciones.com.ar\/radioquijano\/#website\"},\"datePublished\":\"2025-05-06T00:24:44+00:00\",\"dateModified\":\"2025-05-06T00:24:45+00:00\",\"author\":{\"@id\":\"https:\/\/nahuelproducciones.com.ar\/radioquijano\/#\/schema\/person\/e8a4f939e2cb487fe6d0c54042c9d32c\"},\"description\":\"El exsecretario de Comercio Interior recibi\u00f3 tres a\u00f1os de prisi\u00f3n en suspenso e inhabilitaci\u00f3n por seis a\u00f1os para ejercer cargos p\u00fablicos.\",\"breadcrumb\":{\"@id\":\"https:\/\/nahuelproducciones.com.ar\/radioquijano\/casacion-confirmo-la-condena-a-guillermo-moreno-por-manipulacion-de-indices-del-indec\/#breadcrumb\"},\"inLanguage\":\"es\",\"potentialAction\":[{\"@type\":\"ReadAction\",\"target\":[\"https:\/\/nahuelproducciones.com.ar\/radioquijano\/casacion-confirmo-la-condena-a-guillermo-moreno-por-manipulacion-de-indices-del-indec\/\"]}]},{\"@type\":\"BreadcrumbList\",\"@id\":\"https:\/\/nahuelproducciones.com.ar\/radioquijano\/casacion-confirmo-la-condena-a-guillermo-moreno-por-manipulacion-de-indices-del-indec\/#breadcrumb\",\"itemListElement\":[{\"@type\":\"ListItem\",\"position\":1,\"name\":\"Portada\",\"item\":\"https:\/\/nahuelproducciones.com.ar\/radioquijano\/\"},{\"@type\":\"ListItem\",\"position\":2,\"name\":\"Casaci\u00f3n confirm\u00f3 la condena a Guillermo Moreno por manipulaci\u00f3n de \u00edndices del INDEC\"}]},{\"@type\":\"WebSite\",\"@id\":\"https:\/\/nahuelproducciones.com.ar\/radioquijano\/#website\",\"url\":\"https:\/\/nahuelproducciones.com.ar\/radioquijano\/\",\"name\":\"RQ 99.9\",\"description\":\"Radio Quijano 99.9 MHz\",\"potentialAction\":[{\"@type\":\"SearchAction\",\"target\":{\"@type\":\"EntryPoint\",\"urlTemplate\":\"https:\/\/nahuelproducciones.com.ar\/radioquijano\/?s={search_term_string}\"},\"query-input\":\"required name=search_term_string\"}],\"inLanguage\":\"es\"},{\"@type\":\"Person\",\"@id\":\"https:\/\/nahuelproducciones.com.ar\/radioquijano\/#\/schema\/person\/e8a4f939e2cb487fe6d0c54042c9d32c\",\"name\":\"Cecilia Pastrana\",\"image\":{\"@type\":\"ImageObject\",\"inLanguage\":\"es\",\"@id\":\"https:\/\/nahuelproducciones.com.ar\/radioquijano\/#\/schema\/person\/image\/\",\"url\":\"https:\/\/secure.gravatar.com\/avatar\/661a3ef63a8488d4f2794ed44af8cf71420f7e106f3072c40125114df5157749?s=96&d=mm&r=g\",\"contentUrl\":\"https:\/\/secure.gravatar.com\/avatar\/661a3ef63a8488d4f2794ed44af8cf71420f7e106f3072c40125114df5157749?s=96&d=mm&r=g\",\"caption\":\"Cecilia Pastrana\"},\"sameAs\":[\"cecy\"],\"url\":\"https:\/\/nahuelproducciones.com.ar\/radioquijano\/author\/cecy\/\"}]}<\/script>\n<!-- \/ Yoast SEO plugin. -->","yoast_head_json":{"title":"Casaci\u00f3n confirm\u00f3 la condena a Guillermo Moreno por manipulaci\u00f3n de \u00edndices del INDEC - RQ 99.9","description":"El exsecretario de Comercio Interior recibi\u00f3 tres a\u00f1os de prisi\u00f3n en suspenso e inhabilitaci\u00f3n por seis a\u00f1os para ejercer cargos p\u00fablicos.","robots":{"index":"index","follow":"follow","max-snippet":"max-snippet:-1","max-image-preview":"max-image-preview:large","max-video-preview":"max-video-preview:-1"},"canonical":"https:\/\/nahuelproducciones.com.ar\/radioquijano\/casacion-confirmo-la-condena-a-guillermo-moreno-por-manipulacion-de-indices-del-indec\/","og_locale":"es_ES","og_type":"article","og_title":"Casaci\u00f3n confirm\u00f3 la condena a Guillermo Moreno por manipulaci\u00f3n de \u00edndices del INDEC - RQ 99.9","og_description":"El exsecretario de Comercio Interior recibi\u00f3 tres a\u00f1os de prisi\u00f3n en suspenso e inhabilitaci\u00f3n por seis a\u00f1os para ejercer cargos p\u00fablicos.","og_url":"https:\/\/nahuelproducciones.com.ar\/radioquijano\/casacion-confirmo-la-condena-a-guillermo-moreno-por-manipulacion-de-indices-del-indec\/","og_site_name":"RQ 99.9","article_publisher":"https:\/\/www.facebook.com\/nahuelproducciones999\/","article_published_time":"2025-05-06T00:24:44+00:00","article_modified_time":"2025-05-06T00:24:45+00:00","og_image":[{"width":571,"height":454,"url":"https:\/\/nahuelproducciones.com.ar\/radioquijano\/wp-content\/uploads\/2025\/05\/WhatsApp-Image-2025-05-05-at-9.16.59-PM.jpeg","type":"image\/jpeg"}],"author":"Cecilia Pastrana","twitter_card":"summary_large_image","twitter_creator":"@nahuproduciones","twitter_site":"@nahuproduciones","twitter_misc":{"Escrito por":"Cecilia Pastrana","Tiempo de lectura":"2 minutos"},"schema":{"@context":"https:\/\/schema.org","@graph":[{"@type":"WebPage","@id":"https:\/\/nahuelproducciones.com.ar\/radioquijano\/casacion-confirmo-la-condena-a-guillermo-moreno-por-manipulacion-de-indices-del-indec\/","url":"https:\/\/nahuelproducciones.com.ar\/radioquijano\/casacion-confirmo-la-condena-a-guillermo-moreno-por-manipulacion-de-indices-del-indec\/","name":"Casaci\u00f3n confirm\u00f3 la condena a Guillermo Moreno por manipulaci\u00f3n de \u00edndices del INDEC - RQ 99.9","isPartOf":{"@id":"https:\/\/nahuelproducciones.com.ar\/radioquijano\/#website"},"datePublished":"2025-05-06T00:24:44+00:00","dateModified":"2025-05-06T00:24:45+00:00","author":{"@id":"https:\/\/nahuelproducciones.com.ar\/radioquijano\/#\/schema\/person\/e8a4f939e2cb487fe6d0c54042c9d32c"},"description":"El exsecretario de Comercio Interior recibi\u00f3 tres a\u00f1os de prisi\u00f3n en suspenso e inhabilitaci\u00f3n por seis a\u00f1os para ejercer cargos p\u00fablicos.","breadcrumb":{"@id":"https:\/\/nahuelproducciones.com.ar\/radioquijano\/casacion-confirmo-la-condena-a-guillermo-moreno-por-manipulacion-de-indices-del-indec\/#breadcrumb"},"inLanguage":"es","potentialAction":[{"@type":"ReadAction","target":["https:\/\/nahuelproducciones.com.ar\/radioquijano\/casacion-confirmo-la-condena-a-guillermo-moreno-por-manipulacion-de-indices-del-indec\/"]}]},{"@type":"BreadcrumbList","@id":"https:\/\/nahuelproducciones.com.ar\/radioquijano\/casacion-confirmo-la-condena-a-guillermo-moreno-por-manipulacion-de-indices-del-indec\/#breadcrumb","itemListElement":[{"@type":"ListItem","position":1,"name":"Portada","item":"https:\/\/nahuelproducciones.com.ar\/radioquijano\/"},{"@type":"ListItem","position":2,"name":"Casaci\u00f3n confirm\u00f3 la condena a Guillermo Moreno por manipulaci\u00f3n de \u00edndices del INDEC"}]},{"@type":"WebSite","@id":"https:\/\/nahuelproducciones.com.ar\/radioquijano\/#website","url":"https:\/\/nahuelproducciones.com.ar\/radioquijano\/","name":"RQ 99.9","description":"Radio Quijano 99.9 MHz","potentialAction":[{"@type":"SearchAction","target":{"@type":"EntryPoint","urlTemplate":"https:\/\/nahuelproducciones.com.ar\/radioquijano\/?s={search_term_string}"},"query-input":"required name=search_term_string"}],"inLanguage":"es"},{"@type":"Person","@id":"https:\/\/nahuelproducciones.com.ar\/radioquijano\/#\/schema\/person\/e8a4f939e2cb487fe6d0c54042c9d32c","name":"Cecilia Pastrana","image":{"@type":"ImageObject","inLanguage":"es","@id":"https:\/\/nahuelproducciones.com.ar\/radioquijano\/#\/schema\/person\/image\/","url":"https:\/\/secure.gravatar.com\/avatar\/661a3ef63a8488d4f2794ed44af8cf71420f7e106f3072c40125114df5157749?s=96&d=mm&r=g","contentUrl":"https:\/\/secure.gravatar.com\/avatar\/661a3ef63a8488d4f2794ed44af8cf71420f7e106f3072c40125114df5157749?s=96&d=mm&r=g","caption":"Cecilia Pastrana"},"sameAs":["cecy"],"url":"https:\/\/nahuelproducciones.com.ar\/radioquijano\/author\/cecy\/"}]}},"_links":{"self":[{"href":"https:\/\/nahuelproducciones.com.ar\/radioquijano\/wp-json\/wp\/v2\/posts\/10140","targetHints":{"allow":["GET"]}}],"collection":[{"href":"https:\/\/nahuelproducciones.com.ar\/radioquijano\/wp-json\/wp\/v2\/posts"}],"about":[{"href":"https:\/\/nahuelproducciones.com.ar\/radioquijano\/wp-json\/wp\/v2\/types\/post"}],"author":[{"embeddable":true,"href":"https:\/\/nahuelproducciones.com.ar\/radioquijano\/wp-json\/wp\/v2\/users\/8"}],"replies":[{"embeddable":true,"href":"https:\/\/nahuelproducciones.com.ar\/radioquijano\/wp-json\/wp\/v2\/comments?post=10140"}],"version-history":[{"count":1,"href":"https:\/\/nahuelproducciones.com.ar\/radioquijano\/wp-json\/wp\/v2\/posts\/10140\/revisions"}],"predecessor-version":[{"id":10142,"href":"https:\/\/nahuelproducciones.com.ar\/radioquijano\/wp-json\/wp\/v2\/posts\/10140\/revisions\/10142"}],"wp:featuredmedia":[{"embeddable":true,"href":"https:\/\/nahuelproducciones.com.ar\/radioquijano\/wp-json\/wp\/v2\/media\/10141"}],"wp:attachment":[{"href":"https:\/\/nahuelproducciones.com.ar\/radioquijano\/wp-json\/wp\/v2\/media?parent=10140"}],"wp:term":[{"taxonomy":"category","embeddable":true,"href":"https:\/\/nahuelproducciones.com.ar\/radioquijano\/wp-json\/wp\/v2\/categories?post=10140"},{"taxonomy":"post_tag","embeddable":true,"href":"https:\/\/nahuelproducciones.com.ar\/radioquijano\/wp-json\/wp\/v2\/tags?post=10140"}],"curies":[{"name":"wp","href":"https:\/\/api.w.org\/{rel}","templated":true}]}}