{"id":10143,"date":"2025-05-06T10:26:57","date_gmt":"2025-05-06T13:26:57","guid":{"rendered":"https:\/\/nahuelproducciones.com.ar\/radioquijano\/?p=10143"},"modified":"2025-05-06T10:26:58","modified_gmt":"2025-05-06T13:26:58","slug":"concejo-deliberante-de-campo-quijano-orden-del-dia-de-hoy","status":"publish","type":"post","link":"https:\/\/nahuelproducciones.com.ar\/radioquijano\/concejo-deliberante-de-campo-quijano-orden-del-dia-de-hoy\/","title":{"rendered":"Concejo Deliberante de Campo Quijano \u2013 Orden del D\u00eda de Hoy"},"content":{"rendered":"\n<p>Hoy, el Concejo Deliberante de nuestro municipio tiene en su agenda apenas <strong>dos temas para tratar<\/strong>:<\/p>\n\n\n\n<ol class=\"wp-block-list\">\n<li>El pedido de la Sra. Graciela Melussi Molina para que se declare de Inter\u00e9s Municipal la Segunda Edici\u00f3n del Concurso de Poemas de Campo Quijano 2025.<\/li>\n\n\n\n<li>Un Proyecto de Pedido de Informe presentado por la concejal <strong>Lorena Torres<\/strong>, solicitando al Ejecutivo el resumen del Primer Trimestre del A\u00f1o Fiscal 2025.<\/li>\n<\/ol>\n\n\n\n<p>Y eso es todo.<\/p>\n\n\n\n<p> Lo preocupante no es solo la escasez de temas, sino el <strong>silencio de la mayor\u00eda de los concejales<\/strong>, que hoy <strong>no presentan ninguna iniciativa<\/strong>, a pesar de que <strong>algunos de ellos est\u00e1n buscando su reelecci\u00f3n<\/strong>. La pregunta que muchos vecinos se hacen es inevitable:<br><strong>\u00bfSi hoy, teniendo la oportunidad de trabajar por el pueblo, no lo hacen\u2026 lo har\u00e1n si vuelven a ganar?<\/strong><\/p>\n\n\n\n<p>La funci\u00f3n de un concejal no es solo levantar la mano, sino <strong>proponer, controlar, debatir y representar a la comunidad<\/strong>. No alcanza con las promesas de campa\u00f1a. El compromiso se demuestra en el recinto y con hechos concretos.<\/p>\n\n\n\n<p> Como ciudadanos, tenemos el derecho \u2013y la responsabilidad\u2013 de <strong>exigir presencia, trabajo y compromiso real<\/strong> de quienes ocupan una banca en nombre del pueblo.<\/p>\n","protected":false},"excerpt":{"rendered":"<p>Hoy, el Concejo Deliberante de nuestro municipio tiene en su agenda apenas dos temas para tratar: Y eso es todo. Lo preocupante no es solo la escasez de temas, sino el silencio de la mayor\u00eda de los concejales, que hoy no presentan ninguna iniciativa, a pesar de que algunos de ellos est\u00e1n buscando su reelecci\u00f3n. [&hellip;]<\/p>\n","protected":false},"author":8,"featured_media":10144,"comment_status":"open","ping_status":"open","sticky":false,"template":"","format":"standard","meta":{"_monsterinsights_skip_tracking":false,"_monsterinsights_sitenote_active":false,"_monsterinsights_sitenote_note":"","_monsterinsights_sitenote_category":0,"footnotes":""},"categories":[16],"tags":[75,100],"class_list":["post-10143","post","type-post","status-publish","format-standard","has-post-thumbnail","hentry","category-noticias","tag-concejo-deliberante-de-campo-quijano","tag-municipio-de-campo-quijano"],"yoast_head":"<!-- This site is optimized with the Yoast SEO plugin v20.8 - https:\/\/yoast.com\/wordpress\/plugins\/seo\/ -->\n<title>Concejo Deliberante de Campo Quijano \u2013 Orden del D\u00eda de Hoy - RQ 99.9<\/title>\n<meta name=\"description\" content=\"Como ciudadanos, tenemos el derecho \u2013y la responsabilidad\u2013 de exigir presencia, trabajo y compromiso real de quienes ocupan una banca en nombre del pueblo.\" \/>\n<meta name=\"robots\" content=\"index, follow, max-snippet:-1, max-image-preview:large, max-video-preview:-1\" \/>\n<link rel=\"canonical\" href=\"https:\/\/nahuelproducciones.com.ar\/radioquijano\/concejo-deliberante-de-campo-quijano-orden-del-dia-de-hoy\/\" \/>\n<meta property=\"og:locale\" content=\"es_ES\" \/>\n<meta property=\"og:type\" content=\"article\" \/>\n<meta property=\"og:title\" content=\"Concejo Deliberante de Campo Quijano \u2013 Orden del D\u00eda de Hoy - RQ 99.9\" \/>\n<meta property=\"og:description\" content=\"Como ciudadanos, tenemos el derecho \u2013y la responsabilidad\u2013 de exigir presencia, trabajo y compromiso real de quienes ocupan una banca en nombre del pueblo.\" \/>\n<meta property=\"og:url\" content=\"https:\/\/nahuelproducciones.com.ar\/radioquijano\/concejo-deliberante-de-campo-quijano-orden-del-dia-de-hoy\/\" \/>\n<meta property=\"og:site_name\" content=\"RQ 99.9\" \/>\n<meta property=\"article:publisher\" content=\"https:\/\/www.facebook.com\/nahuelproducciones999\/\" \/>\n<meta property=\"article:published_time\" content=\"2025-05-06T13:26:57+00:00\" \/>\n<meta property=\"article:modified_time\" content=\"2025-05-06T13:26:58+00:00\" \/>\n<meta property=\"og:image\" content=\"https:\/\/nahuelproducciones.com.ar\/radioquijano\/wp-content\/uploads\/2025\/05\/WhatsApp-Image-2025-05-06-at-10.15.00-AM-e1746537980512.jpeg\" \/>\n\t<meta property=\"og:image:width\" content=\"700\" \/>\n\t<meta property=\"og:image:height\" content=\"357\" \/>\n\t<meta property=\"og:image:type\" content=\"image\/jpeg\" \/>\n<meta name=\"author\" content=\"Cecilia Pastrana\" \/>\n<meta name=\"twitter:card\" content=\"summary_large_image\" \/>\n<meta name=\"twitter:creator\" content=\"@nahuproduciones\" \/>\n<meta name=\"twitter:site\" content=\"@nahuproduciones\" \/>\n<meta name=\"twitter:label1\" content=\"Escrito por\" \/>\n\t<meta name=\"twitter:data1\" content=\"Cecilia Pastrana\" \/>\n\t<meta name=\"twitter:label2\" content=\"Tiempo de lectura\" \/>\n\t<meta name=\"twitter:data2\" content=\"1 minuto\" \/>\n<script type=\"application\/ld+json\" class=\"yoast-schema-graph\">{\"@context\":\"https:\/\/schema.org\",\"@graph\":[{\"@type\":\"WebPage\",\"@id\":\"https:\/\/nahuelproducciones.com.ar\/radioquijano\/concejo-deliberante-de-campo-quijano-orden-del-dia-de-hoy\/\",\"url\":\"https:\/\/nahuelproducciones.com.ar\/radioquijano\/concejo-deliberante-de-campo-quijano-orden-del-dia-de-hoy\/\",\"name\":\"Concejo Deliberante de Campo Quijano \u2013 Orden del D\u00eda de Hoy - RQ 99.9\",\"isPartOf\":{\"@id\":\"https:\/\/nahuelproducciones.com.ar\/radioquijano\/#website\"},\"datePublished\":\"2025-05-06T13:26:57+00:00\",\"dateModified\":\"2025-05-06T13:26:58+00:00\",\"author\":{\"@id\":\"https:\/\/nahuelproducciones.com.ar\/radioquijano\/#\/schema\/person\/e8a4f939e2cb487fe6d0c54042c9d32c\"},\"description\":\"Como ciudadanos, tenemos el derecho \u2013y la responsabilidad\u2013 de exigir presencia, trabajo y compromiso real de quienes ocupan una banca en nombre del pueblo.\",\"breadcrumb\":{\"@id\":\"https:\/\/nahuelproducciones.com.ar\/radioquijano\/concejo-deliberante-de-campo-quijano-orden-del-dia-de-hoy\/#breadcrumb\"},\"inLanguage\":\"es\",\"potentialAction\":[{\"@type\":\"ReadAction\",\"target\":[\"https:\/\/nahuelproducciones.com.ar\/radioquijano\/concejo-deliberante-de-campo-quijano-orden-del-dia-de-hoy\/\"]}]},{\"@type\":\"BreadcrumbList\",\"@id\":\"https:\/\/nahuelproducciones.com.ar\/radioquijano\/concejo-deliberante-de-campo-quijano-orden-del-dia-de-hoy\/#breadcrumb\",\"itemListElement\":[{\"@type\":\"ListItem\",\"position\":1,\"name\":\"Portada\",\"item\":\"https:\/\/nahuelproducciones.com.ar\/radioquijano\/\"},{\"@type\":\"ListItem\",\"position\":2,\"name\":\"Concejo Deliberante de Campo Quijano \u2013 Orden del D\u00eda de Hoy\"}]},{\"@type\":\"WebSite\",\"@id\":\"https:\/\/nahuelproducciones.com.ar\/radioquijano\/#website\",\"url\":\"https:\/\/nahuelproducciones.com.ar\/radioquijano\/\",\"name\":\"RQ 99.9\",\"description\":\"Radio Quijano 99.9 MHz\",\"potentialAction\":[{\"@type\":\"SearchAction\",\"target\":{\"@type\":\"EntryPoint\",\"urlTemplate\":\"https:\/\/nahuelproducciones.com.ar\/radioquijano\/?s={search_term_string}\"},\"query-input\":\"required name=search_term_string\"}],\"inLanguage\":\"es\"},{\"@type\":\"Person\",\"@id\":\"https:\/\/nahuelproducciones.com.ar\/radioquijano\/#\/schema\/person\/e8a4f939e2cb487fe6d0c54042c9d32c\",\"name\":\"Cecilia Pastrana\",\"image\":{\"@type\":\"ImageObject\",\"inLanguage\":\"es\",\"@id\":\"https:\/\/nahuelproducciones.com.ar\/radioquijano\/#\/schema\/person\/image\/\",\"url\":\"https:\/\/secure.gravatar.com\/avatar\/661a3ef63a8488d4f2794ed44af8cf71420f7e106f3072c40125114df5157749?s=96&d=mm&r=g\",\"contentUrl\":\"https:\/\/secure.gravatar.com\/avatar\/661a3ef63a8488d4f2794ed44af8cf71420f7e106f3072c40125114df5157749?s=96&d=mm&r=g\",\"caption\":\"Cecilia Pastrana\"},\"sameAs\":[\"cecy\"],\"url\":\"https:\/\/nahuelproducciones.com.ar\/radioquijano\/author\/cecy\/\"}]}<\/script>\n<!-- \/ Yoast SEO plugin. -->","yoast_head_json":{"title":"Concejo Deliberante de Campo Quijano \u2013 Orden del D\u00eda de Hoy - RQ 99.9","description":"Como ciudadanos, tenemos el derecho \u2013y la responsabilidad\u2013 de exigir presencia, trabajo y compromiso real de quienes ocupan una banca en nombre del pueblo.","robots":{"index":"index","follow":"follow","max-snippet":"max-snippet:-1","max-image-preview":"max-image-preview:large","max-video-preview":"max-video-preview:-1"},"canonical":"https:\/\/nahuelproducciones.com.ar\/radioquijano\/concejo-deliberante-de-campo-quijano-orden-del-dia-de-hoy\/","og_locale":"es_ES","og_type":"article","og_title":"Concejo Deliberante de Campo Quijano \u2013 Orden del D\u00eda de Hoy - RQ 99.9","og_description":"Como ciudadanos, tenemos el derecho \u2013y la responsabilidad\u2013 de exigir presencia, trabajo y compromiso real de quienes ocupan una banca en nombre del pueblo.","og_url":"https:\/\/nahuelproducciones.com.ar\/radioquijano\/concejo-deliberante-de-campo-quijano-orden-del-dia-de-hoy\/","og_site_name":"RQ 99.9","article_publisher":"https:\/\/www.facebook.com\/nahuelproducciones999\/","article_published_time":"2025-05-06T13:26:57+00:00","article_modified_time":"2025-05-06T13:26:58+00:00","og_image":[{"width":700,"height":357,"url":"https:\/\/nahuelproducciones.com.ar\/radioquijano\/wp-content\/uploads\/2025\/05\/WhatsApp-Image-2025-05-06-at-10.15.00-AM-e1746537980512.jpeg","type":"image\/jpeg"}],"author":"Cecilia Pastrana","twitter_card":"summary_large_image","twitter_creator":"@nahuproduciones","twitter_site":"@nahuproduciones","twitter_misc":{"Escrito por":"Cecilia Pastrana","Tiempo de lectura":"1 minuto"},"schema":{"@context":"https:\/\/schema.org","@graph":[{"@type":"WebPage","@id":"https:\/\/nahuelproducciones.com.ar\/radioquijano\/concejo-deliberante-de-campo-quijano-orden-del-dia-de-hoy\/","url":"https:\/\/nahuelproducciones.com.ar\/radioquijano\/concejo-deliberante-de-campo-quijano-orden-del-dia-de-hoy\/","name":"Concejo Deliberante de Campo Quijano \u2013 Orden del D\u00eda de Hoy - RQ 99.9","isPartOf":{"@id":"https:\/\/nahuelproducciones.com.ar\/radioquijano\/#website"},"datePublished":"2025-05-06T13:26:57+00:00","dateModified":"2025-05-06T13:26:58+00:00","author":{"@id":"https:\/\/nahuelproducciones.com.ar\/radioquijano\/#\/schema\/person\/e8a4f939e2cb487fe6d0c54042c9d32c"},"description":"Como ciudadanos, tenemos el derecho \u2013y la responsabilidad\u2013 de exigir presencia, trabajo y compromiso real de quienes ocupan una banca en nombre del pueblo.","breadcrumb":{"@id":"https:\/\/nahuelproducciones.com.ar\/radioquijano\/concejo-deliberante-de-campo-quijano-orden-del-dia-de-hoy\/#breadcrumb"},"inLanguage":"es","potentialAction":[{"@type":"ReadAction","target":["https:\/\/nahuelproducciones.com.ar\/radioquijano\/concejo-deliberante-de-campo-quijano-orden-del-dia-de-hoy\/"]}]},{"@type":"BreadcrumbList","@id":"https:\/\/nahuelproducciones.com.ar\/radioquijano\/concejo-deliberante-de-campo-quijano-orden-del-dia-de-hoy\/#breadcrumb","itemListElement":[{"@type":"ListItem","position":1,"name":"Portada","item":"https:\/\/nahuelproducciones.com.ar\/radioquijano\/"},{"@type":"ListItem","position":2,"name":"Concejo Deliberante de Campo Quijano \u2013 Orden del D\u00eda de Hoy"}]},{"@type":"WebSite","@id":"https:\/\/nahuelproducciones.com.ar\/radioquijano\/#website","url":"https:\/\/nahuelproducciones.com.ar\/radioquijano\/","name":"RQ 99.9","description":"Radio Quijano 99.9 MHz","potentialAction":[{"@type":"SearchAction","target":{"@type":"EntryPoint","urlTemplate":"https:\/\/nahuelproducciones.com.ar\/radioquijano\/?s={search_term_string}"},"query-input":"required name=search_term_string"}],"inLanguage":"es"},{"@type":"Person","@id":"https:\/\/nahuelproducciones.com.ar\/radioquijano\/#\/schema\/person\/e8a4f939e2cb487fe6d0c54042c9d32c","name":"Cecilia Pastrana","image":{"@type":"ImageObject","inLanguage":"es","@id":"https:\/\/nahuelproducciones.com.ar\/radioquijano\/#\/schema\/person\/image\/","url":"https:\/\/secure.gravatar.com\/avatar\/661a3ef63a8488d4f2794ed44af8cf71420f7e106f3072c40125114df5157749?s=96&d=mm&r=g","contentUrl":"https:\/\/secure.gravatar.com\/avatar\/661a3ef63a8488d4f2794ed44af8cf71420f7e106f3072c40125114df5157749?s=96&d=mm&r=g","caption":"Cecilia Pastrana"},"sameAs":["cecy"],"url":"https:\/\/nahuelproducciones.com.ar\/radioquijano\/author\/cecy\/"}]}},"_links":{"self":[{"href":"https:\/\/nahuelproducciones.com.ar\/radioquijano\/wp-json\/wp\/v2\/posts\/10143","targetHints":{"allow":["GET"]}}],"collection":[{"href":"https:\/\/nahuelproducciones.com.ar\/radioquijano\/wp-json\/wp\/v2\/posts"}],"about":[{"href":"https:\/\/nahuelproducciones.com.ar\/radioquijano\/wp-json\/wp\/v2\/types\/post"}],"author":[{"embeddable":true,"href":"https:\/\/nahuelproducciones.com.ar\/radioquijano\/wp-json\/wp\/v2\/users\/8"}],"replies":[{"embeddable":true,"href":"https:\/\/nahuelproducciones.com.ar\/radioquijano\/wp-json\/wp\/v2\/comments?post=10143"}],"version-history":[{"count":1,"href":"https:\/\/nahuelproducciones.com.ar\/radioquijano\/wp-json\/wp\/v2\/posts\/10143\/revisions"}],"predecessor-version":[{"id":10145,"href":"https:\/\/nahuelproducciones.com.ar\/radioquijano\/wp-json\/wp\/v2\/posts\/10143\/revisions\/10145"}],"wp:featuredmedia":[{"embeddable":true,"href":"https:\/\/nahuelproducciones.com.ar\/radioquijano\/wp-json\/wp\/v2\/media\/10144"}],"wp:attachment":[{"href":"https:\/\/nahuelproducciones.com.ar\/radioquijano\/wp-json\/wp\/v2\/media?parent=10143"}],"wp:term":[{"taxonomy":"category","embeddable":true,"href":"https:\/\/nahuelproducciones.com.ar\/radioquijano\/wp-json\/wp\/v2\/categories?post=10143"},{"taxonomy":"post_tag","embeddable":true,"href":"https:\/\/nahuelproducciones.com.ar\/radioquijano\/wp-json\/wp\/v2\/tags?post=10143"}],"curies":[{"name":"wp","href":"https:\/\/api.w.org\/{rel}","templated":true}]}}