{"id":10150,"date":"2025-05-07T17:09:59","date_gmt":"2025-05-07T20:09:59","guid":{"rendered":"https:\/\/nahuelproducciones.com.ar\/radioquijano\/?p=10150"},"modified":"2025-05-07T17:10:00","modified_gmt":"2025-05-07T20:10:00","slug":"ariel-gallardo-presento-sus-propuestas-en-radio-quijano-juntos-vamos-a-poner-limites","status":"publish","type":"post","link":"https:\/\/nahuelproducciones.com.ar\/radioquijano\/ariel-gallardo-presento-sus-propuestas-en-radio-quijano-juntos-vamos-a-poner-limites\/","title":{"rendered":"Ariel Gallardo present\u00f3 sus propuestas en Radio Quijano: \u201cJuntos vamos a poner l\u00edmites\u201d"},"content":{"rendered":"\n<p>En el marco del ciclo \u201cConocemos al Candidato\u201d, organizado por Radio Quijano, el postulante a senador por la Lista 403 \u201cJuntos\u201d, Ariel Antonio Gallardo, dialog\u00f3 en forma telef\u00f3nica con el medio local y comparti\u00f3 sus principales inquietudes y propuestas de cara a las pr\u00f3ximas elecciones.<\/p>\n\n\n\n<p>Durante la entrevista, Gallardo destac\u00f3 su compromiso con la transparencia, el medio ambiente y la seguridad, temas que surgieron a partir de preguntas de los oyentes. Adem\u00e1s, adelant\u00f3 que, en caso de no obtener respuestas a las problem\u00e1ticas planteadas, no dudar\u00e1 en recurrir a la v\u00eda judicial para exigir soluciones: \u201cNo me temblar\u00e1 el pulso para judicializar si es necesario\u201d, afirm\u00f3.<\/p>\n\n\n\n<p>Gallardo present\u00f3 a quienes lo acompa\u00f1an en la lista: su candidata a concejal es Lorena Torres y el postulante a convencional municipal es Fernando Nolasco. Bajo el lema <strong>\u201cJuntos vamos a poner l\u00edmites\u201d<\/strong>, el candidato sostuvo que buscar\u00e1 hacer visibles en el Senado los reclamos de los vecinos de Campo Quijano y Rosario de Lerma.<\/p>\n\n\n\n<p>En relaci\u00f3n a la actual gesti\u00f3n municipal de ambas localidades, expres\u00f3 cr\u00edticas y observaciones, aunque evit\u00f3 entrar en confrontaciones personales. Se\u00f1al\u00f3 que su objetivo es \u201ctrabajar desde el lugar que la gente le conf\u00ede\u201d y propuso generar canales de participaci\u00f3n ciudadana para que las decisiones pol\u00edticas respondan a las verdaderas necesidades del territorio.<\/p>\n\n\n\n<p>ESCUCHA LA ENTREVISTA:<\/p>\n\n\n\n<figure class=\"wp-block-audio\"><audio controls src=\"https:\/\/nahuelproducciones.com.ar\/radioquijano\/wp-content\/uploads\/2025\/05\/07-05-2025-ARIEL-GALARDO-CANDIDATO-A-SENADOR-2025-POR-JUNTOS-LISTA-403.mp3\"><\/audio><\/figure>\n\n\n\n<p>Cerrando la entrevista, Ariel Gallardo expres\u00f3: <em>\u201cOjal\u00e1 puedan acompa\u00f1arnos con su voto, en Campo Quijano y en Rosario de Lerma, el domingo 11 de mayo.\u201d<\/em><\/p>\n\n\n\n<p>El ciclo contin\u00faa en Radio Quijano con la participaci\u00f3n de diferentes candidatos que buscan representar a la regi\u00f3n, en una apuesta por promover el voto informado y el di\u00e1logo democr\u00e1tico.<\/p>\n","protected":false},"excerpt":{"rendered":"<p>En el marco del ciclo \u201cConocemos al Candidato\u201d, organizado por Radio Quijano, el postulante a senador por la Lista 403 \u201cJuntos\u201d, Ariel Antonio Gallardo, dialog\u00f3 en forma telef\u00f3nica con el medio local y comparti\u00f3 sus principales inquietudes y propuestas de cara a las pr\u00f3ximas elecciones. Durante la entrevista, Gallardo destac\u00f3 su compromiso con la transparencia, [&hellip;]<\/p>\n","protected":false},"author":8,"featured_media":10152,"comment_status":"open","ping_status":"open","sticky":false,"template":"","format":"standard","meta":{"_monsterinsights_skip_tracking":false,"_monsterinsights_sitenote_active":false,"_monsterinsights_sitenote_note":"","_monsterinsights_sitenote_category":0,"footnotes":""},"categories":[16],"tags":[1764,73,100],"class_list":["post-10150","post","type-post","status-publish","format-standard","has-post-thumbnail","hentry","category-noticias","tag-conocemos-al-candidato","tag-ariel-gallardo","tag-municipio-de-campo-quijano"],"yoast_head":"<!-- This site is optimized with the Yoast SEO plugin v20.8 - https:\/\/yoast.com\/wordpress\/plugins\/seo\/ -->\n<title>Ariel Gallardo present\u00f3 sus propuestas en Radio Quijano: \u201cJuntos vamos a poner l\u00edmites\u201d - RQ 99.9<\/title>\n<meta name=\"description\" content=\"Bajo el lema \u201cJuntos vamos a poner l\u00edmites\u201d, el candidato sostuvo que buscar\u00e1 hacer visibles en el Senado los reclamos de los vecinos de Campo Quijano y Rosario de Lerma.\" \/>\n<meta name=\"robots\" content=\"index, follow, max-snippet:-1, max-image-preview:large, max-video-preview:-1\" \/>\n<link rel=\"canonical\" href=\"https:\/\/nahuelproducciones.com.ar\/radioquijano\/ariel-gallardo-presento-sus-propuestas-en-radio-quijano-juntos-vamos-a-poner-limites\/\" \/>\n<meta property=\"og:locale\" content=\"es_ES\" \/>\n<meta property=\"og:type\" content=\"article\" \/>\n<meta property=\"og:title\" content=\"Ariel Gallardo present\u00f3 sus propuestas en Radio Quijano: \u201cJuntos vamos a poner l\u00edmites\u201d - RQ 99.9\" \/>\n<meta property=\"og:description\" content=\"Bajo el lema \u201cJuntos vamos a poner l\u00edmites\u201d, el candidato sostuvo que buscar\u00e1 hacer visibles en el Senado los reclamos de los vecinos de Campo Quijano y Rosario de Lerma.\" \/>\n<meta property=\"og:url\" content=\"https:\/\/nahuelproducciones.com.ar\/radioquijano\/ariel-gallardo-presento-sus-propuestas-en-radio-quijano-juntos-vamos-a-poner-limites\/\" \/>\n<meta property=\"og:site_name\" content=\"RQ 99.9\" \/>\n<meta property=\"article:publisher\" content=\"https:\/\/www.facebook.com\/nahuelproducciones999\/\" \/>\n<meta property=\"article:published_time\" content=\"2025-05-07T20:09:59+00:00\" \/>\n<meta property=\"article:modified_time\" content=\"2025-05-07T20:10:00+00:00\" \/>\n<meta property=\"og:image\" content=\"https:\/\/nahuelproducciones.com.ar\/radioquijano\/wp-content\/uploads\/2025\/05\/490320995_9675464089182239_1386797701992679570_n-e1746648546646.jpg\" \/>\n\t<meta property=\"og:image:width\" content=\"700\" \/>\n\t<meta property=\"og:image:height\" content=\"861\" \/>\n\t<meta property=\"og:image:type\" content=\"image\/jpeg\" \/>\n<meta name=\"author\" content=\"Cecilia Pastrana\" \/>\n<meta name=\"twitter:card\" content=\"summary_large_image\" \/>\n<meta name=\"twitter:creator\" content=\"@nahuproduciones\" \/>\n<meta name=\"twitter:site\" content=\"@nahuproduciones\" \/>\n<meta name=\"twitter:label1\" content=\"Escrito por\" \/>\n\t<meta name=\"twitter:data1\" content=\"Cecilia Pastrana\" \/>\n\t<meta name=\"twitter:label2\" content=\"Tiempo de lectura\" \/>\n\t<meta name=\"twitter:data2\" content=\"2 minutos\" \/>\n<script type=\"application\/ld+json\" class=\"yoast-schema-graph\">{\"@context\":\"https:\/\/schema.org\",\"@graph\":[{\"@type\":\"WebPage\",\"@id\":\"https:\/\/nahuelproducciones.com.ar\/radioquijano\/ariel-gallardo-presento-sus-propuestas-en-radio-quijano-juntos-vamos-a-poner-limites\/\",\"url\":\"https:\/\/nahuelproducciones.com.ar\/radioquijano\/ariel-gallardo-presento-sus-propuestas-en-radio-quijano-juntos-vamos-a-poner-limites\/\",\"name\":\"Ariel Gallardo present\u00f3 sus propuestas en Radio Quijano: \u201cJuntos vamos a poner l\u00edmites\u201d - RQ 99.9\",\"isPartOf\":{\"@id\":\"https:\/\/nahuelproducciones.com.ar\/radioquijano\/#website\"},\"datePublished\":\"2025-05-07T20:09:59+00:00\",\"dateModified\":\"2025-05-07T20:10:00+00:00\",\"author\":{\"@id\":\"https:\/\/nahuelproducciones.com.ar\/radioquijano\/#\/schema\/person\/e8a4f939e2cb487fe6d0c54042c9d32c\"},\"description\":\"Bajo el lema \u201cJuntos vamos a poner l\u00edmites\u201d, el candidato sostuvo que buscar\u00e1 hacer visibles en el Senado los reclamos de los vecinos de Campo Quijano y Rosario de Lerma.\",\"breadcrumb\":{\"@id\":\"https:\/\/nahuelproducciones.com.ar\/radioquijano\/ariel-gallardo-presento-sus-propuestas-en-radio-quijano-juntos-vamos-a-poner-limites\/#breadcrumb\"},\"inLanguage\":\"es\",\"potentialAction\":[{\"@type\":\"ReadAction\",\"target\":[\"https:\/\/nahuelproducciones.com.ar\/radioquijano\/ariel-gallardo-presento-sus-propuestas-en-radio-quijano-juntos-vamos-a-poner-limites\/\"]}]},{\"@type\":\"BreadcrumbList\",\"@id\":\"https:\/\/nahuelproducciones.com.ar\/radioquijano\/ariel-gallardo-presento-sus-propuestas-en-radio-quijano-juntos-vamos-a-poner-limites\/#breadcrumb\",\"itemListElement\":[{\"@type\":\"ListItem\",\"position\":1,\"name\":\"Portada\",\"item\":\"https:\/\/nahuelproducciones.com.ar\/radioquijano\/\"},{\"@type\":\"ListItem\",\"position\":2,\"name\":\"Ariel Gallardo present\u00f3 sus propuestas en Radio Quijano: \u201cJuntos vamos a poner l\u00edmites\u201d\"}]},{\"@type\":\"WebSite\",\"@id\":\"https:\/\/nahuelproducciones.com.ar\/radioquijano\/#website\",\"url\":\"https:\/\/nahuelproducciones.com.ar\/radioquijano\/\",\"name\":\"RQ 99.9\",\"description\":\"Radio Quijano 99.9 MHz\",\"potentialAction\":[{\"@type\":\"SearchAction\",\"target\":{\"@type\":\"EntryPoint\",\"urlTemplate\":\"https:\/\/nahuelproducciones.com.ar\/radioquijano\/?s={search_term_string}\"},\"query-input\":\"required name=search_term_string\"}],\"inLanguage\":\"es\"},{\"@type\":\"Person\",\"@id\":\"https:\/\/nahuelproducciones.com.ar\/radioquijano\/#\/schema\/person\/e8a4f939e2cb487fe6d0c54042c9d32c\",\"name\":\"Cecilia Pastrana\",\"image\":{\"@type\":\"ImageObject\",\"inLanguage\":\"es\",\"@id\":\"https:\/\/nahuelproducciones.com.ar\/radioquijano\/#\/schema\/person\/image\/\",\"url\":\"https:\/\/secure.gravatar.com\/avatar\/661a3ef63a8488d4f2794ed44af8cf71420f7e106f3072c40125114df5157749?s=96&d=mm&r=g\",\"contentUrl\":\"https:\/\/secure.gravatar.com\/avatar\/661a3ef63a8488d4f2794ed44af8cf71420f7e106f3072c40125114df5157749?s=96&d=mm&r=g\",\"caption\":\"Cecilia Pastrana\"},\"sameAs\":[\"cecy\"],\"url\":\"https:\/\/nahuelproducciones.com.ar\/radioquijano\/author\/cecy\/\"}]}<\/script>\n<!-- \/ Yoast SEO plugin. -->","yoast_head_json":{"title":"Ariel Gallardo present\u00f3 sus propuestas en Radio Quijano: \u201cJuntos vamos a poner l\u00edmites\u201d - RQ 99.9","description":"Bajo el lema \u201cJuntos vamos a poner l\u00edmites\u201d, el candidato sostuvo que buscar\u00e1 hacer visibles en el Senado los reclamos de los vecinos de Campo Quijano y Rosario de Lerma.","robots":{"index":"index","follow":"follow","max-snippet":"max-snippet:-1","max-image-preview":"max-image-preview:large","max-video-preview":"max-video-preview:-1"},"canonical":"https:\/\/nahuelproducciones.com.ar\/radioquijano\/ariel-gallardo-presento-sus-propuestas-en-radio-quijano-juntos-vamos-a-poner-limites\/","og_locale":"es_ES","og_type":"article","og_title":"Ariel Gallardo present\u00f3 sus propuestas en Radio Quijano: \u201cJuntos vamos a poner l\u00edmites\u201d - RQ 99.9","og_description":"Bajo el lema \u201cJuntos vamos a poner l\u00edmites\u201d, el candidato sostuvo que buscar\u00e1 hacer visibles en el Senado los reclamos de los vecinos de Campo Quijano y Rosario de Lerma.","og_url":"https:\/\/nahuelproducciones.com.ar\/radioquijano\/ariel-gallardo-presento-sus-propuestas-en-radio-quijano-juntos-vamos-a-poner-limites\/","og_site_name":"RQ 99.9","article_publisher":"https:\/\/www.facebook.com\/nahuelproducciones999\/","article_published_time":"2025-05-07T20:09:59+00:00","article_modified_time":"2025-05-07T20:10:00+00:00","og_image":[{"width":700,"height":861,"url":"https:\/\/nahuelproducciones.com.ar\/radioquijano\/wp-content\/uploads\/2025\/05\/490320995_9675464089182239_1386797701992679570_n-e1746648546646.jpg","type":"image\/jpeg"}],"author":"Cecilia Pastrana","twitter_card":"summary_large_image","twitter_creator":"@nahuproduciones","twitter_site":"@nahuproduciones","twitter_misc":{"Escrito por":"Cecilia Pastrana","Tiempo de lectura":"2 minutos"},"schema":{"@context":"https:\/\/schema.org","@graph":[{"@type":"WebPage","@id":"https:\/\/nahuelproducciones.com.ar\/radioquijano\/ariel-gallardo-presento-sus-propuestas-en-radio-quijano-juntos-vamos-a-poner-limites\/","url":"https:\/\/nahuelproducciones.com.ar\/radioquijano\/ariel-gallardo-presento-sus-propuestas-en-radio-quijano-juntos-vamos-a-poner-limites\/","name":"Ariel Gallardo present\u00f3 sus propuestas en Radio Quijano: \u201cJuntos vamos a poner l\u00edmites\u201d - RQ 99.9","isPartOf":{"@id":"https:\/\/nahuelproducciones.com.ar\/radioquijano\/#website"},"datePublished":"2025-05-07T20:09:59+00:00","dateModified":"2025-05-07T20:10:00+00:00","author":{"@id":"https:\/\/nahuelproducciones.com.ar\/radioquijano\/#\/schema\/person\/e8a4f939e2cb487fe6d0c54042c9d32c"},"description":"Bajo el lema \u201cJuntos vamos a poner l\u00edmites\u201d, el candidato sostuvo que buscar\u00e1 hacer visibles en el Senado los reclamos de los vecinos de Campo Quijano y Rosario de Lerma.","breadcrumb":{"@id":"https:\/\/nahuelproducciones.com.ar\/radioquijano\/ariel-gallardo-presento-sus-propuestas-en-radio-quijano-juntos-vamos-a-poner-limites\/#breadcrumb"},"inLanguage":"es","potentialAction":[{"@type":"ReadAction","target":["https:\/\/nahuelproducciones.com.ar\/radioquijano\/ariel-gallardo-presento-sus-propuestas-en-radio-quijano-juntos-vamos-a-poner-limites\/"]}]},{"@type":"BreadcrumbList","@id":"https:\/\/nahuelproducciones.com.ar\/radioquijano\/ariel-gallardo-presento-sus-propuestas-en-radio-quijano-juntos-vamos-a-poner-limites\/#breadcrumb","itemListElement":[{"@type":"ListItem","position":1,"name":"Portada","item":"https:\/\/nahuelproducciones.com.ar\/radioquijano\/"},{"@type":"ListItem","position":2,"name":"Ariel Gallardo present\u00f3 sus propuestas en Radio Quijano: \u201cJuntos vamos a poner l\u00edmites\u201d"}]},{"@type":"WebSite","@id":"https:\/\/nahuelproducciones.com.ar\/radioquijano\/#website","url":"https:\/\/nahuelproducciones.com.ar\/radioquijano\/","name":"RQ 99.9","description":"Radio Quijano 99.9 MHz","potentialAction":[{"@type":"SearchAction","target":{"@type":"EntryPoint","urlTemplate":"https:\/\/nahuelproducciones.com.ar\/radioquijano\/?s={search_term_string}"},"query-input":"required name=search_term_string"}],"inLanguage":"es"},{"@type":"Person","@id":"https:\/\/nahuelproducciones.com.ar\/radioquijano\/#\/schema\/person\/e8a4f939e2cb487fe6d0c54042c9d32c","name":"Cecilia Pastrana","image":{"@type":"ImageObject","inLanguage":"es","@id":"https:\/\/nahuelproducciones.com.ar\/radioquijano\/#\/schema\/person\/image\/","url":"https:\/\/secure.gravatar.com\/avatar\/661a3ef63a8488d4f2794ed44af8cf71420f7e106f3072c40125114df5157749?s=96&d=mm&r=g","contentUrl":"https:\/\/secure.gravatar.com\/avatar\/661a3ef63a8488d4f2794ed44af8cf71420f7e106f3072c40125114df5157749?s=96&d=mm&r=g","caption":"Cecilia Pastrana"},"sameAs":["cecy"],"url":"https:\/\/nahuelproducciones.com.ar\/radioquijano\/author\/cecy\/"}]}},"_links":{"self":[{"href":"https:\/\/nahuelproducciones.com.ar\/radioquijano\/wp-json\/wp\/v2\/posts\/10150","targetHints":{"allow":["GET"]}}],"collection":[{"href":"https:\/\/nahuelproducciones.com.ar\/radioquijano\/wp-json\/wp\/v2\/posts"}],"about":[{"href":"https:\/\/nahuelproducciones.com.ar\/radioquijano\/wp-json\/wp\/v2\/types\/post"}],"author":[{"embeddable":true,"href":"https:\/\/nahuelproducciones.com.ar\/radioquijano\/wp-json\/wp\/v2\/users\/8"}],"replies":[{"embeddable":true,"href":"https:\/\/nahuelproducciones.com.ar\/radioquijano\/wp-json\/wp\/v2\/comments?post=10150"}],"version-history":[{"count":1,"href":"https:\/\/nahuelproducciones.com.ar\/radioquijano\/wp-json\/wp\/v2\/posts\/10150\/revisions"}],"predecessor-version":[{"id":10153,"href":"https:\/\/nahuelproducciones.com.ar\/radioquijano\/wp-json\/wp\/v2\/posts\/10150\/revisions\/10153"}],"wp:featuredmedia":[{"embeddable":true,"href":"https:\/\/nahuelproducciones.com.ar\/radioquijano\/wp-json\/wp\/v2\/media\/10152"}],"wp:attachment":[{"href":"https:\/\/nahuelproducciones.com.ar\/radioquijano\/wp-json\/wp\/v2\/media?parent=10150"}],"wp:term":[{"taxonomy":"category","embeddable":true,"href":"https:\/\/nahuelproducciones.com.ar\/radioquijano\/wp-json\/wp\/v2\/categories?post=10150"},{"taxonomy":"post_tag","embeddable":true,"href":"https:\/\/nahuelproducciones.com.ar\/radioquijano\/wp-json\/wp\/v2\/tags?post=10150"}],"curies":[{"name":"wp","href":"https:\/\/api.w.org\/{rel}","templated":true}]}}