{"id":10159,"date":"2025-05-08T16:19:27","date_gmt":"2025-05-08T19:19:27","guid":{"rendered":"https:\/\/nahuelproducciones.com.ar\/radioquijano\/?p=10159"},"modified":"2025-05-08T16:19:33","modified_gmt":"2025-05-08T19:19:33","slug":"el-nuevo-papa-de-la-iglesia-catolica-adopto-el-nombre-leon-xiv","status":"publish","type":"post","link":"https:\/\/nahuelproducciones.com.ar\/radioquijano\/el-nuevo-papa-de-la-iglesia-catolica-adopto-el-nombre-leon-xiv\/","title":{"rendered":"El nuevo Papa de la Iglesia cat\u00f3lica adopto el nombre Le\u00f3n XIV."},"content":{"rendered":"\n<p>El cardenal Robert Francis Prevost se ha convertido este jueves en el primer papa estadounidense de la historia. A las 13:07 hora argentina, la chimenea de la Capilla Sixtina ha comenzado a emitir humo blanco para anunciar el acuerdo en el c\u00f3nclave.<\/p>\n\n\n\n<p>El cardenal Dominique Mamberti anunci\u00f3 el nombre del sucesor de Pedro.<\/p>\n\n\n\n<p>El papa Le\u00f3n XIV, de 69 a\u00f1os, sali\u00f3 al balc\u00f3n y ofreci\u00f3 su primer discurso ante las aproximadamente 15.000 personas congregadas en la Plaza de San Pedro.<\/p>\n\n\n\n<p>\u00abQueridos hermanos y hermanas, este es el primer saludo de Cristo resucitado. Quisiera ofrecer un saludo de paz para sus familias, para todos ustedes, dondequiera que se encuentren. Que la paz sea con ustedes\u00bb, expres\u00f3 en italiano.<\/p>\n\n\n\n<p>Prevost rindi\u00f3 homenaje al papa Francisco, que muri\u00f3 el pasado 21 de abril a los 88 a\u00f1os, al afirmar su deseo de impartir su bendici\u00f3n al pueblo tal y como hizo su predecesor en su \u00faltima aparici\u00f3n en la Plaza de San Pedro.<\/p>\n\n\n\n<p>Le\u00f3n XIV tambi\u00e9n insisti\u00f3 en la necesidad de unidad y al final de su discurso invit\u00f3 a todos a unirse en oraci\u00f3n.<\/p>\n\n\n\n<p>Nacido en 1955 en la ciudad estadounidense de Chicago, Prevost tambi\u00e9n tiene la nacionalidad peruana desde 2015, ya que pas\u00f3 gran parte de su vida religiosa en el pa\u00eds andino, donde fue obispo de Chiclayo hasta 2023.<\/p>\n\n\n\n<p>Durante sus a\u00f1os en Per\u00fa ejerci\u00f3 como p\u00e1rroco, docente de seminario, prefecto de estudios, juez eclesi\u00e1stico y miembro del consejo consultivo de la di\u00f3cesis de Trujillo, adem\u00e1s de encabezar el seminario agustino en esa ciudad durante una d\u00e9cada.<\/p>\n\n\n\n<p>Integr\u00f3 entre 2018 y 2023 la Conferencia Episcopal Peruana (CEP), de la que fue vicepresidente segundo, y ejerci\u00f3 como administrador apost\u00f3lico del Callao entre 2020 y 2021.<\/p>\n\n\n\n<p>En 2014 fue nombrado obispo de Chiclayo, cargo en el que permaneci\u00f3 hasta su traslado definitivo al Vaticano.<\/p>\n\n\n\n<p>El papa Francisco, al que era muy cercano, lo llev\u00f3 a Roma para dirigir el Dicasterio para los Obispos desde el a\u00f1o 2023, una de las oficinas m\u00e1s influyentes de la Curia, encargada de proponer los nombramientos episcopales a nivel global.<\/p>\n\n\n\n<p>Ese mismo a\u00f1o lo nombr\u00f3 cardenal y le asign\u00f3 la iglesia romana de Santa M\u00f3nica.<\/p>\n\n\n\n<p>En febrero de 2025 fue promovido a cardenal-obispo de Albano, una de las sedes suburbicarias de Roma, reservado a los miembros de mayor rango del Colegio Cardenalicio.<\/p>\n\n\n\n<p>Tambi\u00e9n era hasta ahora presidente de la Pontificia Comisi\u00f3n para Am\u00e9rica Latina.<\/p>\n\n\n\n<p>Fuente: <strong>BBC News Mundo<\/strong><\/p>\n\n\n<p><iframe loading=\"lazy\" src=\"https:\/\/www.facebook.com\/plugins\/video.php?height=476&#038;href=https%3A%2F%2Fwww.facebook.com%2Fvaticannews.es%2Fvideos%2F1090996862861517%2F&#038;show_text=false&#038;width=267&#038;t=0\" width=\"267\" height=\"476\" style=\"border:none;overflow:hidden\" scrolling=\"no\" frameborder=\"0\" allowfullscreen=\"true\" allow=\"autoplay; clipboard-write; encrypted-media; picture-in-picture; web-share\" allowFullScreen=\"true\"><\/iframe><\/p>\n\n\n\n<pre class=\"wp-block-code\"><code><\/code><\/pre>\n\n\n\n<figure class=\"wp-block-gallery has-nested-images columns-default is-cropped wp-block-gallery-1 is-layout-flex wp-block-gallery-is-layout-flex\">\n<figure class=\"wp-block-image size-large\"><img loading=\"lazy\" decoding=\"async\" width=\"800\" height=\"450\" data-id=\"10160\" src=\"https:\/\/nahuelproducciones.com.ar\/radioquijano\/wp-content\/uploads\/2025\/05\/8ab37d00-2c2b-11f0-822d-6bb6cb319bb5.jpg.webp\" alt=\"\" class=\"wp-image-10160\" srcset=\"https:\/\/nahuelproducciones.com.ar\/radioquijano\/wp-content\/uploads\/2025\/05\/8ab37d00-2c2b-11f0-822d-6bb6cb319bb5.jpg.webp 800w, https:\/\/nahuelproducciones.com.ar\/radioquijano\/wp-content\/uploads\/2025\/05\/8ab37d00-2c2b-11f0-822d-6bb6cb319bb5.jpg-300x169.webp 300w, https:\/\/nahuelproducciones.com.ar\/radioquijano\/wp-content\/uploads\/2025\/05\/8ab37d00-2c2b-11f0-822d-6bb6cb319bb5.jpg-768x432.webp 768w, https:\/\/nahuelproducciones.com.ar\/radioquijano\/wp-content\/uploads\/2025\/05\/8ab37d00-2c2b-11f0-822d-6bb6cb319bb5.jpg-150x84.webp 150w\" sizes=\"auto, (max-width: 800px) 100vw, 800px\" \/><\/figure>\n\n\n\n<figure class=\"wp-block-image size-large\"><img loading=\"lazy\" decoding=\"async\" width=\"1024\" height=\"460\" data-id=\"10161\" src=\"https:\/\/nahuelproducciones.com.ar\/radioquijano\/wp-content\/uploads\/2025\/05\/WhatsApp-Image-2025-05-08-at-2.14.02-PM-1024x460.jpeg\" alt=\"\" class=\"wp-image-10161\" srcset=\"https:\/\/nahuelproducciones.com.ar\/radioquijano\/wp-content\/uploads\/2025\/05\/WhatsApp-Image-2025-05-08-at-2.14.02-PM-1024x460.jpeg 1024w, https:\/\/nahuelproducciones.com.ar\/radioquijano\/wp-content\/uploads\/2025\/05\/WhatsApp-Image-2025-05-08-at-2.14.02-PM-300x135.jpeg 300w, https:\/\/nahuelproducciones.com.ar\/radioquijano\/wp-content\/uploads\/2025\/05\/WhatsApp-Image-2025-05-08-at-2.14.02-PM-768x345.jpeg 768w, https:\/\/nahuelproducciones.com.ar\/radioquijano\/wp-content\/uploads\/2025\/05\/WhatsApp-Image-2025-05-08-at-2.14.02-PM-150x67.jpeg 150w, https:\/\/nahuelproducciones.com.ar\/radioquijano\/wp-content\/uploads\/2025\/05\/WhatsApp-Image-2025-05-08-at-2.14.02-PM.jpeg 1280w\" sizes=\"auto, (max-width: 1024px) 100vw, 1024px\" \/><\/figure>\n\n\n\n<figure class=\"wp-block-image size-large\"><img loading=\"lazy\" decoding=\"async\" width=\"1024\" height=\"538\" data-id=\"10164\" src=\"https:\/\/nahuelproducciones.com.ar\/radioquijano\/wp-content\/uploads\/2025\/05\/WhatsApp-Image-2025-05-08-at-2.30.45-PM-1024x538.jpeg\" alt=\"\" class=\"wp-image-10164\"\/><\/figure>\n\n\n\n<figure class=\"wp-block-image size-large\"><img loading=\"lazy\" decoding=\"async\" width=\"1024\" height=\"576\" data-id=\"10162\" src=\"https:\/\/nahuelproducciones.com.ar\/radioquijano\/wp-content\/uploads\/2025\/05\/WhatsApp-Image-2025-05-08-at-2.36.03-PM-1024x576.jpeg\" alt=\"\" class=\"wp-image-10162\" srcset=\"https:\/\/nahuelproducciones.com.ar\/radioquijano\/wp-content\/uploads\/2025\/05\/WhatsApp-Image-2025-05-08-at-2.36.03-PM-1024x576.jpeg 1024w, https:\/\/nahuelproducciones.com.ar\/radioquijano\/wp-content\/uploads\/2025\/05\/WhatsApp-Image-2025-05-08-at-2.36.03-PM-300x169.jpeg 300w, https:\/\/nahuelproducciones.com.ar\/radioquijano\/wp-content\/uploads\/2025\/05\/WhatsApp-Image-2025-05-08-at-2.36.03-PM-768x432.jpeg 768w, https:\/\/nahuelproducciones.com.ar\/radioquijano\/wp-content\/uploads\/2025\/05\/WhatsApp-Image-2025-05-08-at-2.36.03-PM-150x84.jpeg 150w, https:\/\/nahuelproducciones.com.ar\/radioquijano\/wp-content\/uploads\/2025\/05\/WhatsApp-Image-2025-05-08-at-2.36.03-PM.jpeg 1280w\" sizes=\"auto, (max-width: 1024px) 100vw, 1024px\" \/><\/figure>\n\n\n\n<figure class=\"wp-block-image size-large\"><img loading=\"lazy\" decoding=\"async\" width=\"1024\" height=\"576\" data-id=\"10163\" src=\"https:\/\/nahuelproducciones.com.ar\/radioquijano\/wp-content\/uploads\/2025\/05\/WhatsApp-Image-2025-05-08-at-2.36.49-PM-1024x576.jpeg\" alt=\"\" class=\"wp-image-10163\" srcset=\"https:\/\/nahuelproducciones.com.ar\/radioquijano\/wp-content\/uploads\/2025\/05\/WhatsApp-Image-2025-05-08-at-2.36.49-PM-1024x576.jpeg 1024w, https:\/\/nahuelproducciones.com.ar\/radioquijano\/wp-content\/uploads\/2025\/05\/WhatsApp-Image-2025-05-08-at-2.36.49-PM-300x169.jpeg 300w, https:\/\/nahuelproducciones.com.ar\/radioquijano\/wp-content\/uploads\/2025\/05\/WhatsApp-Image-2025-05-08-at-2.36.49-PM-768x432.jpeg 768w, https:\/\/nahuelproducciones.com.ar\/radioquijano\/wp-content\/uploads\/2025\/05\/WhatsApp-Image-2025-05-08-at-2.36.49-PM-150x84.jpeg 150w, https:\/\/nahuelproducciones.com.ar\/radioquijano\/wp-content\/uploads\/2025\/05\/WhatsApp-Image-2025-05-08-at-2.36.49-PM.jpeg 1280w\" sizes=\"auto, (max-width: 1024px) 100vw, 1024px\" \/><\/figure>\n<\/figure>\n","protected":false},"excerpt":{"rendered":"<p>El cardenal Robert Francis Prevost se ha convertido este jueves en el primer papa estadounidense de la historia. A las 13:07 hora argentina, la chimenea de la Capilla Sixtina ha comenzado a emitir humo blanco para anunciar el acuerdo en el c\u00f3nclave. El cardenal Dominique Mamberti anunci\u00f3 el nombre del sucesor de Pedro. El papa [&hellip;]<\/p>\n","protected":false},"author":8,"featured_media":10164,"comment_status":"open","ping_status":"open","sticky":false,"template":"","format":"standard","meta":{"_monsterinsights_skip_tracking":false,"_monsterinsights_sitenote_active":false,"_monsterinsights_sitenote_note":"","_monsterinsights_sitenote_category":0,"footnotes":""},"categories":[16],"tags":[1793,100,365],"class_list":["post-10159","post","type-post","status-publish","format-standard","has-post-thumbnail","hentry","category-noticias","tag-leon-xlv","tag-municipio-de-campo-quijano","tag-papa"],"yoast_head":"<!-- This site is optimized with the Yoast SEO plugin v20.8 - https:\/\/yoast.com\/wordpress\/plugins\/seo\/ -->\n<title>El nuevo Papa de la Iglesia cat\u00f3lica adopto el nombre Le\u00f3n XIV. - RQ 99.9<\/title>\n<meta name=\"description\" content=\"Tras salir el humo blanco y repicar con fuerza las campanas, los fieles en la Plaza de San Pedro en el Vaticano estallaron en aplausos y v\u00edtores.\" \/>\n<meta name=\"robots\" content=\"index, follow, max-snippet:-1, max-image-preview:large, max-video-preview:-1\" \/>\n<link rel=\"canonical\" href=\"https:\/\/nahuelproducciones.com.ar\/radioquijano\/el-nuevo-papa-de-la-iglesia-catolica-adopto-el-nombre-leon-xiv\/\" \/>\n<meta property=\"og:locale\" content=\"es_ES\" \/>\n<meta property=\"og:type\" content=\"article\" \/>\n<meta property=\"og:title\" content=\"El nuevo Papa de la Iglesia cat\u00f3lica adopto el nombre Le\u00f3n XIV. - RQ 99.9\" \/>\n<meta property=\"og:description\" content=\"Tras salir el humo blanco y repicar con fuerza las campanas, los fieles en la Plaza de San Pedro en el Vaticano estallaron en aplausos y v\u00edtores.\" \/>\n<meta property=\"og:url\" content=\"https:\/\/nahuelproducciones.com.ar\/radioquijano\/el-nuevo-papa-de-la-iglesia-catolica-adopto-el-nombre-leon-xiv\/\" \/>\n<meta property=\"og:site_name\" content=\"RQ 99.9\" \/>\n<meta property=\"article:publisher\" content=\"https:\/\/www.facebook.com\/nahuelproducciones999\/\" \/>\n<meta property=\"article:published_time\" content=\"2025-05-08T19:19:27+00:00\" \/>\n<meta property=\"article:modified_time\" content=\"2025-05-08T19:19:33+00:00\" \/>\n<meta property=\"og:image\" content=\"https:\/\/nahuelproducciones.com.ar\/radioquijano\/wp-content\/uploads\/2025\/05\/WhatsApp-Image-2025-05-08-at-2.30.45-PM-e1746731607920.jpeg\" \/>\n\t<meta property=\"og:image:width\" content=\"700\" \/>\n\t<meta property=\"og:image:height\" content=\"368\" \/>\n\t<meta property=\"og:image:type\" content=\"image\/jpeg\" \/>\n<meta name=\"author\" content=\"Cecilia Pastrana\" \/>\n<meta name=\"twitter:card\" content=\"summary_large_image\" \/>\n<meta name=\"twitter:creator\" content=\"@nahuproduciones\" \/>\n<meta name=\"twitter:site\" content=\"@nahuproduciones\" \/>\n<meta name=\"twitter:label1\" content=\"Escrito por\" \/>\n\t<meta name=\"twitter:data1\" content=\"Cecilia Pastrana\" \/>\n\t<meta name=\"twitter:label2\" content=\"Tiempo de lectura\" \/>\n\t<meta name=\"twitter:data2\" content=\"3 minutos\" \/>\n<script type=\"application\/ld+json\" class=\"yoast-schema-graph\">{\"@context\":\"https:\/\/schema.org\",\"@graph\":[{\"@type\":\"WebPage\",\"@id\":\"https:\/\/nahuelproducciones.com.ar\/radioquijano\/el-nuevo-papa-de-la-iglesia-catolica-adopto-el-nombre-leon-xiv\/\",\"url\":\"https:\/\/nahuelproducciones.com.ar\/radioquijano\/el-nuevo-papa-de-la-iglesia-catolica-adopto-el-nombre-leon-xiv\/\",\"name\":\"El nuevo Papa de la Iglesia cat\u00f3lica adopto el nombre Le\u00f3n XIV. - RQ 99.9\",\"isPartOf\":{\"@id\":\"https:\/\/nahuelproducciones.com.ar\/radioquijano\/#website\"},\"datePublished\":\"2025-05-08T19:19:27+00:00\",\"dateModified\":\"2025-05-08T19:19:33+00:00\",\"author\":{\"@id\":\"https:\/\/nahuelproducciones.com.ar\/radioquijano\/#\/schema\/person\/e8a4f939e2cb487fe6d0c54042c9d32c\"},\"description\":\"Tras salir el humo blanco y repicar con fuerza las campanas, los fieles en la Plaza de San Pedro en el Vaticano estallaron en aplausos y v\u00edtores.\",\"breadcrumb\":{\"@id\":\"https:\/\/nahuelproducciones.com.ar\/radioquijano\/el-nuevo-papa-de-la-iglesia-catolica-adopto-el-nombre-leon-xiv\/#breadcrumb\"},\"inLanguage\":\"es\",\"potentialAction\":[{\"@type\":\"ReadAction\",\"target\":[\"https:\/\/nahuelproducciones.com.ar\/radioquijano\/el-nuevo-papa-de-la-iglesia-catolica-adopto-el-nombre-leon-xiv\/\"]}]},{\"@type\":\"BreadcrumbList\",\"@id\":\"https:\/\/nahuelproducciones.com.ar\/radioquijano\/el-nuevo-papa-de-la-iglesia-catolica-adopto-el-nombre-leon-xiv\/#breadcrumb\",\"itemListElement\":[{\"@type\":\"ListItem\",\"position\":1,\"name\":\"Portada\",\"item\":\"https:\/\/nahuelproducciones.com.ar\/radioquijano\/\"},{\"@type\":\"ListItem\",\"position\":2,\"name\":\"El nuevo Papa de la Iglesia cat\u00f3lica adopto el nombre Le\u00f3n XIV.\"}]},{\"@type\":\"WebSite\",\"@id\":\"https:\/\/nahuelproducciones.com.ar\/radioquijano\/#website\",\"url\":\"https:\/\/nahuelproducciones.com.ar\/radioquijano\/\",\"name\":\"RQ 99.9\",\"description\":\"Radio Quijano 99.9 MHz\",\"potentialAction\":[{\"@type\":\"SearchAction\",\"target\":{\"@type\":\"EntryPoint\",\"urlTemplate\":\"https:\/\/nahuelproducciones.com.ar\/radioquijano\/?s={search_term_string}\"},\"query-input\":\"required name=search_term_string\"}],\"inLanguage\":\"es\"},{\"@type\":\"Person\",\"@id\":\"https:\/\/nahuelproducciones.com.ar\/radioquijano\/#\/schema\/person\/e8a4f939e2cb487fe6d0c54042c9d32c\",\"name\":\"Cecilia Pastrana\",\"image\":{\"@type\":\"ImageObject\",\"inLanguage\":\"es\",\"@id\":\"https:\/\/nahuelproducciones.com.ar\/radioquijano\/#\/schema\/person\/image\/\",\"url\":\"https:\/\/secure.gravatar.com\/avatar\/661a3ef63a8488d4f2794ed44af8cf71420f7e106f3072c40125114df5157749?s=96&d=mm&r=g\",\"contentUrl\":\"https:\/\/secure.gravatar.com\/avatar\/661a3ef63a8488d4f2794ed44af8cf71420f7e106f3072c40125114df5157749?s=96&d=mm&r=g\",\"caption\":\"Cecilia Pastrana\"},\"sameAs\":[\"cecy\"],\"url\":\"https:\/\/nahuelproducciones.com.ar\/radioquijano\/author\/cecy\/\"}]}<\/script>\n<!-- \/ Yoast SEO plugin. -->","yoast_head_json":{"title":"El nuevo Papa de la Iglesia cat\u00f3lica adopto el nombre Le\u00f3n XIV. - RQ 99.9","description":"Tras salir el humo blanco y repicar con fuerza las campanas, los fieles en la Plaza de San Pedro en el Vaticano estallaron en aplausos y v\u00edtores.","robots":{"index":"index","follow":"follow","max-snippet":"max-snippet:-1","max-image-preview":"max-image-preview:large","max-video-preview":"max-video-preview:-1"},"canonical":"https:\/\/nahuelproducciones.com.ar\/radioquijano\/el-nuevo-papa-de-la-iglesia-catolica-adopto-el-nombre-leon-xiv\/","og_locale":"es_ES","og_type":"article","og_title":"El nuevo Papa de la Iglesia cat\u00f3lica adopto el nombre Le\u00f3n XIV. - RQ 99.9","og_description":"Tras salir el humo blanco y repicar con fuerza las campanas, los fieles en la Plaza de San Pedro en el Vaticano estallaron en aplausos y v\u00edtores.","og_url":"https:\/\/nahuelproducciones.com.ar\/radioquijano\/el-nuevo-papa-de-la-iglesia-catolica-adopto-el-nombre-leon-xiv\/","og_site_name":"RQ 99.9","article_publisher":"https:\/\/www.facebook.com\/nahuelproducciones999\/","article_published_time":"2025-05-08T19:19:27+00:00","article_modified_time":"2025-05-08T19:19:33+00:00","og_image":[{"width":700,"height":368,"url":"https:\/\/nahuelproducciones.com.ar\/radioquijano\/wp-content\/uploads\/2025\/05\/WhatsApp-Image-2025-05-08-at-2.30.45-PM-e1746731607920.jpeg","type":"image\/jpeg"}],"author":"Cecilia Pastrana","twitter_card":"summary_large_image","twitter_creator":"@nahuproduciones","twitter_site":"@nahuproduciones","twitter_misc":{"Escrito por":"Cecilia Pastrana","Tiempo de lectura":"3 minutos"},"schema":{"@context":"https:\/\/schema.org","@graph":[{"@type":"WebPage","@id":"https:\/\/nahuelproducciones.com.ar\/radioquijano\/el-nuevo-papa-de-la-iglesia-catolica-adopto-el-nombre-leon-xiv\/","url":"https:\/\/nahuelproducciones.com.ar\/radioquijano\/el-nuevo-papa-de-la-iglesia-catolica-adopto-el-nombre-leon-xiv\/","name":"El nuevo Papa de la Iglesia cat\u00f3lica adopto el nombre Le\u00f3n XIV. - RQ 99.9","isPartOf":{"@id":"https:\/\/nahuelproducciones.com.ar\/radioquijano\/#website"},"datePublished":"2025-05-08T19:19:27+00:00","dateModified":"2025-05-08T19:19:33+00:00","author":{"@id":"https:\/\/nahuelproducciones.com.ar\/radioquijano\/#\/schema\/person\/e8a4f939e2cb487fe6d0c54042c9d32c"},"description":"Tras salir el humo blanco y repicar con fuerza las campanas, los fieles en la Plaza de San Pedro en el Vaticano estallaron en aplausos y v\u00edtores.","breadcrumb":{"@id":"https:\/\/nahuelproducciones.com.ar\/radioquijano\/el-nuevo-papa-de-la-iglesia-catolica-adopto-el-nombre-leon-xiv\/#breadcrumb"},"inLanguage":"es","potentialAction":[{"@type":"ReadAction","target":["https:\/\/nahuelproducciones.com.ar\/radioquijano\/el-nuevo-papa-de-la-iglesia-catolica-adopto-el-nombre-leon-xiv\/"]}]},{"@type":"BreadcrumbList","@id":"https:\/\/nahuelproducciones.com.ar\/radioquijano\/el-nuevo-papa-de-la-iglesia-catolica-adopto-el-nombre-leon-xiv\/#breadcrumb","itemListElement":[{"@type":"ListItem","position":1,"name":"Portada","item":"https:\/\/nahuelproducciones.com.ar\/radioquijano\/"},{"@type":"ListItem","position":2,"name":"El nuevo Papa de la Iglesia cat\u00f3lica adopto el nombre Le\u00f3n XIV."}]},{"@type":"WebSite","@id":"https:\/\/nahuelproducciones.com.ar\/radioquijano\/#website","url":"https:\/\/nahuelproducciones.com.ar\/radioquijano\/","name":"RQ 99.9","description":"Radio Quijano 99.9 MHz","potentialAction":[{"@type":"SearchAction","target":{"@type":"EntryPoint","urlTemplate":"https:\/\/nahuelproducciones.com.ar\/radioquijano\/?s={search_term_string}"},"query-input":"required name=search_term_string"}],"inLanguage":"es"},{"@type":"Person","@id":"https:\/\/nahuelproducciones.com.ar\/radioquijano\/#\/schema\/person\/e8a4f939e2cb487fe6d0c54042c9d32c","name":"Cecilia Pastrana","image":{"@type":"ImageObject","inLanguage":"es","@id":"https:\/\/nahuelproducciones.com.ar\/radioquijano\/#\/schema\/person\/image\/","url":"https:\/\/secure.gravatar.com\/avatar\/661a3ef63a8488d4f2794ed44af8cf71420f7e106f3072c40125114df5157749?s=96&d=mm&r=g","contentUrl":"https:\/\/secure.gravatar.com\/avatar\/661a3ef63a8488d4f2794ed44af8cf71420f7e106f3072c40125114df5157749?s=96&d=mm&r=g","caption":"Cecilia Pastrana"},"sameAs":["cecy"],"url":"https:\/\/nahuelproducciones.com.ar\/radioquijano\/author\/cecy\/"}]}},"_links":{"self":[{"href":"https:\/\/nahuelproducciones.com.ar\/radioquijano\/wp-json\/wp\/v2\/posts\/10159","targetHints":{"allow":["GET"]}}],"collection":[{"href":"https:\/\/nahuelproducciones.com.ar\/radioquijano\/wp-json\/wp\/v2\/posts"}],"about":[{"href":"https:\/\/nahuelproducciones.com.ar\/radioquijano\/wp-json\/wp\/v2\/types\/post"}],"author":[{"embeddable":true,"href":"https:\/\/nahuelproducciones.com.ar\/radioquijano\/wp-json\/wp\/v2\/users\/8"}],"replies":[{"embeddable":true,"href":"https:\/\/nahuelproducciones.com.ar\/radioquijano\/wp-json\/wp\/v2\/comments?post=10159"}],"version-history":[{"count":1,"href":"https:\/\/nahuelproducciones.com.ar\/radioquijano\/wp-json\/wp\/v2\/posts\/10159\/revisions"}],"predecessor-version":[{"id":10165,"href":"https:\/\/nahuelproducciones.com.ar\/radioquijano\/wp-json\/wp\/v2\/posts\/10159\/revisions\/10165"}],"wp:featuredmedia":[{"embeddable":true,"href":"https:\/\/nahuelproducciones.com.ar\/radioquijano\/wp-json\/wp\/v2\/media\/10164"}],"wp:attachment":[{"href":"https:\/\/nahuelproducciones.com.ar\/radioquijano\/wp-json\/wp\/v2\/media?parent=10159"}],"wp:term":[{"taxonomy":"category","embeddable":true,"href":"https:\/\/nahuelproducciones.com.ar\/radioquijano\/wp-json\/wp\/v2\/categories?post=10159"},{"taxonomy":"post_tag","embeddable":true,"href":"https:\/\/nahuelproducciones.com.ar\/radioquijano\/wp-json\/wp\/v2\/tags?post=10159"}],"curies":[{"name":"wp","href":"https:\/\/api.w.org\/{rel}","templated":true}]}}