{"id":10169,"date":"2025-05-08T17:10:42","date_gmt":"2025-05-08T20:10:42","guid":{"rendered":"https:\/\/nahuelproducciones.com.ar\/radioquijano\/?p=10169"},"modified":"2025-05-08T18:40:35","modified_gmt":"2025-05-08T21:40:35","slug":"concejales-en-campana-se-ausentan-de-su-deber-sin-reunion-de-comision-en-el-concejo-deliberante-de-campo-quijano","status":"publish","type":"post","link":"https:\/\/nahuelproducciones.com.ar\/radioquijano\/concejales-en-campana-se-ausentan-de-su-deber-sin-reunion-de-comision-en-el-concejo-deliberante-de-campo-quijano\/","title":{"rendered":"Concejales en campa\u00f1a se ausentan de su deber: sin reuni\u00f3n de comisi\u00f3n en el Concejo Deliberante de Campo Quijano"},"content":{"rendered":"\n<p> Este jueves, vecinos y representantes barriales se quedaron sin respuestas en el Concejo Deliberante, donde deb\u00eda realizarse la reuni\u00f3n de comisi\u00f3n para tratar temas urgentes que preocupan a la comunidad. Sin embargo, la sesi\u00f3n no se llev\u00f3 a cabo por la <strong>ausencia de tres concejales<\/strong>, dos de ellos sin aviso previo, en un contexto donde varios ediles buscan renovar su banca.<\/p>\n\n\n\n<p>Entre los asuntos que quedaron sin tratamiento figuran <strong>proyectos de ordenanza de relevancia ecol\u00f3gica, institucional y social<\/strong>:<\/p>\n\n\n\n<ul class=\"wp-block-list\">\n<li>Adhesi\u00f3n a la Resoluci\u00f3n Ministerial que declara de inter\u00e9s ecol\u00f3gico a la poblaci\u00f3n de cactus y proh\u00edbe corte y extracci\u00f3n de ejemplares vivos.<\/li>\n\n\n\n<li>Adhesi\u00f3n a la Ley Nacional de \u00c9tica en la Funci\u00f3n P\u00fablica.<\/li>\n\n\n\n<li>Proyecto de becas estudiantiles y creaci\u00f3n de un banco municipal para microcr\u00e9ditos, ambos del concejal Carlos Cruz.<\/li>\n\n\n\n<li>Pedido de donaci\u00f3n de espacio p\u00fablico para una garita policial en Potreros de Quijano.<\/li>\n\n\n\n<li>Notas de vecinos de Village Beauchamp (por agua potable y apertura de calle) y de La Alborada (por situaci\u00f3n con una granja).<\/li>\n\n\n\n<li>Solicitud de <strong>Declaratoria de Inter\u00e9s Municipal<\/strong> para la Segunda Edici\u00f3n del Concurso de Poemas de Campo Quijano 2025.<\/li>\n<\/ul>\n\n\n\n<p>La reuni\u00f3n de comisi\u00f3n no pudo realizarse por la <strong>ausencia del concejal Pablo Orosco y del concejal Patricio Su\u00e1rez<\/strong>, quienes no notificaron su inasistencia, y del <strong>concejal Carlos Cruz<\/strong>, que solo pas\u00f3 a informar que no participar\u00eda.<\/p>\n\n\n\n<p>La falta de compromiso en medio de la campa\u00f1a electoral despierta inquietud en la ciudadan\u00eda. \u201c\u00bfC\u00f3mo pueden pedir otra oportunidad si no cumplen con su trabajo ahora?\u201d, se preguntan vecinos que esperaban avanzar en gestiones concretas para sus barrios.<\/p>\n\n\n\n<p>Los proyectos y reclamos, varios de ellos con impacto directo en la calidad de vida de los habitantes, <strong>quedaron postergados una vez m\u00e1s<\/strong>, evidenciando una preocupante desconexi\u00f3n entre algunos ediles y las verdaderas prioridades del pueblo.<\/p>\n\n\n\n<p>Fotos de algunas notas mencionadas anteriormente:<\/p>\n\n\n\n<figure class=\"wp-block-gallery has-nested-images columns-default is-cropped wp-block-gallery-1 is-layout-flex wp-block-gallery-is-layout-flex\">\n<figure class=\"wp-block-image size-large\"><img loading=\"lazy\" decoding=\"async\" width=\"672\" height=\"554\" data-id=\"10170\" src=\"https:\/\/nahuelproducciones.com.ar\/radioquijano\/wp-content\/uploads\/2025\/05\/WhatsApp-Image-2025-05-08-at-4.59.51-PM.jpeg\" alt=\"\" class=\"wp-image-10170\" srcset=\"https:\/\/nahuelproducciones.com.ar\/radioquijano\/wp-content\/uploads\/2025\/05\/WhatsApp-Image-2025-05-08-at-4.59.51-PM.jpeg 672w, https:\/\/nahuelproducciones.com.ar\/radioquijano\/wp-content\/uploads\/2025\/05\/WhatsApp-Image-2025-05-08-at-4.59.51-PM-300x247.jpeg 300w, https:\/\/nahuelproducciones.com.ar\/radioquijano\/wp-content\/uploads\/2025\/05\/WhatsApp-Image-2025-05-08-at-4.59.51-PM-150x124.jpeg 150w\" sizes=\"auto, (max-width: 672px) 100vw, 672px\" \/><\/figure>\n\n\n\n<figure class=\"wp-block-image size-large\"><img loading=\"lazy\" decoding=\"async\" width=\"869\" height=\"1024\" data-id=\"10171\" src=\"https:\/\/nahuelproducciones.com.ar\/radioquijano\/wp-content\/uploads\/2025\/05\/WhatsApp-Image-2025-05-08-at-5.01.52-PM-1-869x1024.jpeg\" alt=\"\" class=\"wp-image-10171\" srcset=\"https:\/\/nahuelproducciones.com.ar\/radioquijano\/wp-content\/uploads\/2025\/05\/WhatsApp-Image-2025-05-08-at-5.01.52-PM-1-869x1024.jpeg 869w, https:\/\/nahuelproducciones.com.ar\/radioquijano\/wp-content\/uploads\/2025\/05\/WhatsApp-Image-2025-05-08-at-5.01.52-PM-1-255x300.jpeg 255w, https:\/\/nahuelproducciones.com.ar\/radioquijano\/wp-content\/uploads\/2025\/05\/WhatsApp-Image-2025-05-08-at-5.01.52-PM-1-768x905.jpeg 768w, https:\/\/nahuelproducciones.com.ar\/radioquijano\/wp-content\/uploads\/2025\/05\/WhatsApp-Image-2025-05-08-at-5.01.52-PM-1-150x177.jpeg 150w, https:\/\/nahuelproducciones.com.ar\/radioquijano\/wp-content\/uploads\/2025\/05\/WhatsApp-Image-2025-05-08-at-5.01.52-PM-1.jpeg 1080w\" sizes=\"auto, (max-width: 869px) 100vw, 869px\" \/><\/figure>\n\n\n\n<figure class=\"wp-block-image size-large\"><img loading=\"lazy\" decoding=\"async\" width=\"816\" height=\"1024\" data-id=\"10172\" src=\"https:\/\/nahuelproducciones.com.ar\/radioquijano\/wp-content\/uploads\/2025\/05\/WhatsApp-Image-2025-05-08-at-5.01.52-PM-816x1024.jpeg\" alt=\"\" class=\"wp-image-10172\" srcset=\"https:\/\/nahuelproducciones.com.ar\/radioquijano\/wp-content\/uploads\/2025\/05\/WhatsApp-Image-2025-05-08-at-5.01.52-PM-816x1024.jpeg 816w, https:\/\/nahuelproducciones.com.ar\/radioquijano\/wp-content\/uploads\/2025\/05\/WhatsApp-Image-2025-05-08-at-5.01.52-PM-239x300.jpeg 239w, https:\/\/nahuelproducciones.com.ar\/radioquijano\/wp-content\/uploads\/2025\/05\/WhatsApp-Image-2025-05-08-at-5.01.52-PM-768x964.jpeg 768w, https:\/\/nahuelproducciones.com.ar\/radioquijano\/wp-content\/uploads\/2025\/05\/WhatsApp-Image-2025-05-08-at-5.01.52-PM-150x188.jpeg 150w, https:\/\/nahuelproducciones.com.ar\/radioquijano\/wp-content\/uploads\/2025\/05\/WhatsApp-Image-2025-05-08-at-5.01.52-PM.jpeg 975w\" sizes=\"auto, (max-width: 816px) 100vw, 816px\" \/><\/figure>\n<\/figure>\n","protected":false},"excerpt":{"rendered":"<p>Este jueves, vecinos y representantes barriales se quedaron sin respuestas en el Concejo Deliberante, donde deb\u00eda realizarse la reuni\u00f3n de comisi\u00f3n para tratar temas urgentes que preocupan a la comunidad. Sin embargo, la sesi\u00f3n no se llev\u00f3 a cabo por la ausencia de tres concejales, dos de ellos sin aviso previo, en un contexto donde [&hellip;]<\/p>\n","protected":false},"author":8,"featured_media":9756,"comment_status":"open","ping_status":"open","sticky":false,"template":"","format":"standard","meta":{"_monsterinsights_skip_tracking":false,"_monsterinsights_sitenote_active":false,"_monsterinsights_sitenote_note":"","_monsterinsights_sitenote_category":0,"footnotes":""},"categories":[16],"tags":[75,100],"class_list":["post-10169","post","type-post","status-publish","format-standard","has-post-thumbnail","hentry","category-noticias","tag-concejo-deliberante-de-campo-quijano","tag-municipio-de-campo-quijano"],"yoast_head":"<!-- This site is optimized with the Yoast SEO plugin v20.8 - https:\/\/yoast.com\/wordpress\/plugins\/seo\/ -->\n<title>Concejales en campa\u00f1a se ausentan de su deber: sin reuni\u00f3n de comisi\u00f3n en el Concejo Deliberante de Campo Quijano - RQ 99.9<\/title>\n<meta name=\"description\" content=\"La falta de compromiso en medio de la campa\u00f1a electoral despierta inquietud en la ciudadan\u00eda.\" \/>\n<meta name=\"robots\" content=\"index, follow, max-snippet:-1, max-image-preview:large, max-video-preview:-1\" \/>\n<link rel=\"canonical\" href=\"https:\/\/nahuelproducciones.com.ar\/radioquijano\/concejales-en-campana-se-ausentan-de-su-deber-sin-reunion-de-comision-en-el-concejo-deliberante-de-campo-quijano\/\" \/>\n<meta property=\"og:locale\" content=\"es_ES\" \/>\n<meta property=\"og:type\" content=\"article\" \/>\n<meta property=\"og:title\" content=\"Concejales en campa\u00f1a se ausentan de su deber: sin reuni\u00f3n de comisi\u00f3n en el Concejo Deliberante de Campo Quijano - RQ 99.9\" \/>\n<meta property=\"og:description\" content=\"La falta de compromiso en medio de la campa\u00f1a electoral despierta inquietud en la ciudadan\u00eda.\" \/>\n<meta property=\"og:url\" content=\"https:\/\/nahuelproducciones.com.ar\/radioquijano\/concejales-en-campana-se-ausentan-de-su-deber-sin-reunion-de-comision-en-el-concejo-deliberante-de-campo-quijano\/\" \/>\n<meta property=\"og:site_name\" content=\"RQ 99.9\" \/>\n<meta property=\"article:publisher\" content=\"https:\/\/www.facebook.com\/nahuelproducciones999\/\" \/>\n<meta property=\"article:published_time\" content=\"2025-05-08T20:10:42+00:00\" \/>\n<meta property=\"article:modified_time\" content=\"2025-05-08T21:40:35+00:00\" \/>\n<meta property=\"og:image\" content=\"https:\/\/nahuelproducciones.com.ar\/radioquijano\/wp-content\/uploads\/2025\/03\/409692745_7109146162441428_5947129086985140626_n-e1741189589681.jpg\" \/>\n\t<meta property=\"og:image:width\" content=\"700\" \/>\n\t<meta property=\"og:image:height\" content=\"700\" \/>\n\t<meta property=\"og:image:type\" content=\"image\/jpeg\" \/>\n<meta name=\"author\" content=\"Cecilia Pastrana\" \/>\n<meta name=\"twitter:card\" content=\"summary_large_image\" \/>\n<meta name=\"twitter:creator\" content=\"@nahuproduciones\" \/>\n<meta name=\"twitter:site\" content=\"@nahuproduciones\" \/>\n<meta name=\"twitter:label1\" content=\"Escrito por\" \/>\n\t<meta name=\"twitter:data1\" content=\"Cecilia Pastrana\" \/>\n\t<meta name=\"twitter:label2\" content=\"Tiempo de lectura\" \/>\n\t<meta name=\"twitter:data2\" content=\"2 minutos\" \/>\n<script type=\"application\/ld+json\" class=\"yoast-schema-graph\">{\"@context\":\"https:\/\/schema.org\",\"@graph\":[{\"@type\":\"WebPage\",\"@id\":\"https:\/\/nahuelproducciones.com.ar\/radioquijano\/concejales-en-campana-se-ausentan-de-su-deber-sin-reunion-de-comision-en-el-concejo-deliberante-de-campo-quijano\/\",\"url\":\"https:\/\/nahuelproducciones.com.ar\/radioquijano\/concejales-en-campana-se-ausentan-de-su-deber-sin-reunion-de-comision-en-el-concejo-deliberante-de-campo-quijano\/\",\"name\":\"Concejales en campa\u00f1a se ausentan de su deber: sin reuni\u00f3n de comisi\u00f3n en el Concejo Deliberante de Campo Quijano - RQ 99.9\",\"isPartOf\":{\"@id\":\"https:\/\/nahuelproducciones.com.ar\/radioquijano\/#website\"},\"datePublished\":\"2025-05-08T20:10:42+00:00\",\"dateModified\":\"2025-05-08T21:40:35+00:00\",\"author\":{\"@id\":\"https:\/\/nahuelproducciones.com.ar\/radioquijano\/#\/schema\/person\/e8a4f939e2cb487fe6d0c54042c9d32c\"},\"description\":\"La falta de compromiso en medio de la campa\u00f1a electoral despierta inquietud en la ciudadan\u00eda.\",\"breadcrumb\":{\"@id\":\"https:\/\/nahuelproducciones.com.ar\/radioquijano\/concejales-en-campana-se-ausentan-de-su-deber-sin-reunion-de-comision-en-el-concejo-deliberante-de-campo-quijano\/#breadcrumb\"},\"inLanguage\":\"es\",\"potentialAction\":[{\"@type\":\"ReadAction\",\"target\":[\"https:\/\/nahuelproducciones.com.ar\/radioquijano\/concejales-en-campana-se-ausentan-de-su-deber-sin-reunion-de-comision-en-el-concejo-deliberante-de-campo-quijano\/\"]}]},{\"@type\":\"BreadcrumbList\",\"@id\":\"https:\/\/nahuelproducciones.com.ar\/radioquijano\/concejales-en-campana-se-ausentan-de-su-deber-sin-reunion-de-comision-en-el-concejo-deliberante-de-campo-quijano\/#breadcrumb\",\"itemListElement\":[{\"@type\":\"ListItem\",\"position\":1,\"name\":\"Portada\",\"item\":\"https:\/\/nahuelproducciones.com.ar\/radioquijano\/\"},{\"@type\":\"ListItem\",\"position\":2,\"name\":\"Concejales en campa\u00f1a se ausentan de su deber: sin reuni\u00f3n de comisi\u00f3n en el Concejo Deliberante de Campo Quijano\"}]},{\"@type\":\"WebSite\",\"@id\":\"https:\/\/nahuelproducciones.com.ar\/radioquijano\/#website\",\"url\":\"https:\/\/nahuelproducciones.com.ar\/radioquijano\/\",\"name\":\"RQ 99.9\",\"description\":\"Radio Quijano 99.9 MHz\",\"potentialAction\":[{\"@type\":\"SearchAction\",\"target\":{\"@type\":\"EntryPoint\",\"urlTemplate\":\"https:\/\/nahuelproducciones.com.ar\/radioquijano\/?s={search_term_string}\"},\"query-input\":\"required name=search_term_string\"}],\"inLanguage\":\"es\"},{\"@type\":\"Person\",\"@id\":\"https:\/\/nahuelproducciones.com.ar\/radioquijano\/#\/schema\/person\/e8a4f939e2cb487fe6d0c54042c9d32c\",\"name\":\"Cecilia Pastrana\",\"image\":{\"@type\":\"ImageObject\",\"inLanguage\":\"es\",\"@id\":\"https:\/\/nahuelproducciones.com.ar\/radioquijano\/#\/schema\/person\/image\/\",\"url\":\"https:\/\/secure.gravatar.com\/avatar\/661a3ef63a8488d4f2794ed44af8cf71420f7e106f3072c40125114df5157749?s=96&d=mm&r=g\",\"contentUrl\":\"https:\/\/secure.gravatar.com\/avatar\/661a3ef63a8488d4f2794ed44af8cf71420f7e106f3072c40125114df5157749?s=96&d=mm&r=g\",\"caption\":\"Cecilia Pastrana\"},\"sameAs\":[\"cecy\"],\"url\":\"https:\/\/nahuelproducciones.com.ar\/radioquijano\/author\/cecy\/\"}]}<\/script>\n<!-- \/ Yoast SEO plugin. -->","yoast_head_json":{"title":"Concejales en campa\u00f1a se ausentan de su deber: sin reuni\u00f3n de comisi\u00f3n en el Concejo Deliberante de Campo Quijano - RQ 99.9","description":"La falta de compromiso en medio de la campa\u00f1a electoral despierta inquietud en la ciudadan\u00eda.","robots":{"index":"index","follow":"follow","max-snippet":"max-snippet:-1","max-image-preview":"max-image-preview:large","max-video-preview":"max-video-preview:-1"},"canonical":"https:\/\/nahuelproducciones.com.ar\/radioquijano\/concejales-en-campana-se-ausentan-de-su-deber-sin-reunion-de-comision-en-el-concejo-deliberante-de-campo-quijano\/","og_locale":"es_ES","og_type":"article","og_title":"Concejales en campa\u00f1a se ausentan de su deber: sin reuni\u00f3n de comisi\u00f3n en el Concejo Deliberante de Campo Quijano - RQ 99.9","og_description":"La falta de compromiso en medio de la campa\u00f1a electoral despierta inquietud en la ciudadan\u00eda.","og_url":"https:\/\/nahuelproducciones.com.ar\/radioquijano\/concejales-en-campana-se-ausentan-de-su-deber-sin-reunion-de-comision-en-el-concejo-deliberante-de-campo-quijano\/","og_site_name":"RQ 99.9","article_publisher":"https:\/\/www.facebook.com\/nahuelproducciones999\/","article_published_time":"2025-05-08T20:10:42+00:00","article_modified_time":"2025-05-08T21:40:35+00:00","og_image":[{"width":700,"height":700,"url":"https:\/\/nahuelproducciones.com.ar\/radioquijano\/wp-content\/uploads\/2025\/03\/409692745_7109146162441428_5947129086985140626_n-e1741189589681.jpg","type":"image\/jpeg"}],"author":"Cecilia Pastrana","twitter_card":"summary_large_image","twitter_creator":"@nahuproduciones","twitter_site":"@nahuproduciones","twitter_misc":{"Escrito por":"Cecilia Pastrana","Tiempo de lectura":"2 minutos"},"schema":{"@context":"https:\/\/schema.org","@graph":[{"@type":"WebPage","@id":"https:\/\/nahuelproducciones.com.ar\/radioquijano\/concejales-en-campana-se-ausentan-de-su-deber-sin-reunion-de-comision-en-el-concejo-deliberante-de-campo-quijano\/","url":"https:\/\/nahuelproducciones.com.ar\/radioquijano\/concejales-en-campana-se-ausentan-de-su-deber-sin-reunion-de-comision-en-el-concejo-deliberante-de-campo-quijano\/","name":"Concejales en campa\u00f1a se ausentan de su deber: sin reuni\u00f3n de comisi\u00f3n en el Concejo Deliberante de Campo Quijano - RQ 99.9","isPartOf":{"@id":"https:\/\/nahuelproducciones.com.ar\/radioquijano\/#website"},"datePublished":"2025-05-08T20:10:42+00:00","dateModified":"2025-05-08T21:40:35+00:00","author":{"@id":"https:\/\/nahuelproducciones.com.ar\/radioquijano\/#\/schema\/person\/e8a4f939e2cb487fe6d0c54042c9d32c"},"description":"La falta de compromiso en medio de la campa\u00f1a electoral despierta inquietud en la ciudadan\u00eda.","breadcrumb":{"@id":"https:\/\/nahuelproducciones.com.ar\/radioquijano\/concejales-en-campana-se-ausentan-de-su-deber-sin-reunion-de-comision-en-el-concejo-deliberante-de-campo-quijano\/#breadcrumb"},"inLanguage":"es","potentialAction":[{"@type":"ReadAction","target":["https:\/\/nahuelproducciones.com.ar\/radioquijano\/concejales-en-campana-se-ausentan-de-su-deber-sin-reunion-de-comision-en-el-concejo-deliberante-de-campo-quijano\/"]}]},{"@type":"BreadcrumbList","@id":"https:\/\/nahuelproducciones.com.ar\/radioquijano\/concejales-en-campana-se-ausentan-de-su-deber-sin-reunion-de-comision-en-el-concejo-deliberante-de-campo-quijano\/#breadcrumb","itemListElement":[{"@type":"ListItem","position":1,"name":"Portada","item":"https:\/\/nahuelproducciones.com.ar\/radioquijano\/"},{"@type":"ListItem","position":2,"name":"Concejales en campa\u00f1a se ausentan de su deber: sin reuni\u00f3n de comisi\u00f3n en el Concejo Deliberante de Campo Quijano"}]},{"@type":"WebSite","@id":"https:\/\/nahuelproducciones.com.ar\/radioquijano\/#website","url":"https:\/\/nahuelproducciones.com.ar\/radioquijano\/","name":"RQ 99.9","description":"Radio Quijano 99.9 MHz","potentialAction":[{"@type":"SearchAction","target":{"@type":"EntryPoint","urlTemplate":"https:\/\/nahuelproducciones.com.ar\/radioquijano\/?s={search_term_string}"},"query-input":"required name=search_term_string"}],"inLanguage":"es"},{"@type":"Person","@id":"https:\/\/nahuelproducciones.com.ar\/radioquijano\/#\/schema\/person\/e8a4f939e2cb487fe6d0c54042c9d32c","name":"Cecilia Pastrana","image":{"@type":"ImageObject","inLanguage":"es","@id":"https:\/\/nahuelproducciones.com.ar\/radioquijano\/#\/schema\/person\/image\/","url":"https:\/\/secure.gravatar.com\/avatar\/661a3ef63a8488d4f2794ed44af8cf71420f7e106f3072c40125114df5157749?s=96&d=mm&r=g","contentUrl":"https:\/\/secure.gravatar.com\/avatar\/661a3ef63a8488d4f2794ed44af8cf71420f7e106f3072c40125114df5157749?s=96&d=mm&r=g","caption":"Cecilia Pastrana"},"sameAs":["cecy"],"url":"https:\/\/nahuelproducciones.com.ar\/radioquijano\/author\/cecy\/"}]}},"_links":{"self":[{"href":"https:\/\/nahuelproducciones.com.ar\/radioquijano\/wp-json\/wp\/v2\/posts\/10169","targetHints":{"allow":["GET"]}}],"collection":[{"href":"https:\/\/nahuelproducciones.com.ar\/radioquijano\/wp-json\/wp\/v2\/posts"}],"about":[{"href":"https:\/\/nahuelproducciones.com.ar\/radioquijano\/wp-json\/wp\/v2\/types\/post"}],"author":[{"embeddable":true,"href":"https:\/\/nahuelproducciones.com.ar\/radioquijano\/wp-json\/wp\/v2\/users\/8"}],"replies":[{"embeddable":true,"href":"https:\/\/nahuelproducciones.com.ar\/radioquijano\/wp-json\/wp\/v2\/comments?post=10169"}],"version-history":[{"count":3,"href":"https:\/\/nahuelproducciones.com.ar\/radioquijano\/wp-json\/wp\/v2\/posts\/10169\/revisions"}],"predecessor-version":[{"id":10176,"href":"https:\/\/nahuelproducciones.com.ar\/radioquijano\/wp-json\/wp\/v2\/posts\/10169\/revisions\/10176"}],"wp:featuredmedia":[{"embeddable":true,"href":"https:\/\/nahuelproducciones.com.ar\/radioquijano\/wp-json\/wp\/v2\/media\/9756"}],"wp:attachment":[{"href":"https:\/\/nahuelproducciones.com.ar\/radioquijano\/wp-json\/wp\/v2\/media?parent=10169"}],"wp:term":[{"taxonomy":"category","embeddable":true,"href":"https:\/\/nahuelproducciones.com.ar\/radioquijano\/wp-json\/wp\/v2\/categories?post=10169"},{"taxonomy":"post_tag","embeddable":true,"href":"https:\/\/nahuelproducciones.com.ar\/radioquijano\/wp-json\/wp\/v2\/tags?post=10169"}],"curies":[{"name":"wp","href":"https:\/\/api.w.org\/{rel}","templated":true}]}}