{"id":10177,"date":"2025-05-08T22:51:52","date_gmt":"2025-05-09T01:51:52","guid":{"rendered":"https:\/\/nahuelproducciones.com.ar\/radioquijano\/?p=10177"},"modified":"2025-05-08T22:51:54","modified_gmt":"2025-05-09T01:51:54","slug":"secuestro-preventivo-de-mercaderia-no-perecedera","status":"publish","type":"post","link":"https:\/\/nahuelproducciones.com.ar\/radioquijano\/secuestro-preventivo-de-mercaderia-no-perecedera\/","title":{"rendered":"Secuestro preventivo de mercader\u00eda no perecedera."},"content":{"rendered":"\n<p><em><strong>El operativo, encabezado por la Fiscal\u00eda de Delitos Econ\u00f3micos Complejos, deriv\u00f3 en el secuestro de un semirremolque cargado con mercader\u00eda no perecedera. La intervenci\u00f3n se inici\u00f3 con la denuncia de un comunicador social que vincul\u00f3 los productos con una presunta maniobra de clientelismo pol\u00edtico<\/strong><\/em>.<\/p>\n\n\n\n<p>Bajo la direcci\u00f3n de la&nbsp;<strong>fiscal subrogante de la Unidad de Delitos Econ\u00f3micos Complejos (UDEC), Ana In\u00e9s Salinas Odorisio, personal de la Unidad de Investigaci\u00f3n UDEC<\/strong>&nbsp;secuestr\u00f3 el semiremolque de un cami\u00f3n y la mercader\u00eda no perecedera que transportaba.<\/p>\n\n\n\n<p>El procedimiento incluy\u00f3 el traslado del remolque a las instalaciones de la Divisi\u00f3n Caballer\u00eda de la Polic\u00eda de la Provincia de Salta, donde se realiz\u00f3 el acondicionamiento correspondiente, con colocaci\u00f3n de fajas de seguridad, registro fotogr\u00e1fico y dem\u00e1s garant\u00edas procesales. Quedar\u00e1n en calidad de secuestro, a disposici\u00f3n de UDEC y del Juzgado de Garant\u00edas 4, hasta&nbsp;tanto avance la investigaci\u00f3n penal.<\/p>\n\n\n\n<p>La intervenci\u00f3n de la UDEC inici\u00f3 a ra\u00edz de una denuncia presentada por un comunicador social, quien manifest\u00f3 haber recibido informaci\u00f3n sobre la supuesta llegada de un cami\u00f3n procedente de Rosario, Santa Fe, transportando mercader\u00eda destinada presuntamente a la conformaci\u00f3n de 20.000 bolsones que ser\u00edan repartidos a cambio de votos a favor de un partido pol\u00edtico.<\/p>\n\n\n\n<p>El denunciante asegur\u00f3 haberse dirigido a una sede partidaria ubicada en calle Necochea al 1000, entre Adolfo G\u00fcemes y avenida Sarmiento, donde habr\u00eda observado un galp\u00f3n con carteler\u00eda y banderas pol\u00edticas de la Agrupaci\u00f3n Tupac Amaru, y con im\u00e1genes de los candidatos de la Lista N\u00b0 67.<\/p>\n\n\n\n<p>En ese lugar habr\u00eda constatado la presencia de un cami\u00f3n y un semirremolque con mercader\u00eda y alimentos no perecederos en su interior. Seg\u00fan relat\u00f3, ya se habr\u00eda descargado un 15% del contenido y parte de los bolsones estar\u00eda almacenada dentro del galp\u00f3n. El denunciante afirm\u00f3 que film\u00f3 la escena con su tel\u00e9fono celular, momento en el cual se le habr\u00eda acercado una mujer acompa\u00f1ada por dos hombres. Siempre seg\u00fan su relato, \u00e9sta le habr\u00eda arrebatado el tel\u00e9fono y lo habr\u00eda entregado a uno de los acompa\u00f1antes, aunque luego pudo recuperar el dispositivo.<\/p>\n\n\n\n<p>Debido al desorden, se hizo presente un m\u00f3vil policial. El denunciante se\u00f1al\u00f3 que advirti\u00f3 a los efectivos que la mercader\u00eda no contar\u00eda con documentaci\u00f3n respaldatoria.<\/p>\n\n\n\n<figure class=\"wp-block-gallery has-nested-images columns-default is-cropped wp-block-gallery-1 is-layout-flex wp-block-gallery-is-layout-flex\">\n<figure class=\"wp-block-image size-large\"><img loading=\"lazy\" decoding=\"async\" width=\"576\" height=\"1024\" data-id=\"10187\" src=\"https:\/\/nahuelproducciones.com.ar\/radioquijano\/wp-content\/uploads\/2025\/05\/secuestro.mercaderia.udec_-768x1366-2-576x1024.jpeg\" alt=\"\" class=\"wp-image-10187\" srcset=\"https:\/\/nahuelproducciones.com.ar\/radioquijano\/wp-content\/uploads\/2025\/05\/secuestro.mercaderia.udec_-768x1366-2-576x1024.jpeg 576w, https:\/\/nahuelproducciones.com.ar\/radioquijano\/wp-content\/uploads\/2025\/05\/secuestro.mercaderia.udec_-768x1366-2-169x300.jpeg 169w, https:\/\/nahuelproducciones.com.ar\/radioquijano\/wp-content\/uploads\/2025\/05\/secuestro.mercaderia.udec_-768x1366-2-150x267.jpeg 150w, https:\/\/nahuelproducciones.com.ar\/radioquijano\/wp-content\/uploads\/2025\/05\/secuestro.mercaderia.udec_-768x1366-2.jpeg 768w\" sizes=\"auto, (max-width: 576px) 100vw, 576px\" \/><\/figure>\n\n\n\n<figure class=\"wp-block-image size-large\"><img loading=\"lazy\" decoding=\"async\" width=\"1024\" height=\"461\" data-id=\"10186\" src=\"https:\/\/nahuelproducciones.com.ar\/radioquijano\/wp-content\/uploads\/2025\/05\/Secuestro.mercaderia.udec02-1536x691-3-1024x461.jpeg\" alt=\"\" class=\"wp-image-10186\" srcset=\"https:\/\/nahuelproducciones.com.ar\/radioquijano\/wp-content\/uploads\/2025\/05\/Secuestro.mercaderia.udec02-1536x691-3-1024x461.jpeg 1024w, https:\/\/nahuelproducciones.com.ar\/radioquijano\/wp-content\/uploads\/2025\/05\/Secuestro.mercaderia.udec02-1536x691-3-300x135.jpeg 300w, https:\/\/nahuelproducciones.com.ar\/radioquijano\/wp-content\/uploads\/2025\/05\/Secuestro.mercaderia.udec02-1536x691-3-768x346.jpeg 768w, https:\/\/nahuelproducciones.com.ar\/radioquijano\/wp-content\/uploads\/2025\/05\/Secuestro.mercaderia.udec02-1536x691-3-150x67.jpeg 150w, https:\/\/nahuelproducciones.com.ar\/radioquijano\/wp-content\/uploads\/2025\/05\/Secuestro.mercaderia.udec02-1536x691-3.jpeg 1536w\" sizes=\"auto, (max-width: 1024px) 100vw, 1024px\" \/><\/figure>\n\n\n\n<figure class=\"wp-block-image size-large\"><img loading=\"lazy\" decoding=\"async\" width=\"461\" height=\"1024\" data-id=\"10185\" src=\"https:\/\/nahuelproducciones.com.ar\/radioquijano\/wp-content\/uploads\/2025\/05\/Secuestro.mercaderia.udec03-691x1536-2-461x1024.jpeg\" alt=\"\" class=\"wp-image-10185\" srcset=\"https:\/\/nahuelproducciones.com.ar\/radioquijano\/wp-content\/uploads\/2025\/05\/Secuestro.mercaderia.udec03-691x1536-2-461x1024.jpeg 461w, https:\/\/nahuelproducciones.com.ar\/radioquijano\/wp-content\/uploads\/2025\/05\/Secuestro.mercaderia.udec03-691x1536-2-135x300.jpeg 135w, https:\/\/nahuelproducciones.com.ar\/radioquijano\/wp-content\/uploads\/2025\/05\/Secuestro.mercaderia.udec03-691x1536-2-150x333.jpeg 150w, https:\/\/nahuelproducciones.com.ar\/radioquijano\/wp-content\/uploads\/2025\/05\/Secuestro.mercaderia.udec03-691x1536-2.jpeg 691w\" sizes=\"auto, (max-width: 461px) 100vw, 461px\" \/><\/figure>\n<\/figure>\n","protected":false},"excerpt":{"rendered":"<p>El operativo, encabezado por la Fiscal\u00eda de Delitos Econ\u00f3micos Complejos, deriv\u00f3 en el secuestro de un semirremolque cargado con mercader\u00eda no perecedera. La intervenci\u00f3n se inici\u00f3 con la denuncia de un comunicador social que vincul\u00f3 los productos con una presunta maniobra de clientelismo pol\u00edtico. Bajo la direcci\u00f3n de la&nbsp;fiscal subrogante de la Unidad de Delitos [&hellip;]<\/p>\n","protected":false},"author":8,"featured_media":10178,"comment_status":"open","ping_status":"open","sticky":false,"template":"","format":"standard","meta":{"_monsterinsights_skip_tracking":false,"_monsterinsights_sitenote_active":false,"_monsterinsights_sitenote_note":"","_monsterinsights_sitenote_category":0,"footnotes":""},"categories":[16],"tags":[881,100,1796],"class_list":["post-10177","post","type-post","status-publish","format-standard","has-post-thumbnail","hentry","category-noticias","tag-ministerio-publico-fiscal-de-salta-2","tag-municipio-de-campo-quijano","tag-secuestro-preventivo-de-mercaderia"],"yoast_head":"<!-- This site is optimized with the Yoast SEO plugin v20.8 - https:\/\/yoast.com\/wordpress\/plugins\/seo\/ -->\n<title>Secuestro preventivo de mercader\u00eda no perecedera. - RQ 99.9<\/title>\n<meta name=\"description\" content=\"La mercader\u00eda estar\u00eda destinada presuntamente a la conformaci\u00f3n de 20.000 bolsones que ser\u00edan repartidos a cambio de votos a favor de un partido pol\u00edtico.\" \/>\n<meta name=\"robots\" content=\"index, follow, max-snippet:-1, max-image-preview:large, max-video-preview:-1\" \/>\n<link rel=\"canonical\" href=\"https:\/\/nahuelproducciones.com.ar\/radioquijano\/secuestro-preventivo-de-mercaderia-no-perecedera\/\" \/>\n<meta property=\"og:locale\" content=\"es_ES\" \/>\n<meta property=\"og:type\" content=\"article\" \/>\n<meta property=\"og:title\" content=\"Secuestro preventivo de mercader\u00eda no perecedera. - RQ 99.9\" \/>\n<meta property=\"og:description\" content=\"La mercader\u00eda estar\u00eda destinada presuntamente a la conformaci\u00f3n de 20.000 bolsones que ser\u00edan repartidos a cambio de votos a favor de un partido pol\u00edtico.\" \/>\n<meta property=\"og:url\" content=\"https:\/\/nahuelproducciones.com.ar\/radioquijano\/secuestro-preventivo-de-mercaderia-no-perecedera\/\" \/>\n<meta property=\"og:site_name\" content=\"RQ 99.9\" \/>\n<meta property=\"article:publisher\" content=\"https:\/\/www.facebook.com\/nahuelproducciones999\/\" \/>\n<meta property=\"article:published_time\" content=\"2025-05-09T01:51:52+00:00\" \/>\n<meta property=\"article:modified_time\" content=\"2025-05-09T01:51:54+00:00\" \/>\n<meta property=\"og:image\" content=\"https:\/\/nahuelproducciones.com.ar\/radioquijano\/wp-content\/uploads\/2025\/05\/Secuestro.mercaderia.udec02-1536x691-1-e1746755244325.jpeg\" \/>\n\t<meta property=\"og:image:width\" content=\"700\" \/>\n\t<meta property=\"og:image:height\" content=\"315\" \/>\n\t<meta property=\"og:image:type\" content=\"image\/jpeg\" \/>\n<meta name=\"author\" content=\"Cecilia Pastrana\" \/>\n<meta name=\"twitter:card\" content=\"summary_large_image\" \/>\n<meta name=\"twitter:creator\" content=\"@nahuproduciones\" \/>\n<meta name=\"twitter:site\" content=\"@nahuproduciones\" \/>\n<meta name=\"twitter:label1\" content=\"Escrito por\" \/>\n\t<meta name=\"twitter:data1\" content=\"Cecilia Pastrana\" \/>\n\t<meta name=\"twitter:label2\" content=\"Tiempo de lectura\" \/>\n\t<meta name=\"twitter:data2\" content=\"3 minutos\" \/>\n<script type=\"application\/ld+json\" class=\"yoast-schema-graph\">{\"@context\":\"https:\/\/schema.org\",\"@graph\":[{\"@type\":\"WebPage\",\"@id\":\"https:\/\/nahuelproducciones.com.ar\/radioquijano\/secuestro-preventivo-de-mercaderia-no-perecedera\/\",\"url\":\"https:\/\/nahuelproducciones.com.ar\/radioquijano\/secuestro-preventivo-de-mercaderia-no-perecedera\/\",\"name\":\"Secuestro preventivo de mercader\u00eda no perecedera. - RQ 99.9\",\"isPartOf\":{\"@id\":\"https:\/\/nahuelproducciones.com.ar\/radioquijano\/#website\"},\"datePublished\":\"2025-05-09T01:51:52+00:00\",\"dateModified\":\"2025-05-09T01:51:54+00:00\",\"author\":{\"@id\":\"https:\/\/nahuelproducciones.com.ar\/radioquijano\/#\/schema\/person\/e8a4f939e2cb487fe6d0c54042c9d32c\"},\"description\":\"La mercader\u00eda estar\u00eda destinada presuntamente a la conformaci\u00f3n de 20.000 bolsones que ser\u00edan repartidos a cambio de votos a favor de un partido pol\u00edtico.\",\"breadcrumb\":{\"@id\":\"https:\/\/nahuelproducciones.com.ar\/radioquijano\/secuestro-preventivo-de-mercaderia-no-perecedera\/#breadcrumb\"},\"inLanguage\":\"es\",\"potentialAction\":[{\"@type\":\"ReadAction\",\"target\":[\"https:\/\/nahuelproducciones.com.ar\/radioquijano\/secuestro-preventivo-de-mercaderia-no-perecedera\/\"]}]},{\"@type\":\"BreadcrumbList\",\"@id\":\"https:\/\/nahuelproducciones.com.ar\/radioquijano\/secuestro-preventivo-de-mercaderia-no-perecedera\/#breadcrumb\",\"itemListElement\":[{\"@type\":\"ListItem\",\"position\":1,\"name\":\"Portada\",\"item\":\"https:\/\/nahuelproducciones.com.ar\/radioquijano\/\"},{\"@type\":\"ListItem\",\"position\":2,\"name\":\"Secuestro preventivo de mercader\u00eda no perecedera.\"}]},{\"@type\":\"WebSite\",\"@id\":\"https:\/\/nahuelproducciones.com.ar\/radioquijano\/#website\",\"url\":\"https:\/\/nahuelproducciones.com.ar\/radioquijano\/\",\"name\":\"RQ 99.9\",\"description\":\"Radio Quijano 99.9 MHz\",\"potentialAction\":[{\"@type\":\"SearchAction\",\"target\":{\"@type\":\"EntryPoint\",\"urlTemplate\":\"https:\/\/nahuelproducciones.com.ar\/radioquijano\/?s={search_term_string}\"},\"query-input\":\"required name=search_term_string\"}],\"inLanguage\":\"es\"},{\"@type\":\"Person\",\"@id\":\"https:\/\/nahuelproducciones.com.ar\/radioquijano\/#\/schema\/person\/e8a4f939e2cb487fe6d0c54042c9d32c\",\"name\":\"Cecilia Pastrana\",\"image\":{\"@type\":\"ImageObject\",\"inLanguage\":\"es\",\"@id\":\"https:\/\/nahuelproducciones.com.ar\/radioquijano\/#\/schema\/person\/image\/\",\"url\":\"https:\/\/secure.gravatar.com\/avatar\/661a3ef63a8488d4f2794ed44af8cf71420f7e106f3072c40125114df5157749?s=96&d=mm&r=g\",\"contentUrl\":\"https:\/\/secure.gravatar.com\/avatar\/661a3ef63a8488d4f2794ed44af8cf71420f7e106f3072c40125114df5157749?s=96&d=mm&r=g\",\"caption\":\"Cecilia Pastrana\"},\"sameAs\":[\"cecy\"],\"url\":\"https:\/\/nahuelproducciones.com.ar\/radioquijano\/author\/cecy\/\"}]}<\/script>\n<!-- \/ Yoast SEO plugin. -->","yoast_head_json":{"title":"Secuestro preventivo de mercader\u00eda no perecedera. - RQ 99.9","description":"La mercader\u00eda estar\u00eda destinada presuntamente a la conformaci\u00f3n de 20.000 bolsones que ser\u00edan repartidos a cambio de votos a favor de un partido pol\u00edtico.","robots":{"index":"index","follow":"follow","max-snippet":"max-snippet:-1","max-image-preview":"max-image-preview:large","max-video-preview":"max-video-preview:-1"},"canonical":"https:\/\/nahuelproducciones.com.ar\/radioquijano\/secuestro-preventivo-de-mercaderia-no-perecedera\/","og_locale":"es_ES","og_type":"article","og_title":"Secuestro preventivo de mercader\u00eda no perecedera. - RQ 99.9","og_description":"La mercader\u00eda estar\u00eda destinada presuntamente a la conformaci\u00f3n de 20.000 bolsones que ser\u00edan repartidos a cambio de votos a favor de un partido pol\u00edtico.","og_url":"https:\/\/nahuelproducciones.com.ar\/radioquijano\/secuestro-preventivo-de-mercaderia-no-perecedera\/","og_site_name":"RQ 99.9","article_publisher":"https:\/\/www.facebook.com\/nahuelproducciones999\/","article_published_time":"2025-05-09T01:51:52+00:00","article_modified_time":"2025-05-09T01:51:54+00:00","og_image":[{"width":700,"height":315,"url":"https:\/\/nahuelproducciones.com.ar\/radioquijano\/wp-content\/uploads\/2025\/05\/Secuestro.mercaderia.udec02-1536x691-1-e1746755244325.jpeg","type":"image\/jpeg"}],"author":"Cecilia Pastrana","twitter_card":"summary_large_image","twitter_creator":"@nahuproduciones","twitter_site":"@nahuproduciones","twitter_misc":{"Escrito por":"Cecilia Pastrana","Tiempo de lectura":"3 minutos"},"schema":{"@context":"https:\/\/schema.org","@graph":[{"@type":"WebPage","@id":"https:\/\/nahuelproducciones.com.ar\/radioquijano\/secuestro-preventivo-de-mercaderia-no-perecedera\/","url":"https:\/\/nahuelproducciones.com.ar\/radioquijano\/secuestro-preventivo-de-mercaderia-no-perecedera\/","name":"Secuestro preventivo de mercader\u00eda no perecedera. - RQ 99.9","isPartOf":{"@id":"https:\/\/nahuelproducciones.com.ar\/radioquijano\/#website"},"datePublished":"2025-05-09T01:51:52+00:00","dateModified":"2025-05-09T01:51:54+00:00","author":{"@id":"https:\/\/nahuelproducciones.com.ar\/radioquijano\/#\/schema\/person\/e8a4f939e2cb487fe6d0c54042c9d32c"},"description":"La mercader\u00eda estar\u00eda destinada presuntamente a la conformaci\u00f3n de 20.000 bolsones que ser\u00edan repartidos a cambio de votos a favor de un partido pol\u00edtico.","breadcrumb":{"@id":"https:\/\/nahuelproducciones.com.ar\/radioquijano\/secuestro-preventivo-de-mercaderia-no-perecedera\/#breadcrumb"},"inLanguage":"es","potentialAction":[{"@type":"ReadAction","target":["https:\/\/nahuelproducciones.com.ar\/radioquijano\/secuestro-preventivo-de-mercaderia-no-perecedera\/"]}]},{"@type":"BreadcrumbList","@id":"https:\/\/nahuelproducciones.com.ar\/radioquijano\/secuestro-preventivo-de-mercaderia-no-perecedera\/#breadcrumb","itemListElement":[{"@type":"ListItem","position":1,"name":"Portada","item":"https:\/\/nahuelproducciones.com.ar\/radioquijano\/"},{"@type":"ListItem","position":2,"name":"Secuestro preventivo de mercader\u00eda no perecedera."}]},{"@type":"WebSite","@id":"https:\/\/nahuelproducciones.com.ar\/radioquijano\/#website","url":"https:\/\/nahuelproducciones.com.ar\/radioquijano\/","name":"RQ 99.9","description":"Radio Quijano 99.9 MHz","potentialAction":[{"@type":"SearchAction","target":{"@type":"EntryPoint","urlTemplate":"https:\/\/nahuelproducciones.com.ar\/radioquijano\/?s={search_term_string}"},"query-input":"required name=search_term_string"}],"inLanguage":"es"},{"@type":"Person","@id":"https:\/\/nahuelproducciones.com.ar\/radioquijano\/#\/schema\/person\/e8a4f939e2cb487fe6d0c54042c9d32c","name":"Cecilia Pastrana","image":{"@type":"ImageObject","inLanguage":"es","@id":"https:\/\/nahuelproducciones.com.ar\/radioquijano\/#\/schema\/person\/image\/","url":"https:\/\/secure.gravatar.com\/avatar\/661a3ef63a8488d4f2794ed44af8cf71420f7e106f3072c40125114df5157749?s=96&d=mm&r=g","contentUrl":"https:\/\/secure.gravatar.com\/avatar\/661a3ef63a8488d4f2794ed44af8cf71420f7e106f3072c40125114df5157749?s=96&d=mm&r=g","caption":"Cecilia Pastrana"},"sameAs":["cecy"],"url":"https:\/\/nahuelproducciones.com.ar\/radioquijano\/author\/cecy\/"}]}},"_links":{"self":[{"href":"https:\/\/nahuelproducciones.com.ar\/radioquijano\/wp-json\/wp\/v2\/posts\/10177","targetHints":{"allow":["GET"]}}],"collection":[{"href":"https:\/\/nahuelproducciones.com.ar\/radioquijano\/wp-json\/wp\/v2\/posts"}],"about":[{"href":"https:\/\/nahuelproducciones.com.ar\/radioquijano\/wp-json\/wp\/v2\/types\/post"}],"author":[{"embeddable":true,"href":"https:\/\/nahuelproducciones.com.ar\/radioquijano\/wp-json\/wp\/v2\/users\/8"}],"replies":[{"embeddable":true,"href":"https:\/\/nahuelproducciones.com.ar\/radioquijano\/wp-json\/wp\/v2\/comments?post=10177"}],"version-history":[{"count":1,"href":"https:\/\/nahuelproducciones.com.ar\/radioquijano\/wp-json\/wp\/v2\/posts\/10177\/revisions"}],"predecessor-version":[{"id":10188,"href":"https:\/\/nahuelproducciones.com.ar\/radioquijano\/wp-json\/wp\/v2\/posts\/10177\/revisions\/10188"}],"wp:featuredmedia":[{"embeddable":true,"href":"https:\/\/nahuelproducciones.com.ar\/radioquijano\/wp-json\/wp\/v2\/media\/10178"}],"wp:attachment":[{"href":"https:\/\/nahuelproducciones.com.ar\/radioquijano\/wp-json\/wp\/v2\/media?parent=10177"}],"wp:term":[{"taxonomy":"category","embeddable":true,"href":"https:\/\/nahuelproducciones.com.ar\/radioquijano\/wp-json\/wp\/v2\/categories?post=10177"},{"taxonomy":"post_tag","embeddable":true,"href":"https:\/\/nahuelproducciones.com.ar\/radioquijano\/wp-json\/wp\/v2\/tags?post=10177"}],"curies":[{"name":"wp","href":"https:\/\/api.w.org\/{rel}","templated":true}]}}