{"id":10189,"date":"2025-05-09T11:14:58","date_gmt":"2025-05-09T14:14:58","guid":{"rendered":"https:\/\/nahuelproducciones.com.ar\/radioquijano\/?p=10189"},"modified":"2025-05-09T11:32:12","modified_gmt":"2025-05-09T14:32:12","slug":"fui-censurado-por-preguntar-una-experiencia-que-pone-en-duda-la-transparencia-y-la-libertad-de-expresion-en-tiempos-electorales","status":"publish","type":"post","link":"https:\/\/nahuelproducciones.com.ar\/radioquijano\/fui-censurado-por-preguntar-una-experiencia-que-pone-en-duda-la-transparencia-y-la-libertad-de-expresion-en-tiempos-electorales\/","title":{"rendered":"\u00abFui censurado por preguntar\u00bb: una experiencia que pone en duda la transparencia y la libertad de expresi\u00f3n en tiempos electorales"},"content":{"rendered":"\n<p><em>Por Ricardo Guzm\u00e1n<\/em><\/p>\n\n\n\n<p>En el d\u00eda de ayer, mientras navegaba por Facebook, me encontr\u00e9 con una transmisi\u00f3n en vivo realizada por el medio <em>Diario del Valle<\/em>. Se trataba de una entrevista a la senadora por el Departamento Rosario de Lerma Perica Minetti, actual candidata en las elecciones legislativas que se celebrar\u00e1n este domingo 11 de mayo en la provincia de Salta.<\/p>\n\n\n\n<p>Como ciudadano interesado en el futuro pol\u00edtico de mi provincia,y sobre todo de mi departamento decid\u00ed mirar la entrevista con atenci\u00f3n. Mientras escuchaba las preguntas que le hac\u00edan los entrevistadores, sent\u00ed la necesidad de participar, de aprovechar ese espacio p\u00fablico para hacer mis propias preguntas, como se supone permite una red social. Sin faltar el respeto, coment\u00e9 en la publicaci\u00f3n con inquietudes que me parec\u00edan leg\u00edtimas, vinculadas a su desempe\u00f1o y propuestas.<\/p>\n\n\n\n<p>Grande fue mi sorpresa cuando, sin explicaci\u00f3n alguna, Facebook me notific\u00f3 que ya no pod\u00eda comentar en la publicaci\u00f3n. Adem\u00e1s, mis comentarios fueron eliminados. Es decir, fui silenciado.<\/p>\n\n\n\n<p>Lo ocurrido me dej\u00f3 una amarga sensaci\u00f3n, no s\u00f3lo por la censura directa que viv\u00ed, sino por lo que implica. \u00bfEn qu\u00e9 clase de democracia estamos si un ciudadano no puede ejercer su derecho a preguntar? \u00bfQu\u00e9 transparencia puede haber en una campa\u00f1a electoral si s\u00f3lo se permite la circulaci\u00f3n de lo que conviene al candidato?<\/p>\n\n\n\n<p>La libertad de expresi\u00f3n no es un privilegio: es un derecho constitucional. Y el ejercicio de ese derecho es esencial en tiempos electorales, donde el debate p\u00fablico deber\u00eda ser no solo permitido, sino fomentado. Cuando un medio elimina preguntas inc\u00f3modas o una figura p\u00fablica permite que se borren voces cr\u00edticas, no estamos ante un descuido t\u00e9cnico: estamos ante una pr\u00e1ctica de censura.<\/p>\n\n\n\n<p>Me preocupa profundamente que se naturalicen estas acciones. Hoy me toc\u00f3 a m\u00ed, ma\u00f1ana puede ser cualquier ciudadano que simplemente desee ejercer su derecho a la palabra. Necesitamos mayor madurez institucional, y sobre todo, compromiso real con la transparencia de gesti\u00f3n y la construcci\u00f3n de un espacio democr\u00e1tico donde las voces no se callen, sino que se escuchen, se confronten y se respeten.<\/p>\n\n\n\n<p>Hago esta denuncia p\u00fablica no por protagonismo, sino por responsabilidad. Porque creo que la democracia se construye desde el di\u00e1logo y no desde el silencio forzado.<\/p>\n\n\n\n<iframe loading=\"lazy\" src=\"https:\/\/www.facebook.com\/plugins\/video.php?height=476&#038;href=https%3A%2F%2Fwww.facebook.com%2FDiarioDelValleOK%2Fvideos%2F892053029714554%2F&#038;show_text=true&#038;width=267&#038;t=0\" width=\"467\" height=\"791\" style=\"border:none;overflow:hidden\" scrolling=\"no\" frameborder=\"0\" allowfullscreen=\"true\" allow=\"autoplay; clipboard-write; encrypted-media; picture-in-picture; web-share\" allowFullScreen=\"true\"><\/iframe>\n\n\n\n<figure class=\"wp-block-image size-large\"><img loading=\"lazy\" decoding=\"async\" width=\"1024\" height=\"575\" src=\"https:\/\/nahuelproducciones.com.ar\/radioquijano\/wp-content\/uploads\/2025\/05\/Captura-de-pantalla-de-2025-05-08-13-35-08-1024x575.png\" alt=\"\" class=\"wp-image-10200\" srcset=\"https:\/\/nahuelproducciones.com.ar\/radioquijano\/wp-content\/uploads\/2025\/05\/Captura-de-pantalla-de-2025-05-08-13-35-08-1024x575.png 1024w, https:\/\/nahuelproducciones.com.ar\/radioquijano\/wp-content\/uploads\/2025\/05\/Captura-de-pantalla-de-2025-05-08-13-35-08-300x168.png 300w, https:\/\/nahuelproducciones.com.ar\/radioquijano\/wp-content\/uploads\/2025\/05\/Captura-de-pantalla-de-2025-05-08-13-35-08-768x431.png 768w, https:\/\/nahuelproducciones.com.ar\/radioquijano\/wp-content\/uploads\/2025\/05\/Captura-de-pantalla-de-2025-05-08-13-35-08-150x84.png 150w, https:\/\/nahuelproducciones.com.ar\/radioquijano\/wp-content\/uploads\/2025\/05\/Captura-de-pantalla-de-2025-05-08-13-35-08.png 1368w\" sizes=\"auto, (max-width: 1024px) 100vw, 1024px\" \/><\/figure>\n\n\n\n<figure class=\"wp-block-image size-large\"><img loading=\"lazy\" decoding=\"async\" width=\"1024\" height=\"575\" src=\"https:\/\/nahuelproducciones.com.ar\/radioquijano\/wp-content\/uploads\/2025\/05\/Captura-de-pantalla-de-2025-05-08-13-29-59-1024x575.png\" alt=\"\" class=\"wp-image-10201\" srcset=\"https:\/\/nahuelproducciones.com.ar\/radioquijano\/wp-content\/uploads\/2025\/05\/Captura-de-pantalla-de-2025-05-08-13-29-59-1024x575.png 1024w, https:\/\/nahuelproducciones.com.ar\/radioquijano\/wp-content\/uploads\/2025\/05\/Captura-de-pantalla-de-2025-05-08-13-29-59-300x168.png 300w, https:\/\/nahuelproducciones.com.ar\/radioquijano\/wp-content\/uploads\/2025\/05\/Captura-de-pantalla-de-2025-05-08-13-29-59-768x431.png 768w, https:\/\/nahuelproducciones.com.ar\/radioquijano\/wp-content\/uploads\/2025\/05\/Captura-de-pantalla-de-2025-05-08-13-29-59-150x84.png 150w, https:\/\/nahuelproducciones.com.ar\/radioquijano\/wp-content\/uploads\/2025\/05\/Captura-de-pantalla-de-2025-05-08-13-29-59.png 1368w\" sizes=\"auto, (max-width: 1024px) 100vw, 1024px\" \/><\/figure>\n\n\n\n<figure class=\"wp-block-image size-large\"><img loading=\"lazy\" decoding=\"async\" width=\"1024\" height=\"575\" src=\"https:\/\/nahuelproducciones.com.ar\/radioquijano\/wp-content\/uploads\/2025\/05\/Captura-de-pantalla-de-2025-05-08-13-28-55-1024x575.png\" alt=\"\" class=\"wp-image-10202\" srcset=\"https:\/\/nahuelproducciones.com.ar\/radioquijano\/wp-content\/uploads\/2025\/05\/Captura-de-pantalla-de-2025-05-08-13-28-55-1024x575.png 1024w, https:\/\/nahuelproducciones.com.ar\/radioquijano\/wp-content\/uploads\/2025\/05\/Captura-de-pantalla-de-2025-05-08-13-28-55-300x168.png 300w, https:\/\/nahuelproducciones.com.ar\/radioquijano\/wp-content\/uploads\/2025\/05\/Captura-de-pantalla-de-2025-05-08-13-28-55-768x431.png 768w, https:\/\/nahuelproducciones.com.ar\/radioquijano\/wp-content\/uploads\/2025\/05\/Captura-de-pantalla-de-2025-05-08-13-28-55-150x84.png 150w, https:\/\/nahuelproducciones.com.ar\/radioquijano\/wp-content\/uploads\/2025\/05\/Captura-de-pantalla-de-2025-05-08-13-28-55.png 1368w\" sizes=\"auto, (max-width: 1024px) 100vw, 1024px\" \/><\/figure>\n","protected":false},"excerpt":{"rendered":"<p>Por Ricardo Guzm\u00e1n En el d\u00eda de ayer, mientras navegaba por Facebook, me encontr\u00e9 con una transmisi\u00f3n en vivo realizada por el medio Diario del Valle. Se trataba de una entrevista a la senadora por el Departamento Rosario de Lerma Perica Minetti, actual candidata en las elecciones legislativas que se celebrar\u00e1n este domingo 11 de [&hellip;]<\/p>\n","protected":false},"author":6,"featured_media":10206,"comment_status":"open","ping_status":"open","sticky":false,"template":"","format":"standard","meta":{"_monsterinsights_skip_tracking":false,"_monsterinsights_sitenote_active":false,"_monsterinsights_sitenote_note":"","_monsterinsights_sitenote_category":0,"footnotes":""},"categories":[16],"tags":[],"class_list":["post-10189","post","type-post","status-publish","format-standard","has-post-thumbnail","hentry","category-noticias"],"yoast_head":"<!-- This site is optimized with the Yoast SEO plugin v20.8 - https:\/\/yoast.com\/wordpress\/plugins\/seo\/ -->\n<title>&quot;Fui censurado por preguntar&quot;: una experiencia que pone en duda la transparencia y la libertad de expresi\u00f3n en tiempos electorales - RQ 99.9<\/title>\n<meta name=\"robots\" content=\"index, follow, max-snippet:-1, max-image-preview:large, max-video-preview:-1\" \/>\n<link rel=\"canonical\" href=\"https:\/\/nahuelproducciones.com.ar\/radioquijano\/fui-censurado-por-preguntar-una-experiencia-que-pone-en-duda-la-transparencia-y-la-libertad-de-expresion-en-tiempos-electorales\/\" \/>\n<meta property=\"og:locale\" content=\"es_ES\" \/>\n<meta property=\"og:type\" content=\"article\" \/>\n<meta property=\"og:title\" content=\"&quot;Fui censurado por preguntar&quot;: una experiencia que pone en duda la transparencia y la libertad de expresi\u00f3n en tiempos electorales - RQ 99.9\" \/>\n<meta property=\"og:description\" content=\"Por Ricardo Guzm\u00e1n En el d\u00eda de ayer, mientras navegaba por Facebook, me encontr\u00e9 con una transmisi\u00f3n en vivo realizada por el medio Diario del Valle. Se trataba de una entrevista a la senadora por el Departamento Rosario de Lerma Perica Minetti, actual candidata en las elecciones legislativas que se celebrar\u00e1n este domingo 11 de [&hellip;]\" \/>\n<meta property=\"og:url\" content=\"https:\/\/nahuelproducciones.com.ar\/radioquijano\/fui-censurado-por-preguntar-una-experiencia-que-pone-en-duda-la-transparencia-y-la-libertad-de-expresion-en-tiempos-electorales\/\" \/>\n<meta property=\"og:site_name\" content=\"RQ 99.9\" \/>\n<meta property=\"article:publisher\" content=\"https:\/\/www.facebook.com\/nahuelproducciones999\/\" \/>\n<meta property=\"article:published_time\" content=\"2025-05-09T14:14:58+00:00\" \/>\n<meta property=\"article:modified_time\" content=\"2025-05-09T14:32:12+00:00\" \/>\n<meta property=\"og:image\" content=\"https:\/\/nahuelproducciones.com.ar\/radioquijano\/wp-content\/uploads\/2025\/05\/Captura-de-pantalla-de-2025-05-09-11-22-05.png\" \/>\n\t<meta property=\"og:image:width\" content=\"931\" \/>\n\t<meta property=\"og:image:height\" content=\"390\" \/>\n\t<meta property=\"og:image:type\" content=\"image\/png\" \/>\n<meta name=\"author\" content=\"Ricardo Guzman\" \/>\n<meta name=\"twitter:card\" content=\"summary_large_image\" \/>\n<meta name=\"twitter:creator\" content=\"@nahuproduciones\" \/>\n<meta name=\"twitter:site\" content=\"@nahuproduciones\" \/>\n<meta name=\"twitter:label1\" content=\"Escrito por\" \/>\n\t<meta name=\"twitter:data1\" content=\"Ricardo Guzman\" \/>\n\t<meta name=\"twitter:label2\" content=\"Tiempo de lectura\" \/>\n\t<meta name=\"twitter:data2\" content=\"3 minutos\" \/>\n<script type=\"application\/ld+json\" class=\"yoast-schema-graph\">{\"@context\":\"https:\/\/schema.org\",\"@graph\":[{\"@type\":\"WebPage\",\"@id\":\"https:\/\/nahuelproducciones.com.ar\/radioquijano\/fui-censurado-por-preguntar-una-experiencia-que-pone-en-duda-la-transparencia-y-la-libertad-de-expresion-en-tiempos-electorales\/\",\"url\":\"https:\/\/nahuelproducciones.com.ar\/radioquijano\/fui-censurado-por-preguntar-una-experiencia-que-pone-en-duda-la-transparencia-y-la-libertad-de-expresion-en-tiempos-electorales\/\",\"name\":\"\\\"Fui censurado por preguntar\\\": una experiencia que pone en duda la transparencia y la libertad de expresi\u00f3n en tiempos electorales - RQ 99.9\",\"isPartOf\":{\"@id\":\"https:\/\/nahuelproducciones.com.ar\/radioquijano\/#website\"},\"datePublished\":\"2025-05-09T14:14:58+00:00\",\"dateModified\":\"2025-05-09T14:32:12+00:00\",\"author\":{\"@id\":\"https:\/\/nahuelproducciones.com.ar\/radioquijano\/#\/schema\/person\/b9b81a110cbdf07949e2cd02d478ab9d\"},\"breadcrumb\":{\"@id\":\"https:\/\/nahuelproducciones.com.ar\/radioquijano\/fui-censurado-por-preguntar-una-experiencia-que-pone-en-duda-la-transparencia-y-la-libertad-de-expresion-en-tiempos-electorales\/#breadcrumb\"},\"inLanguage\":\"es\",\"potentialAction\":[{\"@type\":\"ReadAction\",\"target\":[\"https:\/\/nahuelproducciones.com.ar\/radioquijano\/fui-censurado-por-preguntar-una-experiencia-que-pone-en-duda-la-transparencia-y-la-libertad-de-expresion-en-tiempos-electorales\/\"]}]},{\"@type\":\"BreadcrumbList\",\"@id\":\"https:\/\/nahuelproducciones.com.ar\/radioquijano\/fui-censurado-por-preguntar-una-experiencia-que-pone-en-duda-la-transparencia-y-la-libertad-de-expresion-en-tiempos-electorales\/#breadcrumb\",\"itemListElement\":[{\"@type\":\"ListItem\",\"position\":1,\"name\":\"Portada\",\"item\":\"https:\/\/nahuelproducciones.com.ar\/radioquijano\/\"},{\"@type\":\"ListItem\",\"position\":2,\"name\":\"&#8220;Fui censurado por preguntar&#8221;: una experiencia que pone en duda la transparencia y la libertad de expresi\u00f3n en tiempos electorales\"}]},{\"@type\":\"WebSite\",\"@id\":\"https:\/\/nahuelproducciones.com.ar\/radioquijano\/#website\",\"url\":\"https:\/\/nahuelproducciones.com.ar\/radioquijano\/\",\"name\":\"RQ 99.9\",\"description\":\"Radio Quijano 99.9 MHz\",\"potentialAction\":[{\"@type\":\"SearchAction\",\"target\":{\"@type\":\"EntryPoint\",\"urlTemplate\":\"https:\/\/nahuelproducciones.com.ar\/radioquijano\/?s={search_term_string}\"},\"query-input\":\"required name=search_term_string\"}],\"inLanguage\":\"es\"},{\"@type\":\"Person\",\"@id\":\"https:\/\/nahuelproducciones.com.ar\/radioquijano\/#\/schema\/person\/b9b81a110cbdf07949e2cd02d478ab9d\",\"name\":\"Ricardo Guzman\",\"image\":{\"@type\":\"ImageObject\",\"inLanguage\":\"es\",\"@id\":\"https:\/\/nahuelproducciones.com.ar\/radioquijano\/#\/schema\/person\/image\/\",\"url\":\"https:\/\/secure.gravatar.com\/avatar\/a5d582deda251f95dc882b72fc6e7b4854f88bb25c3154519210afffa7d706e8?s=96&d=mm&r=g\",\"contentUrl\":\"https:\/\/secure.gravatar.com\/avatar\/a5d582deda251f95dc882b72fc6e7b4854f88bb25c3154519210afffa7d706e8?s=96&d=mm&r=g\",\"caption\":\"Ricardo Guzman\"},\"url\":\"https:\/\/nahuelproducciones.com.ar\/radioquijano\/author\/cady\/\"}]}<\/script>\n<!-- \/ Yoast SEO plugin. -->","yoast_head_json":{"title":"\"Fui censurado por preguntar\": una experiencia que pone en duda la transparencia y la libertad de expresi\u00f3n en tiempos electorales - RQ 99.9","robots":{"index":"index","follow":"follow","max-snippet":"max-snippet:-1","max-image-preview":"max-image-preview:large","max-video-preview":"max-video-preview:-1"},"canonical":"https:\/\/nahuelproducciones.com.ar\/radioquijano\/fui-censurado-por-preguntar-una-experiencia-que-pone-en-duda-la-transparencia-y-la-libertad-de-expresion-en-tiempos-electorales\/","og_locale":"es_ES","og_type":"article","og_title":"\"Fui censurado por preguntar\": una experiencia que pone en duda la transparencia y la libertad de expresi\u00f3n en tiempos electorales - RQ 99.9","og_description":"Por Ricardo Guzm\u00e1n En el d\u00eda de ayer, mientras navegaba por Facebook, me encontr\u00e9 con una transmisi\u00f3n en vivo realizada por el medio Diario del Valle. Se trataba de una entrevista a la senadora por el Departamento Rosario de Lerma Perica Minetti, actual candidata en las elecciones legislativas que se celebrar\u00e1n este domingo 11 de [&hellip;]","og_url":"https:\/\/nahuelproducciones.com.ar\/radioquijano\/fui-censurado-por-preguntar-una-experiencia-que-pone-en-duda-la-transparencia-y-la-libertad-de-expresion-en-tiempos-electorales\/","og_site_name":"RQ 99.9","article_publisher":"https:\/\/www.facebook.com\/nahuelproducciones999\/","article_published_time":"2025-05-09T14:14:58+00:00","article_modified_time":"2025-05-09T14:32:12+00:00","og_image":[{"width":931,"height":390,"url":"https:\/\/nahuelproducciones.com.ar\/radioquijano\/wp-content\/uploads\/2025\/05\/Captura-de-pantalla-de-2025-05-09-11-22-05.png","type":"image\/png"}],"author":"Ricardo Guzman","twitter_card":"summary_large_image","twitter_creator":"@nahuproduciones","twitter_site":"@nahuproduciones","twitter_misc":{"Escrito por":"Ricardo Guzman","Tiempo de lectura":"3 minutos"},"schema":{"@context":"https:\/\/schema.org","@graph":[{"@type":"WebPage","@id":"https:\/\/nahuelproducciones.com.ar\/radioquijano\/fui-censurado-por-preguntar-una-experiencia-que-pone-en-duda-la-transparencia-y-la-libertad-de-expresion-en-tiempos-electorales\/","url":"https:\/\/nahuelproducciones.com.ar\/radioquijano\/fui-censurado-por-preguntar-una-experiencia-que-pone-en-duda-la-transparencia-y-la-libertad-de-expresion-en-tiempos-electorales\/","name":"\"Fui censurado por preguntar\": una experiencia que pone en duda la transparencia y la libertad de expresi\u00f3n en tiempos electorales - RQ 99.9","isPartOf":{"@id":"https:\/\/nahuelproducciones.com.ar\/radioquijano\/#website"},"datePublished":"2025-05-09T14:14:58+00:00","dateModified":"2025-05-09T14:32:12+00:00","author":{"@id":"https:\/\/nahuelproducciones.com.ar\/radioquijano\/#\/schema\/person\/b9b81a110cbdf07949e2cd02d478ab9d"},"breadcrumb":{"@id":"https:\/\/nahuelproducciones.com.ar\/radioquijano\/fui-censurado-por-preguntar-una-experiencia-que-pone-en-duda-la-transparencia-y-la-libertad-de-expresion-en-tiempos-electorales\/#breadcrumb"},"inLanguage":"es","potentialAction":[{"@type":"ReadAction","target":["https:\/\/nahuelproducciones.com.ar\/radioquijano\/fui-censurado-por-preguntar-una-experiencia-que-pone-en-duda-la-transparencia-y-la-libertad-de-expresion-en-tiempos-electorales\/"]}]},{"@type":"BreadcrumbList","@id":"https:\/\/nahuelproducciones.com.ar\/radioquijano\/fui-censurado-por-preguntar-una-experiencia-que-pone-en-duda-la-transparencia-y-la-libertad-de-expresion-en-tiempos-electorales\/#breadcrumb","itemListElement":[{"@type":"ListItem","position":1,"name":"Portada","item":"https:\/\/nahuelproducciones.com.ar\/radioquijano\/"},{"@type":"ListItem","position":2,"name":"&#8220;Fui censurado por preguntar&#8221;: una experiencia que pone en duda la transparencia y la libertad de expresi\u00f3n en tiempos electorales"}]},{"@type":"WebSite","@id":"https:\/\/nahuelproducciones.com.ar\/radioquijano\/#website","url":"https:\/\/nahuelproducciones.com.ar\/radioquijano\/","name":"RQ 99.9","description":"Radio Quijano 99.9 MHz","potentialAction":[{"@type":"SearchAction","target":{"@type":"EntryPoint","urlTemplate":"https:\/\/nahuelproducciones.com.ar\/radioquijano\/?s={search_term_string}"},"query-input":"required name=search_term_string"}],"inLanguage":"es"},{"@type":"Person","@id":"https:\/\/nahuelproducciones.com.ar\/radioquijano\/#\/schema\/person\/b9b81a110cbdf07949e2cd02d478ab9d","name":"Ricardo Guzman","image":{"@type":"ImageObject","inLanguage":"es","@id":"https:\/\/nahuelproducciones.com.ar\/radioquijano\/#\/schema\/person\/image\/","url":"https:\/\/secure.gravatar.com\/avatar\/a5d582deda251f95dc882b72fc6e7b4854f88bb25c3154519210afffa7d706e8?s=96&d=mm&r=g","contentUrl":"https:\/\/secure.gravatar.com\/avatar\/a5d582deda251f95dc882b72fc6e7b4854f88bb25c3154519210afffa7d706e8?s=96&d=mm&r=g","caption":"Ricardo Guzman"},"url":"https:\/\/nahuelproducciones.com.ar\/radioquijano\/author\/cady\/"}]}},"_links":{"self":[{"href":"https:\/\/nahuelproducciones.com.ar\/radioquijano\/wp-json\/wp\/v2\/posts\/10189","targetHints":{"allow":["GET"]}}],"collection":[{"href":"https:\/\/nahuelproducciones.com.ar\/radioquijano\/wp-json\/wp\/v2\/posts"}],"about":[{"href":"https:\/\/nahuelproducciones.com.ar\/radioquijano\/wp-json\/wp\/v2\/types\/post"}],"author":[{"embeddable":true,"href":"https:\/\/nahuelproducciones.com.ar\/radioquijano\/wp-json\/wp\/v2\/users\/6"}],"replies":[{"embeddable":true,"href":"https:\/\/nahuelproducciones.com.ar\/radioquijano\/wp-json\/wp\/v2\/comments?post=10189"}],"version-history":[{"count":7,"href":"https:\/\/nahuelproducciones.com.ar\/radioquijano\/wp-json\/wp\/v2\/posts\/10189\/revisions"}],"predecessor-version":[{"id":10204,"href":"https:\/\/nahuelproducciones.com.ar\/radioquijano\/wp-json\/wp\/v2\/posts\/10189\/revisions\/10204"}],"wp:featuredmedia":[{"embeddable":true,"href":"https:\/\/nahuelproducciones.com.ar\/radioquijano\/wp-json\/wp\/v2\/media\/10206"}],"wp:attachment":[{"href":"https:\/\/nahuelproducciones.com.ar\/radioquijano\/wp-json\/wp\/v2\/media?parent=10189"}],"wp:term":[{"taxonomy":"category","embeddable":true,"href":"https:\/\/nahuelproducciones.com.ar\/radioquijano\/wp-json\/wp\/v2\/categories?post=10189"},{"taxonomy":"post_tag","embeddable":true,"href":"https:\/\/nahuelproducciones.com.ar\/radioquijano\/wp-json\/wp\/v2\/tags?post=10189"}],"curies":[{"name":"wp","href":"https:\/\/api.w.org\/{rel}","templated":true}]}}