{"id":10208,"date":"2025-05-15T01:18:03","date_gmt":"2025-05-15T04:18:03","guid":{"rendered":"https:\/\/nahuelproducciones.com.ar\/radioquijano\/?p=10208"},"modified":"2025-05-15T01:18:04","modified_gmt":"2025-05-15T04:18:04","slug":"semana-mundial-del-parto-respetado-invitan-a-un-encuentro-en-la-casa-de-la-cultura-de-campo-quijano","status":"publish","type":"post","link":"https:\/\/nahuelproducciones.com.ar\/radioquijano\/semana-mundial-del-parto-respetado-invitan-a-un-encuentro-en-la-casa-de-la-cultura-de-campo-quijano\/","title":{"rendered":"Semana Mundial del Parto Respetado: invitan a un encuentro en la Casa de la Cultura de Campo Quijano"},"content":{"rendered":"\n<p>En el marco de la <strong>Semana Mundial del Parto Respetado<\/strong>, que se conmemora del 13 al 19 de mayo bajo el lema <strong>\u00abDecidir con informaci\u00f3n, nacer con respeto\u00bb<\/strong>, las licenciadas en Obstetricia Cecilia Guardi y Mar\u00eda Arnedo , profesionales del <strong>Hospital \u00abDr Francisco Herrera\u00bb<\/strong>, visitaron los estudios de <strong>Radio Quijano<\/strong> para invitar a la comunidad a participar de un encuentro especial que se realizar\u00e1 el <strong>viernes 16 de mayo a las 10 horas<\/strong> en la <strong>Casa de la Cultura del municipio de Campo Quijano<\/strong>, Avenida 9 de julio 500.<\/p>\n\n\n\n<p>Durante la entrevista, las profesionales destacaron la importancia de esta semana como un espacio de reflexi\u00f3n y concientizaci\u00f3n sobre los derechos de las personas gestantes durante el embarazo, el parto y el puerperio. Adem\u00e1s, recordaron la vigencia de la <strong>Ley Nacional de Parto Humanizado N\u00ba 25.929<\/strong>, sancionada en 2004, que reconoce el derecho de toda persona gestante a ser protagonista de su parto y a recibir una atenci\u00f3n respetuosa, centrada en sus necesidades, preferencias y v\u00ednculos afectivos.<\/p>\n\n\n\n<p>\u201cEl objetivo es que las embarazadas puedan acceder a informaci\u00f3n clara y confiable, compartir un momento ameno con sus parejas, amigas o familiares, y conocer sus derechos\u201d, explicaron. Durante el encuentro habr\u00e1 <strong>desayuno, juegos, premios y actividades pensadas especialmente para las gestantes<\/strong>.<\/p>\n\n\n\n<p>La Semana Mundial del Parto Respetado busca tambi\u00e9n visibilizar la necesidad de una <strong>atenci\u00f3n integral antes, durante y despu\u00e9s del nacimiento<\/strong>, promoviendo pr\u00e1cticas seguras, basadas en evidencia cient\u00edfica, y centradas en decisiones informadas.<\/p>\n\n\n\n<p>Las licenciadas remarcaron la importancia de un <strong>abordaje integral del proceso reproductivo<\/strong>, subrayando que \u201caunque la ley enfatiza el parto, tambi\u00e9n es fundamental acompa\u00f1ar todas las etapas, desde el inicio del embarazo hasta el postparto, garantizando una atenci\u00f3n oportuna, emp\u00e1tica y respetuosa\u201d.<\/p>\n\n\n\n<p>La comunidad est\u00e1 invitada a participar de este encuentro gratuito, que propone poner en valor el rol activo de la persona gestante en su proceso de maternidad, desde una perspectiva de derechos y con un enfoque humanizado de la salud.<\/p>\n\n\n\n<p>Escucha la entrevista:<\/p>\n\n\n\n<figure class=\"wp-block-audio\"><audio controls src=\"https:\/\/nahuelproducciones.com.ar\/radioquijano\/wp-content\/uploads\/2025\/05\/14-05-2025-semana-del-parto-responsable-lic-cecilia-guardi-y-lic-Maria-Arnedo-hosp-fco-herrera.mp3\"><\/audio><\/figure>\n","protected":false},"excerpt":{"rendered":"<p>En el marco de la Semana Mundial del Parto Respetado, que se conmemora del 13 al 19 de mayo bajo el lema \u00abDecidir con informaci\u00f3n, nacer con respeto\u00bb, las licenciadas en Obstetricia Cecilia Guardi y Mar\u00eda Arnedo , profesionales del Hospital \u00abDr Francisco Herrera\u00bb, visitaron los estudios de Radio Quijano para invitar a la comunidad [&hellip;]<\/p>\n","protected":false},"author":8,"featured_media":10209,"comment_status":"open","ping_status":"open","sticky":false,"template":"","format":"standard","meta":{"_monsterinsights_skip_tracking":false,"_monsterinsights_sitenote_active":false,"_monsterinsights_sitenote_note":"","_monsterinsights_sitenote_category":0,"footnotes":""},"categories":[16],"tags":[374,100,470],"class_list":["post-10208","post","type-post","status-publish","format-standard","has-post-thumbnail","hentry","category-noticias","tag-hospital-dr-francisco-herrera","tag-municipio-de-campo-quijano","tag-semana-mundial-del-parto-respetado"],"yoast_head":"<!-- This site is optimized with the Yoast SEO plugin v20.8 - https:\/\/yoast.com\/wordpress\/plugins\/seo\/ -->\n<title>Semana Mundial del Parto Respetado: invitan a un encuentro en la Casa de la Cultura de Campo Quijano - RQ 99.9<\/title>\n<meta name=\"description\" content=\"Se realizar\u00e1 el viernes 16 de mayo a las 10 horas en la Casa de la Cultura del municipio de Campo Quijano.\" \/>\n<meta name=\"robots\" content=\"index, follow, max-snippet:-1, max-image-preview:large, max-video-preview:-1\" \/>\n<link rel=\"canonical\" href=\"https:\/\/nahuelproducciones.com.ar\/radioquijano\/semana-mundial-del-parto-respetado-invitan-a-un-encuentro-en-la-casa-de-la-cultura-de-campo-quijano\/\" \/>\n<meta property=\"og:locale\" content=\"es_ES\" \/>\n<meta property=\"og:type\" content=\"article\" \/>\n<meta property=\"og:title\" content=\"Semana Mundial del Parto Respetado: invitan a un encuentro en la Casa de la Cultura de Campo Quijano - RQ 99.9\" \/>\n<meta property=\"og:description\" content=\"Se realizar\u00e1 el viernes 16 de mayo a las 10 horas en la Casa de la Cultura del municipio de Campo Quijano.\" \/>\n<meta property=\"og:url\" content=\"https:\/\/nahuelproducciones.com.ar\/radioquijano\/semana-mundial-del-parto-respetado-invitan-a-un-encuentro-en-la-casa-de-la-cultura-de-campo-quijano\/\" \/>\n<meta property=\"og:site_name\" content=\"RQ 99.9\" \/>\n<meta property=\"article:publisher\" content=\"https:\/\/www.facebook.com\/nahuelproducciones999\/\" \/>\n<meta property=\"article:published_time\" content=\"2025-05-15T04:18:03+00:00\" \/>\n<meta property=\"article:modified_time\" content=\"2025-05-15T04:18:04+00:00\" \/>\n<meta property=\"og:image\" content=\"https:\/\/nahuelproducciones.com.ar\/radioquijano\/wp-content\/uploads\/2025\/05\/WhatsApp-Image-2025-05-14-at-2.35.23-PM-e1747282551566.jpeg\" \/>\n\t<meta property=\"og:image:width\" content=\"700\" \/>\n\t<meta property=\"og:image:height\" content=\"991\" \/>\n\t<meta property=\"og:image:type\" content=\"image\/jpeg\" \/>\n<meta name=\"author\" content=\"Cecilia Pastrana\" \/>\n<meta name=\"twitter:card\" content=\"summary_large_image\" \/>\n<meta name=\"twitter:creator\" content=\"@nahuproduciones\" \/>\n<meta name=\"twitter:site\" content=\"@nahuproduciones\" \/>\n<meta name=\"twitter:label1\" content=\"Escrito por\" \/>\n\t<meta name=\"twitter:data1\" content=\"Cecilia Pastrana\" \/>\n\t<meta name=\"twitter:label2\" content=\"Tiempo de lectura\" \/>\n\t<meta name=\"twitter:data2\" content=\"2 minutos\" \/>\n<script type=\"application\/ld+json\" class=\"yoast-schema-graph\">{\"@context\":\"https:\/\/schema.org\",\"@graph\":[{\"@type\":\"WebPage\",\"@id\":\"https:\/\/nahuelproducciones.com.ar\/radioquijano\/semana-mundial-del-parto-respetado-invitan-a-un-encuentro-en-la-casa-de-la-cultura-de-campo-quijano\/\",\"url\":\"https:\/\/nahuelproducciones.com.ar\/radioquijano\/semana-mundial-del-parto-respetado-invitan-a-un-encuentro-en-la-casa-de-la-cultura-de-campo-quijano\/\",\"name\":\"Semana Mundial del Parto Respetado: invitan a un encuentro en la Casa de la Cultura de Campo Quijano - RQ 99.9\",\"isPartOf\":{\"@id\":\"https:\/\/nahuelproducciones.com.ar\/radioquijano\/#website\"},\"datePublished\":\"2025-05-15T04:18:03+00:00\",\"dateModified\":\"2025-05-15T04:18:04+00:00\",\"author\":{\"@id\":\"https:\/\/nahuelproducciones.com.ar\/radioquijano\/#\/schema\/person\/e8a4f939e2cb487fe6d0c54042c9d32c\"},\"description\":\"Se realizar\u00e1 el viernes 16 de mayo a las 10 horas en la Casa de la Cultura del municipio de Campo Quijano.\",\"breadcrumb\":{\"@id\":\"https:\/\/nahuelproducciones.com.ar\/radioquijano\/semana-mundial-del-parto-respetado-invitan-a-un-encuentro-en-la-casa-de-la-cultura-de-campo-quijano\/#breadcrumb\"},\"inLanguage\":\"es\",\"potentialAction\":[{\"@type\":\"ReadAction\",\"target\":[\"https:\/\/nahuelproducciones.com.ar\/radioquijano\/semana-mundial-del-parto-respetado-invitan-a-un-encuentro-en-la-casa-de-la-cultura-de-campo-quijano\/\"]}]},{\"@type\":\"BreadcrumbList\",\"@id\":\"https:\/\/nahuelproducciones.com.ar\/radioquijano\/semana-mundial-del-parto-respetado-invitan-a-un-encuentro-en-la-casa-de-la-cultura-de-campo-quijano\/#breadcrumb\",\"itemListElement\":[{\"@type\":\"ListItem\",\"position\":1,\"name\":\"Portada\",\"item\":\"https:\/\/nahuelproducciones.com.ar\/radioquijano\/\"},{\"@type\":\"ListItem\",\"position\":2,\"name\":\"Semana Mundial del Parto Respetado: invitan a un encuentro en la Casa de la Cultura de Campo Quijano\"}]},{\"@type\":\"WebSite\",\"@id\":\"https:\/\/nahuelproducciones.com.ar\/radioquijano\/#website\",\"url\":\"https:\/\/nahuelproducciones.com.ar\/radioquijano\/\",\"name\":\"RQ 99.9\",\"description\":\"Radio Quijano 99.9 MHz\",\"potentialAction\":[{\"@type\":\"SearchAction\",\"target\":{\"@type\":\"EntryPoint\",\"urlTemplate\":\"https:\/\/nahuelproducciones.com.ar\/radioquijano\/?s={search_term_string}\"},\"query-input\":\"required name=search_term_string\"}],\"inLanguage\":\"es\"},{\"@type\":\"Person\",\"@id\":\"https:\/\/nahuelproducciones.com.ar\/radioquijano\/#\/schema\/person\/e8a4f939e2cb487fe6d0c54042c9d32c\",\"name\":\"Cecilia Pastrana\",\"image\":{\"@type\":\"ImageObject\",\"inLanguage\":\"es\",\"@id\":\"https:\/\/nahuelproducciones.com.ar\/radioquijano\/#\/schema\/person\/image\/\",\"url\":\"https:\/\/secure.gravatar.com\/avatar\/661a3ef63a8488d4f2794ed44af8cf71420f7e106f3072c40125114df5157749?s=96&d=mm&r=g\",\"contentUrl\":\"https:\/\/secure.gravatar.com\/avatar\/661a3ef63a8488d4f2794ed44af8cf71420f7e106f3072c40125114df5157749?s=96&d=mm&r=g\",\"caption\":\"Cecilia Pastrana\"},\"sameAs\":[\"cecy\"],\"url\":\"https:\/\/nahuelproducciones.com.ar\/radioquijano\/author\/cecy\/\"}]}<\/script>\n<!-- \/ Yoast SEO plugin. -->","yoast_head_json":{"title":"Semana Mundial del Parto Respetado: invitan a un encuentro en la Casa de la Cultura de Campo Quijano - RQ 99.9","description":"Se realizar\u00e1 el viernes 16 de mayo a las 10 horas en la Casa de la Cultura del municipio de Campo Quijano.","robots":{"index":"index","follow":"follow","max-snippet":"max-snippet:-1","max-image-preview":"max-image-preview:large","max-video-preview":"max-video-preview:-1"},"canonical":"https:\/\/nahuelproducciones.com.ar\/radioquijano\/semana-mundial-del-parto-respetado-invitan-a-un-encuentro-en-la-casa-de-la-cultura-de-campo-quijano\/","og_locale":"es_ES","og_type":"article","og_title":"Semana Mundial del Parto Respetado: invitan a un encuentro en la Casa de la Cultura de Campo Quijano - RQ 99.9","og_description":"Se realizar\u00e1 el viernes 16 de mayo a las 10 horas en la Casa de la Cultura del municipio de Campo Quijano.","og_url":"https:\/\/nahuelproducciones.com.ar\/radioquijano\/semana-mundial-del-parto-respetado-invitan-a-un-encuentro-en-la-casa-de-la-cultura-de-campo-quijano\/","og_site_name":"RQ 99.9","article_publisher":"https:\/\/www.facebook.com\/nahuelproducciones999\/","article_published_time":"2025-05-15T04:18:03+00:00","article_modified_time":"2025-05-15T04:18:04+00:00","og_image":[{"width":700,"height":991,"url":"https:\/\/nahuelproducciones.com.ar\/radioquijano\/wp-content\/uploads\/2025\/05\/WhatsApp-Image-2025-05-14-at-2.35.23-PM-e1747282551566.jpeg","type":"image\/jpeg"}],"author":"Cecilia Pastrana","twitter_card":"summary_large_image","twitter_creator":"@nahuproduciones","twitter_site":"@nahuproduciones","twitter_misc":{"Escrito por":"Cecilia Pastrana","Tiempo de lectura":"2 minutos"},"schema":{"@context":"https:\/\/schema.org","@graph":[{"@type":"WebPage","@id":"https:\/\/nahuelproducciones.com.ar\/radioquijano\/semana-mundial-del-parto-respetado-invitan-a-un-encuentro-en-la-casa-de-la-cultura-de-campo-quijano\/","url":"https:\/\/nahuelproducciones.com.ar\/radioquijano\/semana-mundial-del-parto-respetado-invitan-a-un-encuentro-en-la-casa-de-la-cultura-de-campo-quijano\/","name":"Semana Mundial del Parto Respetado: invitan a un encuentro en la Casa de la Cultura de Campo Quijano - RQ 99.9","isPartOf":{"@id":"https:\/\/nahuelproducciones.com.ar\/radioquijano\/#website"},"datePublished":"2025-05-15T04:18:03+00:00","dateModified":"2025-05-15T04:18:04+00:00","author":{"@id":"https:\/\/nahuelproducciones.com.ar\/radioquijano\/#\/schema\/person\/e8a4f939e2cb487fe6d0c54042c9d32c"},"description":"Se realizar\u00e1 el viernes 16 de mayo a las 10 horas en la Casa de la Cultura del municipio de Campo Quijano.","breadcrumb":{"@id":"https:\/\/nahuelproducciones.com.ar\/radioquijano\/semana-mundial-del-parto-respetado-invitan-a-un-encuentro-en-la-casa-de-la-cultura-de-campo-quijano\/#breadcrumb"},"inLanguage":"es","potentialAction":[{"@type":"ReadAction","target":["https:\/\/nahuelproducciones.com.ar\/radioquijano\/semana-mundial-del-parto-respetado-invitan-a-un-encuentro-en-la-casa-de-la-cultura-de-campo-quijano\/"]}]},{"@type":"BreadcrumbList","@id":"https:\/\/nahuelproducciones.com.ar\/radioquijano\/semana-mundial-del-parto-respetado-invitan-a-un-encuentro-en-la-casa-de-la-cultura-de-campo-quijano\/#breadcrumb","itemListElement":[{"@type":"ListItem","position":1,"name":"Portada","item":"https:\/\/nahuelproducciones.com.ar\/radioquijano\/"},{"@type":"ListItem","position":2,"name":"Semana Mundial del Parto Respetado: invitan a un encuentro en la Casa de la Cultura de Campo Quijano"}]},{"@type":"WebSite","@id":"https:\/\/nahuelproducciones.com.ar\/radioquijano\/#website","url":"https:\/\/nahuelproducciones.com.ar\/radioquijano\/","name":"RQ 99.9","description":"Radio Quijano 99.9 MHz","potentialAction":[{"@type":"SearchAction","target":{"@type":"EntryPoint","urlTemplate":"https:\/\/nahuelproducciones.com.ar\/radioquijano\/?s={search_term_string}"},"query-input":"required name=search_term_string"}],"inLanguage":"es"},{"@type":"Person","@id":"https:\/\/nahuelproducciones.com.ar\/radioquijano\/#\/schema\/person\/e8a4f939e2cb487fe6d0c54042c9d32c","name":"Cecilia Pastrana","image":{"@type":"ImageObject","inLanguage":"es","@id":"https:\/\/nahuelproducciones.com.ar\/radioquijano\/#\/schema\/person\/image\/","url":"https:\/\/secure.gravatar.com\/avatar\/661a3ef63a8488d4f2794ed44af8cf71420f7e106f3072c40125114df5157749?s=96&d=mm&r=g","contentUrl":"https:\/\/secure.gravatar.com\/avatar\/661a3ef63a8488d4f2794ed44af8cf71420f7e106f3072c40125114df5157749?s=96&d=mm&r=g","caption":"Cecilia Pastrana"},"sameAs":["cecy"],"url":"https:\/\/nahuelproducciones.com.ar\/radioquijano\/author\/cecy\/"}]}},"_links":{"self":[{"href":"https:\/\/nahuelproducciones.com.ar\/radioquijano\/wp-json\/wp\/v2\/posts\/10208","targetHints":{"allow":["GET"]}}],"collection":[{"href":"https:\/\/nahuelproducciones.com.ar\/radioquijano\/wp-json\/wp\/v2\/posts"}],"about":[{"href":"https:\/\/nahuelproducciones.com.ar\/radioquijano\/wp-json\/wp\/v2\/types\/post"}],"author":[{"embeddable":true,"href":"https:\/\/nahuelproducciones.com.ar\/radioquijano\/wp-json\/wp\/v2\/users\/8"}],"replies":[{"embeddable":true,"href":"https:\/\/nahuelproducciones.com.ar\/radioquijano\/wp-json\/wp\/v2\/comments?post=10208"}],"version-history":[{"count":1,"href":"https:\/\/nahuelproducciones.com.ar\/radioquijano\/wp-json\/wp\/v2\/posts\/10208\/revisions"}],"predecessor-version":[{"id":10211,"href":"https:\/\/nahuelproducciones.com.ar\/radioquijano\/wp-json\/wp\/v2\/posts\/10208\/revisions\/10211"}],"wp:featuredmedia":[{"embeddable":true,"href":"https:\/\/nahuelproducciones.com.ar\/radioquijano\/wp-json\/wp\/v2\/media\/10209"}],"wp:attachment":[{"href":"https:\/\/nahuelproducciones.com.ar\/radioquijano\/wp-json\/wp\/v2\/media?parent=10208"}],"wp:term":[{"taxonomy":"category","embeddable":true,"href":"https:\/\/nahuelproducciones.com.ar\/radioquijano\/wp-json\/wp\/v2\/categories?post=10208"},{"taxonomy":"post_tag","embeddable":true,"href":"https:\/\/nahuelproducciones.com.ar\/radioquijano\/wp-json\/wp\/v2\/tags?post=10208"}],"curies":[{"name":"wp","href":"https:\/\/api.w.org\/{rel}","templated":true}]}}