{"id":10215,"date":"2025-05-15T11:24:52","date_gmt":"2025-05-15T14:24:52","guid":{"rendered":"https:\/\/nahuelproducciones.com.ar\/radioquijano\/?p=10215"},"modified":"2025-05-15T11:24:54","modified_gmt":"2025-05-15T14:24:54","slug":"por-publicacion-erronea-del-municipio-la-escuela-tecnica-de-quijano-quedo-sin-su-saludo-oficial-en-su-50-aniversario","status":"publish","type":"post","link":"https:\/\/nahuelproducciones.com.ar\/radioquijano\/por-publicacion-erronea-del-municipio-la-escuela-tecnica-de-quijano-quedo-sin-su-saludo-oficial-en-su-50-aniversario\/","title":{"rendered":"Por publicaci\u00f3n err\u00f3nea del municipio: La Escuela T\u00e9cnica de Quijano qued\u00f3 sin su saludo oficial en su 50\u00b0 aniversario"},"content":{"rendered":"\n<p>Una pol\u00e9mica se desat\u00f3 en redes sociales luego de que la Municipalidad de Campo Quijano publicara un saludo institucional por el 50\u00b0 aniversario de la Escuela de Educaci\u00f3n T\u00e9cnica N\u00b0 3106 \u201cIngeniero Maury\u201d, acompa\u00f1ado de im\u00e1genes que no correspond\u00edan al evento, sino a la entrega de kits escolares enviada por el Ministerio de Educaci\u00f3n de la Provincia.<\/p>\n\n\n\n<p>Las im\u00e1genes utilizadas en la publicaci\u00f3n municipal eran las mismas que previamente hab\u00eda compartido el intendente Ing. Lino Yonar en su perfil personal de Facebook, en el marco de una entrega de \u00fatiles a distintas escuelas primarias del municipio. La confusi\u00f3n fue advertida por los propios vecinos, que no tardaron en se\u00f1alar el desacierto a trav\u00e9s de los comentarios: <em>\u201cChe, \u00bfen serio nadie se da cuenta? Los ni\u00f1os ahora van a la T\u00e9cnica!! Y esta publi ya lleva m\u00e1s de un d\u00eda &#x1f926;&#x1f3fc;&#x200d;&#x2642;&#xfe0f;\u201d<\/em>.<\/p>\n\n\n\n<p>Lejos de rectificar el error o publicar una nueva felicitaci\u00f3n con im\u00e1genes correctas, desde el \u00e1rea de prensa de la Municipalidad se opt\u00f3 por eliminar la publicaci\u00f3n. Como consecuencia, al d\u00eda de hoy, el perfil oficial del municipio no contiene ninguna menci\u00f3n al aniversario de una de las instituciones educativas m\u00e1s significativas de Campo Quijano.<\/p>\n\n\n\n<p>\u201cEs como si el municipio se hubiera olvidado del aniversario. Un saludo mal hecho, y despu\u00e9s ni una correcci\u00f3n, nada. Muy triste\u201d, comentaron. <\/p>\n\n\n\n<p>Este hecho reaviv\u00f3 las cr\u00edticas hacia la gesti\u00f3n de comunicaci\u00f3n municipal, donde varios de los integrantes del equipo fueron designados a pesar de no vivir en Campo Quijano, y algunos incluso desempe\u00f1an funciones de manera remota. Para muchos, esto se refleja en un constante desconocimiento del contexto local y en errores de forma y fondo que afectan la imagen institucional.<\/p>\n\n\n\n<p>\u201cNo reconocer los errores no los hace perfectos. M\u00e1s humildad hace falta en esta gesti\u00f3n\u201d, sentenci\u00f3 un vecino en comentarios, donde el malestar sigue creciendo.<\/p>\n\n\n\n<p>La Escuela T\u00e9cnica N\u00b0 3106 \u201cIng. Maury\u201d es parte del entramado hist\u00f3rico y educativo del pueblo, y su aniversario n\u00famero 50 merec\u00eda un reconocimiento a la altura de su trayectoria. Para muchos, lo ocurrido no solo fue un error comunicacional, sino un gesto que refleja desinter\u00e9s y falta de atenci\u00f3n a las instituciones del pueblo.<\/p>\n\n\n\n<p>La Escuela T\u00e9cnica \u201cIng. Maury\u201d es reconocida por su trayectoria y por el importante rol que cumple en la formaci\u00f3n t\u00e9cnica de j\u00f3venes de Campo Quijano y zonas aleda\u00f1as. El hecho de que no haya recibido un saludo institucional en su aniversario n\u00famero 50, por un error que pudo haber sido f\u00e1cilmente corregido, fue considerado por muchos como una falta de sensibilidad institucional.<\/p>\n\n\n\n<figure class=\"wp-block-video\"><video controls src=\"https:\/\/nahuelproducciones.com.ar\/radioquijano\/wp-content\/uploads\/2025\/05\/WhatsApp-Video-2025-05-15-at-12.30.22-AM.mp4\"><\/video><\/figure>\n\n\n\n<figure class=\"wp-block-gallery has-nested-images columns-default is-cropped wp-block-gallery-1 is-layout-flex wp-block-gallery-is-layout-flex\">\n<figure class=\"wp-block-image size-large\"><img loading=\"lazy\" decoding=\"async\" width=\"1024\" height=\"454\" data-id=\"10222\" src=\"https:\/\/nahuelproducciones.com.ar\/radioquijano\/wp-content\/uploads\/2025\/05\/WhatsApp-Image-2025-05-15-at-10.22.30-AM-1024x454.jpeg\" alt=\"\" class=\"wp-image-10222\"\/><\/figure>\n\n\n\n<figure class=\"wp-block-image size-large\"><img loading=\"lazy\" decoding=\"async\" width=\"1024\" height=\"473\" data-id=\"10223\" src=\"https:\/\/nahuelproducciones.com.ar\/radioquijano\/wp-content\/uploads\/2025\/05\/WhatsApp-Image-2025-05-15-at-10.24.26-AM-1024x473.jpeg\" alt=\"\" class=\"wp-image-10223\" srcset=\"https:\/\/nahuelproducciones.com.ar\/radioquijano\/wp-content\/uploads\/2025\/05\/WhatsApp-Image-2025-05-15-at-10.24.26-AM-1024x473.jpeg 1024w, https:\/\/nahuelproducciones.com.ar\/radioquijano\/wp-content\/uploads\/2025\/05\/WhatsApp-Image-2025-05-15-at-10.24.26-AM-300x139.jpeg 300w, https:\/\/nahuelproducciones.com.ar\/radioquijano\/wp-content\/uploads\/2025\/05\/WhatsApp-Image-2025-05-15-at-10.24.26-AM-768x355.jpeg 768w, https:\/\/nahuelproducciones.com.ar\/radioquijano\/wp-content\/uploads\/2025\/05\/WhatsApp-Image-2025-05-15-at-10.24.26-AM-150x69.jpeg 150w, https:\/\/nahuelproducciones.com.ar\/radioquijano\/wp-content\/uploads\/2025\/05\/WhatsApp-Image-2025-05-15-at-10.24.26-AM.jpeg 1280w\" sizes=\"auto, (max-width: 1024px) 100vw, 1024px\" \/><\/figure>\n\n\n\n<figure class=\"wp-block-image size-large\"><img loading=\"lazy\" decoding=\"async\" width=\"487\" height=\"487\" data-id=\"10221\" src=\"https:\/\/nahuelproducciones.com.ar\/radioquijano\/wp-content\/uploads\/2025\/05\/WhatsApp-Image-2025-05-15-at-11.16.16-AM.jpeg\" alt=\"\" class=\"wp-image-10221\" srcset=\"https:\/\/nahuelproducciones.com.ar\/radioquijano\/wp-content\/uploads\/2025\/05\/WhatsApp-Image-2025-05-15-at-11.16.16-AM.jpeg 487w, https:\/\/nahuelproducciones.com.ar\/radioquijano\/wp-content\/uploads\/2025\/05\/WhatsApp-Image-2025-05-15-at-11.16.16-AM-300x300.jpeg 300w, https:\/\/nahuelproducciones.com.ar\/radioquijano\/wp-content\/uploads\/2025\/05\/WhatsApp-Image-2025-05-15-at-11.16.16-AM-96x96.jpeg 96w, https:\/\/nahuelproducciones.com.ar\/radioquijano\/wp-content\/uploads\/2025\/05\/WhatsApp-Image-2025-05-15-at-11.16.16-AM-150x150.jpeg 150w\" sizes=\"auto, (max-width: 487px) 100vw, 487px\" \/><\/figure>\n<\/figure>\n","protected":false},"excerpt":{"rendered":"<p>Una pol\u00e9mica se desat\u00f3 en redes sociales luego de que la Municipalidad de Campo Quijano publicara un saludo institucional por el 50\u00b0 aniversario de la Escuela de Educaci\u00f3n T\u00e9cnica N\u00b0 3106 \u201cIngeniero Maury\u201d, acompa\u00f1ado de im\u00e1genes que no correspond\u00edan al evento, sino a la entrega de kits escolares enviada por el Ministerio de Educaci\u00f3n de [&hellip;]<\/p>\n","protected":false},"author":8,"featured_media":10222,"comment_status":"open","ping_status":"open","sticky":false,"template":"","format":"standard","meta":{"_monsterinsights_skip_tracking":false,"_monsterinsights_sitenote_active":false,"_monsterinsights_sitenote_note":"","_monsterinsights_sitenote_category":0,"footnotes":""},"categories":[16],"tags":[],"class_list":["post-10215","post","type-post","status-publish","format-standard","has-post-thumbnail","hentry","category-noticias"],"yoast_head":"<!-- This site is optimized with the Yoast SEO plugin v20.8 - https:\/\/yoast.com\/wordpress\/plugins\/seo\/ -->\n<title>Por publicaci\u00f3n err\u00f3nea del municipio: La Escuela T\u00e9cnica de Quijano qued\u00f3 sin su saludo oficial en su 50\u00b0 aniversario - RQ 99.9<\/title>\n<meta name=\"robots\" content=\"index, follow, max-snippet:-1, max-image-preview:large, max-video-preview:-1\" \/>\n<link rel=\"canonical\" href=\"https:\/\/nahuelproducciones.com.ar\/radioquijano\/por-publicacion-erronea-del-municipio-la-escuela-tecnica-de-quijano-quedo-sin-su-saludo-oficial-en-su-50-aniversario\/\" \/>\n<meta property=\"og:locale\" content=\"es_ES\" \/>\n<meta property=\"og:type\" content=\"article\" \/>\n<meta property=\"og:title\" content=\"Por publicaci\u00f3n err\u00f3nea del municipio: La Escuela T\u00e9cnica de Quijano qued\u00f3 sin su saludo oficial en su 50\u00b0 aniversario - RQ 99.9\" \/>\n<meta property=\"og:description\" content=\"Una pol\u00e9mica se desat\u00f3 en redes sociales luego de que la Municipalidad de Campo Quijano publicara un saludo institucional por el 50\u00b0 aniversario de la Escuela de Educaci\u00f3n T\u00e9cnica N\u00b0 3106 \u201cIngeniero Maury\u201d, acompa\u00f1ado de im\u00e1genes que no correspond\u00edan al evento, sino a la entrega de kits escolares enviada por el Ministerio de Educaci\u00f3n de [&hellip;]\" \/>\n<meta property=\"og:url\" content=\"https:\/\/nahuelproducciones.com.ar\/radioquijano\/por-publicacion-erronea-del-municipio-la-escuela-tecnica-de-quijano-quedo-sin-su-saludo-oficial-en-su-50-aniversario\/\" \/>\n<meta property=\"og:site_name\" content=\"RQ 99.9\" \/>\n<meta property=\"article:publisher\" content=\"https:\/\/www.facebook.com\/nahuelproducciones999\/\" \/>\n<meta property=\"article:published_time\" content=\"2025-05-15T14:24:52+00:00\" \/>\n<meta property=\"article:modified_time\" content=\"2025-05-15T14:24:54+00:00\" \/>\n<meta property=\"og:image\" content=\"https:\/\/nahuelproducciones.com.ar\/radioquijano\/wp-content\/uploads\/2025\/05\/WhatsApp-Image-2025-05-15-at-10.22.30-AM-1024x454.jpeg\" \/>\n<meta name=\"author\" content=\"Cecilia Pastrana\" \/>\n<meta name=\"twitter:card\" content=\"summary_large_image\" \/>\n<meta name=\"twitter:creator\" content=\"@nahuproduciones\" \/>\n<meta name=\"twitter:site\" content=\"@nahuproduciones\" \/>\n<meta name=\"twitter:label1\" content=\"Escrito por\" \/>\n\t<meta name=\"twitter:data1\" content=\"Cecilia Pastrana\" \/>\n\t<meta name=\"twitter:label2\" content=\"Tiempo de lectura\" \/>\n\t<meta name=\"twitter:data2\" content=\"2 minutos\" \/>\n<script type=\"application\/ld+json\" class=\"yoast-schema-graph\">{\"@context\":\"https:\/\/schema.org\",\"@graph\":[{\"@type\":\"WebPage\",\"@id\":\"https:\/\/nahuelproducciones.com.ar\/radioquijano\/por-publicacion-erronea-del-municipio-la-escuela-tecnica-de-quijano-quedo-sin-su-saludo-oficial-en-su-50-aniversario\/\",\"url\":\"https:\/\/nahuelproducciones.com.ar\/radioquijano\/por-publicacion-erronea-del-municipio-la-escuela-tecnica-de-quijano-quedo-sin-su-saludo-oficial-en-su-50-aniversario\/\",\"name\":\"Por publicaci\u00f3n err\u00f3nea del municipio: La Escuela T\u00e9cnica de Quijano qued\u00f3 sin su saludo oficial en su 50\u00b0 aniversario - RQ 99.9\",\"isPartOf\":{\"@id\":\"https:\/\/nahuelproducciones.com.ar\/radioquijano\/#website\"},\"datePublished\":\"2025-05-15T14:24:52+00:00\",\"dateModified\":\"2025-05-15T14:24:54+00:00\",\"author\":{\"@id\":\"https:\/\/nahuelproducciones.com.ar\/radioquijano\/#\/schema\/person\/e8a4f939e2cb487fe6d0c54042c9d32c\"},\"breadcrumb\":{\"@id\":\"https:\/\/nahuelproducciones.com.ar\/radioquijano\/por-publicacion-erronea-del-municipio-la-escuela-tecnica-de-quijano-quedo-sin-su-saludo-oficial-en-su-50-aniversario\/#breadcrumb\"},\"inLanguage\":\"es\",\"potentialAction\":[{\"@type\":\"ReadAction\",\"target\":[\"https:\/\/nahuelproducciones.com.ar\/radioquijano\/por-publicacion-erronea-del-municipio-la-escuela-tecnica-de-quijano-quedo-sin-su-saludo-oficial-en-su-50-aniversario\/\"]}]},{\"@type\":\"BreadcrumbList\",\"@id\":\"https:\/\/nahuelproducciones.com.ar\/radioquijano\/por-publicacion-erronea-del-municipio-la-escuela-tecnica-de-quijano-quedo-sin-su-saludo-oficial-en-su-50-aniversario\/#breadcrumb\",\"itemListElement\":[{\"@type\":\"ListItem\",\"position\":1,\"name\":\"Portada\",\"item\":\"https:\/\/nahuelproducciones.com.ar\/radioquijano\/\"},{\"@type\":\"ListItem\",\"position\":2,\"name\":\"Por publicaci\u00f3n err\u00f3nea del municipio: La Escuela T\u00e9cnica de Quijano qued\u00f3 sin su saludo oficial en su 50\u00b0 aniversario\"}]},{\"@type\":\"WebSite\",\"@id\":\"https:\/\/nahuelproducciones.com.ar\/radioquijano\/#website\",\"url\":\"https:\/\/nahuelproducciones.com.ar\/radioquijano\/\",\"name\":\"RQ 99.9\",\"description\":\"Radio Quijano 99.9 MHz\",\"potentialAction\":[{\"@type\":\"SearchAction\",\"target\":{\"@type\":\"EntryPoint\",\"urlTemplate\":\"https:\/\/nahuelproducciones.com.ar\/radioquijano\/?s={search_term_string}\"},\"query-input\":\"required name=search_term_string\"}],\"inLanguage\":\"es\"},{\"@type\":\"Person\",\"@id\":\"https:\/\/nahuelproducciones.com.ar\/radioquijano\/#\/schema\/person\/e8a4f939e2cb487fe6d0c54042c9d32c\",\"name\":\"Cecilia Pastrana\",\"image\":{\"@type\":\"ImageObject\",\"inLanguage\":\"es\",\"@id\":\"https:\/\/nahuelproducciones.com.ar\/radioquijano\/#\/schema\/person\/image\/\",\"url\":\"https:\/\/secure.gravatar.com\/avatar\/661a3ef63a8488d4f2794ed44af8cf71420f7e106f3072c40125114df5157749?s=96&d=mm&r=g\",\"contentUrl\":\"https:\/\/secure.gravatar.com\/avatar\/661a3ef63a8488d4f2794ed44af8cf71420f7e106f3072c40125114df5157749?s=96&d=mm&r=g\",\"caption\":\"Cecilia Pastrana\"},\"sameAs\":[\"cecy\"],\"url\":\"https:\/\/nahuelproducciones.com.ar\/radioquijano\/author\/cecy\/\"}]}<\/script>\n<!-- \/ Yoast SEO plugin. -->","yoast_head_json":{"title":"Por publicaci\u00f3n err\u00f3nea del municipio: La Escuela T\u00e9cnica de Quijano qued\u00f3 sin su saludo oficial en su 50\u00b0 aniversario - RQ 99.9","robots":{"index":"index","follow":"follow","max-snippet":"max-snippet:-1","max-image-preview":"max-image-preview:large","max-video-preview":"max-video-preview:-1"},"canonical":"https:\/\/nahuelproducciones.com.ar\/radioquijano\/por-publicacion-erronea-del-municipio-la-escuela-tecnica-de-quijano-quedo-sin-su-saludo-oficial-en-su-50-aniversario\/","og_locale":"es_ES","og_type":"article","og_title":"Por publicaci\u00f3n err\u00f3nea del municipio: La Escuela T\u00e9cnica de Quijano qued\u00f3 sin su saludo oficial en su 50\u00b0 aniversario - RQ 99.9","og_description":"Una pol\u00e9mica se desat\u00f3 en redes sociales luego de que la Municipalidad de Campo Quijano publicara un saludo institucional por el 50\u00b0 aniversario de la Escuela de Educaci\u00f3n T\u00e9cnica N\u00b0 3106 \u201cIngeniero Maury\u201d, acompa\u00f1ado de im\u00e1genes que no correspond\u00edan al evento, sino a la entrega de kits escolares enviada por el Ministerio de Educaci\u00f3n de [&hellip;]","og_url":"https:\/\/nahuelproducciones.com.ar\/radioquijano\/por-publicacion-erronea-del-municipio-la-escuela-tecnica-de-quijano-quedo-sin-su-saludo-oficial-en-su-50-aniversario\/","og_site_name":"RQ 99.9","article_publisher":"https:\/\/www.facebook.com\/nahuelproducciones999\/","article_published_time":"2025-05-15T14:24:52+00:00","article_modified_time":"2025-05-15T14:24:54+00:00","og_image":[{"url":"https:\/\/nahuelproducciones.com.ar\/radioquijano\/wp-content\/uploads\/2025\/05\/WhatsApp-Image-2025-05-15-at-10.22.30-AM-1024x454.jpeg"}],"author":"Cecilia Pastrana","twitter_card":"summary_large_image","twitter_creator":"@nahuproduciones","twitter_site":"@nahuproduciones","twitter_misc":{"Escrito por":"Cecilia Pastrana","Tiempo de lectura":"2 minutos"},"schema":{"@context":"https:\/\/schema.org","@graph":[{"@type":"WebPage","@id":"https:\/\/nahuelproducciones.com.ar\/radioquijano\/por-publicacion-erronea-del-municipio-la-escuela-tecnica-de-quijano-quedo-sin-su-saludo-oficial-en-su-50-aniversario\/","url":"https:\/\/nahuelproducciones.com.ar\/radioquijano\/por-publicacion-erronea-del-municipio-la-escuela-tecnica-de-quijano-quedo-sin-su-saludo-oficial-en-su-50-aniversario\/","name":"Por publicaci\u00f3n err\u00f3nea del municipio: La Escuela T\u00e9cnica de Quijano qued\u00f3 sin su saludo oficial en su 50\u00b0 aniversario - RQ 99.9","isPartOf":{"@id":"https:\/\/nahuelproducciones.com.ar\/radioquijano\/#website"},"datePublished":"2025-05-15T14:24:52+00:00","dateModified":"2025-05-15T14:24:54+00:00","author":{"@id":"https:\/\/nahuelproducciones.com.ar\/radioquijano\/#\/schema\/person\/e8a4f939e2cb487fe6d0c54042c9d32c"},"breadcrumb":{"@id":"https:\/\/nahuelproducciones.com.ar\/radioquijano\/por-publicacion-erronea-del-municipio-la-escuela-tecnica-de-quijano-quedo-sin-su-saludo-oficial-en-su-50-aniversario\/#breadcrumb"},"inLanguage":"es","potentialAction":[{"@type":"ReadAction","target":["https:\/\/nahuelproducciones.com.ar\/radioquijano\/por-publicacion-erronea-del-municipio-la-escuela-tecnica-de-quijano-quedo-sin-su-saludo-oficial-en-su-50-aniversario\/"]}]},{"@type":"BreadcrumbList","@id":"https:\/\/nahuelproducciones.com.ar\/radioquijano\/por-publicacion-erronea-del-municipio-la-escuela-tecnica-de-quijano-quedo-sin-su-saludo-oficial-en-su-50-aniversario\/#breadcrumb","itemListElement":[{"@type":"ListItem","position":1,"name":"Portada","item":"https:\/\/nahuelproducciones.com.ar\/radioquijano\/"},{"@type":"ListItem","position":2,"name":"Por publicaci\u00f3n err\u00f3nea del municipio: La Escuela T\u00e9cnica de Quijano qued\u00f3 sin su saludo oficial en su 50\u00b0 aniversario"}]},{"@type":"WebSite","@id":"https:\/\/nahuelproducciones.com.ar\/radioquijano\/#website","url":"https:\/\/nahuelproducciones.com.ar\/radioquijano\/","name":"RQ 99.9","description":"Radio Quijano 99.9 MHz","potentialAction":[{"@type":"SearchAction","target":{"@type":"EntryPoint","urlTemplate":"https:\/\/nahuelproducciones.com.ar\/radioquijano\/?s={search_term_string}"},"query-input":"required name=search_term_string"}],"inLanguage":"es"},{"@type":"Person","@id":"https:\/\/nahuelproducciones.com.ar\/radioquijano\/#\/schema\/person\/e8a4f939e2cb487fe6d0c54042c9d32c","name":"Cecilia Pastrana","image":{"@type":"ImageObject","inLanguage":"es","@id":"https:\/\/nahuelproducciones.com.ar\/radioquijano\/#\/schema\/person\/image\/","url":"https:\/\/secure.gravatar.com\/avatar\/661a3ef63a8488d4f2794ed44af8cf71420f7e106f3072c40125114df5157749?s=96&d=mm&r=g","contentUrl":"https:\/\/secure.gravatar.com\/avatar\/661a3ef63a8488d4f2794ed44af8cf71420f7e106f3072c40125114df5157749?s=96&d=mm&r=g","caption":"Cecilia Pastrana"},"sameAs":["cecy"],"url":"https:\/\/nahuelproducciones.com.ar\/radioquijano\/author\/cecy\/"}]}},"_links":{"self":[{"href":"https:\/\/nahuelproducciones.com.ar\/radioquijano\/wp-json\/wp\/v2\/posts\/10215","targetHints":{"allow":["GET"]}}],"collection":[{"href":"https:\/\/nahuelproducciones.com.ar\/radioquijano\/wp-json\/wp\/v2\/posts"}],"about":[{"href":"https:\/\/nahuelproducciones.com.ar\/radioquijano\/wp-json\/wp\/v2\/types\/post"}],"author":[{"embeddable":true,"href":"https:\/\/nahuelproducciones.com.ar\/radioquijano\/wp-json\/wp\/v2\/users\/8"}],"replies":[{"embeddable":true,"href":"https:\/\/nahuelproducciones.com.ar\/radioquijano\/wp-json\/wp\/v2\/comments?post=10215"}],"version-history":[{"count":1,"href":"https:\/\/nahuelproducciones.com.ar\/radioquijano\/wp-json\/wp\/v2\/posts\/10215\/revisions"}],"predecessor-version":[{"id":10224,"href":"https:\/\/nahuelproducciones.com.ar\/radioquijano\/wp-json\/wp\/v2\/posts\/10215\/revisions\/10224"}],"wp:featuredmedia":[{"embeddable":true,"href":"https:\/\/nahuelproducciones.com.ar\/radioquijano\/wp-json\/wp\/v2\/media\/10222"}],"wp:attachment":[{"href":"https:\/\/nahuelproducciones.com.ar\/radioquijano\/wp-json\/wp\/v2\/media?parent=10215"}],"wp:term":[{"taxonomy":"category","embeddable":true,"href":"https:\/\/nahuelproducciones.com.ar\/radioquijano\/wp-json\/wp\/v2\/categories?post=10215"},{"taxonomy":"post_tag","embeddable":true,"href":"https:\/\/nahuelproducciones.com.ar\/radioquijano\/wp-json\/wp\/v2\/tags?post=10215"}],"curies":[{"name":"wp","href":"https:\/\/api.w.org\/{rel}","templated":true}]}}