{"id":10241,"date":"2025-05-18T21:51:03","date_gmt":"2025-05-19T00:51:03","guid":{"rendered":"https:\/\/nahuelproducciones.com.ar\/radioquijano\/?p=10241"},"modified":"2025-05-18T22:02:32","modified_gmt":"2025-05-19T01:02:32","slug":"tragedia-en-santa-rosa-de-tastil-un-ciclista-murio-durante-una-competencia-promocionada-por-el-municipio","status":"publish","type":"post","link":"https:\/\/nahuelproducciones.com.ar\/radioquijano\/tragedia-en-santa-rosa-de-tastil-un-ciclista-murio-durante-una-competencia-promocionada-por-el-municipio\/","title":{"rendered":"Tragedia en Santa Rosa de Tastil: un ciclista muri\u00f3 durante una competencia promocionada por el municipio."},"content":{"rendered":"\n<p>La comunidad de Campo Quijano se vio conmocionada este domingo tras la muerte de un competidor que participaba del evento deportivo \u00abPedaleando en las Nubes\u00bb, una carrera de mountain bike que se desarroll\u00f3 en Santa Rosa de Tastil a m\u00e1s de 3500 metros sobre el nivel del mar.<\/p>\n\n\n\n<p>El evento hab\u00eda sido anunciado d\u00edas antes desde las redes oficiales de la Municipalidad de Campo Quijano, con im\u00e1genes promocionales, detalles de la competencia, horarios e informaci\u00f3n para inscribirse. Bajo el t\u00edtulo \u00abDesaf\u00edo Tastil Mountain Bike 2025\u00bb, se invitaba a \u00abvivir una experiencia \u00fanica entre monta\u00f1as, historia y cultura ancestral\u00bb, con la aclaraci\u00f3n de que la organizaci\u00f3n estaba a cargo de la Comisi\u00f3n Vecinal de Santa Rosa de Tastil y que el municipio \u00abacompa\u00f1aba\u00bb la propuesta.<\/p>\n\n\n\n<p>Durante el desarrollo de la competencia, el competidor se descompens\u00f3 y no lleg\u00f3 a la meta. Se despleg\u00f3 un operativo y el personal de salud intent\u00f3 reanimarlo, sin \u00e9xito. Su fallecimiento fue confirmado m\u00e1s tarde y desde ese momento intervino la Polic\u00eda de la Provincia y el Cuerpo de Investigaciones Fiscales (CIF), que tom\u00f3 conocimiento del hecho.<\/p>\n\n\n\n<p>Horas m\u00e1s tarde, la Municipalidad emiti\u00f3 un comunicado oficial expresando su \u00abprofundo pesar\u00bb por lo sucedido y acompa\u00f1ando a la familia del deportista. En el mismo mensaje, la comuna aclar\u00f3 que \u00abla organizaci\u00f3n del evento estuvo a cargo de la Comisi\u00f3n Vecinal\u00bb, y que su participaci\u00f3n fue solo de \u201ccolaboraci\u00f3n institucional y log\u00edstica\u201d.<\/p>\n\n\n\n<p>Sin embargo, el uso del logo municipal en la difusi\u00f3n, el acompa\u00f1amiento log\u00edstico, y la promoci\u00f3n activa del evento desde los canales oficiales del gobierno local, dejan abiertas preguntas sobre la responsabilidad institucional en este tipo de actividades de riesgo, que requieren previsiones sanitarias, coberturas m\u00e9dicas, control del trazado y protocolos de emergencia adecuados, especialmente en zonas de altura.<\/p>\n\n\n\n<p>El hecho plantea un debate importante sobre el rol del Estado municipal en la fiscalizaci\u00f3n y acompa\u00f1amiento de eventos comunitarios y deportivos, as\u00ed como la necesidad de que estos cuenten con medidas m\u00ednimas de seguridad para los participantes, m\u00e1s a\u00fan cuando se trata de competencias f\u00edsicas en entornos de monta\u00f1a.<\/p>\n\n\n\n<p>Desde distintos sectores de la comunidad y medios locales se espera mayor claridad sobre qu\u00e9 controles se ejercieron, qu\u00e9 coberturas estaban previstas, y si exist\u00eda una habilitaci\u00f3n formal para la realizaci\u00f3n del evento. El caso, que a\u00fan se encuentra bajo investigaci\u00f3n, deja una profunda tristeza en la comunidad ciclista y un llamado urgente a repensar los est\u00e1ndares de prevenci\u00f3n en actividades de este tipo.<\/p>\n\n\n\n<figure class=\"wp-block-gallery has-nested-images columns-default is-cropped wp-block-gallery-1 is-layout-flex wp-block-gallery-is-layout-flex\">\n<figure class=\"wp-block-image size-large\"><img loading=\"lazy\" decoding=\"async\" width=\"589\" height=\"1024\" data-id=\"10244\" src=\"https:\/\/nahuelproducciones.com.ar\/radioquijano\/wp-content\/uploads\/2025\/05\/WhatsApp-Image-2025-05-18-at-9.35.44-PM-589x1024.jpeg\" alt=\"\" class=\"wp-image-10244\" srcset=\"https:\/\/nahuelproducciones.com.ar\/radioquijano\/wp-content\/uploads\/2025\/05\/WhatsApp-Image-2025-05-18-at-9.35.44-PM-589x1024.jpeg 589w, https:\/\/nahuelproducciones.com.ar\/radioquijano\/wp-content\/uploads\/2025\/05\/WhatsApp-Image-2025-05-18-at-9.35.44-PM-173x300.jpeg 173w, https:\/\/nahuelproducciones.com.ar\/radioquijano\/wp-content\/uploads\/2025\/05\/WhatsApp-Image-2025-05-18-at-9.35.44-PM-150x261.jpeg 150w, https:\/\/nahuelproducciones.com.ar\/radioquijano\/wp-content\/uploads\/2025\/05\/WhatsApp-Image-2025-05-18-at-9.35.44-PM.jpeg 720w\" sizes=\"auto, (max-width: 589px) 100vw, 589px\" \/><\/figure>\n\n\n\n<figure class=\"wp-block-image size-large\"><img loading=\"lazy\" decoding=\"async\" width=\"720\" height=\"900\" data-id=\"10242\" src=\"https:\/\/nahuelproducciones.com.ar\/radioquijano\/wp-content\/uploads\/2025\/05\/WhatsApp-Image-2025-05-18-at-9.34.22-PM.jpeg\" alt=\"\" class=\"wp-image-10242\" srcset=\"https:\/\/nahuelproducciones.com.ar\/radioquijano\/wp-content\/uploads\/2025\/05\/WhatsApp-Image-2025-05-18-at-9.34.22-PM.jpeg 720w, https:\/\/nahuelproducciones.com.ar\/radioquijano\/wp-content\/uploads\/2025\/05\/WhatsApp-Image-2025-05-18-at-9.34.22-PM-240x300.jpeg 240w, https:\/\/nahuelproducciones.com.ar\/radioquijano\/wp-content\/uploads\/2025\/05\/WhatsApp-Image-2025-05-18-at-9.34.22-PM-150x188.jpeg 150w\" sizes=\"auto, (max-width: 720px) 100vw, 720px\" \/><\/figure>\n\n\n\n<figure class=\"wp-block-image size-large\"><img loading=\"lazy\" decoding=\"async\" width=\"596\" height=\"1024\" data-id=\"10243\" src=\"https:\/\/nahuelproducciones.com.ar\/radioquijano\/wp-content\/uploads\/2025\/05\/WhatsApp-Image-2025-05-18-at-9.34.18-PM-596x1024.jpeg\" alt=\"\" class=\"wp-image-10243\" srcset=\"https:\/\/nahuelproducciones.com.ar\/radioquijano\/wp-content\/uploads\/2025\/05\/WhatsApp-Image-2025-05-18-at-9.34.18-PM-596x1024.jpeg 596w, https:\/\/nahuelproducciones.com.ar\/radioquijano\/wp-content\/uploads\/2025\/05\/WhatsApp-Image-2025-05-18-at-9.34.18-PM-174x300.jpeg 174w, https:\/\/nahuelproducciones.com.ar\/radioquijano\/wp-content\/uploads\/2025\/05\/WhatsApp-Image-2025-05-18-at-9.34.18-PM-150x258.jpeg 150w, https:\/\/nahuelproducciones.com.ar\/radioquijano\/wp-content\/uploads\/2025\/05\/WhatsApp-Image-2025-05-18-at-9.34.18-PM.jpeg 720w\" sizes=\"auto, (max-width: 596px) 100vw, 596px\" \/><\/figure>\n<\/figure>\n","protected":false},"excerpt":{"rendered":"<p>La comunidad de Campo Quijano se vio conmocionada este domingo tras la muerte de un competidor que participaba del evento deportivo \u00abPedaleando en las Nubes\u00bb, una carrera de mountain bike que se desarroll\u00f3 en Santa Rosa de Tastil a m\u00e1s de 3500 metros sobre el nivel del mar. El evento hab\u00eda sido anunciado d\u00edas antes [&hellip;]<\/p>\n","protected":false},"author":8,"featured_media":10247,"comment_status":"open","ping_status":"open","sticky":false,"template":"","format":"standard","meta":{"_monsterinsights_skip_tracking":false,"_monsterinsights_sitenote_active":false,"_monsterinsights_sitenote_note":"","_monsterinsights_sitenote_category":0,"footnotes":""},"categories":[16],"tags":[1807,1808,100],"class_list":["post-10241","post","type-post","status-publish","format-standard","has-post-thumbnail","hentry","category-noticias","tag-desafio-tastil-mountain-bike-2025","tag-comision-vecinal-de-santa-rosa-de-tastil","tag-municipio-de-campo-quijano"],"yoast_head":"<!-- This site is optimized with the Yoast SEO plugin v20.8 - https:\/\/yoast.com\/wordpress\/plugins\/seo\/ -->\n<title>Tragedia en Santa Rosa de Tastil: un ciclista muri\u00f3 durante una competencia promocionada por el municipio. - RQ 99.9<\/title>\n<meta name=\"description\" content=\"Se esperan respuestas ante este desenlace tan doloroso.\" \/>\n<meta name=\"robots\" content=\"index, follow, max-snippet:-1, max-image-preview:large, max-video-preview:-1\" \/>\n<link rel=\"canonical\" href=\"https:\/\/nahuelproducciones.com.ar\/radioquijano\/tragedia-en-santa-rosa-de-tastil-un-ciclista-murio-durante-una-competencia-promocionada-por-el-municipio\/\" \/>\n<meta property=\"og:locale\" content=\"es_ES\" \/>\n<meta property=\"og:type\" content=\"article\" \/>\n<meta property=\"og:title\" content=\"Tragedia en Santa Rosa de Tastil: un ciclista muri\u00f3 durante una competencia promocionada por el municipio. - RQ 99.9\" \/>\n<meta property=\"og:description\" content=\"Se esperan respuestas ante este desenlace tan doloroso.\" \/>\n<meta property=\"og:url\" content=\"https:\/\/nahuelproducciones.com.ar\/radioquijano\/tragedia-en-santa-rosa-de-tastil-un-ciclista-murio-durante-una-competencia-promocionada-por-el-municipio\/\" \/>\n<meta property=\"og:site_name\" content=\"RQ 99.9\" \/>\n<meta property=\"article:publisher\" content=\"https:\/\/www.facebook.com\/nahuelproducciones999\/\" \/>\n<meta property=\"article:published_time\" content=\"2025-05-19T00:51:03+00:00\" \/>\n<meta property=\"article:modified_time\" content=\"2025-05-19T01:02:32+00:00\" \/>\n<meta property=\"og:image\" content=\"https:\/\/nahuelproducciones.com.ar\/radioquijano\/wp-content\/uploads\/2025\/05\/WhatsApp-Image-2025-05-18-at-9.54.12-PM-e1747616546629.jpeg\" \/>\n\t<meta property=\"og:image:width\" content=\"700\" \/>\n\t<meta property=\"og:image:height\" content=\"455\" \/>\n\t<meta property=\"og:image:type\" content=\"image\/jpeg\" \/>\n<meta name=\"author\" content=\"Cecilia Pastrana\" \/>\n<meta name=\"twitter:card\" content=\"summary_large_image\" \/>\n<meta name=\"twitter:creator\" content=\"@nahuproduciones\" \/>\n<meta name=\"twitter:site\" content=\"@nahuproduciones\" \/>\n<meta name=\"twitter:label1\" content=\"Escrito por\" \/>\n\t<meta name=\"twitter:data1\" content=\"Cecilia Pastrana\" \/>\n\t<meta name=\"twitter:label2\" content=\"Tiempo de lectura\" \/>\n\t<meta name=\"twitter:data2\" content=\"3 minutos\" \/>\n<script type=\"application\/ld+json\" class=\"yoast-schema-graph\">{\"@context\":\"https:\/\/schema.org\",\"@graph\":[{\"@type\":\"WebPage\",\"@id\":\"https:\/\/nahuelproducciones.com.ar\/radioquijano\/tragedia-en-santa-rosa-de-tastil-un-ciclista-murio-durante-una-competencia-promocionada-por-el-municipio\/\",\"url\":\"https:\/\/nahuelproducciones.com.ar\/radioquijano\/tragedia-en-santa-rosa-de-tastil-un-ciclista-murio-durante-una-competencia-promocionada-por-el-municipio\/\",\"name\":\"Tragedia en Santa Rosa de Tastil: un ciclista muri\u00f3 durante una competencia promocionada por el municipio. - RQ 99.9\",\"isPartOf\":{\"@id\":\"https:\/\/nahuelproducciones.com.ar\/radioquijano\/#website\"},\"datePublished\":\"2025-05-19T00:51:03+00:00\",\"dateModified\":\"2025-05-19T01:02:32+00:00\",\"author\":{\"@id\":\"https:\/\/nahuelproducciones.com.ar\/radioquijano\/#\/schema\/person\/e8a4f939e2cb487fe6d0c54042c9d32c\"},\"description\":\"Se esperan respuestas ante este desenlace tan doloroso.\",\"breadcrumb\":{\"@id\":\"https:\/\/nahuelproducciones.com.ar\/radioquijano\/tragedia-en-santa-rosa-de-tastil-un-ciclista-murio-durante-una-competencia-promocionada-por-el-municipio\/#breadcrumb\"},\"inLanguage\":\"es\",\"potentialAction\":[{\"@type\":\"ReadAction\",\"target\":[\"https:\/\/nahuelproducciones.com.ar\/radioquijano\/tragedia-en-santa-rosa-de-tastil-un-ciclista-murio-durante-una-competencia-promocionada-por-el-municipio\/\"]}]},{\"@type\":\"BreadcrumbList\",\"@id\":\"https:\/\/nahuelproducciones.com.ar\/radioquijano\/tragedia-en-santa-rosa-de-tastil-un-ciclista-murio-durante-una-competencia-promocionada-por-el-municipio\/#breadcrumb\",\"itemListElement\":[{\"@type\":\"ListItem\",\"position\":1,\"name\":\"Portada\",\"item\":\"https:\/\/nahuelproducciones.com.ar\/radioquijano\/\"},{\"@type\":\"ListItem\",\"position\":2,\"name\":\"Tragedia en Santa Rosa de Tastil: un ciclista muri\u00f3 durante una competencia promocionada por el municipio.\"}]},{\"@type\":\"WebSite\",\"@id\":\"https:\/\/nahuelproducciones.com.ar\/radioquijano\/#website\",\"url\":\"https:\/\/nahuelproducciones.com.ar\/radioquijano\/\",\"name\":\"RQ 99.9\",\"description\":\"Radio Quijano 99.9 MHz\",\"potentialAction\":[{\"@type\":\"SearchAction\",\"target\":{\"@type\":\"EntryPoint\",\"urlTemplate\":\"https:\/\/nahuelproducciones.com.ar\/radioquijano\/?s={search_term_string}\"},\"query-input\":\"required name=search_term_string\"}],\"inLanguage\":\"es\"},{\"@type\":\"Person\",\"@id\":\"https:\/\/nahuelproducciones.com.ar\/radioquijano\/#\/schema\/person\/e8a4f939e2cb487fe6d0c54042c9d32c\",\"name\":\"Cecilia Pastrana\",\"image\":{\"@type\":\"ImageObject\",\"inLanguage\":\"es\",\"@id\":\"https:\/\/nahuelproducciones.com.ar\/radioquijano\/#\/schema\/person\/image\/\",\"url\":\"https:\/\/secure.gravatar.com\/avatar\/661a3ef63a8488d4f2794ed44af8cf71420f7e106f3072c40125114df5157749?s=96&d=mm&r=g\",\"contentUrl\":\"https:\/\/secure.gravatar.com\/avatar\/661a3ef63a8488d4f2794ed44af8cf71420f7e106f3072c40125114df5157749?s=96&d=mm&r=g\",\"caption\":\"Cecilia Pastrana\"},\"sameAs\":[\"cecy\"],\"url\":\"https:\/\/nahuelproducciones.com.ar\/radioquijano\/author\/cecy\/\"}]}<\/script>\n<!-- \/ Yoast SEO plugin. -->","yoast_head_json":{"title":"Tragedia en Santa Rosa de Tastil: un ciclista muri\u00f3 durante una competencia promocionada por el municipio. - RQ 99.9","description":"Se esperan respuestas ante este desenlace tan doloroso.","robots":{"index":"index","follow":"follow","max-snippet":"max-snippet:-1","max-image-preview":"max-image-preview:large","max-video-preview":"max-video-preview:-1"},"canonical":"https:\/\/nahuelproducciones.com.ar\/radioquijano\/tragedia-en-santa-rosa-de-tastil-un-ciclista-murio-durante-una-competencia-promocionada-por-el-municipio\/","og_locale":"es_ES","og_type":"article","og_title":"Tragedia en Santa Rosa de Tastil: un ciclista muri\u00f3 durante una competencia promocionada por el municipio. - RQ 99.9","og_description":"Se esperan respuestas ante este desenlace tan doloroso.","og_url":"https:\/\/nahuelproducciones.com.ar\/radioquijano\/tragedia-en-santa-rosa-de-tastil-un-ciclista-murio-durante-una-competencia-promocionada-por-el-municipio\/","og_site_name":"RQ 99.9","article_publisher":"https:\/\/www.facebook.com\/nahuelproducciones999\/","article_published_time":"2025-05-19T00:51:03+00:00","article_modified_time":"2025-05-19T01:02:32+00:00","og_image":[{"width":700,"height":455,"url":"https:\/\/nahuelproducciones.com.ar\/radioquijano\/wp-content\/uploads\/2025\/05\/WhatsApp-Image-2025-05-18-at-9.54.12-PM-e1747616546629.jpeg","type":"image\/jpeg"}],"author":"Cecilia Pastrana","twitter_card":"summary_large_image","twitter_creator":"@nahuproduciones","twitter_site":"@nahuproduciones","twitter_misc":{"Escrito por":"Cecilia Pastrana","Tiempo de lectura":"3 minutos"},"schema":{"@context":"https:\/\/schema.org","@graph":[{"@type":"WebPage","@id":"https:\/\/nahuelproducciones.com.ar\/radioquijano\/tragedia-en-santa-rosa-de-tastil-un-ciclista-murio-durante-una-competencia-promocionada-por-el-municipio\/","url":"https:\/\/nahuelproducciones.com.ar\/radioquijano\/tragedia-en-santa-rosa-de-tastil-un-ciclista-murio-durante-una-competencia-promocionada-por-el-municipio\/","name":"Tragedia en Santa Rosa de Tastil: un ciclista muri\u00f3 durante una competencia promocionada por el municipio. - RQ 99.9","isPartOf":{"@id":"https:\/\/nahuelproducciones.com.ar\/radioquijano\/#website"},"datePublished":"2025-05-19T00:51:03+00:00","dateModified":"2025-05-19T01:02:32+00:00","author":{"@id":"https:\/\/nahuelproducciones.com.ar\/radioquijano\/#\/schema\/person\/e8a4f939e2cb487fe6d0c54042c9d32c"},"description":"Se esperan respuestas ante este desenlace tan doloroso.","breadcrumb":{"@id":"https:\/\/nahuelproducciones.com.ar\/radioquijano\/tragedia-en-santa-rosa-de-tastil-un-ciclista-murio-durante-una-competencia-promocionada-por-el-municipio\/#breadcrumb"},"inLanguage":"es","potentialAction":[{"@type":"ReadAction","target":["https:\/\/nahuelproducciones.com.ar\/radioquijano\/tragedia-en-santa-rosa-de-tastil-un-ciclista-murio-durante-una-competencia-promocionada-por-el-municipio\/"]}]},{"@type":"BreadcrumbList","@id":"https:\/\/nahuelproducciones.com.ar\/radioquijano\/tragedia-en-santa-rosa-de-tastil-un-ciclista-murio-durante-una-competencia-promocionada-por-el-municipio\/#breadcrumb","itemListElement":[{"@type":"ListItem","position":1,"name":"Portada","item":"https:\/\/nahuelproducciones.com.ar\/radioquijano\/"},{"@type":"ListItem","position":2,"name":"Tragedia en Santa Rosa de Tastil: un ciclista muri\u00f3 durante una competencia promocionada por el municipio."}]},{"@type":"WebSite","@id":"https:\/\/nahuelproducciones.com.ar\/radioquijano\/#website","url":"https:\/\/nahuelproducciones.com.ar\/radioquijano\/","name":"RQ 99.9","description":"Radio Quijano 99.9 MHz","potentialAction":[{"@type":"SearchAction","target":{"@type":"EntryPoint","urlTemplate":"https:\/\/nahuelproducciones.com.ar\/radioquijano\/?s={search_term_string}"},"query-input":"required name=search_term_string"}],"inLanguage":"es"},{"@type":"Person","@id":"https:\/\/nahuelproducciones.com.ar\/radioquijano\/#\/schema\/person\/e8a4f939e2cb487fe6d0c54042c9d32c","name":"Cecilia Pastrana","image":{"@type":"ImageObject","inLanguage":"es","@id":"https:\/\/nahuelproducciones.com.ar\/radioquijano\/#\/schema\/person\/image\/","url":"https:\/\/secure.gravatar.com\/avatar\/661a3ef63a8488d4f2794ed44af8cf71420f7e106f3072c40125114df5157749?s=96&d=mm&r=g","contentUrl":"https:\/\/secure.gravatar.com\/avatar\/661a3ef63a8488d4f2794ed44af8cf71420f7e106f3072c40125114df5157749?s=96&d=mm&r=g","caption":"Cecilia Pastrana"},"sameAs":["cecy"],"url":"https:\/\/nahuelproducciones.com.ar\/radioquijano\/author\/cecy\/"}]}},"_links":{"self":[{"href":"https:\/\/nahuelproducciones.com.ar\/radioquijano\/wp-json\/wp\/v2\/posts\/10241","targetHints":{"allow":["GET"]}}],"collection":[{"href":"https:\/\/nahuelproducciones.com.ar\/radioquijano\/wp-json\/wp\/v2\/posts"}],"about":[{"href":"https:\/\/nahuelproducciones.com.ar\/radioquijano\/wp-json\/wp\/v2\/types\/post"}],"author":[{"embeddable":true,"href":"https:\/\/nahuelproducciones.com.ar\/radioquijano\/wp-json\/wp\/v2\/users\/8"}],"replies":[{"embeddable":true,"href":"https:\/\/nahuelproducciones.com.ar\/radioquijano\/wp-json\/wp\/v2\/comments?post=10241"}],"version-history":[{"count":1,"href":"https:\/\/nahuelproducciones.com.ar\/radioquijano\/wp-json\/wp\/v2\/posts\/10241\/revisions"}],"predecessor-version":[{"id":10246,"href":"https:\/\/nahuelproducciones.com.ar\/radioquijano\/wp-json\/wp\/v2\/posts\/10241\/revisions\/10246"}],"wp:featuredmedia":[{"embeddable":true,"href":"https:\/\/nahuelproducciones.com.ar\/radioquijano\/wp-json\/wp\/v2\/media\/10247"}],"wp:attachment":[{"href":"https:\/\/nahuelproducciones.com.ar\/radioquijano\/wp-json\/wp\/v2\/media?parent=10241"}],"wp:term":[{"taxonomy":"category","embeddable":true,"href":"https:\/\/nahuelproducciones.com.ar\/radioquijano\/wp-json\/wp\/v2\/categories?post=10241"},{"taxonomy":"post_tag","embeddable":true,"href":"https:\/\/nahuelproducciones.com.ar\/radioquijano\/wp-json\/wp\/v2\/tags?post=10241"}],"curies":[{"name":"wp","href":"https:\/\/api.w.org\/{rel}","templated":true}]}}