{"id":10249,"date":"2025-05-24T12:23:20","date_gmt":"2025-05-24T15:23:20","guid":{"rendered":"https:\/\/nahuelproducciones.com.ar\/radioquijano\/?p=10249"},"modified":"2025-05-24T12:23:22","modified_gmt":"2025-05-24T15:23:22","slug":"tras-las-crecidas-del-rio-el-estado-tambien-se-retira-grave-denuncia-de-comunidades-originarias-de-la-quebrada-del-toro","status":"publish","type":"post","link":"https:\/\/nahuelproducciones.com.ar\/radioquijano\/tras-las-crecidas-del-rio-el-estado-tambien-se-retira-grave-denuncia-de-comunidades-originarias-de-la-quebrada-del-toro\/","title":{"rendered":"Tras las crecidas del r\u00edo, el Estado tambi\u00e9n se retira: grave denuncia de comunidades originarias de la Quebrada del Toro"},"content":{"rendered":"\n<p>La crecida de los r\u00edos en febrero dej\u00f3 a las comunidades originarias de la Quebrada del Toro sin cultivos, sin agua y sin asistencia. Lo que en otras zonas ser\u00eda seguido por un plan de contingencia estatal, aqu\u00ed fue seguido por el silencio y la ausencia: \u00abEn esta provincia, no solo se retira el agua, tambi\u00e9n se retira el Estado\u00bb, denuncian desde el Consejo del Pueblo Tastil.<\/p>\n\n\n\n<p>El Consejo, que representa a <strong>14 comunidades originarias<\/strong> distribuidas a lo largo y ancho de la Quebrada del Toro, hizo p\u00fablico un comunicado dirigido al intendente de Campo Quijano, <strong>Lino Yonar<\/strong>, exigiendo el cumplimiento de derechos consagrados en la <strong>Constituci\u00f3n Nacional<\/strong>, tratados internacionales y leyes vigentes que protegen a los pueblos preexistentes.<\/p>\n\n\n\n<h3 class=\"wp-block-heading\">Reclamos hist\u00f3ricos y urgentes<\/h3>\n\n\n\n<p>En el documento, se recuerda que desde el inicio de su gesti\u00f3n, el jefe comunal fue invitado al di\u00e1logo intercultural, y se le transmiti\u00f3 c\u00f3mo es la vida en este territorio ancestral. \u201cNo pedimos bolsones ni ropa. Lo que pedimos es que se nos permita trabajar\u201d, expresan con firmeza, destacando su vocaci\u00f3n productiva ligada a la agricultura andina y la ganader\u00eda menor.<\/p>\n\n\n\n<p>La crecida del r\u00edo arras\u00f3 con cultivos fundamentales como la papa andina, el ma\u00edz, la haba y la arveja, afectando gravemente la subsistencia de las familias. Aunque se elevaron notas solicitando obras para encauzar el r\u00edo, hasta la fecha no se realizaron.<\/p>\n\n\n\n<h3 class=\"wp-block-heading\">Exigen acci\u00f3n inmediata<\/h3>\n\n\n\n<p>Entre los pedidos concretos se encuentran:<\/p>\n\n\n\n<ul class=\"wp-block-list\">\n<li>La <strong>presencia permanente de un tractor<\/strong> en la zona para recuperar \u00e1reas de siembra.<\/li>\n\n\n\n<li>La <strong>distribuci\u00f3n urgente de semillas y alimentos<\/strong> para los animales.<\/li>\n\n\n\n<li>El <strong>encauzamiento del r\u00edo<\/strong> con maquinaria adecuada y la construcci\u00f3n de defensas.<\/li>\n\n\n\n<li>Un <strong>relevamiento de viviendas<\/strong> da\u00f1adas y su eventual reubicaci\u00f3n.<\/li>\n\n\n\n<li>La <strong>finalizaci\u00f3n de 20 ba\u00f1os<\/strong> iniciados por la gesti\u00f3n anterior.<\/li>\n\n\n\n<li>El <strong>estado edilicio de las escuelas<\/strong> de todo el territorio.<\/li>\n\n\n\n<li>La <strong>reposici\u00f3n de las ca\u00f1er\u00edas de agua potable<\/strong> en varias comunidades.<\/li>\n<\/ul>\n\n\n\n<p>Asimismo, solicitan una <strong>reuni\u00f3n urgente en territorio<\/strong> con el intendente para tratar estos puntos. Y advierten: <strong>la m\u00e1quina cargadora no saldr\u00e1 del lugar hasta que se atiendan sus demandas.<\/strong><\/p>\n\n\n\n<h3 class=\"wp-block-heading\">\u201cA la buena de Dios\u201d<\/h3>\n\n\n\n<p>El comunicado cierra con un mensaje contundente: \u201cLas comunidades originarias est\u00e1n a la buena de Dios\u201d, visibilizando la desprotecci\u00f3n y el abandono que atraviesan. Una vez m\u00e1s, las zonas rurales y ancestrales parecen quedar fuera del radar de la gesti\u00f3n p\u00fablica, salvo cuando hay fotos o promesas de campa\u00f1a.<\/p>\n\n\n\n<h3 class=\"wp-block-heading\">Contactos<\/h3>\n\n\n\n<p>El Consejo del Pueblo Tastil dej\u00f3 como contactos a <strong>Manolo Copa (3874857187)<\/strong> y <strong>Esteban Vilca (3875014357)<\/strong> para ampliar la informaci\u00f3n o coordinar la esperada reuni\u00f3n.<\/p>\n\n\n\n<figure class=\"wp-block-gallery has-nested-images columns-default is-cropped wp-block-gallery-1 is-layout-flex wp-block-gallery-is-layout-flex\">\n<figure class=\"wp-block-image size-large\"><img loading=\"lazy\" decoding=\"async\" width=\"766\" height=\"1024\" data-id=\"10253\" src=\"https:\/\/nahuelproducciones.com.ar\/radioquijano\/wp-content\/uploads\/2025\/05\/WhatsApp-Image-2025-05-23-at-10.00.57-AM-766x1024.jpeg\" alt=\"\" class=\"wp-image-10253\" srcset=\"https:\/\/nahuelproducciones.com.ar\/radioquijano\/wp-content\/uploads\/2025\/05\/WhatsApp-Image-2025-05-23-at-10.00.57-AM-766x1024.jpeg 766w, https:\/\/nahuelproducciones.com.ar\/radioquijano\/wp-content\/uploads\/2025\/05\/WhatsApp-Image-2025-05-23-at-10.00.57-AM-224x300.jpeg 224w, https:\/\/nahuelproducciones.com.ar\/radioquijano\/wp-content\/uploads\/2025\/05\/WhatsApp-Image-2025-05-23-at-10.00.57-AM-768x1027.jpeg 768w, https:\/\/nahuelproducciones.com.ar\/radioquijano\/wp-content\/uploads\/2025\/05\/WhatsApp-Image-2025-05-23-at-10.00.57-AM-150x201.jpeg 150w, https:\/\/nahuelproducciones.com.ar\/radioquijano\/wp-content\/uploads\/2025\/05\/WhatsApp-Image-2025-05-23-at-10.00.57-AM.jpeg 851w\" sizes=\"auto, (max-width: 766px) 100vw, 766px\" \/><\/figure>\n\n\n\n<figure class=\"wp-block-image size-large\"><img loading=\"lazy\" decoding=\"async\" width=\"1024\" height=\"771\" data-id=\"10254\" src=\"https:\/\/nahuelproducciones.com.ar\/radioquijano\/wp-content\/uploads\/2025\/05\/WhatsApp-Image-2025-05-23-at-10.09.51-AM-1024x771.jpeg\" alt=\"\" class=\"wp-image-10254\" srcset=\"https:\/\/nahuelproducciones.com.ar\/radioquijano\/wp-content\/uploads\/2025\/05\/WhatsApp-Image-2025-05-23-at-10.09.51-AM-1024x771.jpeg 1024w, https:\/\/nahuelproducciones.com.ar\/radioquijano\/wp-content\/uploads\/2025\/05\/WhatsApp-Image-2025-05-23-at-10.09.51-AM-300x226.jpeg 300w, https:\/\/nahuelproducciones.com.ar\/radioquijano\/wp-content\/uploads\/2025\/05\/WhatsApp-Image-2025-05-23-at-10.09.51-AM-768x578.jpeg 768w, https:\/\/nahuelproducciones.com.ar\/radioquijano\/wp-content\/uploads\/2025\/05\/WhatsApp-Image-2025-05-23-at-10.09.51-AM-1536x1156.jpeg 1536w, https:\/\/nahuelproducciones.com.ar\/radioquijano\/wp-content\/uploads\/2025\/05\/WhatsApp-Image-2025-05-23-at-10.09.51-AM-150x113.jpeg 150w, https:\/\/nahuelproducciones.com.ar\/radioquijano\/wp-content\/uploads\/2025\/05\/WhatsApp-Image-2025-05-23-at-10.09.51-AM.jpeg 1600w\" sizes=\"auto, (max-width: 1024px) 100vw, 1024px\" \/><\/figure>\n\n\n\n<figure class=\"wp-block-image size-large\"><img loading=\"lazy\" decoding=\"async\" width=\"1024\" height=\"771\" data-id=\"10263\" src=\"https:\/\/nahuelproducciones.com.ar\/radioquijano\/wp-content\/uploads\/2025\/05\/WhatsApp-Image-2025-05-23-at-10.09.53-AM-1-1024x771.jpeg\" alt=\"\" class=\"wp-image-10263\"\/><\/figure>\n\n\n\n<figure class=\"wp-block-image size-large\"><img loading=\"lazy\" decoding=\"async\" width=\"1024\" height=\"771\" data-id=\"10258\" src=\"https:\/\/nahuelproducciones.com.ar\/radioquijano\/wp-content\/uploads\/2025\/05\/WhatsApp-Image-2025-05-23-at-10.09.53-AM-1024x771.jpeg\" alt=\"\" class=\"wp-image-10258\" srcset=\"https:\/\/nahuelproducciones.com.ar\/radioquijano\/wp-content\/uploads\/2025\/05\/WhatsApp-Image-2025-05-23-at-10.09.53-AM-1024x771.jpeg 1024w, https:\/\/nahuelproducciones.com.ar\/radioquijano\/wp-content\/uploads\/2025\/05\/WhatsApp-Image-2025-05-23-at-10.09.53-AM-300x226.jpeg 300w, https:\/\/nahuelproducciones.com.ar\/radioquijano\/wp-content\/uploads\/2025\/05\/WhatsApp-Image-2025-05-23-at-10.09.53-AM-768x578.jpeg 768w, https:\/\/nahuelproducciones.com.ar\/radioquijano\/wp-content\/uploads\/2025\/05\/WhatsApp-Image-2025-05-23-at-10.09.53-AM-1536x1156.jpeg 1536w, https:\/\/nahuelproducciones.com.ar\/radioquijano\/wp-content\/uploads\/2025\/05\/WhatsApp-Image-2025-05-23-at-10.09.53-AM-150x113.jpeg 150w, https:\/\/nahuelproducciones.com.ar\/radioquijano\/wp-content\/uploads\/2025\/05\/WhatsApp-Image-2025-05-23-at-10.09.53-AM.jpeg 1600w\" sizes=\"auto, (max-width: 1024px) 100vw, 1024px\" \/><\/figure>\n\n\n\n<figure class=\"wp-block-image size-large\"><img loading=\"lazy\" decoding=\"async\" width=\"1024\" height=\"771\" data-id=\"10252\" src=\"https:\/\/nahuelproducciones.com.ar\/radioquijano\/wp-content\/uploads\/2025\/05\/WhatsApp-Image-2025-05-23-at-10.09.54-AM-1-1024x771.jpeg\" alt=\"\" class=\"wp-image-10252\" srcset=\"https:\/\/nahuelproducciones.com.ar\/radioquijano\/wp-content\/uploads\/2025\/05\/WhatsApp-Image-2025-05-23-at-10.09.54-AM-1-1024x771.jpeg 1024w, https:\/\/nahuelproducciones.com.ar\/radioquijano\/wp-content\/uploads\/2025\/05\/WhatsApp-Image-2025-05-23-at-10.09.54-AM-1-300x226.jpeg 300w, https:\/\/nahuelproducciones.com.ar\/radioquijano\/wp-content\/uploads\/2025\/05\/WhatsApp-Image-2025-05-23-at-10.09.54-AM-1-768x578.jpeg 768w, https:\/\/nahuelproducciones.com.ar\/radioquijano\/wp-content\/uploads\/2025\/05\/WhatsApp-Image-2025-05-23-at-10.09.54-AM-1-1536x1156.jpeg 1536w, https:\/\/nahuelproducciones.com.ar\/radioquijano\/wp-content\/uploads\/2025\/05\/WhatsApp-Image-2025-05-23-at-10.09.54-AM-1-150x113.jpeg 150w, https:\/\/nahuelproducciones.com.ar\/radioquijano\/wp-content\/uploads\/2025\/05\/WhatsApp-Image-2025-05-23-at-10.09.54-AM-1.jpeg 1600w\" sizes=\"auto, (max-width: 1024px) 100vw, 1024px\" \/><\/figure>\n\n\n\n<figure class=\"wp-block-image size-large\"><img loading=\"lazy\" decoding=\"async\" width=\"1024\" height=\"771\" data-id=\"10250\" src=\"https:\/\/nahuelproducciones.com.ar\/radioquijano\/wp-content\/uploads\/2025\/05\/WhatsApp-Image-2025-05-23-at-10.09.54-AM-1024x771.jpeg\" alt=\"\" class=\"wp-image-10250\" srcset=\"https:\/\/nahuelproducciones.com.ar\/radioquijano\/wp-content\/uploads\/2025\/05\/WhatsApp-Image-2025-05-23-at-10.09.54-AM-1024x771.jpeg 1024w, https:\/\/nahuelproducciones.com.ar\/radioquijano\/wp-content\/uploads\/2025\/05\/WhatsApp-Image-2025-05-23-at-10.09.54-AM-300x226.jpeg 300w, https:\/\/nahuelproducciones.com.ar\/radioquijano\/wp-content\/uploads\/2025\/05\/WhatsApp-Image-2025-05-23-at-10.09.54-AM-768x578.jpeg 768w, https:\/\/nahuelproducciones.com.ar\/radioquijano\/wp-content\/uploads\/2025\/05\/WhatsApp-Image-2025-05-23-at-10.09.54-AM-1536x1156.jpeg 1536w, https:\/\/nahuelproducciones.com.ar\/radioquijano\/wp-content\/uploads\/2025\/05\/WhatsApp-Image-2025-05-23-at-10.09.54-AM-150x113.jpeg 150w, https:\/\/nahuelproducciones.com.ar\/radioquijano\/wp-content\/uploads\/2025\/05\/WhatsApp-Image-2025-05-23-at-10.09.54-AM.jpeg 1600w\" sizes=\"auto, (max-width: 1024px) 100vw, 1024px\" \/><\/figure>\n\n\n\n<figure class=\"wp-block-image size-large\"><img loading=\"lazy\" decoding=\"async\" width=\"1024\" height=\"771\" data-id=\"10260\" src=\"https:\/\/nahuelproducciones.com.ar\/radioquijano\/wp-content\/uploads\/2025\/05\/WhatsApp-Image-2025-05-23-at-10.09.55-AM-1-1024x771.jpeg\" alt=\"\" class=\"wp-image-10260\" srcset=\"https:\/\/nahuelproducciones.com.ar\/radioquijano\/wp-content\/uploads\/2025\/05\/WhatsApp-Image-2025-05-23-at-10.09.55-AM-1-1024x771.jpeg 1024w, https:\/\/nahuelproducciones.com.ar\/radioquijano\/wp-content\/uploads\/2025\/05\/WhatsApp-Image-2025-05-23-at-10.09.55-AM-1-300x226.jpeg 300w, https:\/\/nahuelproducciones.com.ar\/radioquijano\/wp-content\/uploads\/2025\/05\/WhatsApp-Image-2025-05-23-at-10.09.55-AM-1-768x578.jpeg 768w, https:\/\/nahuelproducciones.com.ar\/radioquijano\/wp-content\/uploads\/2025\/05\/WhatsApp-Image-2025-05-23-at-10.09.55-AM-1-1536x1156.jpeg 1536w, https:\/\/nahuelproducciones.com.ar\/radioquijano\/wp-content\/uploads\/2025\/05\/WhatsApp-Image-2025-05-23-at-10.09.55-AM-1-150x113.jpeg 150w, https:\/\/nahuelproducciones.com.ar\/radioquijano\/wp-content\/uploads\/2025\/05\/WhatsApp-Image-2025-05-23-at-10.09.55-AM-1.jpeg 1600w\" sizes=\"auto, (max-width: 1024px) 100vw, 1024px\" \/><\/figure>\n\n\n\n<figure class=\"wp-block-image size-large\"><img loading=\"lazy\" decoding=\"async\" width=\"1024\" height=\"771\" data-id=\"10259\" src=\"https:\/\/nahuelproducciones.com.ar\/radioquijano\/wp-content\/uploads\/2025\/05\/WhatsApp-Image-2025-05-23-at-10.09.55-AM-1024x771.jpeg\" alt=\"\" class=\"wp-image-10259\" srcset=\"https:\/\/nahuelproducciones.com.ar\/radioquijano\/wp-content\/uploads\/2025\/05\/WhatsApp-Image-2025-05-23-at-10.09.55-AM-1024x771.jpeg 1024w, https:\/\/nahuelproducciones.com.ar\/radioquijano\/wp-content\/uploads\/2025\/05\/WhatsApp-Image-2025-05-23-at-10.09.55-AM-300x226.jpeg 300w, https:\/\/nahuelproducciones.com.ar\/radioquijano\/wp-content\/uploads\/2025\/05\/WhatsApp-Image-2025-05-23-at-10.09.55-AM-768x578.jpeg 768w, https:\/\/nahuelproducciones.com.ar\/radioquijano\/wp-content\/uploads\/2025\/05\/WhatsApp-Image-2025-05-23-at-10.09.55-AM-1536x1156.jpeg 1536w, https:\/\/nahuelproducciones.com.ar\/radioquijano\/wp-content\/uploads\/2025\/05\/WhatsApp-Image-2025-05-23-at-10.09.55-AM-150x113.jpeg 150w, https:\/\/nahuelproducciones.com.ar\/radioquijano\/wp-content\/uploads\/2025\/05\/WhatsApp-Image-2025-05-23-at-10.09.55-AM.jpeg 1600w\" sizes=\"auto, (max-width: 1024px) 100vw, 1024px\" \/><\/figure>\n\n\n\n<figure class=\"wp-block-image size-large\"><img loading=\"lazy\" decoding=\"async\" width=\"1024\" height=\"771\" data-id=\"10261\" src=\"https:\/\/nahuelproducciones.com.ar\/radioquijano\/wp-content\/uploads\/2025\/05\/WhatsApp-Image-2025-05-23-at-10.09.56-AM-1024x771.jpeg\" alt=\"\" class=\"wp-image-10261\" srcset=\"https:\/\/nahuelproducciones.com.ar\/radioquijano\/wp-content\/uploads\/2025\/05\/WhatsApp-Image-2025-05-23-at-10.09.56-AM-1024x771.jpeg 1024w, https:\/\/nahuelproducciones.com.ar\/radioquijano\/wp-content\/uploads\/2025\/05\/WhatsApp-Image-2025-05-23-at-10.09.56-AM-300x226.jpeg 300w, https:\/\/nahuelproducciones.com.ar\/radioquijano\/wp-content\/uploads\/2025\/05\/WhatsApp-Image-2025-05-23-at-10.09.56-AM-768x578.jpeg 768w, https:\/\/nahuelproducciones.com.ar\/radioquijano\/wp-content\/uploads\/2025\/05\/WhatsApp-Image-2025-05-23-at-10.09.56-AM-1536x1156.jpeg 1536w, https:\/\/nahuelproducciones.com.ar\/radioquijano\/wp-content\/uploads\/2025\/05\/WhatsApp-Image-2025-05-23-at-10.09.56-AM-150x113.jpeg 150w, https:\/\/nahuelproducciones.com.ar\/radioquijano\/wp-content\/uploads\/2025\/05\/WhatsApp-Image-2025-05-23-at-10.09.56-AM.jpeg 1600w\" sizes=\"auto, (max-width: 1024px) 100vw, 1024px\" \/><\/figure>\n\n\n\n<figure class=\"wp-block-image size-large\"><img loading=\"lazy\" decoding=\"async\" width=\"1024\" height=\"771\" data-id=\"10262\" src=\"https:\/\/nahuelproducciones.com.ar\/radioquijano\/wp-content\/uploads\/2025\/05\/WhatsApp-Image-2025-05-23-at-10.09.57-AM-1-1024x771.jpeg\" alt=\"\" class=\"wp-image-10262\" srcset=\"https:\/\/nahuelproducciones.com.ar\/radioquijano\/wp-content\/uploads\/2025\/05\/WhatsApp-Image-2025-05-23-at-10.09.57-AM-1-1024x771.jpeg 1024w, https:\/\/nahuelproducciones.com.ar\/radioquijano\/wp-content\/uploads\/2025\/05\/WhatsApp-Image-2025-05-23-at-10.09.57-AM-1-300x226.jpeg 300w, https:\/\/nahuelproducciones.com.ar\/radioquijano\/wp-content\/uploads\/2025\/05\/WhatsApp-Image-2025-05-23-at-10.09.57-AM-1-768x578.jpeg 768w, https:\/\/nahuelproducciones.com.ar\/radioquijano\/wp-content\/uploads\/2025\/05\/WhatsApp-Image-2025-05-23-at-10.09.57-AM-1-1536x1156.jpeg 1536w, https:\/\/nahuelproducciones.com.ar\/radioquijano\/wp-content\/uploads\/2025\/05\/WhatsApp-Image-2025-05-23-at-10.09.57-AM-1-150x113.jpeg 150w, https:\/\/nahuelproducciones.com.ar\/radioquijano\/wp-content\/uploads\/2025\/05\/WhatsApp-Image-2025-05-23-at-10.09.57-AM-1.jpeg 1600w\" sizes=\"auto, (max-width: 1024px) 100vw, 1024px\" \/><\/figure>\n\n\n\n<figure class=\"wp-block-image size-large\"><img loading=\"lazy\" decoding=\"async\" width=\"1024\" height=\"771\" data-id=\"10257\" src=\"https:\/\/nahuelproducciones.com.ar\/radioquijano\/wp-content\/uploads\/2025\/05\/WhatsApp-Image-2025-05-23-at-10.09.57-AM-1024x771.jpeg\" alt=\"\" class=\"wp-image-10257\" srcset=\"https:\/\/nahuelproducciones.com.ar\/radioquijano\/wp-content\/uploads\/2025\/05\/WhatsApp-Image-2025-05-23-at-10.09.57-AM-1024x771.jpeg 1024w, https:\/\/nahuelproducciones.com.ar\/radioquijano\/wp-content\/uploads\/2025\/05\/WhatsApp-Image-2025-05-23-at-10.09.57-AM-300x226.jpeg 300w, https:\/\/nahuelproducciones.com.ar\/radioquijano\/wp-content\/uploads\/2025\/05\/WhatsApp-Image-2025-05-23-at-10.09.57-AM-768x578.jpeg 768w, https:\/\/nahuelproducciones.com.ar\/radioquijano\/wp-content\/uploads\/2025\/05\/WhatsApp-Image-2025-05-23-at-10.09.57-AM-1536x1156.jpeg 1536w, https:\/\/nahuelproducciones.com.ar\/radioquijano\/wp-content\/uploads\/2025\/05\/WhatsApp-Image-2025-05-23-at-10.09.57-AM-150x113.jpeg 150w, https:\/\/nahuelproducciones.com.ar\/radioquijano\/wp-content\/uploads\/2025\/05\/WhatsApp-Image-2025-05-23-at-10.09.57-AM.jpeg 1600w\" sizes=\"auto, (max-width: 1024px) 100vw, 1024px\" \/><\/figure>\n\n\n\n<figure class=\"wp-block-image size-large\"><img loading=\"lazy\" decoding=\"async\" width=\"1024\" height=\"771\" data-id=\"10256\" src=\"https:\/\/nahuelproducciones.com.ar\/radioquijano\/wp-content\/uploads\/2025\/05\/WhatsApp-Image-2025-05-23-at-10.09.58-AM-1-1024x771.jpeg\" alt=\"\" class=\"wp-image-10256\" srcset=\"https:\/\/nahuelproducciones.com.ar\/radioquijano\/wp-content\/uploads\/2025\/05\/WhatsApp-Image-2025-05-23-at-10.09.58-AM-1-1024x771.jpeg 1024w, https:\/\/nahuelproducciones.com.ar\/radioquijano\/wp-content\/uploads\/2025\/05\/WhatsApp-Image-2025-05-23-at-10.09.58-AM-1-300x226.jpeg 300w, https:\/\/nahuelproducciones.com.ar\/radioquijano\/wp-content\/uploads\/2025\/05\/WhatsApp-Image-2025-05-23-at-10.09.58-AM-1-768x578.jpeg 768w, https:\/\/nahuelproducciones.com.ar\/radioquijano\/wp-content\/uploads\/2025\/05\/WhatsApp-Image-2025-05-23-at-10.09.58-AM-1-1536x1156.jpeg 1536w, https:\/\/nahuelproducciones.com.ar\/radioquijano\/wp-content\/uploads\/2025\/05\/WhatsApp-Image-2025-05-23-at-10.09.58-AM-1-150x113.jpeg 150w, https:\/\/nahuelproducciones.com.ar\/radioquijano\/wp-content\/uploads\/2025\/05\/WhatsApp-Image-2025-05-23-at-10.09.58-AM-1.jpeg 1600w\" sizes=\"auto, (max-width: 1024px) 100vw, 1024px\" \/><\/figure>\n\n\n\n<figure class=\"wp-block-image size-large\"><img loading=\"lazy\" decoding=\"async\" width=\"1024\" height=\"771\" data-id=\"10255\" src=\"https:\/\/nahuelproducciones.com.ar\/radioquijano\/wp-content\/uploads\/2025\/05\/WhatsApp-Image-2025-05-23-at-10.09.58-AM-1024x771.jpeg\" alt=\"\" class=\"wp-image-10255\" srcset=\"https:\/\/nahuelproducciones.com.ar\/radioquijano\/wp-content\/uploads\/2025\/05\/WhatsApp-Image-2025-05-23-at-10.09.58-AM-1024x771.jpeg 1024w, https:\/\/nahuelproducciones.com.ar\/radioquijano\/wp-content\/uploads\/2025\/05\/WhatsApp-Image-2025-05-23-at-10.09.58-AM-300x226.jpeg 300w, https:\/\/nahuelproducciones.com.ar\/radioquijano\/wp-content\/uploads\/2025\/05\/WhatsApp-Image-2025-05-23-at-10.09.58-AM-768x578.jpeg 768w, https:\/\/nahuelproducciones.com.ar\/radioquijano\/wp-content\/uploads\/2025\/05\/WhatsApp-Image-2025-05-23-at-10.09.58-AM-1536x1156.jpeg 1536w, https:\/\/nahuelproducciones.com.ar\/radioquijano\/wp-content\/uploads\/2025\/05\/WhatsApp-Image-2025-05-23-at-10.09.58-AM-150x113.jpeg 150w, https:\/\/nahuelproducciones.com.ar\/radioquijano\/wp-content\/uploads\/2025\/05\/WhatsApp-Image-2025-05-23-at-10.09.58-AM.jpeg 1600w\" sizes=\"auto, (max-width: 1024px) 100vw, 1024px\" \/><\/figure>\n\n\n\n<figure class=\"wp-block-image size-large\"><img loading=\"lazy\" decoding=\"async\" width=\"1024\" height=\"771\" data-id=\"10264\" src=\"https:\/\/nahuelproducciones.com.ar\/radioquijano\/wp-content\/uploads\/2025\/05\/WhatsApp-Image-2025-05-23-at-10.09.59-AM-1024x771.jpeg\" alt=\"\" class=\"wp-image-10264\" srcset=\"https:\/\/nahuelproducciones.com.ar\/radioquijano\/wp-content\/uploads\/2025\/05\/WhatsApp-Image-2025-05-23-at-10.09.59-AM-1024x771.jpeg 1024w, https:\/\/nahuelproducciones.com.ar\/radioquijano\/wp-content\/uploads\/2025\/05\/WhatsApp-Image-2025-05-23-at-10.09.59-AM-300x226.jpeg 300w, https:\/\/nahuelproducciones.com.ar\/radioquijano\/wp-content\/uploads\/2025\/05\/WhatsApp-Image-2025-05-23-at-10.09.59-AM-768x578.jpeg 768w, https:\/\/nahuelproducciones.com.ar\/radioquijano\/wp-content\/uploads\/2025\/05\/WhatsApp-Image-2025-05-23-at-10.09.59-AM-1536x1156.jpeg 1536w, https:\/\/nahuelproducciones.com.ar\/radioquijano\/wp-content\/uploads\/2025\/05\/WhatsApp-Image-2025-05-23-at-10.09.59-AM-150x113.jpeg 150w, https:\/\/nahuelproducciones.com.ar\/radioquijano\/wp-content\/uploads\/2025\/05\/WhatsApp-Image-2025-05-23-at-10.09.59-AM.jpeg 1600w\" sizes=\"auto, (max-width: 1024px) 100vw, 1024px\" \/><\/figure>\n<\/figure>\n","protected":false},"excerpt":{"rendered":"<p>La crecida de los r\u00edos en febrero dej\u00f3 a las comunidades originarias de la Quebrada del Toro sin cultivos, sin agua y sin asistencia. Lo que en otras zonas ser\u00eda seguido por un plan de contingencia estatal, aqu\u00ed fue seguido por el silencio y la ausencia: \u00abEn esta provincia, no solo se retira el agua, [&hellip;]<\/p>\n","protected":false},"author":8,"featured_media":10265,"comment_status":"open","ping_status":"open","sticky":false,"template":"","format":"standard","meta":{"_monsterinsights_skip_tracking":false,"_monsterinsights_sitenote_active":false,"_monsterinsights_sitenote_note":"","_monsterinsights_sitenote_category":0,"footnotes":""},"categories":[16],"tags":[100,1809,76],"class_list":["post-10249","post","type-post","status-publish","format-standard","has-post-thumbnail","hentry","category-noticias","tag-municipio-de-campo-quijano","tag-pueblo-de-tastil","tag-quebrada-del-toro"],"yoast_head":"<!-- This site is optimized with the Yoast SEO plugin v20.8 - https:\/\/yoast.com\/wordpress\/plugins\/seo\/ -->\n<title>Tras las crecidas del r\u00edo, el Estado tambi\u00e9n se retira: grave denuncia de comunidades originarias de la Quebrada del Toro - RQ 99.9<\/title>\n<meta name=\"description\" content=\"El Consejo del Pueblo Tastil denuncia el abandono del Estado provincial y municipal tras el desastre natural de febrero. Reclaman medidas urgentes y advierten que no permitir\u00e1n el retiro de maquinaria hasta obtener respuestas.\" \/>\n<meta name=\"robots\" content=\"index, follow, max-snippet:-1, max-image-preview:large, max-video-preview:-1\" \/>\n<link rel=\"canonical\" href=\"https:\/\/nahuelproducciones.com.ar\/radioquijano\/tras-las-crecidas-del-rio-el-estado-tambien-se-retira-grave-denuncia-de-comunidades-originarias-de-la-quebrada-del-toro\/\" \/>\n<meta property=\"og:locale\" content=\"es_ES\" \/>\n<meta property=\"og:type\" content=\"article\" \/>\n<meta property=\"og:title\" content=\"Tras las crecidas del r\u00edo, el Estado tambi\u00e9n se retira: grave denuncia de comunidades originarias de la Quebrada del Toro - RQ 99.9\" \/>\n<meta property=\"og:description\" content=\"El Consejo del Pueblo Tastil denuncia el abandono del Estado provincial y municipal tras el desastre natural de febrero. Reclaman medidas urgentes y advierten que no permitir\u00e1n el retiro de maquinaria hasta obtener respuestas.\" \/>\n<meta property=\"og:url\" content=\"https:\/\/nahuelproducciones.com.ar\/radioquijano\/tras-las-crecidas-del-rio-el-estado-tambien-se-retira-grave-denuncia-de-comunidades-originarias-de-la-quebrada-del-toro\/\" \/>\n<meta property=\"og:site_name\" content=\"RQ 99.9\" \/>\n<meta property=\"article:publisher\" content=\"https:\/\/www.facebook.com\/nahuelproducciones999\/\" \/>\n<meta property=\"article:published_time\" content=\"2025-05-24T15:23:20+00:00\" \/>\n<meta property=\"article:modified_time\" content=\"2025-05-24T15:23:22+00:00\" \/>\n<meta property=\"og:image\" content=\"https:\/\/nahuelproducciones.com.ar\/radioquijano\/wp-content\/uploads\/2025\/05\/WhatsApp-Image-2025-05-23-at-10.09.59-AM-1-e1748100128880.jpeg\" \/>\n\t<meta property=\"og:image:width\" content=\"700\" \/>\n\t<meta property=\"og:image:height\" content=\"527\" \/>\n\t<meta property=\"og:image:type\" content=\"image\/jpeg\" \/>\n<meta name=\"author\" content=\"Cecilia Pastrana\" \/>\n<meta name=\"twitter:card\" content=\"summary_large_image\" \/>\n<meta name=\"twitter:creator\" content=\"@nahuproduciones\" \/>\n<meta name=\"twitter:site\" content=\"@nahuproduciones\" \/>\n<meta name=\"twitter:label1\" content=\"Escrito por\" \/>\n\t<meta name=\"twitter:data1\" content=\"Cecilia Pastrana\" \/>\n\t<meta name=\"twitter:label2\" content=\"Tiempo de lectura\" \/>\n\t<meta name=\"twitter:data2\" content=\"5 minutos\" \/>\n<script type=\"application\/ld+json\" class=\"yoast-schema-graph\">{\"@context\":\"https:\/\/schema.org\",\"@graph\":[{\"@type\":\"WebPage\",\"@id\":\"https:\/\/nahuelproducciones.com.ar\/radioquijano\/tras-las-crecidas-del-rio-el-estado-tambien-se-retira-grave-denuncia-de-comunidades-originarias-de-la-quebrada-del-toro\/\",\"url\":\"https:\/\/nahuelproducciones.com.ar\/radioquijano\/tras-las-crecidas-del-rio-el-estado-tambien-se-retira-grave-denuncia-de-comunidades-originarias-de-la-quebrada-del-toro\/\",\"name\":\"Tras las crecidas del r\u00edo, el Estado tambi\u00e9n se retira: grave denuncia de comunidades originarias de la Quebrada del Toro - RQ 99.9\",\"isPartOf\":{\"@id\":\"https:\/\/nahuelproducciones.com.ar\/radioquijano\/#website\"},\"datePublished\":\"2025-05-24T15:23:20+00:00\",\"dateModified\":\"2025-05-24T15:23:22+00:00\",\"author\":{\"@id\":\"https:\/\/nahuelproducciones.com.ar\/radioquijano\/#\/schema\/person\/e8a4f939e2cb487fe6d0c54042c9d32c\"},\"description\":\"El Consejo del Pueblo Tastil denuncia el abandono del Estado provincial y municipal tras el desastre natural de febrero. Reclaman medidas urgentes y advierten que no permitir\u00e1n el retiro de maquinaria hasta obtener respuestas.\",\"breadcrumb\":{\"@id\":\"https:\/\/nahuelproducciones.com.ar\/radioquijano\/tras-las-crecidas-del-rio-el-estado-tambien-se-retira-grave-denuncia-de-comunidades-originarias-de-la-quebrada-del-toro\/#breadcrumb\"},\"inLanguage\":\"es\",\"potentialAction\":[{\"@type\":\"ReadAction\",\"target\":[\"https:\/\/nahuelproducciones.com.ar\/radioquijano\/tras-las-crecidas-del-rio-el-estado-tambien-se-retira-grave-denuncia-de-comunidades-originarias-de-la-quebrada-del-toro\/\"]}]},{\"@type\":\"BreadcrumbList\",\"@id\":\"https:\/\/nahuelproducciones.com.ar\/radioquijano\/tras-las-crecidas-del-rio-el-estado-tambien-se-retira-grave-denuncia-de-comunidades-originarias-de-la-quebrada-del-toro\/#breadcrumb\",\"itemListElement\":[{\"@type\":\"ListItem\",\"position\":1,\"name\":\"Portada\",\"item\":\"https:\/\/nahuelproducciones.com.ar\/radioquijano\/\"},{\"@type\":\"ListItem\",\"position\":2,\"name\":\"Tras las crecidas del r\u00edo, el Estado tambi\u00e9n se retira: grave denuncia de comunidades originarias de la Quebrada del Toro\"}]},{\"@type\":\"WebSite\",\"@id\":\"https:\/\/nahuelproducciones.com.ar\/radioquijano\/#website\",\"url\":\"https:\/\/nahuelproducciones.com.ar\/radioquijano\/\",\"name\":\"RQ 99.9\",\"description\":\"Radio Quijano 99.9 MHz\",\"potentialAction\":[{\"@type\":\"SearchAction\",\"target\":{\"@type\":\"EntryPoint\",\"urlTemplate\":\"https:\/\/nahuelproducciones.com.ar\/radioquijano\/?s={search_term_string}\"},\"query-input\":\"required name=search_term_string\"}],\"inLanguage\":\"es\"},{\"@type\":\"Person\",\"@id\":\"https:\/\/nahuelproducciones.com.ar\/radioquijano\/#\/schema\/person\/e8a4f939e2cb487fe6d0c54042c9d32c\",\"name\":\"Cecilia Pastrana\",\"image\":{\"@type\":\"ImageObject\",\"inLanguage\":\"es\",\"@id\":\"https:\/\/nahuelproducciones.com.ar\/radioquijano\/#\/schema\/person\/image\/\",\"url\":\"https:\/\/secure.gravatar.com\/avatar\/661a3ef63a8488d4f2794ed44af8cf71420f7e106f3072c40125114df5157749?s=96&d=mm&r=g\",\"contentUrl\":\"https:\/\/secure.gravatar.com\/avatar\/661a3ef63a8488d4f2794ed44af8cf71420f7e106f3072c40125114df5157749?s=96&d=mm&r=g\",\"caption\":\"Cecilia Pastrana\"},\"sameAs\":[\"cecy\"],\"url\":\"https:\/\/nahuelproducciones.com.ar\/radioquijano\/author\/cecy\/\"}]}<\/script>\n<!-- \/ Yoast SEO plugin. -->","yoast_head_json":{"title":"Tras las crecidas del r\u00edo, el Estado tambi\u00e9n se retira: grave denuncia de comunidades originarias de la Quebrada del Toro - RQ 99.9","description":"El Consejo del Pueblo Tastil denuncia el abandono del Estado provincial y municipal tras el desastre natural de febrero. Reclaman medidas urgentes y advierten que no permitir\u00e1n el retiro de maquinaria hasta obtener respuestas.","robots":{"index":"index","follow":"follow","max-snippet":"max-snippet:-1","max-image-preview":"max-image-preview:large","max-video-preview":"max-video-preview:-1"},"canonical":"https:\/\/nahuelproducciones.com.ar\/radioquijano\/tras-las-crecidas-del-rio-el-estado-tambien-se-retira-grave-denuncia-de-comunidades-originarias-de-la-quebrada-del-toro\/","og_locale":"es_ES","og_type":"article","og_title":"Tras las crecidas del r\u00edo, el Estado tambi\u00e9n se retira: grave denuncia de comunidades originarias de la Quebrada del Toro - RQ 99.9","og_description":"El Consejo del Pueblo Tastil denuncia el abandono del Estado provincial y municipal tras el desastre natural de febrero. Reclaman medidas urgentes y advierten que no permitir\u00e1n el retiro de maquinaria hasta obtener respuestas.","og_url":"https:\/\/nahuelproducciones.com.ar\/radioquijano\/tras-las-crecidas-del-rio-el-estado-tambien-se-retira-grave-denuncia-de-comunidades-originarias-de-la-quebrada-del-toro\/","og_site_name":"RQ 99.9","article_publisher":"https:\/\/www.facebook.com\/nahuelproducciones999\/","article_published_time":"2025-05-24T15:23:20+00:00","article_modified_time":"2025-05-24T15:23:22+00:00","og_image":[{"width":700,"height":527,"url":"https:\/\/nahuelproducciones.com.ar\/radioquijano\/wp-content\/uploads\/2025\/05\/WhatsApp-Image-2025-05-23-at-10.09.59-AM-1-e1748100128880.jpeg","type":"image\/jpeg"}],"author":"Cecilia Pastrana","twitter_card":"summary_large_image","twitter_creator":"@nahuproduciones","twitter_site":"@nahuproduciones","twitter_misc":{"Escrito por":"Cecilia Pastrana","Tiempo de lectura":"5 minutos"},"schema":{"@context":"https:\/\/schema.org","@graph":[{"@type":"WebPage","@id":"https:\/\/nahuelproducciones.com.ar\/radioquijano\/tras-las-crecidas-del-rio-el-estado-tambien-se-retira-grave-denuncia-de-comunidades-originarias-de-la-quebrada-del-toro\/","url":"https:\/\/nahuelproducciones.com.ar\/radioquijano\/tras-las-crecidas-del-rio-el-estado-tambien-se-retira-grave-denuncia-de-comunidades-originarias-de-la-quebrada-del-toro\/","name":"Tras las crecidas del r\u00edo, el Estado tambi\u00e9n se retira: grave denuncia de comunidades originarias de la Quebrada del Toro - RQ 99.9","isPartOf":{"@id":"https:\/\/nahuelproducciones.com.ar\/radioquijano\/#website"},"datePublished":"2025-05-24T15:23:20+00:00","dateModified":"2025-05-24T15:23:22+00:00","author":{"@id":"https:\/\/nahuelproducciones.com.ar\/radioquijano\/#\/schema\/person\/e8a4f939e2cb487fe6d0c54042c9d32c"},"description":"El Consejo del Pueblo Tastil denuncia el abandono del Estado provincial y municipal tras el desastre natural de febrero. Reclaman medidas urgentes y advierten que no permitir\u00e1n el retiro de maquinaria hasta obtener respuestas.","breadcrumb":{"@id":"https:\/\/nahuelproducciones.com.ar\/radioquijano\/tras-las-crecidas-del-rio-el-estado-tambien-se-retira-grave-denuncia-de-comunidades-originarias-de-la-quebrada-del-toro\/#breadcrumb"},"inLanguage":"es","potentialAction":[{"@type":"ReadAction","target":["https:\/\/nahuelproducciones.com.ar\/radioquijano\/tras-las-crecidas-del-rio-el-estado-tambien-se-retira-grave-denuncia-de-comunidades-originarias-de-la-quebrada-del-toro\/"]}]},{"@type":"BreadcrumbList","@id":"https:\/\/nahuelproducciones.com.ar\/radioquijano\/tras-las-crecidas-del-rio-el-estado-tambien-se-retira-grave-denuncia-de-comunidades-originarias-de-la-quebrada-del-toro\/#breadcrumb","itemListElement":[{"@type":"ListItem","position":1,"name":"Portada","item":"https:\/\/nahuelproducciones.com.ar\/radioquijano\/"},{"@type":"ListItem","position":2,"name":"Tras las crecidas del r\u00edo, el Estado tambi\u00e9n se retira: grave denuncia de comunidades originarias de la Quebrada del Toro"}]},{"@type":"WebSite","@id":"https:\/\/nahuelproducciones.com.ar\/radioquijano\/#website","url":"https:\/\/nahuelproducciones.com.ar\/radioquijano\/","name":"RQ 99.9","description":"Radio Quijano 99.9 MHz","potentialAction":[{"@type":"SearchAction","target":{"@type":"EntryPoint","urlTemplate":"https:\/\/nahuelproducciones.com.ar\/radioquijano\/?s={search_term_string}"},"query-input":"required name=search_term_string"}],"inLanguage":"es"},{"@type":"Person","@id":"https:\/\/nahuelproducciones.com.ar\/radioquijano\/#\/schema\/person\/e8a4f939e2cb487fe6d0c54042c9d32c","name":"Cecilia Pastrana","image":{"@type":"ImageObject","inLanguage":"es","@id":"https:\/\/nahuelproducciones.com.ar\/radioquijano\/#\/schema\/person\/image\/","url":"https:\/\/secure.gravatar.com\/avatar\/661a3ef63a8488d4f2794ed44af8cf71420f7e106f3072c40125114df5157749?s=96&d=mm&r=g","contentUrl":"https:\/\/secure.gravatar.com\/avatar\/661a3ef63a8488d4f2794ed44af8cf71420f7e106f3072c40125114df5157749?s=96&d=mm&r=g","caption":"Cecilia Pastrana"},"sameAs":["cecy"],"url":"https:\/\/nahuelproducciones.com.ar\/radioquijano\/author\/cecy\/"}]}},"_links":{"self":[{"href":"https:\/\/nahuelproducciones.com.ar\/radioquijano\/wp-json\/wp\/v2\/posts\/10249","targetHints":{"allow":["GET"]}}],"collection":[{"href":"https:\/\/nahuelproducciones.com.ar\/radioquijano\/wp-json\/wp\/v2\/posts"}],"about":[{"href":"https:\/\/nahuelproducciones.com.ar\/radioquijano\/wp-json\/wp\/v2\/types\/post"}],"author":[{"embeddable":true,"href":"https:\/\/nahuelproducciones.com.ar\/radioquijano\/wp-json\/wp\/v2\/users\/8"}],"replies":[{"embeddable":true,"href":"https:\/\/nahuelproducciones.com.ar\/radioquijano\/wp-json\/wp\/v2\/comments?post=10249"}],"version-history":[{"count":1,"href":"https:\/\/nahuelproducciones.com.ar\/radioquijano\/wp-json\/wp\/v2\/posts\/10249\/revisions"}],"predecessor-version":[{"id":10266,"href":"https:\/\/nahuelproducciones.com.ar\/radioquijano\/wp-json\/wp\/v2\/posts\/10249\/revisions\/10266"}],"wp:featuredmedia":[{"embeddable":true,"href":"https:\/\/nahuelproducciones.com.ar\/radioquijano\/wp-json\/wp\/v2\/media\/10265"}],"wp:attachment":[{"href":"https:\/\/nahuelproducciones.com.ar\/radioquijano\/wp-json\/wp\/v2\/media?parent=10249"}],"wp:term":[{"taxonomy":"category","embeddable":true,"href":"https:\/\/nahuelproducciones.com.ar\/radioquijano\/wp-json\/wp\/v2\/categories?post=10249"},{"taxonomy":"post_tag","embeddable":true,"href":"https:\/\/nahuelproducciones.com.ar\/radioquijano\/wp-json\/wp\/v2\/tags?post=10249"}],"curies":[{"name":"wp","href":"https:\/\/api.w.org\/{rel}","templated":true}]}}