{"id":10293,"date":"2025-05-30T01:24:27","date_gmt":"2025-05-30T04:24:27","guid":{"rendered":"https:\/\/nahuelproducciones.com.ar\/radioquijano\/?p=10293"},"modified":"2025-05-30T10:04:46","modified_gmt":"2025-05-30T13:04:46","slug":"sacha-castro-sec-de-gobierno-de-la-municipalidad-de-campo-quijano-esta-confundido","status":"publish","type":"post","link":"https:\/\/nahuelproducciones.com.ar\/radioquijano\/sacha-castro-sec-de-gobierno-de-la-municipalidad-de-campo-quijano-esta-confundido\/","title":{"rendered":"Sacha Castro, Secr. de Gobierno de la Municipalidad de Campo Quijano esta confundido."},"content":{"rendered":"\n<p>Por Cady Guzm\u00e1n<\/p>\n\n\n\n<p>Recientemente el Secretario de Gobierno de la Municipalidad de Campo Quijano Adri\u00e1n Castro envi\u00f3 una nota en respuesta al pedido de informes desde el Concejo Deliberante. En la nota de respuesta al pedido de informes el secretario argumenta incoherencias, desconocimiento del deber de funcionario p\u00fablico y hasta aduce un gasto innecesario el responder al informe.<\/p>\n\n\n\n<p><\/p>\n\n\n\n<h3 class=\"wp-block-heading\">1. <strong>Confusi\u00f3n entre informar y promulgar<\/strong><\/h3>\n\n\n\n<p>El pedido de informe N.\u00ba 05\/2025 <strong>no solicita la promulgaci\u00f3n<\/strong> de una ordenanza, sino que <strong>solicita informaci\u00f3n<\/strong> sobre su estado legal y administrativo. Promulgar una ordenanza es una <strong>obligaci\u00f3n del Ejecutivo<\/strong> establecida en la legislaci\u00f3n, mientras que <strong>informar al Concejo Deliberante<\/strong> sobre su promulgaci\u00f3n o veto tambi\u00e9n es un <strong>deber de transparencia y control institucional<\/strong>.<\/p>\n\n\n\n<blockquote class=\"wp-block-quote is-layout-flow wp-block-quote-is-layout-flow\">\n<p><strong>Conclusi\u00f3n:<\/strong> La nota intenta desviar el foco del pedido de informe hacia una discusi\u00f3n sobre la promulgaci\u00f3n, cuando en realidad <strong>el Concejo est\u00e1 pidiendo informaci\u00f3n, no gestionando la promulgaci\u00f3n<\/strong>.<\/p>\n<\/blockquote>\n\n\n\n<hr class=\"wp-block-separator has-alpha-channel-opacity\"\/>\n\n\n\n<h3 class=\"wp-block-heading\">&#x274c; 2. <strong>Mal uso de los principios del Derecho Administrativo<\/strong><\/h3>\n\n\n\n<p>Se mencionan principios como <strong>razonabilidad, oportunidad, m\u00e9rito y conveniencia<\/strong>, pero se los utiliza para <strong>justificar la omisi\u00f3n de una obligaci\u00f3n legal<\/strong>: responder un pedido de informe. Estos principios no pueden usarse para <strong>eludir un deber jur\u00eddico<\/strong>, como lo es el de rendir cuentas ante el Concejo Deliberante.<\/p>\n\n\n\n<blockquote class=\"wp-block-quote is-layout-flow wp-block-quote-is-layout-flow\">\n<p><strong>Conclusi\u00f3n:<\/strong> Los principios invocados <strong>no suplantan<\/strong> ni <strong>anulan<\/strong> las obligaciones formales. No contestar un pedido de informe aprobado por el Concejo <strong>es una falta administrativa<\/strong>.<\/p>\n<\/blockquote>\n\n\n\n<hr class=\"wp-block-separator has-alpha-channel-opacity\"\/>\n\n\n\n<h3 class=\"wp-block-heading\">&#x274c; 3. <strong>Argumento de \u201cdispendio econ\u00f3mico y jur\u00eddico\u201d<\/strong><\/h3>\n\n\n\n<p>La nota se\u00f1ala que remitir algo que \u201cya se tiene\u201d ser\u00eda un dispendio. Sin embargo, el Concejo Deliberante <strong>es un \u00f3rgano de control<\/strong> y puede requerir la <strong>reiteraci\u00f3n formal<\/strong> de documentaci\u00f3n para verificar <strong>fechas, legalidad y cumplimiento<\/strong>.<\/p>\n\n\n\n<blockquote class=\"wp-block-quote is-layout-flow wp-block-quote-is-layout-flow\">\n<p><strong>Conclusi\u00f3n:<\/strong> No puede negarse una respuesta a un pedido de informe alegando que \u201cya lo tienen\u201d. La formalidad del control legislativo exige que <strong>la informaci\u00f3n se brinde en el marco del procedimiento de rendici\u00f3n de cuentas<\/strong>.<\/p>\n<\/blockquote>\n\n\n\n<hr class=\"wp-block-separator has-alpha-channel-opacity\"\/>\n\n\n\n<h3 class=\"wp-block-heading\">&#x274c; 4. <strong>Desconocimiento del procedimiento ante un veto<\/strong><\/h3>\n\n\n\n<p>Se menciona que solo se deber\u00eda remitir informaci\u00f3n si hubiera un veto. Sin embargo, <strong>la obligaci\u00f3n del Ejecutivo es informar<\/strong> si vet\u00f3, promulg\u00f3 o no tom\u00f3 ninguna decisi\u00f3n respecto a una ordenanza, en los plazos que marca la ley. El silencio o la falta de respuesta <strong>tambi\u00e9n es un hecho que debe informarse<\/strong>.<\/p>\n\n\n\n<hr class=\"wp-block-separator has-alpha-channel-opacity\"\/>\n\n\n\n<h2 class=\"wp-block-heading\">&#x2705; CONCLUSI\u00d3N<\/h2>\n\n\n\n<p>La nota intenta justificar el <strong>incumplimiento de un pedido de informe<\/strong> mediante argumentos improcedentes y descontextualizados del Derecho Administrativo. La verdadera obligaci\u00f3n del Ejecutivo es <strong>responder formalmente al Concejo<\/strong>, no juzgar si el pedido es oportuno o no.<\/p>\n\n\n\n<figure class=\"wp-block-image size-large is-resized\"><img loading=\"lazy\" decoding=\"async\" width=\"715\" height=\"1024\" src=\"https:\/\/nahuelproducciones.com.ar\/radioquijano\/wp-content\/uploads\/2025\/05\/nota-respuesta-de-castro-a-pedido-de-inorme-715x1024.jpeg\" alt=\"\" class=\"wp-image-10296\" style=\"width:840px;height:auto\" srcset=\"https:\/\/nahuelproducciones.com.ar\/radioquijano\/wp-content\/uploads\/2025\/05\/nota-respuesta-de-castro-a-pedido-de-inorme-715x1024.jpeg 715w, https:\/\/nahuelproducciones.com.ar\/radioquijano\/wp-content\/uploads\/2025\/05\/nota-respuesta-de-castro-a-pedido-de-inorme-209x300.jpeg 209w, https:\/\/nahuelproducciones.com.ar\/radioquijano\/wp-content\/uploads\/2025\/05\/nota-respuesta-de-castro-a-pedido-de-inorme-768x1100.jpeg 768w, https:\/\/nahuelproducciones.com.ar\/radioquijano\/wp-content\/uploads\/2025\/05\/nota-respuesta-de-castro-a-pedido-de-inorme-150x215.jpeg 150w, https:\/\/nahuelproducciones.com.ar\/radioquijano\/wp-content\/uploads\/2025\/05\/nota-respuesta-de-castro-a-pedido-de-inorme.jpeg 900w\" sizes=\"auto, (max-width: 715px) 100vw, 715px\" \/><figcaption class=\"wp-element-caption\">Respuesta del Secretario de Gobierno Adri\u00e1n Castro al pedido de informes del Concejo Deliberante de Campo QUijano<\/figcaption><\/figure>\n\n\n\n<p><\/p>\n","protected":false},"excerpt":{"rendered":"<p>Por Cady Guzm\u00e1n Recientemente el Secretario de Gobierno de la Municipalidad de Campo Quijano Adri\u00e1n Castro envi\u00f3 una nota en respuesta al pedido de informes desde el Concejo Deliberante. En la nota de respuesta al pedido de informes el secretario argumenta incoherencias, desconocimiento del deber de funcionario p\u00fablico y hasta aduce un gasto innecesario el [&hellip;]<\/p>\n","protected":false},"author":6,"featured_media":10295,"comment_status":"open","ping_status":"open","sticky":false,"template":"","format":"standard","meta":{"_monsterinsights_skip_tracking":false,"_monsterinsights_sitenote_active":false,"_monsterinsights_sitenote_note":"","_monsterinsights_sitenote_category":0,"footnotes":""},"categories":[16],"tags":[],"class_list":["post-10293","post","type-post","status-publish","format-standard","has-post-thumbnail","hentry","category-noticias"],"yoast_head":"<!-- This site is optimized with the Yoast SEO plugin v20.8 - https:\/\/yoast.com\/wordpress\/plugins\/seo\/ -->\n<title>Sacha Castro, Secr. de Gobierno de la Municipalidad de Campo Quijano esta confundido. - RQ 99.9<\/title>\n<meta name=\"robots\" content=\"index, follow, max-snippet:-1, max-image-preview:large, max-video-preview:-1\" \/>\n<link rel=\"canonical\" href=\"https:\/\/nahuelproducciones.com.ar\/radioquijano\/sacha-castro-sec-de-gobierno-de-la-municipalidad-de-campo-quijano-esta-confundido\/\" \/>\n<meta property=\"og:locale\" content=\"es_ES\" \/>\n<meta property=\"og:type\" content=\"article\" \/>\n<meta property=\"og:title\" content=\"Sacha Castro, Secr. de Gobierno de la Municipalidad de Campo Quijano esta confundido. - RQ 99.9\" \/>\n<meta property=\"og:description\" content=\"Por Cady Guzm\u00e1n Recientemente el Secretario de Gobierno de la Municipalidad de Campo Quijano Adri\u00e1n Castro envi\u00f3 una nota en respuesta al pedido de informes desde el Concejo Deliberante. En la nota de respuesta al pedido de informes el secretario argumenta incoherencias, desconocimiento del deber de funcionario p\u00fablico y hasta aduce un gasto innecesario el [&hellip;]\" \/>\n<meta property=\"og:url\" content=\"https:\/\/nahuelproducciones.com.ar\/radioquijano\/sacha-castro-sec-de-gobierno-de-la-municipalidad-de-campo-quijano-esta-confundido\/\" \/>\n<meta property=\"og:site_name\" content=\"RQ 99.9\" \/>\n<meta property=\"article:publisher\" content=\"https:\/\/www.facebook.com\/nahuelproducciones999\/\" \/>\n<meta property=\"article:published_time\" content=\"2025-05-30T04:24:27+00:00\" \/>\n<meta property=\"article:modified_time\" content=\"2025-05-30T13:04:46+00:00\" \/>\n<meta property=\"og:image\" content=\"https:\/\/nahuelproducciones.com.ar\/radioquijano\/wp-content\/uploads\/2025\/05\/sacha-castro-lino-yonar.jpg\" \/>\n\t<meta property=\"og:image:width\" content=\"700\" \/>\n\t<meta property=\"og:image:height\" content=\"463\" \/>\n\t<meta property=\"og:image:type\" content=\"image\/jpeg\" \/>\n<meta name=\"author\" content=\"Ricardo Guzman\" \/>\n<meta name=\"twitter:card\" content=\"summary_large_image\" \/>\n<meta name=\"twitter:creator\" content=\"@nahuproduciones\" \/>\n<meta name=\"twitter:site\" content=\"@nahuproduciones\" \/>\n<meta name=\"twitter:label1\" content=\"Escrito por\" \/>\n\t<meta name=\"twitter:data1\" content=\"Ricardo Guzman\" \/>\n\t<meta name=\"twitter:label2\" content=\"Tiempo de lectura\" \/>\n\t<meta name=\"twitter:data2\" content=\"3 minutos\" \/>\n<script type=\"application\/ld+json\" class=\"yoast-schema-graph\">{\"@context\":\"https:\/\/schema.org\",\"@graph\":[{\"@type\":\"WebPage\",\"@id\":\"https:\/\/nahuelproducciones.com.ar\/radioquijano\/sacha-castro-sec-de-gobierno-de-la-municipalidad-de-campo-quijano-esta-confundido\/\",\"url\":\"https:\/\/nahuelproducciones.com.ar\/radioquijano\/sacha-castro-sec-de-gobierno-de-la-municipalidad-de-campo-quijano-esta-confundido\/\",\"name\":\"Sacha Castro, Secr. de Gobierno de la Municipalidad de Campo Quijano esta confundido. - RQ 99.9\",\"isPartOf\":{\"@id\":\"https:\/\/nahuelproducciones.com.ar\/radioquijano\/#website\"},\"datePublished\":\"2025-05-30T04:24:27+00:00\",\"dateModified\":\"2025-05-30T13:04:46+00:00\",\"author\":{\"@id\":\"https:\/\/nahuelproducciones.com.ar\/radioquijano\/#\/schema\/person\/b9b81a110cbdf07949e2cd02d478ab9d\"},\"breadcrumb\":{\"@id\":\"https:\/\/nahuelproducciones.com.ar\/radioquijano\/sacha-castro-sec-de-gobierno-de-la-municipalidad-de-campo-quijano-esta-confundido\/#breadcrumb\"},\"inLanguage\":\"es\",\"potentialAction\":[{\"@type\":\"ReadAction\",\"target\":[\"https:\/\/nahuelproducciones.com.ar\/radioquijano\/sacha-castro-sec-de-gobierno-de-la-municipalidad-de-campo-quijano-esta-confundido\/\"]}]},{\"@type\":\"BreadcrumbList\",\"@id\":\"https:\/\/nahuelproducciones.com.ar\/radioquijano\/sacha-castro-sec-de-gobierno-de-la-municipalidad-de-campo-quijano-esta-confundido\/#breadcrumb\",\"itemListElement\":[{\"@type\":\"ListItem\",\"position\":1,\"name\":\"Portada\",\"item\":\"https:\/\/nahuelproducciones.com.ar\/radioquijano\/\"},{\"@type\":\"ListItem\",\"position\":2,\"name\":\"Sacha Castro, Secr. de Gobierno de la Municipalidad de Campo Quijano esta confundido.\"}]},{\"@type\":\"WebSite\",\"@id\":\"https:\/\/nahuelproducciones.com.ar\/radioquijano\/#website\",\"url\":\"https:\/\/nahuelproducciones.com.ar\/radioquijano\/\",\"name\":\"RQ 99.9\",\"description\":\"Radio Quijano 99.9 MHz\",\"potentialAction\":[{\"@type\":\"SearchAction\",\"target\":{\"@type\":\"EntryPoint\",\"urlTemplate\":\"https:\/\/nahuelproducciones.com.ar\/radioquijano\/?s={search_term_string}\"},\"query-input\":\"required name=search_term_string\"}],\"inLanguage\":\"es\"},{\"@type\":\"Person\",\"@id\":\"https:\/\/nahuelproducciones.com.ar\/radioquijano\/#\/schema\/person\/b9b81a110cbdf07949e2cd02d478ab9d\",\"name\":\"Ricardo Guzman\",\"image\":{\"@type\":\"ImageObject\",\"inLanguage\":\"es\",\"@id\":\"https:\/\/nahuelproducciones.com.ar\/radioquijano\/#\/schema\/person\/image\/\",\"url\":\"https:\/\/secure.gravatar.com\/avatar\/a5d582deda251f95dc882b72fc6e7b4854f88bb25c3154519210afffa7d706e8?s=96&d=mm&r=g\",\"contentUrl\":\"https:\/\/secure.gravatar.com\/avatar\/a5d582deda251f95dc882b72fc6e7b4854f88bb25c3154519210afffa7d706e8?s=96&d=mm&r=g\",\"caption\":\"Ricardo Guzman\"},\"url\":\"https:\/\/nahuelproducciones.com.ar\/radioquijano\/author\/cady\/\"}]}<\/script>\n<!-- \/ Yoast SEO plugin. -->","yoast_head_json":{"title":"Sacha Castro, Secr. de Gobierno de la Municipalidad de Campo Quijano esta confundido. - RQ 99.9","robots":{"index":"index","follow":"follow","max-snippet":"max-snippet:-1","max-image-preview":"max-image-preview:large","max-video-preview":"max-video-preview:-1"},"canonical":"https:\/\/nahuelproducciones.com.ar\/radioquijano\/sacha-castro-sec-de-gobierno-de-la-municipalidad-de-campo-quijano-esta-confundido\/","og_locale":"es_ES","og_type":"article","og_title":"Sacha Castro, Secr. de Gobierno de la Municipalidad de Campo Quijano esta confundido. - RQ 99.9","og_description":"Por Cady Guzm\u00e1n Recientemente el Secretario de Gobierno de la Municipalidad de Campo Quijano Adri\u00e1n Castro envi\u00f3 una nota en respuesta al pedido de informes desde el Concejo Deliberante. En la nota de respuesta al pedido de informes el secretario argumenta incoherencias, desconocimiento del deber de funcionario p\u00fablico y hasta aduce un gasto innecesario el [&hellip;]","og_url":"https:\/\/nahuelproducciones.com.ar\/radioquijano\/sacha-castro-sec-de-gobierno-de-la-municipalidad-de-campo-quijano-esta-confundido\/","og_site_name":"RQ 99.9","article_publisher":"https:\/\/www.facebook.com\/nahuelproducciones999\/","article_published_time":"2025-05-30T04:24:27+00:00","article_modified_time":"2025-05-30T13:04:46+00:00","og_image":[{"width":700,"height":463,"url":"https:\/\/nahuelproducciones.com.ar\/radioquijano\/wp-content\/uploads\/2025\/05\/sacha-castro-lino-yonar.jpg","type":"image\/jpeg"}],"author":"Ricardo Guzman","twitter_card":"summary_large_image","twitter_creator":"@nahuproduciones","twitter_site":"@nahuproduciones","twitter_misc":{"Escrito por":"Ricardo Guzman","Tiempo de lectura":"3 minutos"},"schema":{"@context":"https:\/\/schema.org","@graph":[{"@type":"WebPage","@id":"https:\/\/nahuelproducciones.com.ar\/radioquijano\/sacha-castro-sec-de-gobierno-de-la-municipalidad-de-campo-quijano-esta-confundido\/","url":"https:\/\/nahuelproducciones.com.ar\/radioquijano\/sacha-castro-sec-de-gobierno-de-la-municipalidad-de-campo-quijano-esta-confundido\/","name":"Sacha Castro, Secr. de Gobierno de la Municipalidad de Campo Quijano esta confundido. - RQ 99.9","isPartOf":{"@id":"https:\/\/nahuelproducciones.com.ar\/radioquijano\/#website"},"datePublished":"2025-05-30T04:24:27+00:00","dateModified":"2025-05-30T13:04:46+00:00","author":{"@id":"https:\/\/nahuelproducciones.com.ar\/radioquijano\/#\/schema\/person\/b9b81a110cbdf07949e2cd02d478ab9d"},"breadcrumb":{"@id":"https:\/\/nahuelproducciones.com.ar\/radioquijano\/sacha-castro-sec-de-gobierno-de-la-municipalidad-de-campo-quijano-esta-confundido\/#breadcrumb"},"inLanguage":"es","potentialAction":[{"@type":"ReadAction","target":["https:\/\/nahuelproducciones.com.ar\/radioquijano\/sacha-castro-sec-de-gobierno-de-la-municipalidad-de-campo-quijano-esta-confundido\/"]}]},{"@type":"BreadcrumbList","@id":"https:\/\/nahuelproducciones.com.ar\/radioquijano\/sacha-castro-sec-de-gobierno-de-la-municipalidad-de-campo-quijano-esta-confundido\/#breadcrumb","itemListElement":[{"@type":"ListItem","position":1,"name":"Portada","item":"https:\/\/nahuelproducciones.com.ar\/radioquijano\/"},{"@type":"ListItem","position":2,"name":"Sacha Castro, Secr. de Gobierno de la Municipalidad de Campo Quijano esta confundido."}]},{"@type":"WebSite","@id":"https:\/\/nahuelproducciones.com.ar\/radioquijano\/#website","url":"https:\/\/nahuelproducciones.com.ar\/radioquijano\/","name":"RQ 99.9","description":"Radio Quijano 99.9 MHz","potentialAction":[{"@type":"SearchAction","target":{"@type":"EntryPoint","urlTemplate":"https:\/\/nahuelproducciones.com.ar\/radioquijano\/?s={search_term_string}"},"query-input":"required name=search_term_string"}],"inLanguage":"es"},{"@type":"Person","@id":"https:\/\/nahuelproducciones.com.ar\/radioquijano\/#\/schema\/person\/b9b81a110cbdf07949e2cd02d478ab9d","name":"Ricardo Guzman","image":{"@type":"ImageObject","inLanguage":"es","@id":"https:\/\/nahuelproducciones.com.ar\/radioquijano\/#\/schema\/person\/image\/","url":"https:\/\/secure.gravatar.com\/avatar\/a5d582deda251f95dc882b72fc6e7b4854f88bb25c3154519210afffa7d706e8?s=96&d=mm&r=g","contentUrl":"https:\/\/secure.gravatar.com\/avatar\/a5d582deda251f95dc882b72fc6e7b4854f88bb25c3154519210afffa7d706e8?s=96&d=mm&r=g","caption":"Ricardo Guzman"},"url":"https:\/\/nahuelproducciones.com.ar\/radioquijano\/author\/cady\/"}]}},"_links":{"self":[{"href":"https:\/\/nahuelproducciones.com.ar\/radioquijano\/wp-json\/wp\/v2\/posts\/10293","targetHints":{"allow":["GET"]}}],"collection":[{"href":"https:\/\/nahuelproducciones.com.ar\/radioquijano\/wp-json\/wp\/v2\/posts"}],"about":[{"href":"https:\/\/nahuelproducciones.com.ar\/radioquijano\/wp-json\/wp\/v2\/types\/post"}],"author":[{"embeddable":true,"href":"https:\/\/nahuelproducciones.com.ar\/radioquijano\/wp-json\/wp\/v2\/users\/6"}],"replies":[{"embeddable":true,"href":"https:\/\/nahuelproducciones.com.ar\/radioquijano\/wp-json\/wp\/v2\/comments?post=10293"}],"version-history":[{"count":5,"href":"https:\/\/nahuelproducciones.com.ar\/radioquijano\/wp-json\/wp\/v2\/posts\/10293\/revisions"}],"predecessor-version":[{"id":10302,"href":"https:\/\/nahuelproducciones.com.ar\/radioquijano\/wp-json\/wp\/v2\/posts\/10293\/revisions\/10302"}],"wp:featuredmedia":[{"embeddable":true,"href":"https:\/\/nahuelproducciones.com.ar\/radioquijano\/wp-json\/wp\/v2\/media\/10295"}],"wp:attachment":[{"href":"https:\/\/nahuelproducciones.com.ar\/radioquijano\/wp-json\/wp\/v2\/media?parent=10293"}],"wp:term":[{"taxonomy":"category","embeddable":true,"href":"https:\/\/nahuelproducciones.com.ar\/radioquijano\/wp-json\/wp\/v2\/categories?post=10293"},{"taxonomy":"post_tag","embeddable":true,"href":"https:\/\/nahuelproducciones.com.ar\/radioquijano\/wp-json\/wp\/v2\/tags?post=10293"}],"curies":[{"name":"wp","href":"https:\/\/api.w.org\/{rel}","templated":true}]}}