{"id":10307,"date":"2025-05-30T22:12:56","date_gmt":"2025-05-31T01:12:56","guid":{"rendered":"https:\/\/nahuelproducciones.com.ar\/radioquijano\/?p=10307"},"modified":"2025-05-30T22:12:58","modified_gmt":"2025-05-31T01:12:58","slug":"y-si-no-nos-gusta","status":"publish","type":"post","link":"https:\/\/nahuelproducciones.com.ar\/radioquijano\/y-si-no-nos-gusta\/","title":{"rendered":"\u00bfY si no nos gusta?"},"content":{"rendered":"\n<p>Campo Quijano no es cualquier lugar. Es un pueblo con historia, con ra\u00edces fuertes, con identidad. Naci\u00f3 hace 103 a\u00f1os al calor del ferrocarril, entre cerros, con el andar de los gauchos, las tradiciones y un ritmo propio que se resiste \u2014con dignidad\u2014 a perderse en el olvido.<\/p>\n\n\n\n<p>Ciento tres a\u00f1os no es un n\u00famero menor. Son m\u00e1s de cien a\u00f1os de vida compartida, de costumbres, de memoria viva. En estos d\u00edas, el gobierno municipal, junto con Obras P\u00fablicas de la Provincia de Salta, decidi\u00f3 avanzar con la segunda etapa de un proyecto de reconfiguraci\u00f3n est\u00e9tica del pueblo, particularmente en nuestra plaza principal. Un proyecto que ya est\u00e1 en marcha, rompiendo lo que muchos a\u00fan consider\u00e1bamos en buen estado.<\/p>\n\n\n\n<p>Quijano tiene un patrimonio cultural y est\u00e9tico que merece ser cuidado. Cada intervenci\u00f3n urbana deber\u00eda responder a una visi\u00f3n consensuada, pensada en base a ese <strong>ADN local<\/strong>. Las fachadas, los colores, los materiales, incluso los bancos de la plaza, deber\u00edan tener un denominador com\u00fan que hable de qui\u00e9nes somos y de d\u00f3nde venimos.<\/p>\n\n\n\n<p>Pero el problema no es solo el cambio. <strong>Es c\u00f3mo se dio ese cambio.<\/strong><br>Nadie pregunt\u00f3. No se consult\u00f3 a los vecinos. No se mostr\u00f3 el dise\u00f1o. No se debati\u00f3 si esta obra era realmente prioritaria.<br><strong>\u00bfY si no nos gusta?<\/strong><br>\u00bfY si ese espacio, que es de todos, termina pareciendo ajeno?<\/p>\n\n\n\n<p>Se trata de <strong>preservar con criterio, mejorar sin borrar, embellecer sin uniformar<\/strong>. Porque lo que atrae al visitante y da sentido al habitante no es la novedad sin alma, sino <strong>la identidad con vida<\/strong>.<\/p>\n\n\n\n<p>Se est\u00e1n invirtiendo millones en un lugar que, si bien siempre es mejorable, <strong>no era urgente ni lo m\u00e1s necesitado<\/strong>. Y mientras tanto, otras prioridades quedan postergadas. La gente se queja en voz baja, en la calle, en una charla entre vecinos. Algunos lo hacen solos, otros acompa\u00f1ados. Pero muy pocos se animan a decirle al intendente lo que muchos piensan: <strong>no se deben tomar decisiones tan profundas sin escuchar a la comunidad<\/strong>.<\/p>\n\n\n\n<p>No es tarde para pensar juntos el pueblo que queremos. Pero hace falta voluntad pol\u00edtica, participaci\u00f3n ciudadana y una profunda conciencia del valor de lo nuestro. Porque si dejamos que se decida desde arriba y sin di\u00e1logo, <strong>corremos el riesgo de perder lo m\u00e1s valioso: la esencia de Quijano<\/strong>.<\/p>\n\n\n\n<p>\u00bfPor qu\u00e9 los intendentes \u2014que son representantes del pueblo\u2014 muchas veces gobiernan como si fueran due\u00f1os de los recursos del Estado? \u00bfPor qu\u00e9 se olvidan de consultar, de compartir, de construir con la gente?<\/p>\n\n\n\n<p>Una gesti\u00f3n democr\u00e1tica no puede ser solo formal. La democracia tambi\u00e9n se mide en los actos cotidianos, en la participaci\u00f3n, en el respeto a la voluntad popular y en el cuidado del patrimonio com\u00fan.<\/p>\n\n\n\n<p>Esta reflexi\u00f3n no es un ataque. Es una invitaci\u00f3n. A pensar. A hablar. A participar. A no dejar que los cambios se hagan sin nosotros. Porque el pueblo es de todos, y todos debemos ser parte de las decisiones que lo transforman.<\/p>\n\n\n\n<figure class=\"wp-block-gallery has-nested-images columns-default is-cropped wp-block-gallery-1 is-layout-flex wp-block-gallery-is-layout-flex\">\n<figure class=\"wp-block-image size-large\"><img loading=\"lazy\" decoding=\"async\" width=\"600\" height=\"338\" data-id=\"10308\" src=\"https:\/\/nahuelproducciones.com.ar\/radioquijano\/wp-content\/uploads\/2025\/05\/121.jpg\" alt=\"\" class=\"wp-image-10308\" srcset=\"https:\/\/nahuelproducciones.com.ar\/radioquijano\/wp-content\/uploads\/2025\/05\/121.jpg 600w, https:\/\/nahuelproducciones.com.ar\/radioquijano\/wp-content\/uploads\/2025\/05\/121-300x169.jpg 300w, https:\/\/nahuelproducciones.com.ar\/radioquijano\/wp-content\/uploads\/2025\/05\/121-150x85.jpg 150w\" sizes=\"auto, (max-width: 600px) 100vw, 600px\" \/><\/figure>\n\n\n\n<figure class=\"wp-block-image size-large\"><img loading=\"lazy\" decoding=\"async\" width=\"800\" height=\"450\" data-id=\"10312\" src=\"https:\/\/nahuelproducciones.com.ar\/radioquijano\/wp-content\/uploads\/2025\/05\/125.jpg\" alt=\"\" class=\"wp-image-10312\" srcset=\"https:\/\/nahuelproducciones.com.ar\/radioquijano\/wp-content\/uploads\/2025\/05\/125.jpg 800w, https:\/\/nahuelproducciones.com.ar\/radioquijano\/wp-content\/uploads\/2025\/05\/125-300x169.jpg 300w, https:\/\/nahuelproducciones.com.ar\/radioquijano\/wp-content\/uploads\/2025\/05\/125-768x432.jpg 768w, https:\/\/nahuelproducciones.com.ar\/radioquijano\/wp-content\/uploads\/2025\/05\/125-150x84.jpg 150w\" sizes=\"auto, (max-width: 800px) 100vw, 800px\" \/><\/figure>\n\n\n\n<figure class=\"wp-block-image size-large\"><img loading=\"lazy\" decoding=\"async\" width=\"1024\" height=\"473\" data-id=\"10310\" src=\"https:\/\/nahuelproducciones.com.ar\/radioquijano\/wp-content\/uploads\/2025\/05\/498947883_2684170021770009_6736427542084259510_n-1024x473.jpg\" alt=\"\" class=\"wp-image-10310\" srcset=\"https:\/\/nahuelproducciones.com.ar\/radioquijano\/wp-content\/uploads\/2025\/05\/498947883_2684170021770009_6736427542084259510_n-1024x473.jpg 1024w, https:\/\/nahuelproducciones.com.ar\/radioquijano\/wp-content\/uploads\/2025\/05\/498947883_2684170021770009_6736427542084259510_n-300x138.jpg 300w, https:\/\/nahuelproducciones.com.ar\/radioquijano\/wp-content\/uploads\/2025\/05\/498947883_2684170021770009_6736427542084259510_n-768x354.jpg 768w, https:\/\/nahuelproducciones.com.ar\/radioquijano\/wp-content\/uploads\/2025\/05\/498947883_2684170021770009_6736427542084259510_n-1536x709.jpg 1536w, https:\/\/nahuelproducciones.com.ar\/radioquijano\/wp-content\/uploads\/2025\/05\/498947883_2684170021770009_6736427542084259510_n-2048x945.jpg 2048w, https:\/\/nahuelproducciones.com.ar\/radioquijano\/wp-content\/uploads\/2025\/05\/498947883_2684170021770009_6736427542084259510_n-150x69.jpg 150w\" sizes=\"auto, (max-width: 1024px) 100vw, 1024px\" \/><\/figure>\n\n\n\n<figure class=\"wp-block-image size-large\"><img loading=\"lazy\" decoding=\"async\" width=\"1024\" height=\"473\" data-id=\"10313\" src=\"https:\/\/nahuelproducciones.com.ar\/radioquijano\/wp-content\/uploads\/2025\/05\/499198651_2684216918431986_6304518781728675757_n-1024x473.jpg\" alt=\"\" class=\"wp-image-10313\" srcset=\"https:\/\/nahuelproducciones.com.ar\/radioquijano\/wp-content\/uploads\/2025\/05\/499198651_2684216918431986_6304518781728675757_n-1024x473.jpg 1024w, https:\/\/nahuelproducciones.com.ar\/radioquijano\/wp-content\/uploads\/2025\/05\/499198651_2684216918431986_6304518781728675757_n-300x138.jpg 300w, https:\/\/nahuelproducciones.com.ar\/radioquijano\/wp-content\/uploads\/2025\/05\/499198651_2684216918431986_6304518781728675757_n-768x354.jpg 768w, https:\/\/nahuelproducciones.com.ar\/radioquijano\/wp-content\/uploads\/2025\/05\/499198651_2684216918431986_6304518781728675757_n-1536x709.jpg 1536w, https:\/\/nahuelproducciones.com.ar\/radioquijano\/wp-content\/uploads\/2025\/05\/499198651_2684216918431986_6304518781728675757_n-2048x945.jpg 2048w, https:\/\/nahuelproducciones.com.ar\/radioquijano\/wp-content\/uploads\/2025\/05\/499198651_2684216918431986_6304518781728675757_n-150x69.jpg 150w\" sizes=\"auto, (max-width: 1024px) 100vw, 1024px\" \/><\/figure>\n\n\n\n<figure class=\"wp-block-image size-large\"><img loading=\"lazy\" decoding=\"async\" width=\"330\" height=\"259\" data-id=\"10311\" src=\"https:\/\/nahuelproducciones.com.ar\/radioquijano\/wp-content\/uploads\/2025\/05\/glorieta-campo-quijano-e1627517531550.jpg\" alt=\"\" class=\"wp-image-10311\" srcset=\"https:\/\/nahuelproducciones.com.ar\/radioquijano\/wp-content\/uploads\/2025\/05\/glorieta-campo-quijano-e1627517531550.jpg 330w, https:\/\/nahuelproducciones.com.ar\/radioquijano\/wp-content\/uploads\/2025\/05\/glorieta-campo-quijano-e1627517531550-300x235.jpg 300w, https:\/\/nahuelproducciones.com.ar\/radioquijano\/wp-content\/uploads\/2025\/05\/glorieta-campo-quijano-e1627517531550-150x118.jpg 150w\" sizes=\"auto, (max-width: 330px) 100vw, 330px\" \/><\/figure>\n\n\n\n<figure class=\"wp-block-image size-large\"><img loading=\"lazy\" decoding=\"async\" width=\"940\" height=\"702\" data-id=\"10309\" src=\"https:\/\/nahuelproducciones.com.ar\/radioquijano\/wp-content\/uploads\/2025\/05\/turismo-2-1.jpg\" alt=\"\" class=\"wp-image-10309\" srcset=\"https:\/\/nahuelproducciones.com.ar\/radioquijano\/wp-content\/uploads\/2025\/05\/turismo-2-1.jpg 940w, https:\/\/nahuelproducciones.com.ar\/radioquijano\/wp-content\/uploads\/2025\/05\/turismo-2-1-300x224.jpg 300w, https:\/\/nahuelproducciones.com.ar\/radioquijano\/wp-content\/uploads\/2025\/05\/turismo-2-1-768x574.jpg 768w, https:\/\/nahuelproducciones.com.ar\/radioquijano\/wp-content\/uploads\/2025\/05\/turismo-2-1-150x112.jpg 150w\" sizes=\"auto, (max-width: 940px) 100vw, 940px\" \/><\/figure>\n<\/figure>\n\n\n\n<figure class=\"wp-block-gallery has-nested-images columns-default is-cropped wp-block-gallery-2 is-layout-flex wp-block-gallery-is-layout-flex\">\n<figure class=\"wp-block-image size-large\"><img loading=\"lazy\" decoding=\"async\" width=\"1024\" height=\"590\" data-id=\"10325\" src=\"https:\/\/nahuelproducciones.com.ar\/radioquijano\/wp-content\/uploads\/2025\/05\/WhatsApp-Image-2025-05-30-at-9.39.11-AM-2-1024x590.jpeg\" alt=\"\" class=\"wp-image-10325\" srcset=\"https:\/\/nahuelproducciones.com.ar\/radioquijano\/wp-content\/uploads\/2025\/05\/WhatsApp-Image-2025-05-30-at-9.39.11-AM-2-1024x590.jpeg 1024w, https:\/\/nahuelproducciones.com.ar\/radioquijano\/wp-content\/uploads\/2025\/05\/WhatsApp-Image-2025-05-30-at-9.39.11-AM-2-300x173.jpeg 300w, https:\/\/nahuelproducciones.com.ar\/radioquijano\/wp-content\/uploads\/2025\/05\/WhatsApp-Image-2025-05-30-at-9.39.11-AM-2-768x442.jpeg 768w, https:\/\/nahuelproducciones.com.ar\/radioquijano\/wp-content\/uploads\/2025\/05\/WhatsApp-Image-2025-05-30-at-9.39.11-AM-2-150x86.jpeg 150w, https:\/\/nahuelproducciones.com.ar\/radioquijano\/wp-content\/uploads\/2025\/05\/WhatsApp-Image-2025-05-30-at-9.39.11-AM-2.jpeg 1250w\" sizes=\"auto, (max-width: 1024px) 100vw, 1024px\" \/><\/figure>\n\n\n\n<figure class=\"wp-block-image size-large\"><img loading=\"lazy\" decoding=\"async\" width=\"1024\" height=\"383\" data-id=\"10326\" src=\"https:\/\/nahuelproducciones.com.ar\/radioquijano\/wp-content\/uploads\/2025\/05\/WhatsApp-Image-2025-05-30-at-10.27.09-AM-2-1024x383.jpeg\" alt=\"\" class=\"wp-image-10326\" srcset=\"https:\/\/nahuelproducciones.com.ar\/radioquijano\/wp-content\/uploads\/2025\/05\/WhatsApp-Image-2025-05-30-at-10.27.09-AM-2-1024x383.jpeg 1024w, https:\/\/nahuelproducciones.com.ar\/radioquijano\/wp-content\/uploads\/2025\/05\/WhatsApp-Image-2025-05-30-at-10.27.09-AM-2-300x112.jpeg 300w, https:\/\/nahuelproducciones.com.ar\/radioquijano\/wp-content\/uploads\/2025\/05\/WhatsApp-Image-2025-05-30-at-10.27.09-AM-2-768x287.jpeg 768w, https:\/\/nahuelproducciones.com.ar\/radioquijano\/wp-content\/uploads\/2025\/05\/WhatsApp-Image-2025-05-30-at-10.27.09-AM-2-150x56.jpeg 150w, https:\/\/nahuelproducciones.com.ar\/radioquijano\/wp-content\/uploads\/2025\/05\/WhatsApp-Image-2025-05-30-at-10.27.09-AM-2.jpeg 1035w\" sizes=\"auto, (max-width: 1024px) 100vw, 1024px\" \/><\/figure>\n\n\n\n<figure class=\"wp-block-image size-large\"><img loading=\"lazy\" decoding=\"async\" width=\"1024\" height=\"389\" data-id=\"10327\" src=\"https:\/\/nahuelproducciones.com.ar\/radioquijano\/wp-content\/uploads\/2025\/05\/WhatsApp-Image-2025-05-30-at-10.27.44-AM-1-1-1024x389.jpeg\" alt=\"\" class=\"wp-image-10327\" srcset=\"https:\/\/nahuelproducciones.com.ar\/radioquijano\/wp-content\/uploads\/2025\/05\/WhatsApp-Image-2025-05-30-at-10.27.44-AM-1-1-1024x389.jpeg 1024w, https:\/\/nahuelproducciones.com.ar\/radioquijano\/wp-content\/uploads\/2025\/05\/WhatsApp-Image-2025-05-30-at-10.27.44-AM-1-1-300x114.jpeg 300w, https:\/\/nahuelproducciones.com.ar\/radioquijano\/wp-content\/uploads\/2025\/05\/WhatsApp-Image-2025-05-30-at-10.27.44-AM-1-1-768x292.jpeg 768w, https:\/\/nahuelproducciones.com.ar\/radioquijano\/wp-content\/uploads\/2025\/05\/WhatsApp-Image-2025-05-30-at-10.27.44-AM-1-1-150x57.jpeg 150w, https:\/\/nahuelproducciones.com.ar\/radioquijano\/wp-content\/uploads\/2025\/05\/WhatsApp-Image-2025-05-30-at-10.27.44-AM-1-1.jpeg 1032w\" sizes=\"auto, (max-width: 1024px) 100vw, 1024px\" \/><\/figure>\n\n\n\n<figure class=\"wp-block-image size-large\"><img loading=\"lazy\" decoding=\"async\" width=\"1024\" height=\"389\" data-id=\"10329\" src=\"https:\/\/nahuelproducciones.com.ar\/radioquijano\/wp-content\/uploads\/2025\/05\/WhatsApp-Image-2025-05-30-at-10.27.44-AM-2-1024x389.jpeg\" alt=\"\" class=\"wp-image-10329\" srcset=\"https:\/\/nahuelproducciones.com.ar\/radioquijano\/wp-content\/uploads\/2025\/05\/WhatsApp-Image-2025-05-30-at-10.27.44-AM-2-1024x389.jpeg 1024w, https:\/\/nahuelproducciones.com.ar\/radioquijano\/wp-content\/uploads\/2025\/05\/WhatsApp-Image-2025-05-30-at-10.27.44-AM-2-300x114.jpeg 300w, https:\/\/nahuelproducciones.com.ar\/radioquijano\/wp-content\/uploads\/2025\/05\/WhatsApp-Image-2025-05-30-at-10.27.44-AM-2-768x292.jpeg 768w, https:\/\/nahuelproducciones.com.ar\/radioquijano\/wp-content\/uploads\/2025\/05\/WhatsApp-Image-2025-05-30-at-10.27.44-AM-2-150x57.jpeg 150w, https:\/\/nahuelproducciones.com.ar\/radioquijano\/wp-content\/uploads\/2025\/05\/WhatsApp-Image-2025-05-30-at-10.27.44-AM-2.jpeg 1032w\" sizes=\"auto, (max-width: 1024px) 100vw, 1024px\" \/><\/figure>\n\n\n\n<figure class=\"wp-block-image size-large\"><img loading=\"lazy\" decoding=\"async\" width=\"404\" height=\"720\" data-id=\"10332\" src=\"https:\/\/nahuelproducciones.com.ar\/radioquijano\/wp-content\/uploads\/2025\/05\/WhatsApp-Image-2025-05-30-at-10.35.50-AM-1-1.jpeg\" alt=\"\" class=\"wp-image-10332\" srcset=\"https:\/\/nahuelproducciones.com.ar\/radioquijano\/wp-content\/uploads\/2025\/05\/WhatsApp-Image-2025-05-30-at-10.35.50-AM-1-1.jpeg 404w, https:\/\/nahuelproducciones.com.ar\/radioquijano\/wp-content\/uploads\/2025\/05\/WhatsApp-Image-2025-05-30-at-10.35.50-AM-1-1-168x300.jpeg 168w, https:\/\/nahuelproducciones.com.ar\/radioquijano\/wp-content\/uploads\/2025\/05\/WhatsApp-Image-2025-05-30-at-10.35.50-AM-1-1-150x267.jpeg 150w\" sizes=\"auto, (max-width: 404px) 100vw, 404px\" \/><\/figure>\n\n\n\n<figure class=\"wp-block-image size-large\"><img loading=\"lazy\" decoding=\"async\" width=\"1024\" height=\"540\" data-id=\"10333\" src=\"https:\/\/nahuelproducciones.com.ar\/radioquijano\/wp-content\/uploads\/2025\/05\/WhatsApp-Image-2025-05-30-at-10.44.16-AM-1-1-1024x540.jpeg\" alt=\"\" class=\"wp-image-10333\" srcset=\"https:\/\/nahuelproducciones.com.ar\/radioquijano\/wp-content\/uploads\/2025\/05\/WhatsApp-Image-2025-05-30-at-10.44.16-AM-1-1-1024x540.jpeg 1024w, https:\/\/nahuelproducciones.com.ar\/radioquijano\/wp-content\/uploads\/2025\/05\/WhatsApp-Image-2025-05-30-at-10.44.16-AM-1-1-300x158.jpeg 300w, https:\/\/nahuelproducciones.com.ar\/radioquijano\/wp-content\/uploads\/2025\/05\/WhatsApp-Image-2025-05-30-at-10.44.16-AM-1-1-768x405.jpeg 768w, https:\/\/nahuelproducciones.com.ar\/radioquijano\/wp-content\/uploads\/2025\/05\/WhatsApp-Image-2025-05-30-at-10.44.16-AM-1-1-150x79.jpeg 150w, https:\/\/nahuelproducciones.com.ar\/radioquijano\/wp-content\/uploads\/2025\/05\/WhatsApp-Image-2025-05-30-at-10.44.16-AM-1-1.jpeg 1279w\" sizes=\"auto, (max-width: 1024px) 100vw, 1024px\" \/><\/figure>\n\n\n\n<figure class=\"wp-block-image size-large\"><img loading=\"lazy\" decoding=\"async\" width=\"1024\" height=\"540\" data-id=\"10328\" src=\"https:\/\/nahuelproducciones.com.ar\/radioquijano\/wp-content\/uploads\/2025\/05\/WhatsApp-Image-2025-05-30-at-10.44.16-AM-2-1024x540.jpeg\" alt=\"\" class=\"wp-image-10328\" srcset=\"https:\/\/nahuelproducciones.com.ar\/radioquijano\/wp-content\/uploads\/2025\/05\/WhatsApp-Image-2025-05-30-at-10.44.16-AM-2-1024x540.jpeg 1024w, https:\/\/nahuelproducciones.com.ar\/radioquijano\/wp-content\/uploads\/2025\/05\/WhatsApp-Image-2025-05-30-at-10.44.16-AM-2-300x158.jpeg 300w, https:\/\/nahuelproducciones.com.ar\/radioquijano\/wp-content\/uploads\/2025\/05\/WhatsApp-Image-2025-05-30-at-10.44.16-AM-2-768x405.jpeg 768w, https:\/\/nahuelproducciones.com.ar\/radioquijano\/wp-content\/uploads\/2025\/05\/WhatsApp-Image-2025-05-30-at-10.44.16-AM-2-150x79.jpeg 150w, https:\/\/nahuelproducciones.com.ar\/radioquijano\/wp-content\/uploads\/2025\/05\/WhatsApp-Image-2025-05-30-at-10.44.16-AM-2.jpeg 1279w\" sizes=\"auto, (max-width: 1024px) 100vw, 1024px\" \/><\/figure>\n<\/figure>\n\n\n\n<p>Algunas im\u00e1genes extra\u00eddas de las rede sociales. A sus autores, muchas gracias.<\/p>\n\n\n\n<p><\/p>\n","protected":false},"excerpt":{"rendered":"<p>Campo Quijano no es cualquier lugar. Es un pueblo con historia, con ra\u00edces fuertes, con identidad. Naci\u00f3 hace 103 a\u00f1os al calor del ferrocarril, entre cerros, con el andar de los gauchos, las tradiciones y un ritmo propio que se resiste \u2014con dignidad\u2014 a perderse en el olvido. Ciento tres a\u00f1os no es un n\u00famero [&hellip;]<\/p>\n","protected":false},"author":8,"featured_media":10304,"comment_status":"open","ping_status":"open","sticky":false,"template":"","format":"standard","meta":{"_monsterinsights_skip_tracking":false,"_monsterinsights_sitenote_active":false,"_monsterinsights_sitenote_note":"","_monsterinsights_sitenote_category":0,"footnotes":""},"categories":[16],"tags":[100,779],"class_list":["post-10307","post","type-post","status-publish","format-standard","has-post-thumbnail","hentry","category-noticias","tag-municipio-de-campo-quijano","tag-plaza-marin-fierro"],"yoast_head":"<!-- This site is optimized with the Yoast SEO plugin v20.8 - https:\/\/yoast.com\/wordpress\/plugins\/seo\/ -->\n<title>\u00bfY si no nos gusta? - RQ 99.9<\/title>\n<meta name=\"description\" content=\"Esta reflexi\u00f3n no es un ataque. Es una invitaci\u00f3n. A pensar. A hablar. A participar. A no dejar que los cambios se hagan sin nosotros. Porque el pueblo es de todos, y todos debemos ser parte de las decisiones que lo transforman.\" \/>\n<meta name=\"robots\" content=\"index, follow, max-snippet:-1, max-image-preview:large, max-video-preview:-1\" \/>\n<link rel=\"canonical\" href=\"https:\/\/nahuelproducciones.com.ar\/radioquijano\/y-si-no-nos-gusta\/\" \/>\n<meta property=\"og:locale\" content=\"es_ES\" \/>\n<meta property=\"og:type\" content=\"article\" \/>\n<meta property=\"og:title\" content=\"\u00bfY si no nos gusta? - RQ 99.9\" \/>\n<meta property=\"og:description\" content=\"Esta reflexi\u00f3n no es un ataque. Es una invitaci\u00f3n. A pensar. A hablar. A participar. A no dejar que los cambios se hagan sin nosotros. Porque el pueblo es de todos, y todos debemos ser parte de las decisiones que lo transforman.\" \/>\n<meta property=\"og:url\" content=\"https:\/\/nahuelproducciones.com.ar\/radioquijano\/y-si-no-nos-gusta\/\" \/>\n<meta property=\"og:site_name\" content=\"RQ 99.9\" \/>\n<meta property=\"article:publisher\" content=\"https:\/\/www.facebook.com\/nahuelproducciones999\/\" \/>\n<meta property=\"article:published_time\" content=\"2025-05-31T01:12:56+00:00\" \/>\n<meta property=\"article:modified_time\" content=\"2025-05-31T01:12:58+00:00\" \/>\n<meta property=\"og:image\" content=\"https:\/\/nahuelproducciones.com.ar\/radioquijano\/wp-content\/uploads\/2025\/05\/turismo-2-e1748612393894.jpg\" \/>\n\t<meta property=\"og:image:width\" content=\"700\" \/>\n\t<meta property=\"og:image:height\" content=\"523\" \/>\n\t<meta property=\"og:image:type\" content=\"image\/jpeg\" \/>\n<meta name=\"author\" content=\"Cecilia Pastrana\" \/>\n<meta name=\"twitter:card\" content=\"summary_large_image\" \/>\n<meta name=\"twitter:creator\" content=\"@nahuproduciones\" \/>\n<meta name=\"twitter:site\" content=\"@nahuproduciones\" \/>\n<meta name=\"twitter:label1\" content=\"Escrito por\" \/>\n\t<meta name=\"twitter:data1\" content=\"Cecilia Pastrana\" \/>\n\t<meta name=\"twitter:label2\" content=\"Tiempo de lectura\" \/>\n\t<meta name=\"twitter:data2\" content=\"5 minutos\" \/>\n<script type=\"application\/ld+json\" class=\"yoast-schema-graph\">{\"@context\":\"https:\/\/schema.org\",\"@graph\":[{\"@type\":\"WebPage\",\"@id\":\"https:\/\/nahuelproducciones.com.ar\/radioquijano\/y-si-no-nos-gusta\/\",\"url\":\"https:\/\/nahuelproducciones.com.ar\/radioquijano\/y-si-no-nos-gusta\/\",\"name\":\"\u00bfY si no nos gusta? - RQ 99.9\",\"isPartOf\":{\"@id\":\"https:\/\/nahuelproducciones.com.ar\/radioquijano\/#website\"},\"datePublished\":\"2025-05-31T01:12:56+00:00\",\"dateModified\":\"2025-05-31T01:12:58+00:00\",\"author\":{\"@id\":\"https:\/\/nahuelproducciones.com.ar\/radioquijano\/#\/schema\/person\/e8a4f939e2cb487fe6d0c54042c9d32c\"},\"description\":\"Esta reflexi\u00f3n no es un ataque. Es una invitaci\u00f3n. A pensar. A hablar. A participar. A no dejar que los cambios se hagan sin nosotros. Porque el pueblo es de todos, y todos debemos ser parte de las decisiones que lo transforman.\",\"breadcrumb\":{\"@id\":\"https:\/\/nahuelproducciones.com.ar\/radioquijano\/y-si-no-nos-gusta\/#breadcrumb\"},\"inLanguage\":\"es\",\"potentialAction\":[{\"@type\":\"ReadAction\",\"target\":[\"https:\/\/nahuelproducciones.com.ar\/radioquijano\/y-si-no-nos-gusta\/\"]}]},{\"@type\":\"BreadcrumbList\",\"@id\":\"https:\/\/nahuelproducciones.com.ar\/radioquijano\/y-si-no-nos-gusta\/#breadcrumb\",\"itemListElement\":[{\"@type\":\"ListItem\",\"position\":1,\"name\":\"Portada\",\"item\":\"https:\/\/nahuelproducciones.com.ar\/radioquijano\/\"},{\"@type\":\"ListItem\",\"position\":2,\"name\":\"\u00bfY si no nos gusta?\"}]},{\"@type\":\"WebSite\",\"@id\":\"https:\/\/nahuelproducciones.com.ar\/radioquijano\/#website\",\"url\":\"https:\/\/nahuelproducciones.com.ar\/radioquijano\/\",\"name\":\"RQ 99.9\",\"description\":\"Radio Quijano 99.9 MHz\",\"potentialAction\":[{\"@type\":\"SearchAction\",\"target\":{\"@type\":\"EntryPoint\",\"urlTemplate\":\"https:\/\/nahuelproducciones.com.ar\/radioquijano\/?s={search_term_string}\"},\"query-input\":\"required name=search_term_string\"}],\"inLanguage\":\"es\"},{\"@type\":\"Person\",\"@id\":\"https:\/\/nahuelproducciones.com.ar\/radioquijano\/#\/schema\/person\/e8a4f939e2cb487fe6d0c54042c9d32c\",\"name\":\"Cecilia Pastrana\",\"image\":{\"@type\":\"ImageObject\",\"inLanguage\":\"es\",\"@id\":\"https:\/\/nahuelproducciones.com.ar\/radioquijano\/#\/schema\/person\/image\/\",\"url\":\"https:\/\/secure.gravatar.com\/avatar\/661a3ef63a8488d4f2794ed44af8cf71420f7e106f3072c40125114df5157749?s=96&d=mm&r=g\",\"contentUrl\":\"https:\/\/secure.gravatar.com\/avatar\/661a3ef63a8488d4f2794ed44af8cf71420f7e106f3072c40125114df5157749?s=96&d=mm&r=g\",\"caption\":\"Cecilia Pastrana\"},\"sameAs\":[\"cecy\"],\"url\":\"https:\/\/nahuelproducciones.com.ar\/radioquijano\/author\/cecy\/\"}]}<\/script>\n<!-- \/ Yoast SEO plugin. -->","yoast_head_json":{"title":"\u00bfY si no nos gusta? - RQ 99.9","description":"Esta reflexi\u00f3n no es un ataque. Es una invitaci\u00f3n. A pensar. A hablar. A participar. A no dejar que los cambios se hagan sin nosotros. Porque el pueblo es de todos, y todos debemos ser parte de las decisiones que lo transforman.","robots":{"index":"index","follow":"follow","max-snippet":"max-snippet:-1","max-image-preview":"max-image-preview:large","max-video-preview":"max-video-preview:-1"},"canonical":"https:\/\/nahuelproducciones.com.ar\/radioquijano\/y-si-no-nos-gusta\/","og_locale":"es_ES","og_type":"article","og_title":"\u00bfY si no nos gusta? - RQ 99.9","og_description":"Esta reflexi\u00f3n no es un ataque. Es una invitaci\u00f3n. A pensar. A hablar. A participar. A no dejar que los cambios se hagan sin nosotros. Porque el pueblo es de todos, y todos debemos ser parte de las decisiones que lo transforman.","og_url":"https:\/\/nahuelproducciones.com.ar\/radioquijano\/y-si-no-nos-gusta\/","og_site_name":"RQ 99.9","article_publisher":"https:\/\/www.facebook.com\/nahuelproducciones999\/","article_published_time":"2025-05-31T01:12:56+00:00","article_modified_time":"2025-05-31T01:12:58+00:00","og_image":[{"width":700,"height":523,"url":"https:\/\/nahuelproducciones.com.ar\/radioquijano\/wp-content\/uploads\/2025\/05\/turismo-2-e1748612393894.jpg","type":"image\/jpeg"}],"author":"Cecilia Pastrana","twitter_card":"summary_large_image","twitter_creator":"@nahuproduciones","twitter_site":"@nahuproduciones","twitter_misc":{"Escrito por":"Cecilia Pastrana","Tiempo de lectura":"5 minutos"},"schema":{"@context":"https:\/\/schema.org","@graph":[{"@type":"WebPage","@id":"https:\/\/nahuelproducciones.com.ar\/radioquijano\/y-si-no-nos-gusta\/","url":"https:\/\/nahuelproducciones.com.ar\/radioquijano\/y-si-no-nos-gusta\/","name":"\u00bfY si no nos gusta? - RQ 99.9","isPartOf":{"@id":"https:\/\/nahuelproducciones.com.ar\/radioquijano\/#website"},"datePublished":"2025-05-31T01:12:56+00:00","dateModified":"2025-05-31T01:12:58+00:00","author":{"@id":"https:\/\/nahuelproducciones.com.ar\/radioquijano\/#\/schema\/person\/e8a4f939e2cb487fe6d0c54042c9d32c"},"description":"Esta reflexi\u00f3n no es un ataque. Es una invitaci\u00f3n. A pensar. A hablar. A participar. A no dejar que los cambios se hagan sin nosotros. Porque el pueblo es de todos, y todos debemos ser parte de las decisiones que lo transforman.","breadcrumb":{"@id":"https:\/\/nahuelproducciones.com.ar\/radioquijano\/y-si-no-nos-gusta\/#breadcrumb"},"inLanguage":"es","potentialAction":[{"@type":"ReadAction","target":["https:\/\/nahuelproducciones.com.ar\/radioquijano\/y-si-no-nos-gusta\/"]}]},{"@type":"BreadcrumbList","@id":"https:\/\/nahuelproducciones.com.ar\/radioquijano\/y-si-no-nos-gusta\/#breadcrumb","itemListElement":[{"@type":"ListItem","position":1,"name":"Portada","item":"https:\/\/nahuelproducciones.com.ar\/radioquijano\/"},{"@type":"ListItem","position":2,"name":"\u00bfY si no nos gusta?"}]},{"@type":"WebSite","@id":"https:\/\/nahuelproducciones.com.ar\/radioquijano\/#website","url":"https:\/\/nahuelproducciones.com.ar\/radioquijano\/","name":"RQ 99.9","description":"Radio Quijano 99.9 MHz","potentialAction":[{"@type":"SearchAction","target":{"@type":"EntryPoint","urlTemplate":"https:\/\/nahuelproducciones.com.ar\/radioquijano\/?s={search_term_string}"},"query-input":"required name=search_term_string"}],"inLanguage":"es"},{"@type":"Person","@id":"https:\/\/nahuelproducciones.com.ar\/radioquijano\/#\/schema\/person\/e8a4f939e2cb487fe6d0c54042c9d32c","name":"Cecilia Pastrana","image":{"@type":"ImageObject","inLanguage":"es","@id":"https:\/\/nahuelproducciones.com.ar\/radioquijano\/#\/schema\/person\/image\/","url":"https:\/\/secure.gravatar.com\/avatar\/661a3ef63a8488d4f2794ed44af8cf71420f7e106f3072c40125114df5157749?s=96&d=mm&r=g","contentUrl":"https:\/\/secure.gravatar.com\/avatar\/661a3ef63a8488d4f2794ed44af8cf71420f7e106f3072c40125114df5157749?s=96&d=mm&r=g","caption":"Cecilia Pastrana"},"sameAs":["cecy"],"url":"https:\/\/nahuelproducciones.com.ar\/radioquijano\/author\/cecy\/"}]}},"_links":{"self":[{"href":"https:\/\/nahuelproducciones.com.ar\/radioquijano\/wp-json\/wp\/v2\/posts\/10307","targetHints":{"allow":["GET"]}}],"collection":[{"href":"https:\/\/nahuelproducciones.com.ar\/radioquijano\/wp-json\/wp\/v2\/posts"}],"about":[{"href":"https:\/\/nahuelproducciones.com.ar\/radioquijano\/wp-json\/wp\/v2\/types\/post"}],"author":[{"embeddable":true,"href":"https:\/\/nahuelproducciones.com.ar\/radioquijano\/wp-json\/wp\/v2\/users\/8"}],"replies":[{"embeddable":true,"href":"https:\/\/nahuelproducciones.com.ar\/radioquijano\/wp-json\/wp\/v2\/comments?post=10307"}],"version-history":[{"count":1,"href":"https:\/\/nahuelproducciones.com.ar\/radioquijano\/wp-json\/wp\/v2\/posts\/10307\/revisions"}],"predecessor-version":[{"id":10334,"href":"https:\/\/nahuelproducciones.com.ar\/radioquijano\/wp-json\/wp\/v2\/posts\/10307\/revisions\/10334"}],"wp:featuredmedia":[{"embeddable":true,"href":"https:\/\/nahuelproducciones.com.ar\/radioquijano\/wp-json\/wp\/v2\/media\/10304"}],"wp:attachment":[{"href":"https:\/\/nahuelproducciones.com.ar\/radioquijano\/wp-json\/wp\/v2\/media?parent=10307"}],"wp:term":[{"taxonomy":"category","embeddable":true,"href":"https:\/\/nahuelproducciones.com.ar\/radioquijano\/wp-json\/wp\/v2\/categories?post=10307"},{"taxonomy":"post_tag","embeddable":true,"href":"https:\/\/nahuelproducciones.com.ar\/radioquijano\/wp-json\/wp\/v2\/tags?post=10307"}],"curies":[{"name":"wp","href":"https:\/\/api.w.org\/{rel}","templated":true}]}}