{"id":10335,"date":"2025-05-31T00:23:22","date_gmt":"2025-05-31T03:23:22","guid":{"rendered":"https:\/\/nahuelproducciones.com.ar\/radioquijano\/?p=10335"},"modified":"2025-05-31T01:42:10","modified_gmt":"2025-05-31T04:42:10","slug":"municipio-de-campo-quijano-proclamacion-de-autoridades-electas","status":"publish","type":"post","link":"https:\/\/nahuelproducciones.com.ar\/radioquijano\/municipio-de-campo-quijano-proclamacion-de-autoridades-electas\/","title":{"rendered":"Municipio de Campo Quijano: Proclamaci\u00f3n  de autoridades electas."},"content":{"rendered":"\n<p>El domingo 11 de mayo, los vecinos de Campo Quijano acudieron a las urnas en el marco de las elecciones legislativas 2025, en una jornada democr\u00e1tica marcada por el uso del sistema de <strong>voto electr\u00f3nico<\/strong>, consolidado en los \u00faltimos comicios provinciales como herramienta de transparencia y agilidad.<\/p>\n\n\n\n<p>Seg\u00fan lo dispuesto por el <strong>Decreto Provincial 689\/2024<\/strong>, se renovaron bancas en la C\u00e1mara de Senadores en 12 departamentos. En el caso del Departamento Rosario de Lerma, que incluye a Campo Quijano, result\u00f3 electa <strong>Leonor Nieves Minetti<\/strong>, representante del Frente de Todos, como nueva senadora provincial.<\/p>\n\n\n\n<h3 class=\"wp-block-heading\">Renovaci\u00f3n en el Concejo Deliberante<\/h3>\n\n\n\n<p>A nivel municipal, <strong>Campo Quijano eligi\u00f3 a cuatro nuevos concejales deliberantes<\/strong>, quienes asumir\u00e1n funciones en el nuevo per\u00edodo legislativo local. Los concejales proclamados oficialmente son:<\/p>\n\n\n\n<ul class=\"wp-block-list\">\n<li><strong>Adriana Odilia Tolaba<\/strong> (LLA)<\/li>\n\n\n\n<li><strong>Nicola Mart\u00ednez Museda<\/strong> (MMS)<\/li>\n\n\n\n<li><strong>Santiago Tom\u00e1s Falcone<\/strong> (LLA)<\/li>\n\n\n\n<li><strong>Gloria Lorena Torres<\/strong> (Frente Juntos)<\/li>\n<\/ul>\n\n\n\n<h3 class=\"wp-block-heading\">Convencionales para redactar la Carta Org\u00e1nica<\/h3>\n\n\n\n<p>Uno de los hechos m\u00e1s trascendentes de la jornada fue la elecci\u00f3n de <strong>nueve convencionales municipales<\/strong>, quienes tendr\u00e1n la hist\u00f3rica misi\u00f3n de redactar la <strong>primera Carta Org\u00e1nica Municipal<\/strong> de Campo Quijano. Esta herramienta jur\u00eddica y pol\u00edtica permitir\u00e1 al municipio definir su propio r\u00e9gimen institucional, normativo y organizativo, reafirmando su autonom\u00eda.<\/p>\n\n\n\n<p>Los convencionales electos son:<\/p>\n\n\n\n<ul class=\"wp-block-list\">\n<li><strong>Mirta Yolanda Copa<\/strong> (LLA)<\/li>\n\n\n\n<li><strong>Marina del Valle Taibo<\/strong> (FVS)<\/li>\n\n\n\n<li><strong>Mat\u00edas Fernando Nolasco<\/strong> (Frente Juntos)<\/li>\n\n\n\n<li><strong>Luis Fernando Reyes<\/strong> (LLA)<\/li>\n\n\n\n<li><strong>Alfredo Humberto Z\u00e1rate<\/strong> (FVS)<\/li>\n\n\n\n<li><strong>Jos\u00e9 Vicente Cruz<\/strong> (Frente Juntos)<\/li>\n\n\n\n<li><strong>Mar\u00eda Dolores Savila Ch\u00e1vez<\/strong> (LLA)<\/li>\n\n\n\n<li><strong>Nadya Johana Castillo<\/strong> (FVS)<\/li>\n\n\n\n<li><strong>Leila Mar\u00eda Bel\u00e9n Flores<\/strong> (FLSS)<\/li>\n<\/ul>\n\n\n\n<p>Con baja participaci\u00f3n y sin incidentes relevantes, la jornada fue un ejercicio de civismo y democracia.<\/p>\n\n\n\n<p>Esta elecci\u00f3n marca un <strong>antes y un despu\u00e9s<\/strong> en la historia institucional de Campo Quijano, al sentar las bases para una gesti\u00f3n m\u00e1s aut\u00f3noma, participativa y cercana a las necesidades de la comunidad.<\/p>\n\n\n\n<p>El Tribunal Electoral de Salta proclam\u00f3 a los ciudadanos electos en los comicios del pasado 11 de mayo. Ahora los  electos se preparan para asumir sus responsabilidades y los votantes para controlar que trabajen en beneficio de la gente y no en sus intereses personales.<\/p>\n\n\n<div class=\"wp-block-image\">\n<figure class=\"aligncenter size-large is-resized\"><img loading=\"lazy\" decoding=\"async\" width=\"1024\" height=\"1024\" src=\"https:\/\/nahuelproducciones.com.ar\/radioquijano\/wp-content\/uploads\/2025\/05\/Post-para-Instagram-Dia-Internacional-de-la-Democracia-Sencillo-Beige-1024x1024.png\" alt=\"\" class=\"wp-image-10340\" style=\"width:674px;height:auto\" srcset=\"https:\/\/nahuelproducciones.com.ar\/radioquijano\/wp-content\/uploads\/2025\/05\/Post-para-Instagram-Dia-Internacional-de-la-Democracia-Sencillo-Beige-1024x1024.png 1024w, https:\/\/nahuelproducciones.com.ar\/radioquijano\/wp-content\/uploads\/2025\/05\/Post-para-Instagram-Dia-Internacional-de-la-Democracia-Sencillo-Beige-300x300.png 300w, https:\/\/nahuelproducciones.com.ar\/radioquijano\/wp-content\/uploads\/2025\/05\/Post-para-Instagram-Dia-Internacional-de-la-Democracia-Sencillo-Beige-768x768.png 768w, https:\/\/nahuelproducciones.com.ar\/radioquijano\/wp-content\/uploads\/2025\/05\/Post-para-Instagram-Dia-Internacional-de-la-Democracia-Sencillo-Beige-96x96.png 96w, https:\/\/nahuelproducciones.com.ar\/radioquijano\/wp-content\/uploads\/2025\/05\/Post-para-Instagram-Dia-Internacional-de-la-Democracia-Sencillo-Beige-150x150.png 150w, https:\/\/nahuelproducciones.com.ar\/radioquijano\/wp-content\/uploads\/2025\/05\/Post-para-Instagram-Dia-Internacional-de-la-Democracia-Sencillo-Beige.png 1080w\" sizes=\"auto, (max-width: 1024px) 100vw, 1024px\" \/><\/figure><\/div>\n\n\n<p><\/p>\n","protected":false},"excerpt":{"rendered":"<p>El domingo 11 de mayo, los vecinos de Campo Quijano acudieron a las urnas en el marco de las elecciones legislativas 2025, en una jornada democr\u00e1tica marcada por el uso del sistema de voto electr\u00f3nico, consolidado en los \u00faltimos comicios provinciales como herramienta de transparencia y agilidad. Seg\u00fan lo dispuesto por el Decreto Provincial 689\/2024, [&hellip;]<\/p>\n","protected":false},"author":8,"featured_media":10336,"comment_status":"open","ping_status":"open","sticky":false,"template":"","format":"standard","meta":{"_monsterinsights_skip_tracking":false,"_monsterinsights_sitenote_active":false,"_monsterinsights_sitenote_note":"","_monsterinsights_sitenote_category":0,"footnotes":""},"categories":[16],"tags":[75,1814,1782,100],"class_list":["post-10335","post","type-post","status-publish","format-standard","has-post-thumbnail","hentry","category-noticias","tag-concejo-deliberante-de-campo-quijano","tag-convencional-municipal","tag-elecciones-11-de-mayo-2025","tag-municipio-de-campo-quijano"],"yoast_head":"<!-- This site is optimized with the Yoast SEO plugin v20.8 - https:\/\/yoast.com\/wordpress\/plugins\/seo\/ -->\n<title>Municipio de Campo Quijano: Proclamaci\u00f3n de autoridades electas. - RQ 99.9<\/title>\n<meta name=\"description\" content=\"Ahora los electos se preparan para asumir sus responsabilidades y los votantes para controlar que trabajen en beneficio de la gente y no en sus intereses personales.\" \/>\n<meta name=\"robots\" content=\"index, follow, max-snippet:-1, max-image-preview:large, max-video-preview:-1\" \/>\n<link rel=\"canonical\" href=\"https:\/\/nahuelproducciones.com.ar\/radioquijano\/municipio-de-campo-quijano-proclamacion-de-autoridades-electas\/\" \/>\n<meta property=\"og:locale\" content=\"es_ES\" \/>\n<meta property=\"og:type\" content=\"article\" \/>\n<meta property=\"og:title\" content=\"Municipio de Campo Quijano: Proclamaci\u00f3n de autoridades electas. - RQ 99.9\" \/>\n<meta property=\"og:description\" content=\"Ahora los electos se preparan para asumir sus responsabilidades y los votantes para controlar que trabajen en beneficio de la gente y no en sus intereses personales.\" \/>\n<meta property=\"og:url\" content=\"https:\/\/nahuelproducciones.com.ar\/radioquijano\/municipio-de-campo-quijano-proclamacion-de-autoridades-electas\/\" \/>\n<meta property=\"og:site_name\" content=\"RQ 99.9\" \/>\n<meta property=\"article:publisher\" content=\"https:\/\/www.facebook.com\/nahuelproducciones999\/\" \/>\n<meta property=\"article:published_time\" content=\"2025-05-31T03:23:22+00:00\" \/>\n<meta property=\"article:modified_time\" content=\"2025-05-31T04:42:10+00:00\" \/>\n<meta property=\"og:image\" content=\"https:\/\/nahuelproducciones.com.ar\/radioquijano\/wp-content\/uploads\/2025\/05\/el-sistema-boleta-unica-electronica-fue-utilizado-las-elecciones-portenas-2015.webp\" \/>\n\t<meta property=\"og:image:width\" content=\"655\" \/>\n\t<meta property=\"og:image:height\" content=\"368\" \/>\n\t<meta property=\"og:image:type\" content=\"image\/webp\" \/>\n<meta name=\"author\" content=\"Cecilia Pastrana\" \/>\n<meta name=\"twitter:card\" content=\"summary_large_image\" \/>\n<meta name=\"twitter:creator\" content=\"@nahuproduciones\" \/>\n<meta name=\"twitter:site\" content=\"@nahuproduciones\" \/>\n<meta name=\"twitter:label1\" content=\"Escrito por\" \/>\n\t<meta name=\"twitter:data1\" content=\"Cecilia Pastrana\" \/>\n\t<meta name=\"twitter:label2\" content=\"Tiempo de lectura\" \/>\n\t<meta name=\"twitter:data2\" content=\"2 minutos\" \/>\n<script type=\"application\/ld+json\" class=\"yoast-schema-graph\">{\"@context\":\"https:\/\/schema.org\",\"@graph\":[{\"@type\":\"WebPage\",\"@id\":\"https:\/\/nahuelproducciones.com.ar\/radioquijano\/municipio-de-campo-quijano-proclamacion-de-autoridades-electas\/\",\"url\":\"https:\/\/nahuelproducciones.com.ar\/radioquijano\/municipio-de-campo-quijano-proclamacion-de-autoridades-electas\/\",\"name\":\"Municipio de Campo Quijano: Proclamaci\u00f3n de autoridades electas. - RQ 99.9\",\"isPartOf\":{\"@id\":\"https:\/\/nahuelproducciones.com.ar\/radioquijano\/#website\"},\"datePublished\":\"2025-05-31T03:23:22+00:00\",\"dateModified\":\"2025-05-31T04:42:10+00:00\",\"author\":{\"@id\":\"https:\/\/nahuelproducciones.com.ar\/radioquijano\/#\/schema\/person\/e8a4f939e2cb487fe6d0c54042c9d32c\"},\"description\":\"Ahora los electos se preparan para asumir sus responsabilidades y los votantes para controlar que trabajen en beneficio de la gente y no en sus intereses personales.\",\"breadcrumb\":{\"@id\":\"https:\/\/nahuelproducciones.com.ar\/radioquijano\/municipio-de-campo-quijano-proclamacion-de-autoridades-electas\/#breadcrumb\"},\"inLanguage\":\"es\",\"potentialAction\":[{\"@type\":\"ReadAction\",\"target\":[\"https:\/\/nahuelproducciones.com.ar\/radioquijano\/municipio-de-campo-quijano-proclamacion-de-autoridades-electas\/\"]}]},{\"@type\":\"BreadcrumbList\",\"@id\":\"https:\/\/nahuelproducciones.com.ar\/radioquijano\/municipio-de-campo-quijano-proclamacion-de-autoridades-electas\/#breadcrumb\",\"itemListElement\":[{\"@type\":\"ListItem\",\"position\":1,\"name\":\"Portada\",\"item\":\"https:\/\/nahuelproducciones.com.ar\/radioquijano\/\"},{\"@type\":\"ListItem\",\"position\":2,\"name\":\"Municipio de Campo Quijano: Proclamaci\u00f3n de autoridades electas.\"}]},{\"@type\":\"WebSite\",\"@id\":\"https:\/\/nahuelproducciones.com.ar\/radioquijano\/#website\",\"url\":\"https:\/\/nahuelproducciones.com.ar\/radioquijano\/\",\"name\":\"RQ 99.9\",\"description\":\"Radio Quijano 99.9 MHz\",\"potentialAction\":[{\"@type\":\"SearchAction\",\"target\":{\"@type\":\"EntryPoint\",\"urlTemplate\":\"https:\/\/nahuelproducciones.com.ar\/radioquijano\/?s={search_term_string}\"},\"query-input\":\"required name=search_term_string\"}],\"inLanguage\":\"es\"},{\"@type\":\"Person\",\"@id\":\"https:\/\/nahuelproducciones.com.ar\/radioquijano\/#\/schema\/person\/e8a4f939e2cb487fe6d0c54042c9d32c\",\"name\":\"Cecilia Pastrana\",\"image\":{\"@type\":\"ImageObject\",\"inLanguage\":\"es\",\"@id\":\"https:\/\/nahuelproducciones.com.ar\/radioquijano\/#\/schema\/person\/image\/\",\"url\":\"https:\/\/secure.gravatar.com\/avatar\/661a3ef63a8488d4f2794ed44af8cf71420f7e106f3072c40125114df5157749?s=96&d=mm&r=g\",\"contentUrl\":\"https:\/\/secure.gravatar.com\/avatar\/661a3ef63a8488d4f2794ed44af8cf71420f7e106f3072c40125114df5157749?s=96&d=mm&r=g\",\"caption\":\"Cecilia Pastrana\"},\"sameAs\":[\"cecy\"],\"url\":\"https:\/\/nahuelproducciones.com.ar\/radioquijano\/author\/cecy\/\"}]}<\/script>\n<!-- \/ Yoast SEO plugin. -->","yoast_head_json":{"title":"Municipio de Campo Quijano: Proclamaci\u00f3n de autoridades electas. - RQ 99.9","description":"Ahora los electos se preparan para asumir sus responsabilidades y los votantes para controlar que trabajen en beneficio de la gente y no en sus intereses personales.","robots":{"index":"index","follow":"follow","max-snippet":"max-snippet:-1","max-image-preview":"max-image-preview:large","max-video-preview":"max-video-preview:-1"},"canonical":"https:\/\/nahuelproducciones.com.ar\/radioquijano\/municipio-de-campo-quijano-proclamacion-de-autoridades-electas\/","og_locale":"es_ES","og_type":"article","og_title":"Municipio de Campo Quijano: Proclamaci\u00f3n de autoridades electas. - RQ 99.9","og_description":"Ahora los electos se preparan para asumir sus responsabilidades y los votantes para controlar que trabajen en beneficio de la gente y no en sus intereses personales.","og_url":"https:\/\/nahuelproducciones.com.ar\/radioquijano\/municipio-de-campo-quijano-proclamacion-de-autoridades-electas\/","og_site_name":"RQ 99.9","article_publisher":"https:\/\/www.facebook.com\/nahuelproducciones999\/","article_published_time":"2025-05-31T03:23:22+00:00","article_modified_time":"2025-05-31T04:42:10+00:00","og_image":[{"width":655,"height":368,"url":"https:\/\/nahuelproducciones.com.ar\/radioquijano\/wp-content\/uploads\/2025\/05\/el-sistema-boleta-unica-electronica-fue-utilizado-las-elecciones-portenas-2015.webp","type":"image\/webp"}],"author":"Cecilia Pastrana","twitter_card":"summary_large_image","twitter_creator":"@nahuproduciones","twitter_site":"@nahuproduciones","twitter_misc":{"Escrito por":"Cecilia Pastrana","Tiempo de lectura":"2 minutos"},"schema":{"@context":"https:\/\/schema.org","@graph":[{"@type":"WebPage","@id":"https:\/\/nahuelproducciones.com.ar\/radioquijano\/municipio-de-campo-quijano-proclamacion-de-autoridades-electas\/","url":"https:\/\/nahuelproducciones.com.ar\/radioquijano\/municipio-de-campo-quijano-proclamacion-de-autoridades-electas\/","name":"Municipio de Campo Quijano: Proclamaci\u00f3n de autoridades electas. - RQ 99.9","isPartOf":{"@id":"https:\/\/nahuelproducciones.com.ar\/radioquijano\/#website"},"datePublished":"2025-05-31T03:23:22+00:00","dateModified":"2025-05-31T04:42:10+00:00","author":{"@id":"https:\/\/nahuelproducciones.com.ar\/radioquijano\/#\/schema\/person\/e8a4f939e2cb487fe6d0c54042c9d32c"},"description":"Ahora los electos se preparan para asumir sus responsabilidades y los votantes para controlar que trabajen en beneficio de la gente y no en sus intereses personales.","breadcrumb":{"@id":"https:\/\/nahuelproducciones.com.ar\/radioquijano\/municipio-de-campo-quijano-proclamacion-de-autoridades-electas\/#breadcrumb"},"inLanguage":"es","potentialAction":[{"@type":"ReadAction","target":["https:\/\/nahuelproducciones.com.ar\/radioquijano\/municipio-de-campo-quijano-proclamacion-de-autoridades-electas\/"]}]},{"@type":"BreadcrumbList","@id":"https:\/\/nahuelproducciones.com.ar\/radioquijano\/municipio-de-campo-quijano-proclamacion-de-autoridades-electas\/#breadcrumb","itemListElement":[{"@type":"ListItem","position":1,"name":"Portada","item":"https:\/\/nahuelproducciones.com.ar\/radioquijano\/"},{"@type":"ListItem","position":2,"name":"Municipio de Campo Quijano: Proclamaci\u00f3n de autoridades electas."}]},{"@type":"WebSite","@id":"https:\/\/nahuelproducciones.com.ar\/radioquijano\/#website","url":"https:\/\/nahuelproducciones.com.ar\/radioquijano\/","name":"RQ 99.9","description":"Radio Quijano 99.9 MHz","potentialAction":[{"@type":"SearchAction","target":{"@type":"EntryPoint","urlTemplate":"https:\/\/nahuelproducciones.com.ar\/radioquijano\/?s={search_term_string}"},"query-input":"required name=search_term_string"}],"inLanguage":"es"},{"@type":"Person","@id":"https:\/\/nahuelproducciones.com.ar\/radioquijano\/#\/schema\/person\/e8a4f939e2cb487fe6d0c54042c9d32c","name":"Cecilia Pastrana","image":{"@type":"ImageObject","inLanguage":"es","@id":"https:\/\/nahuelproducciones.com.ar\/radioquijano\/#\/schema\/person\/image\/","url":"https:\/\/secure.gravatar.com\/avatar\/661a3ef63a8488d4f2794ed44af8cf71420f7e106f3072c40125114df5157749?s=96&d=mm&r=g","contentUrl":"https:\/\/secure.gravatar.com\/avatar\/661a3ef63a8488d4f2794ed44af8cf71420f7e106f3072c40125114df5157749?s=96&d=mm&r=g","caption":"Cecilia Pastrana"},"sameAs":["cecy"],"url":"https:\/\/nahuelproducciones.com.ar\/radioquijano\/author\/cecy\/"}]}},"_links":{"self":[{"href":"https:\/\/nahuelproducciones.com.ar\/radioquijano\/wp-json\/wp\/v2\/posts\/10335","targetHints":{"allow":["GET"]}}],"collection":[{"href":"https:\/\/nahuelproducciones.com.ar\/radioquijano\/wp-json\/wp\/v2\/posts"}],"about":[{"href":"https:\/\/nahuelproducciones.com.ar\/radioquijano\/wp-json\/wp\/v2\/types\/post"}],"author":[{"embeddable":true,"href":"https:\/\/nahuelproducciones.com.ar\/radioquijano\/wp-json\/wp\/v2\/users\/8"}],"replies":[{"embeddable":true,"href":"https:\/\/nahuelproducciones.com.ar\/radioquijano\/wp-json\/wp\/v2\/comments?post=10335"}],"version-history":[{"count":3,"href":"https:\/\/nahuelproducciones.com.ar\/radioquijano\/wp-json\/wp\/v2\/posts\/10335\/revisions"}],"predecessor-version":[{"id":10343,"href":"https:\/\/nahuelproducciones.com.ar\/radioquijano\/wp-json\/wp\/v2\/posts\/10335\/revisions\/10343"}],"wp:featuredmedia":[{"embeddable":true,"href":"https:\/\/nahuelproducciones.com.ar\/radioquijano\/wp-json\/wp\/v2\/media\/10336"}],"wp:attachment":[{"href":"https:\/\/nahuelproducciones.com.ar\/radioquijano\/wp-json\/wp\/v2\/media?parent=10335"}],"wp:term":[{"taxonomy":"category","embeddable":true,"href":"https:\/\/nahuelproducciones.com.ar\/radioquijano\/wp-json\/wp\/v2\/categories?post=10335"},{"taxonomy":"post_tag","embeddable":true,"href":"https:\/\/nahuelproducciones.com.ar\/radioquijano\/wp-json\/wp\/v2\/tags?post=10335"}],"curies":[{"name":"wp","href":"https:\/\/api.w.org\/{rel}","templated":true}]}}