{"id":10345,"date":"2025-06-01T22:40:51","date_gmt":"2025-06-02T01:40:51","guid":{"rendered":"https:\/\/nahuelproducciones.com.ar\/radioquijano\/?p=10345"},"modified":"2025-06-01T22:42:18","modified_gmt":"2025-06-02T01:42:18","slug":"salta-se-prepara-para-vivir-la-29a-semana-de-cine","status":"publish","type":"post","link":"https:\/\/nahuelproducciones.com.ar\/radioquijano\/salta-se-prepara-para-vivir-la-29a-semana-de-cine\/","title":{"rendered":"Salta se prepara para vivir la 29\u00aa Semana de Cine"},"content":{"rendered":"\n<p>La Secretar\u00eda de Cultura de la Provincia de Salta y la Direcci\u00f3n de Audiovisuales anunciaron oficialmente la 29\u00aa edici\u00f3n de la Semana de Cine en Salta. El lanzamiento del evento fue el jueves 29 de mayo a las 11:00 en el Sal\u00f3n de Usos M\u00faltiples de la Usina Cultural, en Juramento 180, ciudad de Salta.<\/p>\n\n\n\n<p>Esta tradicional muestra, que se llevar\u00e1 a cabo del 5 al 13 de junio, se ha consolidado a lo largo de m\u00e1s de dos d\u00e9cadas como uno de los eventos culturales m\u00e1s importantes de la provincia. En su edici\u00f3n 2025, la Semana de Cine busca seguir promoviendo el encuentro cinematogr\u00e1fico, la exhibici\u00f3n de producciones audiovisuales de calidad y el desarrollo del sector local, regional e internacional.<\/p>\n\n\n\n<p>La programaci\u00f3n estar\u00e1 pensada para un p\u00fablico amplio y diverso. Incluir\u00e1 estrenos de pel\u00edculas, proyecciones especiales, talleres de formaci\u00f3n, charlas, mesas redondas y contar\u00e1 con la presencia de reconocidos invitados del \u00e1mbito cinematogr\u00e1fico. Esta variedad de propuestas permitir\u00e1 que los asistentes no solo disfruten del cine, sino tambi\u00e9n que participen en espacios de di\u00e1logo e intercambio con referentes del sector.<\/p>\n\n\n\n<p>Durante la presentaci\u00f3n oficial se dio a conocer los detalles del cronograma, los nombres de los invitados y las actividades especiales que marcar\u00e1n esta edici\u00f3n. La Semana de Cine en Salta 2025 se presenta como una invitaci\u00f3n abierta a celebrar el cine como herramienta de encuentro, reflexi\u00f3n y creaci\u00f3n colectiva.<\/p>\n\n\n\n<p><strong>Fuente:<\/strong>\u00a0Secretar\u00eda de Cultura de la Provincia de Salta<\/p>\n","protected":false},"excerpt":{"rendered":"<p>La Secretar\u00eda de Cultura de la Provincia de Salta y la Direcci\u00f3n de Audiovisuales anunciaron oficialmente la 29\u00aa edici\u00f3n de la Semana de Cine en Salta. El lanzamiento del evento fue el jueves 29 de mayo a las 11:00 en el Sal\u00f3n de Usos M\u00faltiples de la Usina Cultural, en Juramento 180, ciudad de Salta. [&hellip;]<\/p>\n","protected":false},"author":8,"featured_media":10346,"comment_status":"open","ping_status":"open","sticky":false,"template":"","format":"standard","meta":{"_monsterinsights_skip_tracking":false,"_monsterinsights_sitenote_active":false,"_monsterinsights_sitenote_note":"","_monsterinsights_sitenote_category":0,"footnotes":""},"categories":[16],"tags":[100,28,1815,1816],"class_list":["post-10345","post","type-post","status-publish","format-standard","has-post-thumbnail","hentry","category-noticias","tag-municipio-de-campo-quijano","tag-salta","tag-secretaria-de-cultura-de-la-provincia-de-salta","tag-semana-de-cine"],"yoast_head":"<!-- This site is optimized with the Yoast SEO plugin v20.8 - https:\/\/yoast.com\/wordpress\/plugins\/seo\/ -->\n<title>Salta se prepara para vivir la 29\u00aa Semana de Cine - RQ 99.9<\/title>\n<meta name=\"description\" content=\"La muestra se desarrollar\u00e1 del 5 al 13 de junio en diferentes espacios culturales y municipios salte\u00f1os.\" \/>\n<meta name=\"robots\" content=\"index, follow, max-snippet:-1, max-image-preview:large, max-video-preview:-1\" \/>\n<link rel=\"canonical\" href=\"https:\/\/nahuelproducciones.com.ar\/radioquijano\/salta-se-prepara-para-vivir-la-29a-semana-de-cine\/\" \/>\n<meta property=\"og:locale\" content=\"es_ES\" \/>\n<meta property=\"og:type\" content=\"article\" \/>\n<meta property=\"og:title\" content=\"Salta se prepara para vivir la 29\u00aa Semana de Cine - RQ 99.9\" \/>\n<meta property=\"og:description\" content=\"La muestra se desarrollar\u00e1 del 5 al 13 de junio en diferentes espacios culturales y municipios salte\u00f1os.\" \/>\n<meta property=\"og:url\" content=\"https:\/\/nahuelproducciones.com.ar\/radioquijano\/salta-se-prepara-para-vivir-la-29a-semana-de-cine\/\" \/>\n<meta property=\"og:site_name\" content=\"RQ 99.9\" \/>\n<meta property=\"article:publisher\" content=\"https:\/\/www.facebook.com\/nahuelproducciones999\/\" \/>\n<meta property=\"article:published_time\" content=\"2025-06-02T01:40:51+00:00\" \/>\n<meta property=\"article:modified_time\" content=\"2025-06-02T01:42:18+00:00\" \/>\n<meta property=\"og:image\" content=\"https:\/\/nahuelproducciones.com.ar\/radioquijano\/wp-content\/uploads\/2025\/06\/whatsapp_image_2025-05-26_at_15.21.36-e1748828406841.jpeg\" \/>\n\t<meta property=\"og:image:width\" content=\"700\" \/>\n\t<meta property=\"og:image:height\" content=\"875\" \/>\n\t<meta property=\"og:image:type\" content=\"image\/jpeg\" \/>\n<meta name=\"author\" content=\"Cecilia Pastrana\" \/>\n<meta name=\"twitter:card\" content=\"summary_large_image\" \/>\n<meta name=\"twitter:creator\" content=\"@nahuproduciones\" \/>\n<meta name=\"twitter:site\" content=\"@nahuproduciones\" \/>\n<meta name=\"twitter:label1\" content=\"Escrito por\" \/>\n\t<meta name=\"twitter:data1\" content=\"Cecilia Pastrana\" \/>\n\t<meta name=\"twitter:label2\" content=\"Tiempo de lectura\" \/>\n\t<meta name=\"twitter:data2\" content=\"2 minutos\" \/>\n<script type=\"application\/ld+json\" class=\"yoast-schema-graph\">{\"@context\":\"https:\/\/schema.org\",\"@graph\":[{\"@type\":\"WebPage\",\"@id\":\"https:\/\/nahuelproducciones.com.ar\/radioquijano\/salta-se-prepara-para-vivir-la-29a-semana-de-cine\/\",\"url\":\"https:\/\/nahuelproducciones.com.ar\/radioquijano\/salta-se-prepara-para-vivir-la-29a-semana-de-cine\/\",\"name\":\"Salta se prepara para vivir la 29\u00aa Semana de Cine - RQ 99.9\",\"isPartOf\":{\"@id\":\"https:\/\/nahuelproducciones.com.ar\/radioquijano\/#website\"},\"datePublished\":\"2025-06-02T01:40:51+00:00\",\"dateModified\":\"2025-06-02T01:42:18+00:00\",\"author\":{\"@id\":\"https:\/\/nahuelproducciones.com.ar\/radioquijano\/#\/schema\/person\/e8a4f939e2cb487fe6d0c54042c9d32c\"},\"description\":\"La muestra se desarrollar\u00e1 del 5 al 13 de junio en diferentes espacios culturales y municipios salte\u00f1os.\",\"breadcrumb\":{\"@id\":\"https:\/\/nahuelproducciones.com.ar\/radioquijano\/salta-se-prepara-para-vivir-la-29a-semana-de-cine\/#breadcrumb\"},\"inLanguage\":\"es\",\"potentialAction\":[{\"@type\":\"ReadAction\",\"target\":[\"https:\/\/nahuelproducciones.com.ar\/radioquijano\/salta-se-prepara-para-vivir-la-29a-semana-de-cine\/\"]}]},{\"@type\":\"BreadcrumbList\",\"@id\":\"https:\/\/nahuelproducciones.com.ar\/radioquijano\/salta-se-prepara-para-vivir-la-29a-semana-de-cine\/#breadcrumb\",\"itemListElement\":[{\"@type\":\"ListItem\",\"position\":1,\"name\":\"Portada\",\"item\":\"https:\/\/nahuelproducciones.com.ar\/radioquijano\/\"},{\"@type\":\"ListItem\",\"position\":2,\"name\":\"Salta se prepara para vivir la 29\u00aa Semana de Cine\"}]},{\"@type\":\"WebSite\",\"@id\":\"https:\/\/nahuelproducciones.com.ar\/radioquijano\/#website\",\"url\":\"https:\/\/nahuelproducciones.com.ar\/radioquijano\/\",\"name\":\"RQ 99.9\",\"description\":\"Radio Quijano 99.9 MHz\",\"potentialAction\":[{\"@type\":\"SearchAction\",\"target\":{\"@type\":\"EntryPoint\",\"urlTemplate\":\"https:\/\/nahuelproducciones.com.ar\/radioquijano\/?s={search_term_string}\"},\"query-input\":\"required name=search_term_string\"}],\"inLanguage\":\"es\"},{\"@type\":\"Person\",\"@id\":\"https:\/\/nahuelproducciones.com.ar\/radioquijano\/#\/schema\/person\/e8a4f939e2cb487fe6d0c54042c9d32c\",\"name\":\"Cecilia Pastrana\",\"image\":{\"@type\":\"ImageObject\",\"inLanguage\":\"es\",\"@id\":\"https:\/\/nahuelproducciones.com.ar\/radioquijano\/#\/schema\/person\/image\/\",\"url\":\"https:\/\/secure.gravatar.com\/avatar\/661a3ef63a8488d4f2794ed44af8cf71420f7e106f3072c40125114df5157749?s=96&d=mm&r=g\",\"contentUrl\":\"https:\/\/secure.gravatar.com\/avatar\/661a3ef63a8488d4f2794ed44af8cf71420f7e106f3072c40125114df5157749?s=96&d=mm&r=g\",\"caption\":\"Cecilia Pastrana\"},\"sameAs\":[\"cecy\"],\"url\":\"https:\/\/nahuelproducciones.com.ar\/radioquijano\/author\/cecy\/\"}]}<\/script>\n<!-- \/ Yoast SEO plugin. -->","yoast_head_json":{"title":"Salta se prepara para vivir la 29\u00aa Semana de Cine - RQ 99.9","description":"La muestra se desarrollar\u00e1 del 5 al 13 de junio en diferentes espacios culturales y municipios salte\u00f1os.","robots":{"index":"index","follow":"follow","max-snippet":"max-snippet:-1","max-image-preview":"max-image-preview:large","max-video-preview":"max-video-preview:-1"},"canonical":"https:\/\/nahuelproducciones.com.ar\/radioquijano\/salta-se-prepara-para-vivir-la-29a-semana-de-cine\/","og_locale":"es_ES","og_type":"article","og_title":"Salta se prepara para vivir la 29\u00aa Semana de Cine - RQ 99.9","og_description":"La muestra se desarrollar\u00e1 del 5 al 13 de junio en diferentes espacios culturales y municipios salte\u00f1os.","og_url":"https:\/\/nahuelproducciones.com.ar\/radioquijano\/salta-se-prepara-para-vivir-la-29a-semana-de-cine\/","og_site_name":"RQ 99.9","article_publisher":"https:\/\/www.facebook.com\/nahuelproducciones999\/","article_published_time":"2025-06-02T01:40:51+00:00","article_modified_time":"2025-06-02T01:42:18+00:00","og_image":[{"width":700,"height":875,"url":"https:\/\/nahuelproducciones.com.ar\/radioquijano\/wp-content\/uploads\/2025\/06\/whatsapp_image_2025-05-26_at_15.21.36-e1748828406841.jpeg","type":"image\/jpeg"}],"author":"Cecilia Pastrana","twitter_card":"summary_large_image","twitter_creator":"@nahuproduciones","twitter_site":"@nahuproduciones","twitter_misc":{"Escrito por":"Cecilia Pastrana","Tiempo de lectura":"2 minutos"},"schema":{"@context":"https:\/\/schema.org","@graph":[{"@type":"WebPage","@id":"https:\/\/nahuelproducciones.com.ar\/radioquijano\/salta-se-prepara-para-vivir-la-29a-semana-de-cine\/","url":"https:\/\/nahuelproducciones.com.ar\/radioquijano\/salta-se-prepara-para-vivir-la-29a-semana-de-cine\/","name":"Salta se prepara para vivir la 29\u00aa Semana de Cine - RQ 99.9","isPartOf":{"@id":"https:\/\/nahuelproducciones.com.ar\/radioquijano\/#website"},"datePublished":"2025-06-02T01:40:51+00:00","dateModified":"2025-06-02T01:42:18+00:00","author":{"@id":"https:\/\/nahuelproducciones.com.ar\/radioquijano\/#\/schema\/person\/e8a4f939e2cb487fe6d0c54042c9d32c"},"description":"La muestra se desarrollar\u00e1 del 5 al 13 de junio en diferentes espacios culturales y municipios salte\u00f1os.","breadcrumb":{"@id":"https:\/\/nahuelproducciones.com.ar\/radioquijano\/salta-se-prepara-para-vivir-la-29a-semana-de-cine\/#breadcrumb"},"inLanguage":"es","potentialAction":[{"@type":"ReadAction","target":["https:\/\/nahuelproducciones.com.ar\/radioquijano\/salta-se-prepara-para-vivir-la-29a-semana-de-cine\/"]}]},{"@type":"BreadcrumbList","@id":"https:\/\/nahuelproducciones.com.ar\/radioquijano\/salta-se-prepara-para-vivir-la-29a-semana-de-cine\/#breadcrumb","itemListElement":[{"@type":"ListItem","position":1,"name":"Portada","item":"https:\/\/nahuelproducciones.com.ar\/radioquijano\/"},{"@type":"ListItem","position":2,"name":"Salta se prepara para vivir la 29\u00aa Semana de Cine"}]},{"@type":"WebSite","@id":"https:\/\/nahuelproducciones.com.ar\/radioquijano\/#website","url":"https:\/\/nahuelproducciones.com.ar\/radioquijano\/","name":"RQ 99.9","description":"Radio Quijano 99.9 MHz","potentialAction":[{"@type":"SearchAction","target":{"@type":"EntryPoint","urlTemplate":"https:\/\/nahuelproducciones.com.ar\/radioquijano\/?s={search_term_string}"},"query-input":"required name=search_term_string"}],"inLanguage":"es"},{"@type":"Person","@id":"https:\/\/nahuelproducciones.com.ar\/radioquijano\/#\/schema\/person\/e8a4f939e2cb487fe6d0c54042c9d32c","name":"Cecilia Pastrana","image":{"@type":"ImageObject","inLanguage":"es","@id":"https:\/\/nahuelproducciones.com.ar\/radioquijano\/#\/schema\/person\/image\/","url":"https:\/\/secure.gravatar.com\/avatar\/661a3ef63a8488d4f2794ed44af8cf71420f7e106f3072c40125114df5157749?s=96&d=mm&r=g","contentUrl":"https:\/\/secure.gravatar.com\/avatar\/661a3ef63a8488d4f2794ed44af8cf71420f7e106f3072c40125114df5157749?s=96&d=mm&r=g","caption":"Cecilia Pastrana"},"sameAs":["cecy"],"url":"https:\/\/nahuelproducciones.com.ar\/radioquijano\/author\/cecy\/"}]}},"_links":{"self":[{"href":"https:\/\/nahuelproducciones.com.ar\/radioquijano\/wp-json\/wp\/v2\/posts\/10345","targetHints":{"allow":["GET"]}}],"collection":[{"href":"https:\/\/nahuelproducciones.com.ar\/radioquijano\/wp-json\/wp\/v2\/posts"}],"about":[{"href":"https:\/\/nahuelproducciones.com.ar\/radioquijano\/wp-json\/wp\/v2\/types\/post"}],"author":[{"embeddable":true,"href":"https:\/\/nahuelproducciones.com.ar\/radioquijano\/wp-json\/wp\/v2\/users\/8"}],"replies":[{"embeddable":true,"href":"https:\/\/nahuelproducciones.com.ar\/radioquijano\/wp-json\/wp\/v2\/comments?post=10345"}],"version-history":[{"count":2,"href":"https:\/\/nahuelproducciones.com.ar\/radioquijano\/wp-json\/wp\/v2\/posts\/10345\/revisions"}],"predecessor-version":[{"id":10349,"href":"https:\/\/nahuelproducciones.com.ar\/radioquijano\/wp-json\/wp\/v2\/posts\/10345\/revisions\/10349"}],"wp:featuredmedia":[{"embeddable":true,"href":"https:\/\/nahuelproducciones.com.ar\/radioquijano\/wp-json\/wp\/v2\/media\/10346"}],"wp:attachment":[{"href":"https:\/\/nahuelproducciones.com.ar\/radioquijano\/wp-json\/wp\/v2\/media?parent=10345"}],"wp:term":[{"taxonomy":"category","embeddable":true,"href":"https:\/\/nahuelproducciones.com.ar\/radioquijano\/wp-json\/wp\/v2\/categories?post=10345"},{"taxonomy":"post_tag","embeddable":true,"href":"https:\/\/nahuelproducciones.com.ar\/radioquijano\/wp-json\/wp\/v2\/tags?post=10345"}],"curies":[{"name":"wp","href":"https:\/\/api.w.org\/{rel}","templated":true}]}}