{"id":10363,"date":"2025-06-02T22:54:45","date_gmt":"2025-06-03T01:54:45","guid":{"rendered":"https:\/\/nahuelproducciones.com.ar\/radioquijano\/?p=10363"},"modified":"2025-06-02T22:54:47","modified_gmt":"2025-06-03T01:54:47","slug":"vecinos-de-la-silleta-exigen-soluciones-urgentes-a-aguas-del-norte-por-perdidas-en-cano-maestro-con-mas-de-60-anos-de-antiguedad","status":"publish","type":"post","link":"https:\/\/nahuelproducciones.com.ar\/radioquijano\/vecinos-de-la-silleta-exigen-soluciones-urgentes-a-aguas-del-norte-por-perdidas-en-cano-maestro-con-mas-de-60-anos-de-antiguedad\/","title":{"rendered":"Vecinos de La Silleta exigen soluciones urgentes a Aguas del Norte por p\u00e9rdidas en ca\u00f1o maestro con m\u00e1s de 60 a\u00f1os de antig\u00fcedad"},"content":{"rendered":"\n<p><strong>La Silleta, 2 de junio de 2025.<\/strong><br>Cansados de convivir con p\u00e9rdidas constantes y promesas incumplidas, vecinos de la localidad de La Silleta, en el departamento Rosario de Lerma, alzaron nuevamente su voz para reclamar a Aguas del Norte el <strong>reemplazo urgente del ca\u00f1o maestro<\/strong> ubicado en calle Islas Malvinas, el cual \u2014seg\u00fan denuncian\u2014 tiene m\u00e1s de <strong>60 a\u00f1os de antig\u00fcedad<\/strong>.<\/p>\n\n\n\n<p>\u201cSiempre lo mismo: p\u00e9rdidas y m\u00e1s p\u00e9rdidas. \u00bfQui\u00e9n gestiona realmente para mejorar nuestra calidad de vida?\u201d, se preguntan con angustia los habitantes, quienes hicieron llegar su preocupaci\u00f3n a <strong>Radio Quijano<\/strong>, donde relataron la larga lucha que llevan adelante sin obtener respuestas concretas.<\/p>\n\n\n\n<p>Los vecinos ya presentaron <strong>numerosas notas formales<\/strong> a la empresa prestataria, y esta ma\u00f1ana ingresaron <strong>una nueva solicitud por mesa de entrada<\/strong>, sumando as\u00ed un nuevo reclamo oficial.<\/p>\n\n\n\n<p>La nota, fechada este 2 de junio, va dirigida al <strong>Presidente de Aguas del Norte, Ignacio Jars\u00fan<\/strong>, y <strong>reitera el pedido elevado el pasado 26 de mayo<\/strong>, registrado bajo expediente N\u00ba 93511. En el documento, la comunidad solicita <strong>la presencia urgente del funcionario<\/strong> en el lugar de la obra, advirtiendo que, de no concretarse una respuesta en el corto plazo, <strong>tomar\u00e1n medidas para hacer p\u00fablica la situaci\u00f3n a trav\u00e9s de los medios de comunicaci\u00f3n<\/strong>.<\/p>\n\n\n\n<blockquote class=\"wp-block-quote is-layout-flow wp-block-quote-is-layout-flow\">\n<p>\u201cLlevamos d\u00e9cadas esperando que alguien se haga cargo. No es justo seguir as\u00ed. El ca\u00f1o maestro debe ser reemplazado por completo, ya no admite parches\u201d, expresaron los vecinos, quienes esperan ser escuchados.<\/p>\n<\/blockquote>\n\n\n\n<p>Desde Radio Quijano acompa\u00f1amos la voz del pueblo y seguiremos de cerca este reclamo que pone en evidencia la falta de inversi\u00f3n en infraestructura esencial y la necesidad de respuestas concretas por parte de los organismos correspondientes.<\/p>\n\n\n\n<figure class=\"wp-block-gallery has-nested-images columns-default is-cropped wp-block-gallery-1 is-layout-flex wp-block-gallery-is-layout-flex\">\n<figure class=\"wp-block-image size-large\"><img loading=\"lazy\" decoding=\"async\" width=\"714\" height=\"1024\" data-id=\"10366\" src=\"https:\/\/nahuelproducciones.com.ar\/radioquijano\/wp-content\/uploads\/2025\/06\/WhatsApp-Image-2025-06-02-at-10.24.28-AM-714x1024.jpeg\" alt=\"\" class=\"wp-image-10366\" srcset=\"https:\/\/nahuelproducciones.com.ar\/radioquijano\/wp-content\/uploads\/2025\/06\/WhatsApp-Image-2025-06-02-at-10.24.28-AM-714x1024.jpeg 714w, https:\/\/nahuelproducciones.com.ar\/radioquijano\/wp-content\/uploads\/2025\/06\/WhatsApp-Image-2025-06-02-at-10.24.28-AM-209x300.jpeg 209w, https:\/\/nahuelproducciones.com.ar\/radioquijano\/wp-content\/uploads\/2025\/06\/WhatsApp-Image-2025-06-02-at-10.24.28-AM-768x1101.jpeg 768w, https:\/\/nahuelproducciones.com.ar\/radioquijano\/wp-content\/uploads\/2025\/06\/WhatsApp-Image-2025-06-02-at-10.24.28-AM-150x215.jpeg 150w, https:\/\/nahuelproducciones.com.ar\/radioquijano\/wp-content\/uploads\/2025\/06\/WhatsApp-Image-2025-06-02-at-10.24.28-AM.jpeg 814w\" sizes=\"auto, (max-width: 714px) 100vw, 714px\" \/><\/figure>\n<\/figure>\n\n\n\n<figure class=\"wp-block-video\"><video controls src=\"https:\/\/nahuelproducciones.com.ar\/radioquijano\/wp-content\/uploads\/2025\/06\/WhatsApp-Video-2025-06-02-at-9.39.47-AM.mp4\"><\/video><\/figure>\n","protected":false},"excerpt":{"rendered":"<p>La Silleta, 2 de junio de 2025.Cansados de convivir con p\u00e9rdidas constantes y promesas incumplidas, vecinos de la localidad de La Silleta, en el departamento Rosario de Lerma, alzaron nuevamente su voz para reclamar a Aguas del Norte el reemplazo urgente del ca\u00f1o maestro ubicado en calle Islas Malvinas, el cual \u2014seg\u00fan denuncian\u2014 tiene m\u00e1s [&hellip;]<\/p>\n","protected":false},"author":8,"featured_media":10365,"comment_status":"open","ping_status":"open","sticky":false,"template":"","format":"standard","meta":{"_monsterinsights_skip_tracking":false,"_monsterinsights_sitenote_active":false,"_monsterinsights_sitenote_note":"","_monsterinsights_sitenote_category":0,"footnotes":""},"categories":[16],"tags":[789,77,100],"class_list":["post-10363","post","type-post","status-publish","format-standard","has-post-thumbnail","hentry","category-noticias","tag-aguas-del-norte","tag-la-silleta","tag-municipio-de-campo-quijano"],"yoast_head":"<!-- This site is optimized with the Yoast SEO plugin v20.8 - https:\/\/yoast.com\/wordpress\/plugins\/seo\/ -->\n<title>Vecinos de La Silleta exigen soluciones urgentes a Aguas del Norte por p\u00e9rdidas en ca\u00f1o maestro con m\u00e1s de 60 a\u00f1os de antig\u00fcedad - RQ 99.9<\/title>\n<meta name=\"description\" content=\"Los vecinos ya presentaron numerosas notas formales a la empresa prestataria, y esta ma\u00f1ana ingresaron una nueva solicitud por mesa de entrada, sumando as\u00ed un nuevo reclamo oficial.\" \/>\n<meta name=\"robots\" content=\"index, follow, max-snippet:-1, max-image-preview:large, max-video-preview:-1\" \/>\n<link rel=\"canonical\" href=\"https:\/\/nahuelproducciones.com.ar\/radioquijano\/vecinos-de-la-silleta-exigen-soluciones-urgentes-a-aguas-del-norte-por-perdidas-en-cano-maestro-con-mas-de-60-anos-de-antiguedad\/\" \/>\n<meta property=\"og:locale\" content=\"es_ES\" \/>\n<meta property=\"og:type\" content=\"article\" \/>\n<meta property=\"og:title\" content=\"Vecinos de La Silleta exigen soluciones urgentes a Aguas del Norte por p\u00e9rdidas en ca\u00f1o maestro con m\u00e1s de 60 a\u00f1os de antig\u00fcedad - RQ 99.9\" \/>\n<meta property=\"og:description\" content=\"Los vecinos ya presentaron numerosas notas formales a la empresa prestataria, y esta ma\u00f1ana ingresaron una nueva solicitud por mesa de entrada, sumando as\u00ed un nuevo reclamo oficial.\" \/>\n<meta property=\"og:url\" content=\"https:\/\/nahuelproducciones.com.ar\/radioquijano\/vecinos-de-la-silleta-exigen-soluciones-urgentes-a-aguas-del-norte-por-perdidas-en-cano-maestro-con-mas-de-60-anos-de-antiguedad\/\" \/>\n<meta property=\"og:site_name\" content=\"RQ 99.9\" \/>\n<meta property=\"article:publisher\" content=\"https:\/\/www.facebook.com\/nahuelproducciones999\/\" \/>\n<meta property=\"article:published_time\" content=\"2025-06-03T01:54:45+00:00\" \/>\n<meta property=\"article:modified_time\" content=\"2025-06-03T01:54:47+00:00\" \/>\n<meta property=\"og:image\" content=\"https:\/\/nahuelproducciones.com.ar\/radioquijano\/wp-content\/uploads\/2025\/06\/WhatsApp-Image-2025-06-02-at-10.43.17-PM.jpeg\" \/>\n\t<meta property=\"og:image:width\" content=\"487\" \/>\n\t<meta property=\"og:image:height\" content=\"629\" \/>\n\t<meta property=\"og:image:type\" content=\"image\/jpeg\" \/>\n<meta name=\"author\" content=\"Cecilia Pastrana\" \/>\n<meta name=\"twitter:card\" content=\"summary_large_image\" \/>\n<meta name=\"twitter:creator\" content=\"@nahuproduciones\" \/>\n<meta name=\"twitter:site\" content=\"@nahuproduciones\" \/>\n<meta name=\"twitter:label1\" content=\"Escrito por\" \/>\n\t<meta name=\"twitter:data1\" content=\"Cecilia Pastrana\" \/>\n\t<meta name=\"twitter:label2\" content=\"Tiempo de lectura\" \/>\n\t<meta name=\"twitter:data2\" content=\"2 minutos\" \/>\n<script type=\"application\/ld+json\" class=\"yoast-schema-graph\">{\"@context\":\"https:\/\/schema.org\",\"@graph\":[{\"@type\":\"WebPage\",\"@id\":\"https:\/\/nahuelproducciones.com.ar\/radioquijano\/vecinos-de-la-silleta-exigen-soluciones-urgentes-a-aguas-del-norte-por-perdidas-en-cano-maestro-con-mas-de-60-anos-de-antiguedad\/\",\"url\":\"https:\/\/nahuelproducciones.com.ar\/radioquijano\/vecinos-de-la-silleta-exigen-soluciones-urgentes-a-aguas-del-norte-por-perdidas-en-cano-maestro-con-mas-de-60-anos-de-antiguedad\/\",\"name\":\"Vecinos de La Silleta exigen soluciones urgentes a Aguas del Norte por p\u00e9rdidas en ca\u00f1o maestro con m\u00e1s de 60 a\u00f1os de antig\u00fcedad - RQ 99.9\",\"isPartOf\":{\"@id\":\"https:\/\/nahuelproducciones.com.ar\/radioquijano\/#website\"},\"datePublished\":\"2025-06-03T01:54:45+00:00\",\"dateModified\":\"2025-06-03T01:54:47+00:00\",\"author\":{\"@id\":\"https:\/\/nahuelproducciones.com.ar\/radioquijano\/#\/schema\/person\/e8a4f939e2cb487fe6d0c54042c9d32c\"},\"description\":\"Los vecinos ya presentaron numerosas notas formales a la empresa prestataria, y esta ma\u00f1ana ingresaron una nueva solicitud por mesa de entrada, sumando as\u00ed un nuevo reclamo oficial.\",\"breadcrumb\":{\"@id\":\"https:\/\/nahuelproducciones.com.ar\/radioquijano\/vecinos-de-la-silleta-exigen-soluciones-urgentes-a-aguas-del-norte-por-perdidas-en-cano-maestro-con-mas-de-60-anos-de-antiguedad\/#breadcrumb\"},\"inLanguage\":\"es\",\"potentialAction\":[{\"@type\":\"ReadAction\",\"target\":[\"https:\/\/nahuelproducciones.com.ar\/radioquijano\/vecinos-de-la-silleta-exigen-soluciones-urgentes-a-aguas-del-norte-por-perdidas-en-cano-maestro-con-mas-de-60-anos-de-antiguedad\/\"]}]},{\"@type\":\"BreadcrumbList\",\"@id\":\"https:\/\/nahuelproducciones.com.ar\/radioquijano\/vecinos-de-la-silleta-exigen-soluciones-urgentes-a-aguas-del-norte-por-perdidas-en-cano-maestro-con-mas-de-60-anos-de-antiguedad\/#breadcrumb\",\"itemListElement\":[{\"@type\":\"ListItem\",\"position\":1,\"name\":\"Portada\",\"item\":\"https:\/\/nahuelproducciones.com.ar\/radioquijano\/\"},{\"@type\":\"ListItem\",\"position\":2,\"name\":\"Vecinos de La Silleta exigen soluciones urgentes a Aguas del Norte por p\u00e9rdidas en ca\u00f1o maestro con m\u00e1s de 60 a\u00f1os de antig\u00fcedad\"}]},{\"@type\":\"WebSite\",\"@id\":\"https:\/\/nahuelproducciones.com.ar\/radioquijano\/#website\",\"url\":\"https:\/\/nahuelproducciones.com.ar\/radioquijano\/\",\"name\":\"RQ 99.9\",\"description\":\"Radio Quijano 99.9 MHz\",\"potentialAction\":[{\"@type\":\"SearchAction\",\"target\":{\"@type\":\"EntryPoint\",\"urlTemplate\":\"https:\/\/nahuelproducciones.com.ar\/radioquijano\/?s={search_term_string}\"},\"query-input\":\"required name=search_term_string\"}],\"inLanguage\":\"es\"},{\"@type\":\"Person\",\"@id\":\"https:\/\/nahuelproducciones.com.ar\/radioquijano\/#\/schema\/person\/e8a4f939e2cb487fe6d0c54042c9d32c\",\"name\":\"Cecilia Pastrana\",\"image\":{\"@type\":\"ImageObject\",\"inLanguage\":\"es\",\"@id\":\"https:\/\/nahuelproducciones.com.ar\/radioquijano\/#\/schema\/person\/image\/\",\"url\":\"https:\/\/secure.gravatar.com\/avatar\/661a3ef63a8488d4f2794ed44af8cf71420f7e106f3072c40125114df5157749?s=96&d=mm&r=g\",\"contentUrl\":\"https:\/\/secure.gravatar.com\/avatar\/661a3ef63a8488d4f2794ed44af8cf71420f7e106f3072c40125114df5157749?s=96&d=mm&r=g\",\"caption\":\"Cecilia Pastrana\"},\"sameAs\":[\"cecy\"],\"url\":\"https:\/\/nahuelproducciones.com.ar\/radioquijano\/author\/cecy\/\"}]}<\/script>\n<!-- \/ Yoast SEO plugin. -->","yoast_head_json":{"title":"Vecinos de La Silleta exigen soluciones urgentes a Aguas del Norte por p\u00e9rdidas en ca\u00f1o maestro con m\u00e1s de 60 a\u00f1os de antig\u00fcedad - RQ 99.9","description":"Los vecinos ya presentaron numerosas notas formales a la empresa prestataria, y esta ma\u00f1ana ingresaron una nueva solicitud por mesa de entrada, sumando as\u00ed un nuevo reclamo oficial.","robots":{"index":"index","follow":"follow","max-snippet":"max-snippet:-1","max-image-preview":"max-image-preview:large","max-video-preview":"max-video-preview:-1"},"canonical":"https:\/\/nahuelproducciones.com.ar\/radioquijano\/vecinos-de-la-silleta-exigen-soluciones-urgentes-a-aguas-del-norte-por-perdidas-en-cano-maestro-con-mas-de-60-anos-de-antiguedad\/","og_locale":"es_ES","og_type":"article","og_title":"Vecinos de La Silleta exigen soluciones urgentes a Aguas del Norte por p\u00e9rdidas en ca\u00f1o maestro con m\u00e1s de 60 a\u00f1os de antig\u00fcedad - RQ 99.9","og_description":"Los vecinos ya presentaron numerosas notas formales a la empresa prestataria, y esta ma\u00f1ana ingresaron una nueva solicitud por mesa de entrada, sumando as\u00ed un nuevo reclamo oficial.","og_url":"https:\/\/nahuelproducciones.com.ar\/radioquijano\/vecinos-de-la-silleta-exigen-soluciones-urgentes-a-aguas-del-norte-por-perdidas-en-cano-maestro-con-mas-de-60-anos-de-antiguedad\/","og_site_name":"RQ 99.9","article_publisher":"https:\/\/www.facebook.com\/nahuelproducciones999\/","article_published_time":"2025-06-03T01:54:45+00:00","article_modified_time":"2025-06-03T01:54:47+00:00","og_image":[{"width":487,"height":629,"url":"https:\/\/nahuelproducciones.com.ar\/radioquijano\/wp-content\/uploads\/2025\/06\/WhatsApp-Image-2025-06-02-at-10.43.17-PM.jpeg","type":"image\/jpeg"}],"author":"Cecilia Pastrana","twitter_card":"summary_large_image","twitter_creator":"@nahuproduciones","twitter_site":"@nahuproduciones","twitter_misc":{"Escrito por":"Cecilia Pastrana","Tiempo de lectura":"2 minutos"},"schema":{"@context":"https:\/\/schema.org","@graph":[{"@type":"WebPage","@id":"https:\/\/nahuelproducciones.com.ar\/radioquijano\/vecinos-de-la-silleta-exigen-soluciones-urgentes-a-aguas-del-norte-por-perdidas-en-cano-maestro-con-mas-de-60-anos-de-antiguedad\/","url":"https:\/\/nahuelproducciones.com.ar\/radioquijano\/vecinos-de-la-silleta-exigen-soluciones-urgentes-a-aguas-del-norte-por-perdidas-en-cano-maestro-con-mas-de-60-anos-de-antiguedad\/","name":"Vecinos de La Silleta exigen soluciones urgentes a Aguas del Norte por p\u00e9rdidas en ca\u00f1o maestro con m\u00e1s de 60 a\u00f1os de antig\u00fcedad - RQ 99.9","isPartOf":{"@id":"https:\/\/nahuelproducciones.com.ar\/radioquijano\/#website"},"datePublished":"2025-06-03T01:54:45+00:00","dateModified":"2025-06-03T01:54:47+00:00","author":{"@id":"https:\/\/nahuelproducciones.com.ar\/radioquijano\/#\/schema\/person\/e8a4f939e2cb487fe6d0c54042c9d32c"},"description":"Los vecinos ya presentaron numerosas notas formales a la empresa prestataria, y esta ma\u00f1ana ingresaron una nueva solicitud por mesa de entrada, sumando as\u00ed un nuevo reclamo oficial.","breadcrumb":{"@id":"https:\/\/nahuelproducciones.com.ar\/radioquijano\/vecinos-de-la-silleta-exigen-soluciones-urgentes-a-aguas-del-norte-por-perdidas-en-cano-maestro-con-mas-de-60-anos-de-antiguedad\/#breadcrumb"},"inLanguage":"es","potentialAction":[{"@type":"ReadAction","target":["https:\/\/nahuelproducciones.com.ar\/radioquijano\/vecinos-de-la-silleta-exigen-soluciones-urgentes-a-aguas-del-norte-por-perdidas-en-cano-maestro-con-mas-de-60-anos-de-antiguedad\/"]}]},{"@type":"BreadcrumbList","@id":"https:\/\/nahuelproducciones.com.ar\/radioquijano\/vecinos-de-la-silleta-exigen-soluciones-urgentes-a-aguas-del-norte-por-perdidas-en-cano-maestro-con-mas-de-60-anos-de-antiguedad\/#breadcrumb","itemListElement":[{"@type":"ListItem","position":1,"name":"Portada","item":"https:\/\/nahuelproducciones.com.ar\/radioquijano\/"},{"@type":"ListItem","position":2,"name":"Vecinos de La Silleta exigen soluciones urgentes a Aguas del Norte por p\u00e9rdidas en ca\u00f1o maestro con m\u00e1s de 60 a\u00f1os de antig\u00fcedad"}]},{"@type":"WebSite","@id":"https:\/\/nahuelproducciones.com.ar\/radioquijano\/#website","url":"https:\/\/nahuelproducciones.com.ar\/radioquijano\/","name":"RQ 99.9","description":"Radio Quijano 99.9 MHz","potentialAction":[{"@type":"SearchAction","target":{"@type":"EntryPoint","urlTemplate":"https:\/\/nahuelproducciones.com.ar\/radioquijano\/?s={search_term_string}"},"query-input":"required name=search_term_string"}],"inLanguage":"es"},{"@type":"Person","@id":"https:\/\/nahuelproducciones.com.ar\/radioquijano\/#\/schema\/person\/e8a4f939e2cb487fe6d0c54042c9d32c","name":"Cecilia Pastrana","image":{"@type":"ImageObject","inLanguage":"es","@id":"https:\/\/nahuelproducciones.com.ar\/radioquijano\/#\/schema\/person\/image\/","url":"https:\/\/secure.gravatar.com\/avatar\/661a3ef63a8488d4f2794ed44af8cf71420f7e106f3072c40125114df5157749?s=96&d=mm&r=g","contentUrl":"https:\/\/secure.gravatar.com\/avatar\/661a3ef63a8488d4f2794ed44af8cf71420f7e106f3072c40125114df5157749?s=96&d=mm&r=g","caption":"Cecilia Pastrana"},"sameAs":["cecy"],"url":"https:\/\/nahuelproducciones.com.ar\/radioquijano\/author\/cecy\/"}]}},"_links":{"self":[{"href":"https:\/\/nahuelproducciones.com.ar\/radioquijano\/wp-json\/wp\/v2\/posts\/10363","targetHints":{"allow":["GET"]}}],"collection":[{"href":"https:\/\/nahuelproducciones.com.ar\/radioquijano\/wp-json\/wp\/v2\/posts"}],"about":[{"href":"https:\/\/nahuelproducciones.com.ar\/radioquijano\/wp-json\/wp\/v2\/types\/post"}],"author":[{"embeddable":true,"href":"https:\/\/nahuelproducciones.com.ar\/radioquijano\/wp-json\/wp\/v2\/users\/8"}],"replies":[{"embeddable":true,"href":"https:\/\/nahuelproducciones.com.ar\/radioquijano\/wp-json\/wp\/v2\/comments?post=10363"}],"version-history":[{"count":1,"href":"https:\/\/nahuelproducciones.com.ar\/radioquijano\/wp-json\/wp\/v2\/posts\/10363\/revisions"}],"predecessor-version":[{"id":10368,"href":"https:\/\/nahuelproducciones.com.ar\/radioquijano\/wp-json\/wp\/v2\/posts\/10363\/revisions\/10368"}],"wp:featuredmedia":[{"embeddable":true,"href":"https:\/\/nahuelproducciones.com.ar\/radioquijano\/wp-json\/wp\/v2\/media\/10365"}],"wp:attachment":[{"href":"https:\/\/nahuelproducciones.com.ar\/radioquijano\/wp-json\/wp\/v2\/media?parent=10363"}],"wp:term":[{"taxonomy":"category","embeddable":true,"href":"https:\/\/nahuelproducciones.com.ar\/radioquijano\/wp-json\/wp\/v2\/categories?post=10363"},{"taxonomy":"post_tag","embeddable":true,"href":"https:\/\/nahuelproducciones.com.ar\/radioquijano\/wp-json\/wp\/v2\/tags?post=10363"}],"curies":[{"name":"wp","href":"https:\/\/api.w.org\/{rel}","templated":true}]}}