{"id":10369,"date":"2025-06-03T22:25:58","date_gmt":"2025-06-04T01:25:58","guid":{"rendered":"https:\/\/nahuelproducciones.com.ar\/radioquijano\/?p=10369"},"modified":"2025-06-28T11:28:09","modified_gmt":"2025-06-28T14:28:09","slug":"trabajador-municipal-accidentado-se-siente-abandono-por-el-municipio-tras-ser-asistido-por-el-seguro","status":"publish","type":"post","link":"https:\/\/nahuelproducciones.com.ar\/radioquijano\/trabajador-municipal-accidentado-se-siente-abandono-por-el-municipio-tras-ser-asistido-por-el-seguro\/","title":{"rendered":"Trabajador municipal accidentado se siente abandonado por el municipio tras ser asistido por el seguro."},"content":{"rendered":"\n<p> Este martes, a trav\u00e9s de una comunicaci\u00f3n telef\u00f3nica con <em>Radio Quijano<\/em>, Leyla \u2014esposa de \u00c1ngel Vilte, empleado municipal\u2014 relat\u00f3 la dif\u00edcil situaci\u00f3n que atraviesa su familia tras el accidente laboral que sufri\u00f3 su esposo en marzo de este a\u00f1o.<\/p>\n\n\n\n<p>\u00c1ngel tiene cinco a\u00f1os de trabajo en la municipalidad, durante los cuales nunca cont\u00f3 con cobertura m\u00e9dica. Reci\u00e9n a principios de 2025 fue afiliado a una obra social (Sancor), apenas un mes antes del accidente. A partir de entonces, fue asistido por la cl\u00ednica IMAC, donde le realizaron dos operaciones. Luego, durante el per\u00edodo en que el seguro cubr\u00eda sus controles y tratamientos, la municipalidad facilit\u00f3 los traslados para su atenci\u00f3n.<\/p>\n\n\n\n<p>Sin embargo, seg\u00fan denunci\u00f3 Leyla, tras finalizar la cobertura del seguro, comenzaron los problemas. El municipio dej\u00f3 de responsabilizarse por los controles con traumatolog\u00eda y las sesiones de fisioterapia. En estas semana volvieron a llevarlo a las consultas en forma regular. La jefa de personal,  habr\u00eda manifestado que <em>\u201cbusquen atenci\u00f3n en hospitales p\u00fablicos\u201d<\/em> para reducir gastos.<\/p>\n\n\n\n<p>Incluso, cuando \u00c1ngel fue a control el pasado 6 de mayo, tuvo que pagar $30.000 por la consulta con el traumat\u00f3logo, monto que debi\u00f3 pedir prestado y por el cual present\u00f3 recibo para solicitar el reintegro. Hasta el momento, no obtuvo respuestas claras: <em>\u201cMe dan vueltas, que tiene que ser factura, que tengo que ir y volver\u2026\u201d<\/em>, relat\u00f3 su esposa y Angel.<\/p>\n\n\n\n<p>El especialista indic\u00f3, adem\u00e1s, que debe realizarle una nueva cirug\u00eda para retirar un clavo o bisagra en la rodilla que impide que el hueso baje correctamente. Pero desde el municipio, seg\u00fan Leyla, le sugirieron que <em>\u201caverig\u00fce si puede operarse en un hospital p\u00fablico\u201d<\/em>.<\/p>\n\n\n\n<p>Por otra parte, la familia \u2014que hab\u00eda recibido asistencia alimentaria tras el accidente\u2014 dej\u00f3 de recibir esa ayuda. Leyla expres\u00f3 su preocupaci\u00f3n por la falta de respuestas: <em>\u201cAhora ni eso, y la jefa de personal ni le contesta los mensajes\u201d<\/em>.<\/p>\n\n\n\n<p>\u00c1ngel contin\u00faa como empleado \u201cpor hora\u201d, percibiendo un sueldo mensual de entre 80 mil y 100 mil pesos, monto que en ocasiones es menor si falta . Hasta antes del accidente, completaba sus ingresos haciendo changas por la tarde, trabajo que ahora no puede realizar. Para subsistir, se dedica a arreglos de celulares desde su casa. La familia tiene cinco hijos y su esposa no trabaja.<\/p>\n\n\n\n<p>\u201cLo dejaron a la deriva desde que el seguro ya no lo cubre\u201d, dijeron. A pesar de su estado, \u00c1ngel sigue esperando un cambio de funci\u00f3n y de categor\u00eda dentro del municipio.<\/p>\n\n\n\n<p>Los oyentes que siguieron el testimonio en Radio Quijano recomendaron dejar nota formal por Mesa de Entrada en la Municipalidad, y buscar asesoramiento legal gratuito en el Colegio de Abogados o en el Poder Judicial.<\/p>\n\n\n\n<p>\u00c1ngel y su esposa s\u00f3lo esperan respuestas para poder continuar con su tratamiento y acceder a la cirug\u00eda que necesita de manera urgente.<\/p>\n\n\n\n<p>Escucha la entrevista.<\/p>\n\n\n\n<figure class=\"wp-block-audio\"><audio controls src=\"https:\/\/nahuelproducciones.com.ar\/radioquijano\/wp-content\/uploads\/2025\/06\/03-06-2025-Leyla-y-ANGEL-ACCIDENTE-EN-EL-TRABAJO-PRSONAL-EN-NEGRO.mp3\"><\/audio><\/figure>\n\n\n\n<figure class=\"wp-block-gallery has-nested-images columns-default is-cropped wp-block-gallery-1 is-layout-flex wp-block-gallery-is-layout-flex\">\n<figure class=\"wp-block-image size-large\"><img loading=\"lazy\" decoding=\"async\" width=\"576\" height=\"1024\" data-id=\"10373\" src=\"https:\/\/nahuelproducciones.com.ar\/radioquijano\/wp-content\/uploads\/2025\/06\/WhatsApp-Image-2025-06-03-at-10.13.14-PM-576x1024.jpeg\" alt=\"\" class=\"wp-image-10373\" srcset=\"https:\/\/nahuelproducciones.com.ar\/radioquijano\/wp-content\/uploads\/2025\/06\/WhatsApp-Image-2025-06-03-at-10.13.14-PM-576x1024.jpeg 576w, https:\/\/nahuelproducciones.com.ar\/radioquijano\/wp-content\/uploads\/2025\/06\/WhatsApp-Image-2025-06-03-at-10.13.14-PM-169x300.jpeg 169w, https:\/\/nahuelproducciones.com.ar\/radioquijano\/wp-content\/uploads\/2025\/06\/WhatsApp-Image-2025-06-03-at-10.13.14-PM-150x267.jpeg 150w, https:\/\/nahuelproducciones.com.ar\/radioquijano\/wp-content\/uploads\/2025\/06\/WhatsApp-Image-2025-06-03-at-10.13.14-PM.jpeg 720w\" sizes=\"auto, (max-width: 576px) 100vw, 576px\" \/><\/figure>\n\n\n\n<figure class=\"wp-block-image size-large\"><img loading=\"lazy\" decoding=\"async\" width=\"576\" height=\"1024\" data-id=\"10372\" src=\"https:\/\/nahuelproducciones.com.ar\/radioquijano\/wp-content\/uploads\/2025\/06\/WhatsApp-Image-2025-06-03-at-10.13.14-PM-1-576x1024.jpeg\" alt=\"\" class=\"wp-image-10372\" srcset=\"https:\/\/nahuelproducciones.com.ar\/radioquijano\/wp-content\/uploads\/2025\/06\/WhatsApp-Image-2025-06-03-at-10.13.14-PM-1-576x1024.jpeg 576w, https:\/\/nahuelproducciones.com.ar\/radioquijano\/wp-content\/uploads\/2025\/06\/WhatsApp-Image-2025-06-03-at-10.13.14-PM-1-169x300.jpeg 169w, https:\/\/nahuelproducciones.com.ar\/radioquijano\/wp-content\/uploads\/2025\/06\/WhatsApp-Image-2025-06-03-at-10.13.14-PM-1-150x267.jpeg 150w, https:\/\/nahuelproducciones.com.ar\/radioquijano\/wp-content\/uploads\/2025\/06\/WhatsApp-Image-2025-06-03-at-10.13.14-PM-1.jpeg 720w\" sizes=\"auto, (max-width: 576px) 100vw, 576px\" \/><\/figure>\n\n\n\n<figure class=\"wp-block-image size-large\"><img loading=\"lazy\" decoding=\"async\" width=\"576\" height=\"1024\" data-id=\"10371\" src=\"https:\/\/nahuelproducciones.com.ar\/radioquijano\/wp-content\/uploads\/2025\/06\/WhatsApp-Image-2025-06-03-at-10.13.13-PM-576x1024.jpeg\" alt=\"\" class=\"wp-image-10371\" srcset=\"https:\/\/nahuelproducciones.com.ar\/radioquijano\/wp-content\/uploads\/2025\/06\/WhatsApp-Image-2025-06-03-at-10.13.13-PM-576x1024.jpeg 576w, https:\/\/nahuelproducciones.com.ar\/radioquijano\/wp-content\/uploads\/2025\/06\/WhatsApp-Image-2025-06-03-at-10.13.13-PM-169x300.jpeg 169w, https:\/\/nahuelproducciones.com.ar\/radioquijano\/wp-content\/uploads\/2025\/06\/WhatsApp-Image-2025-06-03-at-10.13.13-PM-150x267.jpeg 150w, https:\/\/nahuelproducciones.com.ar\/radioquijano\/wp-content\/uploads\/2025\/06\/WhatsApp-Image-2025-06-03-at-10.13.13-PM.jpeg 720w\" sizes=\"auto, (max-width: 576px) 100vw, 576px\" \/><\/figure>\n<\/figure>\n\n\n\n<p><\/p>\n","protected":false},"excerpt":{"rendered":"<p>Este martes, a trav\u00e9s de una comunicaci\u00f3n telef\u00f3nica con Radio Quijano, Leyla \u2014esposa de \u00c1ngel Vilte, empleado municipal\u2014 relat\u00f3 la dif\u00edcil situaci\u00f3n que atraviesa su familia tras el accidente laboral que sufri\u00f3 su esposo en marzo de este a\u00f1o. \u00c1ngel tiene cinco a\u00f1os de trabajo en la municipalidad, durante los cuales nunca cont\u00f3 con cobertura [&hellip;]<\/p>\n","protected":false},"author":8,"featured_media":10374,"comment_status":"open","ping_status":"open","sticky":false,"template":"","format":"standard","meta":{"_monsterinsights_skip_tracking":false,"_monsterinsights_sitenote_active":false,"_monsterinsights_sitenote_note":"","_monsterinsights_sitenote_category":0,"footnotes":""},"categories":[16],"tags":[1822,63,100],"class_list":["post-10369","post","type-post","status-publish","format-standard","has-post-thumbnail","hentry","category-noticias","tag-art","tag-lino-yonar","tag-municipio-de-campo-quijano"],"yoast_head":"<!-- This site is optimized with the Yoast SEO plugin v20.8 - https:\/\/yoast.com\/wordpress\/plugins\/seo\/ -->\n<title>Trabajador municipal accidentado se siente abandonado por el municipio tras ser asistido por el seguro. - RQ 99.9<\/title>\n<meta name=\"description\" content=\"\u00c1ngel y su esposa s\u00f3lo esperan respuestas para poder continuar con su tratamiento y acceder a la cirug\u00eda que necesita de manera urgente.\" \/>\n<meta name=\"robots\" content=\"index, follow, max-snippet:-1, max-image-preview:large, max-video-preview:-1\" \/>\n<link rel=\"canonical\" href=\"https:\/\/nahuelproducciones.com.ar\/radioquijano\/trabajador-municipal-accidentado-se-siente-abandono-por-el-municipio-tras-ser-asistido-por-el-seguro\/\" \/>\n<meta property=\"og:locale\" content=\"es_ES\" \/>\n<meta property=\"og:type\" content=\"article\" \/>\n<meta property=\"og:title\" content=\"Trabajador municipal accidentado se siente abandonado por el municipio tras ser asistido por el seguro. - RQ 99.9\" \/>\n<meta property=\"og:description\" content=\"\u00c1ngel y su esposa s\u00f3lo esperan respuestas para poder continuar con su tratamiento y acceder a la cirug\u00eda que necesita de manera urgente.\" \/>\n<meta property=\"og:url\" content=\"https:\/\/nahuelproducciones.com.ar\/radioquijano\/trabajador-municipal-accidentado-se-siente-abandono-por-el-municipio-tras-ser-asistido-por-el-seguro\/\" \/>\n<meta property=\"og:site_name\" content=\"RQ 99.9\" \/>\n<meta property=\"article:publisher\" content=\"https:\/\/www.facebook.com\/nahuelproducciones999\/\" \/>\n<meta property=\"article:published_time\" content=\"2025-06-04T01:25:58+00:00\" \/>\n<meta property=\"article:modified_time\" content=\"2025-06-28T14:28:09+00:00\" \/>\n<meta property=\"og:image\" content=\"https:\/\/nahuelproducciones.com.ar\/radioquijano\/wp-content\/uploads\/2025\/06\/WhatsApp-Image-2025-06-03-at-10.13.14-PM-2-e1749000145692.jpeg\" \/>\n\t<meta property=\"og:image:width\" content=\"700\" \/>\n\t<meta property=\"og:image:height\" content=\"1244\" \/>\n\t<meta property=\"og:image:type\" content=\"image\/jpeg\" \/>\n<meta name=\"author\" content=\"Cecilia Pastrana\" \/>\n<meta name=\"twitter:card\" content=\"summary_large_image\" \/>\n<meta name=\"twitter:creator\" content=\"@nahuproduciones\" \/>\n<meta name=\"twitter:site\" content=\"@nahuproduciones\" \/>\n<meta name=\"twitter:label1\" content=\"Escrito por\" \/>\n\t<meta name=\"twitter:data1\" content=\"Cecilia Pastrana\" \/>\n\t<meta name=\"twitter:label2\" content=\"Tiempo de lectura\" \/>\n\t<meta name=\"twitter:data2\" content=\"3 minutos\" \/>\n<script type=\"application\/ld+json\" class=\"yoast-schema-graph\">{\"@context\":\"https:\/\/schema.org\",\"@graph\":[{\"@type\":\"WebPage\",\"@id\":\"https:\/\/nahuelproducciones.com.ar\/radioquijano\/trabajador-municipal-accidentado-se-siente-abandono-por-el-municipio-tras-ser-asistido-por-el-seguro\/\",\"url\":\"https:\/\/nahuelproducciones.com.ar\/radioquijano\/trabajador-municipal-accidentado-se-siente-abandono-por-el-municipio-tras-ser-asistido-por-el-seguro\/\",\"name\":\"Trabajador municipal accidentado se siente abandonado por el municipio tras ser asistido por el seguro. - RQ 99.9\",\"isPartOf\":{\"@id\":\"https:\/\/nahuelproducciones.com.ar\/radioquijano\/#website\"},\"datePublished\":\"2025-06-04T01:25:58+00:00\",\"dateModified\":\"2025-06-28T14:28:09+00:00\",\"author\":{\"@id\":\"https:\/\/nahuelproducciones.com.ar\/radioquijano\/#\/schema\/person\/e8a4f939e2cb487fe6d0c54042c9d32c\"},\"description\":\"\u00c1ngel y su esposa s\u00f3lo esperan respuestas para poder continuar con su tratamiento y acceder a la cirug\u00eda que necesita de manera urgente.\",\"breadcrumb\":{\"@id\":\"https:\/\/nahuelproducciones.com.ar\/radioquijano\/trabajador-municipal-accidentado-se-siente-abandono-por-el-municipio-tras-ser-asistido-por-el-seguro\/#breadcrumb\"},\"inLanguage\":\"es\",\"potentialAction\":[{\"@type\":\"ReadAction\",\"target\":[\"https:\/\/nahuelproducciones.com.ar\/radioquijano\/trabajador-municipal-accidentado-se-siente-abandono-por-el-municipio-tras-ser-asistido-por-el-seguro\/\"]}]},{\"@type\":\"BreadcrumbList\",\"@id\":\"https:\/\/nahuelproducciones.com.ar\/radioquijano\/trabajador-municipal-accidentado-se-siente-abandono-por-el-municipio-tras-ser-asistido-por-el-seguro\/#breadcrumb\",\"itemListElement\":[{\"@type\":\"ListItem\",\"position\":1,\"name\":\"Portada\",\"item\":\"https:\/\/nahuelproducciones.com.ar\/radioquijano\/\"},{\"@type\":\"ListItem\",\"position\":2,\"name\":\"Trabajador municipal accidentado se siente abandonado por el municipio tras ser asistido por el seguro.\"}]},{\"@type\":\"WebSite\",\"@id\":\"https:\/\/nahuelproducciones.com.ar\/radioquijano\/#website\",\"url\":\"https:\/\/nahuelproducciones.com.ar\/radioquijano\/\",\"name\":\"RQ 99.9\",\"description\":\"Radio Quijano 99.9 MHz\",\"potentialAction\":[{\"@type\":\"SearchAction\",\"target\":{\"@type\":\"EntryPoint\",\"urlTemplate\":\"https:\/\/nahuelproducciones.com.ar\/radioquijano\/?s={search_term_string}\"},\"query-input\":\"required name=search_term_string\"}],\"inLanguage\":\"es\"},{\"@type\":\"Person\",\"@id\":\"https:\/\/nahuelproducciones.com.ar\/radioquijano\/#\/schema\/person\/e8a4f939e2cb487fe6d0c54042c9d32c\",\"name\":\"Cecilia Pastrana\",\"image\":{\"@type\":\"ImageObject\",\"inLanguage\":\"es\",\"@id\":\"https:\/\/nahuelproducciones.com.ar\/radioquijano\/#\/schema\/person\/image\/\",\"url\":\"https:\/\/secure.gravatar.com\/avatar\/661a3ef63a8488d4f2794ed44af8cf71420f7e106f3072c40125114df5157749?s=96&d=mm&r=g\",\"contentUrl\":\"https:\/\/secure.gravatar.com\/avatar\/661a3ef63a8488d4f2794ed44af8cf71420f7e106f3072c40125114df5157749?s=96&d=mm&r=g\",\"caption\":\"Cecilia Pastrana\"},\"sameAs\":[\"cecy\"],\"url\":\"https:\/\/nahuelproducciones.com.ar\/radioquijano\/author\/cecy\/\"}]}<\/script>\n<!-- \/ Yoast SEO plugin. -->","yoast_head_json":{"title":"Trabajador municipal accidentado se siente abandonado por el municipio tras ser asistido por el seguro. - RQ 99.9","description":"\u00c1ngel y su esposa s\u00f3lo esperan respuestas para poder continuar con su tratamiento y acceder a la cirug\u00eda que necesita de manera urgente.","robots":{"index":"index","follow":"follow","max-snippet":"max-snippet:-1","max-image-preview":"max-image-preview:large","max-video-preview":"max-video-preview:-1"},"canonical":"https:\/\/nahuelproducciones.com.ar\/radioquijano\/trabajador-municipal-accidentado-se-siente-abandono-por-el-municipio-tras-ser-asistido-por-el-seguro\/","og_locale":"es_ES","og_type":"article","og_title":"Trabajador municipal accidentado se siente abandonado por el municipio tras ser asistido por el seguro. - RQ 99.9","og_description":"\u00c1ngel y su esposa s\u00f3lo esperan respuestas para poder continuar con su tratamiento y acceder a la cirug\u00eda que necesita de manera urgente.","og_url":"https:\/\/nahuelproducciones.com.ar\/radioquijano\/trabajador-municipal-accidentado-se-siente-abandono-por-el-municipio-tras-ser-asistido-por-el-seguro\/","og_site_name":"RQ 99.9","article_publisher":"https:\/\/www.facebook.com\/nahuelproducciones999\/","article_published_time":"2025-06-04T01:25:58+00:00","article_modified_time":"2025-06-28T14:28:09+00:00","og_image":[{"width":700,"height":1244,"url":"https:\/\/nahuelproducciones.com.ar\/radioquijano\/wp-content\/uploads\/2025\/06\/WhatsApp-Image-2025-06-03-at-10.13.14-PM-2-e1749000145692.jpeg","type":"image\/jpeg"}],"author":"Cecilia Pastrana","twitter_card":"summary_large_image","twitter_creator":"@nahuproduciones","twitter_site":"@nahuproduciones","twitter_misc":{"Escrito por":"Cecilia Pastrana","Tiempo de lectura":"3 minutos"},"schema":{"@context":"https:\/\/schema.org","@graph":[{"@type":"WebPage","@id":"https:\/\/nahuelproducciones.com.ar\/radioquijano\/trabajador-municipal-accidentado-se-siente-abandono-por-el-municipio-tras-ser-asistido-por-el-seguro\/","url":"https:\/\/nahuelproducciones.com.ar\/radioquijano\/trabajador-municipal-accidentado-se-siente-abandono-por-el-municipio-tras-ser-asistido-por-el-seguro\/","name":"Trabajador municipal accidentado se siente abandonado por el municipio tras ser asistido por el seguro. - RQ 99.9","isPartOf":{"@id":"https:\/\/nahuelproducciones.com.ar\/radioquijano\/#website"},"datePublished":"2025-06-04T01:25:58+00:00","dateModified":"2025-06-28T14:28:09+00:00","author":{"@id":"https:\/\/nahuelproducciones.com.ar\/radioquijano\/#\/schema\/person\/e8a4f939e2cb487fe6d0c54042c9d32c"},"description":"\u00c1ngel y su esposa s\u00f3lo esperan respuestas para poder continuar con su tratamiento y acceder a la cirug\u00eda que necesita de manera urgente.","breadcrumb":{"@id":"https:\/\/nahuelproducciones.com.ar\/radioquijano\/trabajador-municipal-accidentado-se-siente-abandono-por-el-municipio-tras-ser-asistido-por-el-seguro\/#breadcrumb"},"inLanguage":"es","potentialAction":[{"@type":"ReadAction","target":["https:\/\/nahuelproducciones.com.ar\/radioquijano\/trabajador-municipal-accidentado-se-siente-abandono-por-el-municipio-tras-ser-asistido-por-el-seguro\/"]}]},{"@type":"BreadcrumbList","@id":"https:\/\/nahuelproducciones.com.ar\/radioquijano\/trabajador-municipal-accidentado-se-siente-abandono-por-el-municipio-tras-ser-asistido-por-el-seguro\/#breadcrumb","itemListElement":[{"@type":"ListItem","position":1,"name":"Portada","item":"https:\/\/nahuelproducciones.com.ar\/radioquijano\/"},{"@type":"ListItem","position":2,"name":"Trabajador municipal accidentado se siente abandonado por el municipio tras ser asistido por el seguro."}]},{"@type":"WebSite","@id":"https:\/\/nahuelproducciones.com.ar\/radioquijano\/#website","url":"https:\/\/nahuelproducciones.com.ar\/radioquijano\/","name":"RQ 99.9","description":"Radio Quijano 99.9 MHz","potentialAction":[{"@type":"SearchAction","target":{"@type":"EntryPoint","urlTemplate":"https:\/\/nahuelproducciones.com.ar\/radioquijano\/?s={search_term_string}"},"query-input":"required name=search_term_string"}],"inLanguage":"es"},{"@type":"Person","@id":"https:\/\/nahuelproducciones.com.ar\/radioquijano\/#\/schema\/person\/e8a4f939e2cb487fe6d0c54042c9d32c","name":"Cecilia Pastrana","image":{"@type":"ImageObject","inLanguage":"es","@id":"https:\/\/nahuelproducciones.com.ar\/radioquijano\/#\/schema\/person\/image\/","url":"https:\/\/secure.gravatar.com\/avatar\/661a3ef63a8488d4f2794ed44af8cf71420f7e106f3072c40125114df5157749?s=96&d=mm&r=g","contentUrl":"https:\/\/secure.gravatar.com\/avatar\/661a3ef63a8488d4f2794ed44af8cf71420f7e106f3072c40125114df5157749?s=96&d=mm&r=g","caption":"Cecilia Pastrana"},"sameAs":["cecy"],"url":"https:\/\/nahuelproducciones.com.ar\/radioquijano\/author\/cecy\/"}]}},"_links":{"self":[{"href":"https:\/\/nahuelproducciones.com.ar\/radioquijano\/wp-json\/wp\/v2\/posts\/10369","targetHints":{"allow":["GET"]}}],"collection":[{"href":"https:\/\/nahuelproducciones.com.ar\/radioquijano\/wp-json\/wp\/v2\/posts"}],"about":[{"href":"https:\/\/nahuelproducciones.com.ar\/radioquijano\/wp-json\/wp\/v2\/types\/post"}],"author":[{"embeddable":true,"href":"https:\/\/nahuelproducciones.com.ar\/radioquijano\/wp-json\/wp\/v2\/users\/8"}],"replies":[{"embeddable":true,"href":"https:\/\/nahuelproducciones.com.ar\/radioquijano\/wp-json\/wp\/v2\/comments?post=10369"}],"version-history":[{"count":3,"href":"https:\/\/nahuelproducciones.com.ar\/radioquijano\/wp-json\/wp\/v2\/posts\/10369\/revisions"}],"predecessor-version":[{"id":10494,"href":"https:\/\/nahuelproducciones.com.ar\/radioquijano\/wp-json\/wp\/v2\/posts\/10369\/revisions\/10494"}],"wp:featuredmedia":[{"embeddable":true,"href":"https:\/\/nahuelproducciones.com.ar\/radioquijano\/wp-json\/wp\/v2\/media\/10374"}],"wp:attachment":[{"href":"https:\/\/nahuelproducciones.com.ar\/radioquijano\/wp-json\/wp\/v2\/media?parent=10369"}],"wp:term":[{"taxonomy":"category","embeddable":true,"href":"https:\/\/nahuelproducciones.com.ar\/radioquijano\/wp-json\/wp\/v2\/categories?post=10369"},{"taxonomy":"post_tag","embeddable":true,"href":"https:\/\/nahuelproducciones.com.ar\/radioquijano\/wp-json\/wp\/v2\/tags?post=10369"}],"curies":[{"name":"wp","href":"https:\/\/api.w.org\/{rel}","templated":true}]}}