{"id":10376,"date":"2025-06-03T23:52:44","date_gmt":"2025-06-04T02:52:44","guid":{"rendered":"https:\/\/nahuelproducciones.com.ar\/radioquijano\/?p=10376"},"modified":"2025-06-03T23:52:46","modified_gmt":"2025-06-04T02:52:46","slug":"el-ejecutivo-se-reunio-con-saenz-y-suma-apoyo-para-el-plan-dolares-del-colchon","status":"publish","type":"post","link":"https:\/\/nahuelproducciones.com.ar\/radioquijano\/el-ejecutivo-se-reunio-con-saenz-y-suma-apoyo-para-el-plan-dolares-del-colchon\/","title":{"rendered":"El Ejecutivo se reuni\u00f3 con Saenz y suma apoyo para el plan d\u00f3lares del colch\u00f3n"},"content":{"rendered":"\n<p><strong>El\u00a0Ejecutivo\u00a0nacional recibi\u00f3 hoy a otros ocho\u00a0gobernadores\u00a0y acelera los apoyos al plan para usar los d\u00f3lares<\/strong>\u00a0<strong>del colch\u00f3n<\/strong>. Se trata de las adhesiones al nuevo r\u00e9gimen simplificado de Ganancias que el Gobierno busca firmar con los mandatarios provinciales. El oficialismo apunta tambi\u00e9n a sumar apoyos para la nueva Ley Penal Tributaria que enviar\u00e1 al Congreso.<\/p>\n\n\n\n<p>La Casa Rosada mantuvo hoy un encuentro entre las 14:30 y las 15 con Alberto Weretilneck (R\u00edo Negro), Rolando Figueroa (Neuqu\u00e9n), Marcelo Orrego (San Juan), Leandro Zdero (Chaco), Claudio Poggi (San Luis), y Gustavo Saenz (Salta). Hugo Passalacqua (Misiones) envi\u00f3 a su ministro de Econom\u00eda, Adolfo Safr\u00e1n. Carlos Sadir (Jujuy) ya estuvo en Balcarce 50 a la ma\u00f1ana.<\/p>\n\n\n\n<p>Adem\u00e1s, Naci\u00f3n recibir\u00e1 ma\u00f1ana a Gustavo Vald\u00e9s (Corrientes). Los encuentros los encabezan el jefe de gabinete,&nbsp;<strong>Guillermo Francos<\/strong>, el ministro de Econom\u00eda,&nbsp;<strong>Luis Caputo<\/strong>, y el titular de la Agencia de Recaudaci\u00f3n y Control Aduanero (ARCA),&nbsp;<strong>Juan Pazo<\/strong>. Ya recibieron a Ra\u00fal Jalil (Catamarca), Osvaldo Jaldo (Tucum\u00e1n), Rogelio Frigerio (Entre R\u00edos) e Ignacio Torres (Chubut).<\/p>\n\n\n\n<p><strong>Los seis gobernadores asistieron a la Casa de Gobierno luego de finalizar la cumbre en el Consejo Federal de Inversiones (CFI)<\/strong>, que comenz\u00f3 a las 11. El encuentro estuvo enfocado en los reclamos por la ca\u00edda de la coparticipaci\u00f3n y por la baja inversi\u00f3n en la obra p\u00fablica. Asistieron dieciocho mandatarios presentes, entre ellos Axel Kicillof (Buenos Aires) y Jorge Macri (CABA).<\/p>\n\n\n\n<p>El Gobierno<strong>&nbsp;reconoce que no cuenta con las adhesiones de seis gobernadores<\/strong>&nbsp;-cinco opositores y un aliado- para el nuevo r\u00e9gimen de informaci\u00f3n fiscal. Se trata Axel Kicillof (Buenos Aires), Sergio Ziliotto (La Pampa), Gildo Insfr\u00e1n (Formosa), Gustavo Melella (Tierra del Fuego), Ricardo Quintela (La Rioja) y Maximiliano Pullaro (Santa Fe). En Naci\u00f3n mantienen la postura de aplicarles sanciones mediantes restricciones de acceso a la informaci\u00f3n de los contribuyentes.<\/p>\n\n\n\n<p>El Ejecutivo apunta a que las provincias se comprometan p\u00fablicamente a no solicitar informaci\u00f3n sobre los consumos personales y el patrimonio de las personas que se suscriban al nuevo esquema, que entrar\u00e1 en vigencia el 1 de junio. Este&nbsp;<strong>abarca topes de $50.000.000 para transferencias de individuos, de $10.000.000 para extracciones y para compras informales<\/strong>&nbsp;sin requisitos de presentaci\u00f3n de papeles y de $100.000.000 para tenencias en sociedades de bolsa y para plazos fijos.<\/p>\n\n\n\n<p>La Casa Rosada&nbsp;<strong>tiene previsto<\/strong>&nbsp;<strong>oficializar esta semana la presentaci\u00f3n de la iniciativa que modifica la Ley Penal Tributaria<\/strong>&nbsp;y de Procedimiento Fiscal. En Balcarce 50 sostienen que lo comunicar\u00e1n a trav\u00e9s de una conferencia de prensa del vocero presidencial, Manuel Adorni. \u201cFaltan cerrar algunos detalles. No est\u00e1 todo listo\u201d, expresan.<\/p>\n\n\n\n<p>La mesa t\u00e9cnica del presidente&nbsp;<strong>trabaja en cambios sobre el marco jur\u00eddico para reducir a dos o tres a\u00f1os los plazos de prescripci\u00f3n penal para delitos tributarios<\/strong>. Es el tiempo en el que el fisco puede juzgar hacia atr\u00e1s la evasi\u00f3n. Intentar\u00e1 elevar adem\u00e1s el monto a partir del cual la evasi\u00f3n tributaria se considera delito de $1.500.000 a $100.000.000.<\/p>\n\n\n\n<p>La iniciativa\u00a0<strong>no contiene modificaciones a la<\/strong>\u00a0<strong>Ley Penal Cambiaria<\/strong>, que establece como ilegal la compra de moneda extranjera en el mercado informal.En el oficialismo argumentan que puede \u201cperjudicar\u201d la liquidaci\u00f3n de exportaciones junto con la secuencialidad del programa econ\u00f3mico si realizan cambios antes de 2026.<\/p>\n\n\n\n<p>Fuente: TN .com.ar\u00a0<\/p>\n\n\n\n<p>Imagen: Reuni\u00f3n de gobernadores en el Consejo Federal de Inversiones (CFI) para discutir la estrategia contra la baja de la coparticipaci\u00f3n y la obra p\u00fablica. (Foto: X @Rolo_Figueroa)<\/p>\n","protected":false},"excerpt":{"rendered":"<p>El\u00a0Ejecutivo\u00a0nacional recibi\u00f3 hoy a otros ocho\u00a0gobernadores\u00a0y acelera los apoyos al plan para usar los d\u00f3lares\u00a0del colch\u00f3n. Se trata de las adhesiones al nuevo r\u00e9gimen simplificado de Ganancias que el Gobierno busca firmar con los mandatarios provinciales. El oficialismo apunta tambi\u00e9n a sumar apoyos para la nueva Ley Penal Tributaria que enviar\u00e1 al Congreso. La Casa [&hellip;]<\/p>\n","protected":false},"author":8,"featured_media":10377,"comment_status":"open","ping_status":"open","sticky":false,"template":"","format":"standard","meta":{"_monsterinsights_skip_tracking":false,"_monsterinsights_sitenote_active":false,"_monsterinsights_sitenote_note":"","_monsterinsights_sitenote_category":0,"footnotes":""},"categories":[16],"tags":[1823,960,100],"class_list":["post-10376","post","type-post","status-publish","format-standard","has-post-thumbnail","hentry","category-noticias","tag-cumbre-en-el-consejo-federal-de-inversiones-cfi","tag-gobernador-gustavo-saenz","tag-municipio-de-campo-quijano"],"yoast_head":"<!-- This site is optimized with the Yoast SEO plugin v20.8 - https:\/\/yoast.com\/wordpress\/plugins\/seo\/ -->\n<title>El Ejecutivo se reuni\u00f3 con Saenz y suma apoyo para el plan d\u00f3lares del colch\u00f3n - RQ 99.9<\/title>\n<meta name=\"description\" content=\"El encuentro se concret\u00f3 esta tarde. Naci\u00f3n ya firm\u00f3 convenios de adhesi\u00f3n al nuevo r\u00e9gimen simplificado de Ganancias con doce mandatarios provinciales.\" \/>\n<meta name=\"robots\" content=\"index, follow, max-snippet:-1, max-image-preview:large, max-video-preview:-1\" \/>\n<link rel=\"canonical\" href=\"https:\/\/nahuelproducciones.com.ar\/radioquijano\/el-ejecutivo-se-reunio-con-saenz-y-suma-apoyo-para-el-plan-dolares-del-colchon\/\" \/>\n<meta property=\"og:locale\" content=\"es_ES\" \/>\n<meta property=\"og:type\" content=\"article\" \/>\n<meta property=\"og:title\" content=\"El Ejecutivo se reuni\u00f3 con Saenz y suma apoyo para el plan d\u00f3lares del colch\u00f3n - RQ 99.9\" \/>\n<meta property=\"og:description\" content=\"El encuentro se concret\u00f3 esta tarde. Naci\u00f3n ya firm\u00f3 convenios de adhesi\u00f3n al nuevo r\u00e9gimen simplificado de Ganancias con doce mandatarios provinciales.\" \/>\n<meta property=\"og:url\" content=\"https:\/\/nahuelproducciones.com.ar\/radioquijano\/el-ejecutivo-se-reunio-con-saenz-y-suma-apoyo-para-el-plan-dolares-del-colchon\/\" \/>\n<meta property=\"og:site_name\" content=\"RQ 99.9\" \/>\n<meta property=\"article:publisher\" content=\"https:\/\/www.facebook.com\/nahuelproducciones999\/\" \/>\n<meta property=\"article:published_time\" content=\"2025-06-04T02:52:44+00:00\" \/>\n<meta property=\"article:modified_time\" content=\"2025-06-04T02:52:46+00:00\" \/>\n<meta property=\"og:image\" content=\"https:\/\/nahuelproducciones.com.ar\/radioquijano\/wp-content\/uploads\/2025\/06\/WhatsApp-Image-2025-06-03-at-11.42.55-PM-e1749005449332.jpeg\" \/>\n\t<meta property=\"og:image:width\" content=\"700\" \/>\n\t<meta property=\"og:image:height\" content=\"392\" \/>\n\t<meta property=\"og:image:type\" content=\"image\/jpeg\" \/>\n<meta name=\"author\" content=\"Cecilia Pastrana\" \/>\n<meta name=\"twitter:card\" content=\"summary_large_image\" \/>\n<meta name=\"twitter:creator\" content=\"@nahuproduciones\" \/>\n<meta name=\"twitter:site\" content=\"@nahuproduciones\" \/>\n<meta name=\"twitter:label1\" content=\"Escrito por\" \/>\n\t<meta name=\"twitter:data1\" content=\"Cecilia Pastrana\" \/>\n\t<meta name=\"twitter:label2\" content=\"Tiempo de lectura\" \/>\n\t<meta name=\"twitter:data2\" content=\"3 minutos\" \/>\n<script type=\"application\/ld+json\" class=\"yoast-schema-graph\">{\"@context\":\"https:\/\/schema.org\",\"@graph\":[{\"@type\":\"WebPage\",\"@id\":\"https:\/\/nahuelproducciones.com.ar\/radioquijano\/el-ejecutivo-se-reunio-con-saenz-y-suma-apoyo-para-el-plan-dolares-del-colchon\/\",\"url\":\"https:\/\/nahuelproducciones.com.ar\/radioquijano\/el-ejecutivo-se-reunio-con-saenz-y-suma-apoyo-para-el-plan-dolares-del-colchon\/\",\"name\":\"El Ejecutivo se reuni\u00f3 con Saenz y suma apoyo para el plan d\u00f3lares del colch\u00f3n - RQ 99.9\",\"isPartOf\":{\"@id\":\"https:\/\/nahuelproducciones.com.ar\/radioquijano\/#website\"},\"datePublished\":\"2025-06-04T02:52:44+00:00\",\"dateModified\":\"2025-06-04T02:52:46+00:00\",\"author\":{\"@id\":\"https:\/\/nahuelproducciones.com.ar\/radioquijano\/#\/schema\/person\/e8a4f939e2cb487fe6d0c54042c9d32c\"},\"description\":\"El encuentro se concret\u00f3 esta tarde. Naci\u00f3n ya firm\u00f3 convenios de adhesi\u00f3n al nuevo r\u00e9gimen simplificado de Ganancias con doce mandatarios provinciales.\",\"breadcrumb\":{\"@id\":\"https:\/\/nahuelproducciones.com.ar\/radioquijano\/el-ejecutivo-se-reunio-con-saenz-y-suma-apoyo-para-el-plan-dolares-del-colchon\/#breadcrumb\"},\"inLanguage\":\"es\",\"potentialAction\":[{\"@type\":\"ReadAction\",\"target\":[\"https:\/\/nahuelproducciones.com.ar\/radioquijano\/el-ejecutivo-se-reunio-con-saenz-y-suma-apoyo-para-el-plan-dolares-del-colchon\/\"]}]},{\"@type\":\"BreadcrumbList\",\"@id\":\"https:\/\/nahuelproducciones.com.ar\/radioquijano\/el-ejecutivo-se-reunio-con-saenz-y-suma-apoyo-para-el-plan-dolares-del-colchon\/#breadcrumb\",\"itemListElement\":[{\"@type\":\"ListItem\",\"position\":1,\"name\":\"Portada\",\"item\":\"https:\/\/nahuelproducciones.com.ar\/radioquijano\/\"},{\"@type\":\"ListItem\",\"position\":2,\"name\":\"El Ejecutivo se reuni\u00f3 con Saenz y suma apoyo para el plan d\u00f3lares del colch\u00f3n\"}]},{\"@type\":\"WebSite\",\"@id\":\"https:\/\/nahuelproducciones.com.ar\/radioquijano\/#website\",\"url\":\"https:\/\/nahuelproducciones.com.ar\/radioquijano\/\",\"name\":\"RQ 99.9\",\"description\":\"Radio Quijano 99.9 MHz\",\"potentialAction\":[{\"@type\":\"SearchAction\",\"target\":{\"@type\":\"EntryPoint\",\"urlTemplate\":\"https:\/\/nahuelproducciones.com.ar\/radioquijano\/?s={search_term_string}\"},\"query-input\":\"required name=search_term_string\"}],\"inLanguage\":\"es\"},{\"@type\":\"Person\",\"@id\":\"https:\/\/nahuelproducciones.com.ar\/radioquijano\/#\/schema\/person\/e8a4f939e2cb487fe6d0c54042c9d32c\",\"name\":\"Cecilia Pastrana\",\"image\":{\"@type\":\"ImageObject\",\"inLanguage\":\"es\",\"@id\":\"https:\/\/nahuelproducciones.com.ar\/radioquijano\/#\/schema\/person\/image\/\",\"url\":\"https:\/\/secure.gravatar.com\/avatar\/661a3ef63a8488d4f2794ed44af8cf71420f7e106f3072c40125114df5157749?s=96&d=mm&r=g\",\"contentUrl\":\"https:\/\/secure.gravatar.com\/avatar\/661a3ef63a8488d4f2794ed44af8cf71420f7e106f3072c40125114df5157749?s=96&d=mm&r=g\",\"caption\":\"Cecilia Pastrana\"},\"sameAs\":[\"cecy\"],\"url\":\"https:\/\/nahuelproducciones.com.ar\/radioquijano\/author\/cecy\/\"}]}<\/script>\n<!-- \/ Yoast SEO plugin. -->","yoast_head_json":{"title":"El Ejecutivo se reuni\u00f3 con Saenz y suma apoyo para el plan d\u00f3lares del colch\u00f3n - RQ 99.9","description":"El encuentro se concret\u00f3 esta tarde. Naci\u00f3n ya firm\u00f3 convenios de adhesi\u00f3n al nuevo r\u00e9gimen simplificado de Ganancias con doce mandatarios provinciales.","robots":{"index":"index","follow":"follow","max-snippet":"max-snippet:-1","max-image-preview":"max-image-preview:large","max-video-preview":"max-video-preview:-1"},"canonical":"https:\/\/nahuelproducciones.com.ar\/radioquijano\/el-ejecutivo-se-reunio-con-saenz-y-suma-apoyo-para-el-plan-dolares-del-colchon\/","og_locale":"es_ES","og_type":"article","og_title":"El Ejecutivo se reuni\u00f3 con Saenz y suma apoyo para el plan d\u00f3lares del colch\u00f3n - RQ 99.9","og_description":"El encuentro se concret\u00f3 esta tarde. Naci\u00f3n ya firm\u00f3 convenios de adhesi\u00f3n al nuevo r\u00e9gimen simplificado de Ganancias con doce mandatarios provinciales.","og_url":"https:\/\/nahuelproducciones.com.ar\/radioquijano\/el-ejecutivo-se-reunio-con-saenz-y-suma-apoyo-para-el-plan-dolares-del-colchon\/","og_site_name":"RQ 99.9","article_publisher":"https:\/\/www.facebook.com\/nahuelproducciones999\/","article_published_time":"2025-06-04T02:52:44+00:00","article_modified_time":"2025-06-04T02:52:46+00:00","og_image":[{"width":700,"height":392,"url":"https:\/\/nahuelproducciones.com.ar\/radioquijano\/wp-content\/uploads\/2025\/06\/WhatsApp-Image-2025-06-03-at-11.42.55-PM-e1749005449332.jpeg","type":"image\/jpeg"}],"author":"Cecilia Pastrana","twitter_card":"summary_large_image","twitter_creator":"@nahuproduciones","twitter_site":"@nahuproduciones","twitter_misc":{"Escrito por":"Cecilia Pastrana","Tiempo de lectura":"3 minutos"},"schema":{"@context":"https:\/\/schema.org","@graph":[{"@type":"WebPage","@id":"https:\/\/nahuelproducciones.com.ar\/radioquijano\/el-ejecutivo-se-reunio-con-saenz-y-suma-apoyo-para-el-plan-dolares-del-colchon\/","url":"https:\/\/nahuelproducciones.com.ar\/radioquijano\/el-ejecutivo-se-reunio-con-saenz-y-suma-apoyo-para-el-plan-dolares-del-colchon\/","name":"El Ejecutivo se reuni\u00f3 con Saenz y suma apoyo para el plan d\u00f3lares del colch\u00f3n - RQ 99.9","isPartOf":{"@id":"https:\/\/nahuelproducciones.com.ar\/radioquijano\/#website"},"datePublished":"2025-06-04T02:52:44+00:00","dateModified":"2025-06-04T02:52:46+00:00","author":{"@id":"https:\/\/nahuelproducciones.com.ar\/radioquijano\/#\/schema\/person\/e8a4f939e2cb487fe6d0c54042c9d32c"},"description":"El encuentro se concret\u00f3 esta tarde. Naci\u00f3n ya firm\u00f3 convenios de adhesi\u00f3n al nuevo r\u00e9gimen simplificado de Ganancias con doce mandatarios provinciales.","breadcrumb":{"@id":"https:\/\/nahuelproducciones.com.ar\/radioquijano\/el-ejecutivo-se-reunio-con-saenz-y-suma-apoyo-para-el-plan-dolares-del-colchon\/#breadcrumb"},"inLanguage":"es","potentialAction":[{"@type":"ReadAction","target":["https:\/\/nahuelproducciones.com.ar\/radioquijano\/el-ejecutivo-se-reunio-con-saenz-y-suma-apoyo-para-el-plan-dolares-del-colchon\/"]}]},{"@type":"BreadcrumbList","@id":"https:\/\/nahuelproducciones.com.ar\/radioquijano\/el-ejecutivo-se-reunio-con-saenz-y-suma-apoyo-para-el-plan-dolares-del-colchon\/#breadcrumb","itemListElement":[{"@type":"ListItem","position":1,"name":"Portada","item":"https:\/\/nahuelproducciones.com.ar\/radioquijano\/"},{"@type":"ListItem","position":2,"name":"El Ejecutivo se reuni\u00f3 con Saenz y suma apoyo para el plan d\u00f3lares del colch\u00f3n"}]},{"@type":"WebSite","@id":"https:\/\/nahuelproducciones.com.ar\/radioquijano\/#website","url":"https:\/\/nahuelproducciones.com.ar\/radioquijano\/","name":"RQ 99.9","description":"Radio Quijano 99.9 MHz","potentialAction":[{"@type":"SearchAction","target":{"@type":"EntryPoint","urlTemplate":"https:\/\/nahuelproducciones.com.ar\/radioquijano\/?s={search_term_string}"},"query-input":"required name=search_term_string"}],"inLanguage":"es"},{"@type":"Person","@id":"https:\/\/nahuelproducciones.com.ar\/radioquijano\/#\/schema\/person\/e8a4f939e2cb487fe6d0c54042c9d32c","name":"Cecilia Pastrana","image":{"@type":"ImageObject","inLanguage":"es","@id":"https:\/\/nahuelproducciones.com.ar\/radioquijano\/#\/schema\/person\/image\/","url":"https:\/\/secure.gravatar.com\/avatar\/661a3ef63a8488d4f2794ed44af8cf71420f7e106f3072c40125114df5157749?s=96&d=mm&r=g","contentUrl":"https:\/\/secure.gravatar.com\/avatar\/661a3ef63a8488d4f2794ed44af8cf71420f7e106f3072c40125114df5157749?s=96&d=mm&r=g","caption":"Cecilia Pastrana"},"sameAs":["cecy"],"url":"https:\/\/nahuelproducciones.com.ar\/radioquijano\/author\/cecy\/"}]}},"_links":{"self":[{"href":"https:\/\/nahuelproducciones.com.ar\/radioquijano\/wp-json\/wp\/v2\/posts\/10376","targetHints":{"allow":["GET"]}}],"collection":[{"href":"https:\/\/nahuelproducciones.com.ar\/radioquijano\/wp-json\/wp\/v2\/posts"}],"about":[{"href":"https:\/\/nahuelproducciones.com.ar\/radioquijano\/wp-json\/wp\/v2\/types\/post"}],"author":[{"embeddable":true,"href":"https:\/\/nahuelproducciones.com.ar\/radioquijano\/wp-json\/wp\/v2\/users\/8"}],"replies":[{"embeddable":true,"href":"https:\/\/nahuelproducciones.com.ar\/radioquijano\/wp-json\/wp\/v2\/comments?post=10376"}],"version-history":[{"count":1,"href":"https:\/\/nahuelproducciones.com.ar\/radioquijano\/wp-json\/wp\/v2\/posts\/10376\/revisions"}],"predecessor-version":[{"id":10378,"href":"https:\/\/nahuelproducciones.com.ar\/radioquijano\/wp-json\/wp\/v2\/posts\/10376\/revisions\/10378"}],"wp:featuredmedia":[{"embeddable":true,"href":"https:\/\/nahuelproducciones.com.ar\/radioquijano\/wp-json\/wp\/v2\/media\/10377"}],"wp:attachment":[{"href":"https:\/\/nahuelproducciones.com.ar\/radioquijano\/wp-json\/wp\/v2\/media?parent=10376"}],"wp:term":[{"taxonomy":"category","embeddable":true,"href":"https:\/\/nahuelproducciones.com.ar\/radioquijano\/wp-json\/wp\/v2\/categories?post=10376"},{"taxonomy":"post_tag","embeddable":true,"href":"https:\/\/nahuelproducciones.com.ar\/radioquijano\/wp-json\/wp\/v2\/tags?post=10376"}],"curies":[{"name":"wp","href":"https:\/\/api.w.org\/{rel}","templated":true}]}}