{"id":10391,"date":"2025-06-07T00:51:27","date_gmt":"2025-06-07T03:51:27","guid":{"rendered":"https:\/\/nahuelproducciones.com.ar\/radioquijano\/?p=10391"},"modified":"2025-06-07T00:51:35","modified_gmt":"2025-06-07T03:51:35","slug":"7-de-junio-dia-del-periodista","status":"publish","type":"post","link":"https:\/\/nahuelproducciones.com.ar\/radioquijano\/7-de-junio-dia-del-periodista\/","title":{"rendered":"7 de Junio, D\u00eda del Periodista"},"content":{"rendered":"\n<p>Hoy, desde esta radio que late con el pueblo, levantamos la voz para celebrar algo m\u00e1s que una profesi\u00f3n: celebramos el compromiso con la verdad, con la memoria, con la gente. Celebramos una vocaci\u00f3n. Una forma de mirar el mundo, de cuestionarlo, de incomodarlo si es necesario.<\/p>\n\n\n\n<p>Ser periodista en estos tiempos no es tarea f\u00e1cil. Mucho menos en los pueblos, donde todos nos conocemos, donde el silencio a veces pesa m\u00e1s que el ruido, donde decir lo que otros callan puede tener un precio. Pero tambi\u00e9n es aqu\u00ed donde el periodismo cobra su sentido m\u00e1s profundo: ser puente, ser o\u00eddo, ser palabra cuando otros no la tienen.<\/p>\n\n\n\n<p>Desde hace a\u00f1os, en Radio Quijano elegimos informar con respeto, sin bajarnos la cabeza ante nadie, sin disfrazar la realidad. No hacemos periodismo para agradar, lo hacemos para acompa\u00f1ar. Para se\u00f1alar lo que duele, pero tambi\u00e9n para abrazar lo que nos enorgullece. Para amplificar la voz del vecino, para denunciar lo que est\u00e1 mal y para aplaudir lo que se hace bien.<\/p>\n\n\n\n<p>En este D\u00eda del Periodista, no nos miramos al espejo para felicitarnos: miramos hacia la comunidad, hacia ustedes, que nos escuchan, que nos marcan el rumbo, que nos reclaman y que nos conf\u00edan sus verdades.<\/p>\n\n\n\n<p>Hoy honramos a quienes abrieron caminos con tinta, con micr\u00f3fono, con c\u00e1mara, con celular. A quienes nunca negociaron su voz. Y tambi\u00e9n recordamos a quienes el silencio quiso callar, pero siguen hablando a trav\u00e9s de sus luchas.<\/p>\n\n\n\n<p>Desde este rinc\u00f3n del mundo, con un mate en la mano y la convicci\u00f3n intacta, renovamos el compromiso de ejercer el periodismo con \u00e9tica, con respeto y con amor por nuestra gente.<\/p>\n\n\n\n<p>Gracias a quienes creen en una comunicaci\u00f3n libre, cercana, sin maquillaje.<br>Gracias a quienes defienden la libertad de expresi\u00f3n todos los d\u00edas, no solo cuando conviene.<br>Gracias a quienes nos siguen eligiendo, aunque a veces incomodemos.<\/p>\n\n\n\n<p>Seguimos firmes, con el micr\u00f3fono encendido, el mate caliente, y la convicci\u00f3n de que otro periodismo es posible. Uno m\u00e1s humano, m\u00e1s justo, m\u00e1s nuestro.<\/p>\n\n\n\n<p>Porque informar no es solo un derecho: es una responsabilidad.<br>Porque la verdad sigue valiendo la pena.<\/p>\n\n\n\n<p>\u00a1Feliz D\u00eda del Periodista!<\/p>\n","protected":false},"excerpt":{"rendered":"<p>Hoy, desde esta radio que late con el pueblo, levantamos la voz para celebrar algo m\u00e1s que una profesi\u00f3n: celebramos el compromiso con la verdad, con la memoria, con la gente. Celebramos una vocaci\u00f3n. Una forma de mirar el mundo, de cuestionarlo, de incomodarlo si es necesario. Ser periodista en estos tiempos no es tarea [&hellip;]<\/p>\n","protected":false},"author":8,"featured_media":10392,"comment_status":"open","ping_status":"open","sticky":false,"template":"","format":"standard","meta":{"_monsterinsights_skip_tracking":false,"_monsterinsights_sitenote_active":false,"_monsterinsights_sitenote_note":"","_monsterinsights_sitenote_category":0,"footnotes":""},"categories":[16],"tags":[1826,100,359],"class_list":["post-10391","post","type-post","status-publish","format-standard","has-post-thumbnail","hentry","category-noticias","tag-dia-del-periodista","tag-municipio-de-campo-quijano","tag-radio-quijano"],"yoast_head":"<!-- This site is optimized with the Yoast SEO plugin v20.8 - https:\/\/yoast.com\/wordpress\/plugins\/seo\/ -->\n<title>7 de Junio, D\u00eda del Periodista - RQ 99.9<\/title>\n<meta name=\"description\" content=\"Porque la verdad sigue valiendo la pena.\" \/>\n<meta name=\"robots\" content=\"index, follow, max-snippet:-1, max-image-preview:large, max-video-preview:-1\" \/>\n<link rel=\"canonical\" href=\"https:\/\/nahuelproducciones.com.ar\/radioquijano\/7-de-junio-dia-del-periodista\/\" \/>\n<meta property=\"og:locale\" content=\"es_ES\" \/>\n<meta property=\"og:type\" content=\"article\" \/>\n<meta property=\"og:title\" content=\"7 de Junio, D\u00eda del Periodista - RQ 99.9\" \/>\n<meta property=\"og:description\" content=\"Porque la verdad sigue valiendo la pena.\" \/>\n<meta property=\"og:url\" content=\"https:\/\/nahuelproducciones.com.ar\/radioquijano\/7-de-junio-dia-del-periodista\/\" \/>\n<meta property=\"og:site_name\" content=\"RQ 99.9\" \/>\n<meta property=\"article:publisher\" content=\"https:\/\/www.facebook.com\/nahuelproducciones999\/\" \/>\n<meta property=\"article:published_time\" content=\"2025-06-07T03:51:27+00:00\" \/>\n<meta property=\"article:modified_time\" content=\"2025-06-07T03:51:35+00:00\" \/>\n<meta property=\"og:image\" content=\"https:\/\/nahuelproducciones.com.ar\/radioquijano\/wp-content\/uploads\/2025\/06\/ChatGPT-Image-7-jun-2025-12_38_33-a.m-e1749268237648.png\" \/>\n\t<meta property=\"og:image:width\" content=\"700\" \/>\n\t<meta property=\"og:image:height\" content=\"700\" \/>\n\t<meta property=\"og:image:type\" content=\"image\/png\" \/>\n<meta name=\"author\" content=\"Cecilia Pastrana\" \/>\n<meta name=\"twitter:card\" content=\"summary_large_image\" \/>\n<meta name=\"twitter:creator\" content=\"@nahuproduciones\" \/>\n<meta name=\"twitter:site\" content=\"@nahuproduciones\" \/>\n<meta name=\"twitter:label1\" content=\"Escrito por\" \/>\n\t<meta name=\"twitter:data1\" content=\"Cecilia Pastrana\" \/>\n\t<meta name=\"twitter:label2\" content=\"Tiempo de lectura\" \/>\n\t<meta name=\"twitter:data2\" content=\"2 minutos\" \/>\n<script type=\"application\/ld+json\" class=\"yoast-schema-graph\">{\"@context\":\"https:\/\/schema.org\",\"@graph\":[{\"@type\":\"WebPage\",\"@id\":\"https:\/\/nahuelproducciones.com.ar\/radioquijano\/7-de-junio-dia-del-periodista\/\",\"url\":\"https:\/\/nahuelproducciones.com.ar\/radioquijano\/7-de-junio-dia-del-periodista\/\",\"name\":\"7 de Junio, D\u00eda del Periodista - RQ 99.9\",\"isPartOf\":{\"@id\":\"https:\/\/nahuelproducciones.com.ar\/radioquijano\/#website\"},\"datePublished\":\"2025-06-07T03:51:27+00:00\",\"dateModified\":\"2025-06-07T03:51:35+00:00\",\"author\":{\"@id\":\"https:\/\/nahuelproducciones.com.ar\/radioquijano\/#\/schema\/person\/e8a4f939e2cb487fe6d0c54042c9d32c\"},\"description\":\"Porque la verdad sigue valiendo la pena.\",\"breadcrumb\":{\"@id\":\"https:\/\/nahuelproducciones.com.ar\/radioquijano\/7-de-junio-dia-del-periodista\/#breadcrumb\"},\"inLanguage\":\"es\",\"potentialAction\":[{\"@type\":\"ReadAction\",\"target\":[\"https:\/\/nahuelproducciones.com.ar\/radioquijano\/7-de-junio-dia-del-periodista\/\"]}]},{\"@type\":\"BreadcrumbList\",\"@id\":\"https:\/\/nahuelproducciones.com.ar\/radioquijano\/7-de-junio-dia-del-periodista\/#breadcrumb\",\"itemListElement\":[{\"@type\":\"ListItem\",\"position\":1,\"name\":\"Portada\",\"item\":\"https:\/\/nahuelproducciones.com.ar\/radioquijano\/\"},{\"@type\":\"ListItem\",\"position\":2,\"name\":\"7 de Junio, D\u00eda del Periodista\"}]},{\"@type\":\"WebSite\",\"@id\":\"https:\/\/nahuelproducciones.com.ar\/radioquijano\/#website\",\"url\":\"https:\/\/nahuelproducciones.com.ar\/radioquijano\/\",\"name\":\"RQ 99.9\",\"description\":\"Radio Quijano 99.9 MHz\",\"potentialAction\":[{\"@type\":\"SearchAction\",\"target\":{\"@type\":\"EntryPoint\",\"urlTemplate\":\"https:\/\/nahuelproducciones.com.ar\/radioquijano\/?s={search_term_string}\"},\"query-input\":\"required name=search_term_string\"}],\"inLanguage\":\"es\"},{\"@type\":\"Person\",\"@id\":\"https:\/\/nahuelproducciones.com.ar\/radioquijano\/#\/schema\/person\/e8a4f939e2cb487fe6d0c54042c9d32c\",\"name\":\"Cecilia Pastrana\",\"image\":{\"@type\":\"ImageObject\",\"inLanguage\":\"es\",\"@id\":\"https:\/\/nahuelproducciones.com.ar\/radioquijano\/#\/schema\/person\/image\/\",\"url\":\"https:\/\/secure.gravatar.com\/avatar\/661a3ef63a8488d4f2794ed44af8cf71420f7e106f3072c40125114df5157749?s=96&d=mm&r=g\",\"contentUrl\":\"https:\/\/secure.gravatar.com\/avatar\/661a3ef63a8488d4f2794ed44af8cf71420f7e106f3072c40125114df5157749?s=96&d=mm&r=g\",\"caption\":\"Cecilia Pastrana\"},\"sameAs\":[\"cecy\"],\"url\":\"https:\/\/nahuelproducciones.com.ar\/radioquijano\/author\/cecy\/\"}]}<\/script>\n<!-- \/ Yoast SEO plugin. -->","yoast_head_json":{"title":"7 de Junio, D\u00eda del Periodista - RQ 99.9","description":"Porque la verdad sigue valiendo la pena.","robots":{"index":"index","follow":"follow","max-snippet":"max-snippet:-1","max-image-preview":"max-image-preview:large","max-video-preview":"max-video-preview:-1"},"canonical":"https:\/\/nahuelproducciones.com.ar\/radioquijano\/7-de-junio-dia-del-periodista\/","og_locale":"es_ES","og_type":"article","og_title":"7 de Junio, D\u00eda del Periodista - RQ 99.9","og_description":"Porque la verdad sigue valiendo la pena.","og_url":"https:\/\/nahuelproducciones.com.ar\/radioquijano\/7-de-junio-dia-del-periodista\/","og_site_name":"RQ 99.9","article_publisher":"https:\/\/www.facebook.com\/nahuelproducciones999\/","article_published_time":"2025-06-07T03:51:27+00:00","article_modified_time":"2025-06-07T03:51:35+00:00","og_image":[{"width":700,"height":700,"url":"https:\/\/nahuelproducciones.com.ar\/radioquijano\/wp-content\/uploads\/2025\/06\/ChatGPT-Image-7-jun-2025-12_38_33-a.m-e1749268237648.png","type":"image\/png"}],"author":"Cecilia Pastrana","twitter_card":"summary_large_image","twitter_creator":"@nahuproduciones","twitter_site":"@nahuproduciones","twitter_misc":{"Escrito por":"Cecilia Pastrana","Tiempo de lectura":"2 minutos"},"schema":{"@context":"https:\/\/schema.org","@graph":[{"@type":"WebPage","@id":"https:\/\/nahuelproducciones.com.ar\/radioquijano\/7-de-junio-dia-del-periodista\/","url":"https:\/\/nahuelproducciones.com.ar\/radioquijano\/7-de-junio-dia-del-periodista\/","name":"7 de Junio, D\u00eda del Periodista - RQ 99.9","isPartOf":{"@id":"https:\/\/nahuelproducciones.com.ar\/radioquijano\/#website"},"datePublished":"2025-06-07T03:51:27+00:00","dateModified":"2025-06-07T03:51:35+00:00","author":{"@id":"https:\/\/nahuelproducciones.com.ar\/radioquijano\/#\/schema\/person\/e8a4f939e2cb487fe6d0c54042c9d32c"},"description":"Porque la verdad sigue valiendo la pena.","breadcrumb":{"@id":"https:\/\/nahuelproducciones.com.ar\/radioquijano\/7-de-junio-dia-del-periodista\/#breadcrumb"},"inLanguage":"es","potentialAction":[{"@type":"ReadAction","target":["https:\/\/nahuelproducciones.com.ar\/radioquijano\/7-de-junio-dia-del-periodista\/"]}]},{"@type":"BreadcrumbList","@id":"https:\/\/nahuelproducciones.com.ar\/radioquijano\/7-de-junio-dia-del-periodista\/#breadcrumb","itemListElement":[{"@type":"ListItem","position":1,"name":"Portada","item":"https:\/\/nahuelproducciones.com.ar\/radioquijano\/"},{"@type":"ListItem","position":2,"name":"7 de Junio, D\u00eda del Periodista"}]},{"@type":"WebSite","@id":"https:\/\/nahuelproducciones.com.ar\/radioquijano\/#website","url":"https:\/\/nahuelproducciones.com.ar\/radioquijano\/","name":"RQ 99.9","description":"Radio Quijano 99.9 MHz","potentialAction":[{"@type":"SearchAction","target":{"@type":"EntryPoint","urlTemplate":"https:\/\/nahuelproducciones.com.ar\/radioquijano\/?s={search_term_string}"},"query-input":"required name=search_term_string"}],"inLanguage":"es"},{"@type":"Person","@id":"https:\/\/nahuelproducciones.com.ar\/radioquijano\/#\/schema\/person\/e8a4f939e2cb487fe6d0c54042c9d32c","name":"Cecilia Pastrana","image":{"@type":"ImageObject","inLanguage":"es","@id":"https:\/\/nahuelproducciones.com.ar\/radioquijano\/#\/schema\/person\/image\/","url":"https:\/\/secure.gravatar.com\/avatar\/661a3ef63a8488d4f2794ed44af8cf71420f7e106f3072c40125114df5157749?s=96&d=mm&r=g","contentUrl":"https:\/\/secure.gravatar.com\/avatar\/661a3ef63a8488d4f2794ed44af8cf71420f7e106f3072c40125114df5157749?s=96&d=mm&r=g","caption":"Cecilia Pastrana"},"sameAs":["cecy"],"url":"https:\/\/nahuelproducciones.com.ar\/radioquijano\/author\/cecy\/"}]}},"_links":{"self":[{"href":"https:\/\/nahuelproducciones.com.ar\/radioquijano\/wp-json\/wp\/v2\/posts\/10391","targetHints":{"allow":["GET"]}}],"collection":[{"href":"https:\/\/nahuelproducciones.com.ar\/radioquijano\/wp-json\/wp\/v2\/posts"}],"about":[{"href":"https:\/\/nahuelproducciones.com.ar\/radioquijano\/wp-json\/wp\/v2\/types\/post"}],"author":[{"embeddable":true,"href":"https:\/\/nahuelproducciones.com.ar\/radioquijano\/wp-json\/wp\/v2\/users\/8"}],"replies":[{"embeddable":true,"href":"https:\/\/nahuelproducciones.com.ar\/radioquijano\/wp-json\/wp\/v2\/comments?post=10391"}],"version-history":[{"count":1,"href":"https:\/\/nahuelproducciones.com.ar\/radioquijano\/wp-json\/wp\/v2\/posts\/10391\/revisions"}],"predecessor-version":[{"id":10393,"href":"https:\/\/nahuelproducciones.com.ar\/radioquijano\/wp-json\/wp\/v2\/posts\/10391\/revisions\/10393"}],"wp:featuredmedia":[{"embeddable":true,"href":"https:\/\/nahuelproducciones.com.ar\/radioquijano\/wp-json\/wp\/v2\/media\/10392"}],"wp:attachment":[{"href":"https:\/\/nahuelproducciones.com.ar\/radioquijano\/wp-json\/wp\/v2\/media?parent=10391"}],"wp:term":[{"taxonomy":"category","embeddable":true,"href":"https:\/\/nahuelproducciones.com.ar\/radioquijano\/wp-json\/wp\/v2\/categories?post=10391"},{"taxonomy":"post_tag","embeddable":true,"href":"https:\/\/nahuelproducciones.com.ar\/radioquijano\/wp-json\/wp\/v2\/tags?post=10391"}],"curies":[{"name":"wp","href":"https:\/\/api.w.org\/{rel}","templated":true}]}}