{"id":10394,"date":"2025-06-10T10:33:01","date_gmt":"2025-06-10T13:33:01","guid":{"rendered":"https:\/\/nahuelproducciones.com.ar\/radioquijano\/?p=10394"},"modified":"2025-06-10T10:33:03","modified_gmt":"2025-06-10T13:33:03","slug":"jornada-de-capacitacion-sobre-tea-en-campo-quijano","status":"publish","type":"post","link":"https:\/\/nahuelproducciones.com.ar\/radioquijano\/jornada-de-capacitacion-sobre-tea-en-campo-quijano\/","title":{"rendered":"Jornada de Capacitaci\u00f3n sobre TEA en Campo Quijano"},"content":{"rendered":"\n<p>Este s\u00e1bado 14 de junio, te invitamos a participar de la Jornada Interinstitucional: Abordaje del Paciente con TEA, una capacitaci\u00f3n certificada, gratuita y dirigida a profesionales y estudiantes de las \u00e1reas de salud y educaci\u00f3n.<\/p>\n\n\n\n<p><img loading=\"lazy\" decoding=\"async\" height=\"16\" width=\"16\" alt=\"&#x1f4cd;\" src=\"https:\/\/static.xx.fbcdn.net\/images\/emoji.php\/v9\/t2d\/1\/16\/1f4cd.png\"> Lugar: Estaci\u00f3n de Trenes \u2013 Campo Quijano<\/p>\n\n\n\n<p><img loading=\"lazy\" decoding=\"async\" height=\"16\" width=\"16\" alt=\"&#x1f55c;\" src=\"https:\/\/static.xx.fbcdn.net\/images\/emoji.php\/v9\/t5b\/1\/16\/1f55c.png\"> Horario: De 14:30 a 18:00 h<\/p>\n\n\n\n<p><img loading=\"lazy\" decoding=\"async\" height=\"16\" width=\"16\" alt=\"&#x1f393;\" src=\"https:\/\/static.xx.fbcdn.net\/images\/emoji.php\/v9\/t25\/1\/16\/1f393.png\"> Disertantes: Dr. Andr\u00e9s Segura y Luis Gonzales<\/p>\n\n\n\n<p><img loading=\"lazy\" decoding=\"async\" height=\"16\" width=\"16\" alt=\"&#x1f4de;\" src=\"https:\/\/static.xx.fbcdn.net\/images\/emoji.php\/v9\/t4d\/1\/16\/1f4de.png\"> Contacto: Bel\u00e9n \u2013 3874414342<\/p>\n\n\n\n<p>Organizado junto a Fundaci\u00f3n TEAmo y con el compromiso de construir una comunidad m\u00e1s emp\u00e1tica e inclusiva.<\/p>\n\n\n\n<p><img loading=\"lazy\" decoding=\"async\" height=\"16\" width=\"16\" alt=\"&#x1f499;\" src=\"https:\/\/static.xx.fbcdn.net\/images\/emoji.php\/v9\/t6c\/1\/16\/1f499.png\"> \u00a1Te esperamos para seguir aprendiendo juntos!<\/p>\n\n\n\n<p>Informaci\u00f3n del Perfil de Facebook de la Municipalidad de Campo Quijano<\/p>\n","protected":false},"excerpt":{"rendered":"<p>Este s\u00e1bado 14 de junio, te invitamos a participar de la Jornada Interinstitucional: Abordaje del Paciente con TEA, una capacitaci\u00f3n certificada, gratuita y dirigida a profesionales y estudiantes de las \u00e1reas de salud y educaci\u00f3n. Lugar: Estaci\u00f3n de Trenes \u2013 Campo Quijano Horario: De 14:30 a 18:00 h Disertantes: Dr. Andr\u00e9s Segura y Luis Gonzales [&hellip;]<\/p>\n","protected":false},"author":8,"featured_media":10395,"comment_status":"open","ping_status":"open","sticky":false,"template":"","format":"standard","meta":{"_monsterinsights_skip_tracking":false,"_monsterinsights_sitenote_active":false,"_monsterinsights_sitenote_note":"","_monsterinsights_sitenote_category":0,"footnotes":""},"categories":[16],"tags":[100,1827],"class_list":["post-10394","post","type-post","status-publish","format-standard","has-post-thumbnail","hentry","category-noticias","tag-municipio-de-campo-quijano","tag-teamo"],"yoast_head":"<!-- This site is optimized with the Yoast SEO plugin v20.8 - https:\/\/yoast.com\/wordpress\/plugins\/seo\/ -->\n<title>Jornada de Capacitaci\u00f3n sobre TEA en Campo Quijano - RQ 99.9<\/title>\n<meta name=\"description\" content=\"Organizado junto a Fundaci\u00f3n TEAmo y con el compromiso de construir una comunidad m\u00e1s emp\u00e1tica e inclusiva.\" \/>\n<meta name=\"robots\" content=\"index, follow, max-snippet:-1, max-image-preview:large, max-video-preview:-1\" \/>\n<link rel=\"canonical\" href=\"https:\/\/nahuelproducciones.com.ar\/radioquijano\/jornada-de-capacitacion-sobre-tea-en-campo-quijano\/\" \/>\n<meta property=\"og:locale\" content=\"es_ES\" \/>\n<meta property=\"og:type\" content=\"article\" \/>\n<meta property=\"og:title\" content=\"Jornada de Capacitaci\u00f3n sobre TEA en Campo Quijano - RQ 99.9\" \/>\n<meta property=\"og:description\" content=\"Organizado junto a Fundaci\u00f3n TEAmo y con el compromiso de construir una comunidad m\u00e1s emp\u00e1tica e inclusiva.\" \/>\n<meta property=\"og:url\" content=\"https:\/\/nahuelproducciones.com.ar\/radioquijano\/jornada-de-capacitacion-sobre-tea-en-campo-quijano\/\" \/>\n<meta property=\"og:site_name\" content=\"RQ 99.9\" \/>\n<meta property=\"article:publisher\" content=\"https:\/\/www.facebook.com\/nahuelproducciones999\/\" \/>\n<meta property=\"article:published_time\" content=\"2025-06-10T13:33:01+00:00\" \/>\n<meta property=\"article:modified_time\" content=\"2025-06-10T13:33:03+00:00\" \/>\n<meta property=\"og:image\" content=\"https:\/\/nahuelproducciones.com.ar\/radioquijano\/wp-content\/uploads\/2025\/06\/505140666_18078524317878629_4184344119633367748_n-e1749562306217.jpeg\" \/>\n\t<meta property=\"og:image:width\" content=\"700\" \/>\n\t<meta property=\"og:image:height\" content=\"875\" \/>\n\t<meta property=\"og:image:type\" content=\"image\/jpeg\" \/>\n<meta name=\"author\" content=\"Cecilia Pastrana\" \/>\n<meta name=\"twitter:card\" content=\"summary_large_image\" \/>\n<meta name=\"twitter:creator\" content=\"@nahuproduciones\" \/>\n<meta name=\"twitter:site\" content=\"@nahuproduciones\" \/>\n<meta name=\"twitter:label1\" content=\"Escrito por\" \/>\n\t<meta name=\"twitter:data1\" content=\"Cecilia Pastrana\" \/>\n\t<meta name=\"twitter:label2\" content=\"Tiempo de lectura\" \/>\n\t<meta name=\"twitter:data2\" content=\"2 minutos\" \/>\n<script type=\"application\/ld+json\" class=\"yoast-schema-graph\">{\"@context\":\"https:\/\/schema.org\",\"@graph\":[{\"@type\":\"WebPage\",\"@id\":\"https:\/\/nahuelproducciones.com.ar\/radioquijano\/jornada-de-capacitacion-sobre-tea-en-campo-quijano\/\",\"url\":\"https:\/\/nahuelproducciones.com.ar\/radioquijano\/jornada-de-capacitacion-sobre-tea-en-campo-quijano\/\",\"name\":\"Jornada de Capacitaci\u00f3n sobre TEA en Campo Quijano - RQ 99.9\",\"isPartOf\":{\"@id\":\"https:\/\/nahuelproducciones.com.ar\/radioquijano\/#website\"},\"datePublished\":\"2025-06-10T13:33:01+00:00\",\"dateModified\":\"2025-06-10T13:33:03+00:00\",\"author\":{\"@id\":\"https:\/\/nahuelproducciones.com.ar\/radioquijano\/#\/schema\/person\/e8a4f939e2cb487fe6d0c54042c9d32c\"},\"description\":\"Organizado junto a Fundaci\u00f3n TEAmo y con el compromiso de construir una comunidad m\u00e1s emp\u00e1tica e inclusiva.\",\"breadcrumb\":{\"@id\":\"https:\/\/nahuelproducciones.com.ar\/radioquijano\/jornada-de-capacitacion-sobre-tea-en-campo-quijano\/#breadcrumb\"},\"inLanguage\":\"es\",\"potentialAction\":[{\"@type\":\"ReadAction\",\"target\":[\"https:\/\/nahuelproducciones.com.ar\/radioquijano\/jornada-de-capacitacion-sobre-tea-en-campo-quijano\/\"]}]},{\"@type\":\"BreadcrumbList\",\"@id\":\"https:\/\/nahuelproducciones.com.ar\/radioquijano\/jornada-de-capacitacion-sobre-tea-en-campo-quijano\/#breadcrumb\",\"itemListElement\":[{\"@type\":\"ListItem\",\"position\":1,\"name\":\"Portada\",\"item\":\"https:\/\/nahuelproducciones.com.ar\/radioquijano\/\"},{\"@type\":\"ListItem\",\"position\":2,\"name\":\"Jornada de Capacitaci\u00f3n sobre TEA en Campo Quijano\"}]},{\"@type\":\"WebSite\",\"@id\":\"https:\/\/nahuelproducciones.com.ar\/radioquijano\/#website\",\"url\":\"https:\/\/nahuelproducciones.com.ar\/radioquijano\/\",\"name\":\"RQ 99.9\",\"description\":\"Radio Quijano 99.9 MHz\",\"potentialAction\":[{\"@type\":\"SearchAction\",\"target\":{\"@type\":\"EntryPoint\",\"urlTemplate\":\"https:\/\/nahuelproducciones.com.ar\/radioquijano\/?s={search_term_string}\"},\"query-input\":\"required name=search_term_string\"}],\"inLanguage\":\"es\"},{\"@type\":\"Person\",\"@id\":\"https:\/\/nahuelproducciones.com.ar\/radioquijano\/#\/schema\/person\/e8a4f939e2cb487fe6d0c54042c9d32c\",\"name\":\"Cecilia Pastrana\",\"image\":{\"@type\":\"ImageObject\",\"inLanguage\":\"es\",\"@id\":\"https:\/\/nahuelproducciones.com.ar\/radioquijano\/#\/schema\/person\/image\/\",\"url\":\"https:\/\/secure.gravatar.com\/avatar\/661a3ef63a8488d4f2794ed44af8cf71420f7e106f3072c40125114df5157749?s=96&d=mm&r=g\",\"contentUrl\":\"https:\/\/secure.gravatar.com\/avatar\/661a3ef63a8488d4f2794ed44af8cf71420f7e106f3072c40125114df5157749?s=96&d=mm&r=g\",\"caption\":\"Cecilia Pastrana\"},\"sameAs\":[\"cecy\"],\"url\":\"https:\/\/nahuelproducciones.com.ar\/radioquijano\/author\/cecy\/\"}]}<\/script>\n<!-- \/ Yoast SEO plugin. -->","yoast_head_json":{"title":"Jornada de Capacitaci\u00f3n sobre TEA en Campo Quijano - RQ 99.9","description":"Organizado junto a Fundaci\u00f3n TEAmo y con el compromiso de construir una comunidad m\u00e1s emp\u00e1tica e inclusiva.","robots":{"index":"index","follow":"follow","max-snippet":"max-snippet:-1","max-image-preview":"max-image-preview:large","max-video-preview":"max-video-preview:-1"},"canonical":"https:\/\/nahuelproducciones.com.ar\/radioquijano\/jornada-de-capacitacion-sobre-tea-en-campo-quijano\/","og_locale":"es_ES","og_type":"article","og_title":"Jornada de Capacitaci\u00f3n sobre TEA en Campo Quijano - RQ 99.9","og_description":"Organizado junto a Fundaci\u00f3n TEAmo y con el compromiso de construir una comunidad m\u00e1s emp\u00e1tica e inclusiva.","og_url":"https:\/\/nahuelproducciones.com.ar\/radioquijano\/jornada-de-capacitacion-sobre-tea-en-campo-quijano\/","og_site_name":"RQ 99.9","article_publisher":"https:\/\/www.facebook.com\/nahuelproducciones999\/","article_published_time":"2025-06-10T13:33:01+00:00","article_modified_time":"2025-06-10T13:33:03+00:00","og_image":[{"width":700,"height":875,"url":"https:\/\/nahuelproducciones.com.ar\/radioquijano\/wp-content\/uploads\/2025\/06\/505140666_18078524317878629_4184344119633367748_n-e1749562306217.jpeg","type":"image\/jpeg"}],"author":"Cecilia Pastrana","twitter_card":"summary_large_image","twitter_creator":"@nahuproduciones","twitter_site":"@nahuproduciones","twitter_misc":{"Escrito por":"Cecilia Pastrana","Tiempo de lectura":"2 minutos"},"schema":{"@context":"https:\/\/schema.org","@graph":[{"@type":"WebPage","@id":"https:\/\/nahuelproducciones.com.ar\/radioquijano\/jornada-de-capacitacion-sobre-tea-en-campo-quijano\/","url":"https:\/\/nahuelproducciones.com.ar\/radioquijano\/jornada-de-capacitacion-sobre-tea-en-campo-quijano\/","name":"Jornada de Capacitaci\u00f3n sobre TEA en Campo Quijano - RQ 99.9","isPartOf":{"@id":"https:\/\/nahuelproducciones.com.ar\/radioquijano\/#website"},"datePublished":"2025-06-10T13:33:01+00:00","dateModified":"2025-06-10T13:33:03+00:00","author":{"@id":"https:\/\/nahuelproducciones.com.ar\/radioquijano\/#\/schema\/person\/e8a4f939e2cb487fe6d0c54042c9d32c"},"description":"Organizado junto a Fundaci\u00f3n TEAmo y con el compromiso de construir una comunidad m\u00e1s emp\u00e1tica e inclusiva.","breadcrumb":{"@id":"https:\/\/nahuelproducciones.com.ar\/radioquijano\/jornada-de-capacitacion-sobre-tea-en-campo-quijano\/#breadcrumb"},"inLanguage":"es","potentialAction":[{"@type":"ReadAction","target":["https:\/\/nahuelproducciones.com.ar\/radioquijano\/jornada-de-capacitacion-sobre-tea-en-campo-quijano\/"]}]},{"@type":"BreadcrumbList","@id":"https:\/\/nahuelproducciones.com.ar\/radioquijano\/jornada-de-capacitacion-sobre-tea-en-campo-quijano\/#breadcrumb","itemListElement":[{"@type":"ListItem","position":1,"name":"Portada","item":"https:\/\/nahuelproducciones.com.ar\/radioquijano\/"},{"@type":"ListItem","position":2,"name":"Jornada de Capacitaci\u00f3n sobre TEA en Campo Quijano"}]},{"@type":"WebSite","@id":"https:\/\/nahuelproducciones.com.ar\/radioquijano\/#website","url":"https:\/\/nahuelproducciones.com.ar\/radioquijano\/","name":"RQ 99.9","description":"Radio Quijano 99.9 MHz","potentialAction":[{"@type":"SearchAction","target":{"@type":"EntryPoint","urlTemplate":"https:\/\/nahuelproducciones.com.ar\/radioquijano\/?s={search_term_string}"},"query-input":"required name=search_term_string"}],"inLanguage":"es"},{"@type":"Person","@id":"https:\/\/nahuelproducciones.com.ar\/radioquijano\/#\/schema\/person\/e8a4f939e2cb487fe6d0c54042c9d32c","name":"Cecilia Pastrana","image":{"@type":"ImageObject","inLanguage":"es","@id":"https:\/\/nahuelproducciones.com.ar\/radioquijano\/#\/schema\/person\/image\/","url":"https:\/\/secure.gravatar.com\/avatar\/661a3ef63a8488d4f2794ed44af8cf71420f7e106f3072c40125114df5157749?s=96&d=mm&r=g","contentUrl":"https:\/\/secure.gravatar.com\/avatar\/661a3ef63a8488d4f2794ed44af8cf71420f7e106f3072c40125114df5157749?s=96&d=mm&r=g","caption":"Cecilia Pastrana"},"sameAs":["cecy"],"url":"https:\/\/nahuelproducciones.com.ar\/radioquijano\/author\/cecy\/"}]}},"_links":{"self":[{"href":"https:\/\/nahuelproducciones.com.ar\/radioquijano\/wp-json\/wp\/v2\/posts\/10394","targetHints":{"allow":["GET"]}}],"collection":[{"href":"https:\/\/nahuelproducciones.com.ar\/radioquijano\/wp-json\/wp\/v2\/posts"}],"about":[{"href":"https:\/\/nahuelproducciones.com.ar\/radioquijano\/wp-json\/wp\/v2\/types\/post"}],"author":[{"embeddable":true,"href":"https:\/\/nahuelproducciones.com.ar\/radioquijano\/wp-json\/wp\/v2\/users\/8"}],"replies":[{"embeddable":true,"href":"https:\/\/nahuelproducciones.com.ar\/radioquijano\/wp-json\/wp\/v2\/comments?post=10394"}],"version-history":[{"count":1,"href":"https:\/\/nahuelproducciones.com.ar\/radioquijano\/wp-json\/wp\/v2\/posts\/10394\/revisions"}],"predecessor-version":[{"id":10396,"href":"https:\/\/nahuelproducciones.com.ar\/radioquijano\/wp-json\/wp\/v2\/posts\/10394\/revisions\/10396"}],"wp:featuredmedia":[{"embeddable":true,"href":"https:\/\/nahuelproducciones.com.ar\/radioquijano\/wp-json\/wp\/v2\/media\/10395"}],"wp:attachment":[{"href":"https:\/\/nahuelproducciones.com.ar\/radioquijano\/wp-json\/wp\/v2\/media?parent=10394"}],"wp:term":[{"taxonomy":"category","embeddable":true,"href":"https:\/\/nahuelproducciones.com.ar\/radioquijano\/wp-json\/wp\/v2\/categories?post=10394"},{"taxonomy":"post_tag","embeddable":true,"href":"https:\/\/nahuelproducciones.com.ar\/radioquijano\/wp-json\/wp\/v2\/tags?post=10394"}],"curies":[{"name":"wp","href":"https:\/\/api.w.org\/{rel}","templated":true}]}}