{"id":10400,"date":"2025-06-10T16:21:23","date_gmt":"2025-06-10T19:21:23","guid":{"rendered":"https:\/\/nahuelproducciones.com.ar\/radioquijano\/?p=10400"},"modified":"2025-06-10T18:19:45","modified_gmt":"2025-06-10T21:19:45","slug":"proyecto-de-la-dip-galleguillos-los-medios-obligados-a-difundir-contenidos-estatales-sin-cobrar","status":"publish","type":"post","link":"https:\/\/nahuelproducciones.com.ar\/radioquijano\/proyecto-de-la-dip-galleguillos-los-medios-obligados-a-difundir-contenidos-estatales-sin-cobrar\/","title":{"rendered":"Proyecto de la Dip. Galleguillos: los medios, obligados a difundir contenidos estatales sin cobrar."},"content":{"rendered":"\n<p>Desde nuestro lugar como medio de comunicaci\u00f3n local, comprometido con la verdad, la pluralidad de voces y el bien com\u00fan, queremos expresar nuestra profunda preocupaci\u00f3n y rechazo al proyecto de ley presentado en la C\u00e1mara de Diputados de Salta que obliga a todos los medios audiovisuales, gr\u00e1ficos e informativos digitales de la provincia a ceder gratuitamente espacio para mensajes producidos por organismos del Estado.<\/p>\n\n\n\n<p>Este proyecto, que hoy se encuentra en Labor Parlamentaria, plantea la cesi\u00f3n obligatoria de tiempo o espacio diario para contenidos oficiales sin ning\u00fan tipo de retribuci\u00f3n o compensaci\u00f3n. Es decir: el Estado no garantiza la pauta para todos, pero quiere imponer contenidos gratuitos.<\/p>\n\n\n\n<p>Como medio local, independiente y autogestionado, ya cumplimos diariamente una funci\u00f3n social: informamos, educamos, prevenimos, acompa\u00f1amos a la comunidad, visibilizamos problem\u00e1ticas, difundimos campa\u00f1as solidarias, cubrimos emergencias y damos voz a quienes muchas veces no la tienen. Y lo hacemos sin recibir pauta oficial, sin ser convocados a participar y muchas veces incluso sin que se nos responda cuando solicitamos informaci\u00f3n p\u00fablica.<\/p>\n\n\n\n<p>Nos preguntamos:<\/p>\n\n\n\n<p>\u00bfD\u00f3nde est\u00e1 la equidad si solo algunos medios \u201camigos del poder\u201d reciben pauta y otros ni siquiera accedemos a informaci\u00f3n oficial?<\/p>\n\n\n\n<p>\u00bfC\u00f3mo se sostiene un medio local si, adem\u00e1s de no recibir apoyo, se le impone una carga adicional sin compensaci\u00f3n?<\/p>\n\n\n\n<p>\u00bfPor qu\u00e9 no se discute primero una ley de pauta equitativa y transparente, antes que una ley que nos convierte en reproductores forzados de contenidos estatales?<\/p>\n\n\n\n<p>Queremos dejarlo claro: no nos oponemos a la concientizaci\u00f3n social. Al contrario: la promovemos todos los d\u00edas. Pero creemos que se construye desde el di\u00e1logo, el respeto mutuo y el reconocimiento del trabajo que hacemos, no desde la imposici\u00f3n legal.<\/p>\n\n\n\n<p>La Constituci\u00f3n Nacional garantiza la libertad de expresi\u00f3n y la autonom\u00eda de los medios. Obligar a publicar o emitir contenidos, aunque no tengan tinte pol\u00edtico, sin dar voz, participaci\u00f3n ni retribuci\u00f3n, es una forma encubierta de intervenir y condicionar a la prensa.<\/p>\n\n\n\n<p>Por eso, decimos NO a este proyecto en su forma actual. Pedimos que se revise, se debata de cara a la sociedad, y se garantice primero un sistema justo, participativo y federal de acceso a la pauta oficial.<\/p>\n\n\n\n<p>No queremos privilegios, queremos igualdad. No queremos imposiciones, queremos respeto. No queremos silenciar la voz del Estado, pero tampoco queremos que silencien la nuestra.<\/p>\n\n\n\n<p>La comunicaci\u00f3n con sentido social se construye entre todos, no con una ley que manda, sino con una pol\u00edtica p\u00fablica que dialoga, respeta y apoya a quienes sostienen la palabra con esfuerzo diario.<\/p>\n\n\n\n<figure class=\"wp-block-gallery has-nested-images columns-default is-cropped wp-block-gallery-1 is-layout-flex wp-block-gallery-is-layout-flex\">\n<figure class=\"wp-block-image size-large\"><img loading=\"lazy\" decoding=\"async\" width=\"720\" height=\"959\" data-id=\"10401\" src=\"https:\/\/nahuelproducciones.com.ar\/radioquijano\/wp-content\/uploads\/2025\/06\/1000139004.jpg\" alt=\"\" class=\"wp-image-10401\" srcset=\"https:\/\/nahuelproducciones.com.ar\/radioquijano\/wp-content\/uploads\/2025\/06\/1000139004.jpg 720w, https:\/\/nahuelproducciones.com.ar\/radioquijano\/wp-content\/uploads\/2025\/06\/1000139004-225x300.jpg 225w, https:\/\/nahuelproducciones.com.ar\/radioquijano\/wp-content\/uploads\/2025\/06\/1000139004-640x853.jpg 640w, https:\/\/nahuelproducciones.com.ar\/radioquijano\/wp-content\/uploads\/2025\/06\/1000139004-150x200.jpg 150w\" sizes=\"auto, (max-width: 720px) 100vw, 720px\" \/><\/figure>\n\n\n\n<figure class=\"wp-block-image size-large\"><img loading=\"lazy\" decoding=\"async\" width=\"648\" height=\"1024\" data-id=\"10402\" src=\"https:\/\/nahuelproducciones.com.ar\/radioquijano\/wp-content\/uploads\/2025\/06\/1000139005-648x1024.jpg\" alt=\"\" class=\"wp-image-10402\" srcset=\"https:\/\/nahuelproducciones.com.ar\/radioquijano\/wp-content\/uploads\/2025\/06\/1000139005-648x1024.jpg 648w, https:\/\/nahuelproducciones.com.ar\/radioquijano\/wp-content\/uploads\/2025\/06\/1000139005-190x300.jpg 190w, https:\/\/nahuelproducciones.com.ar\/radioquijano\/wp-content\/uploads\/2025\/06\/1000139005-150x237.jpg 150w, https:\/\/nahuelproducciones.com.ar\/radioquijano\/wp-content\/uploads\/2025\/06\/1000139005.jpg 720w\" sizes=\"auto, (max-width: 648px) 100vw, 648px\" \/><\/figure>\n\n\n\n<figure class=\"wp-block-image size-large\"><img loading=\"lazy\" decoding=\"async\" width=\"720\" height=\"597\" data-id=\"10403\" src=\"https:\/\/nahuelproducciones.com.ar\/radioquijano\/wp-content\/uploads\/2025\/06\/1000139006.jpg\" alt=\"\" class=\"wp-image-10403\" srcset=\"https:\/\/nahuelproducciones.com.ar\/radioquijano\/wp-content\/uploads\/2025\/06\/1000139006.jpg 720w, https:\/\/nahuelproducciones.com.ar\/radioquijano\/wp-content\/uploads\/2025\/06\/1000139006-300x249.jpg 300w, https:\/\/nahuelproducciones.com.ar\/radioquijano\/wp-content\/uploads\/2025\/06\/1000139006-150x124.jpg 150w\" sizes=\"auto, (max-width: 720px) 100vw, 720px\" \/><\/figure>\n<\/figure>\n\n\n\n<p><\/p>\n","protected":false},"excerpt":{"rendered":"<p>Desde nuestro lugar como medio de comunicaci\u00f3n local, comprometido con la verdad, la pluralidad de voces y el bien com\u00fan, queremos expresar nuestra profunda preocupaci\u00f3n y rechazo al proyecto de ley presentado en la C\u00e1mara de Diputados de Salta que obliga a todos los medios audiovisuales, gr\u00e1ficos e informativos digitales de la provincia a ceder [&hellip;]<\/p>\n","protected":false},"author":8,"featured_media":10401,"comment_status":"open","ping_status":"open","sticky":false,"template":"","format":"standard","meta":{"_monsterinsights_skip_tracking":false,"_monsterinsights_sitenote_active":false,"_monsterinsights_sitenote_note":"","_monsterinsights_sitenote_category":0,"footnotes":""},"categories":[16],"tags":[1154,1828,1825,100],"class_list":["post-10400","post","type-post","status-publish","format-standard","has-post-thumbnail","hentry","category-noticias","tag-camara-de-diputados-de-salta","tag-dip-griselda-galleguillos","tag-ley","tag-municipio-de-campo-quijano"],"yoast_head":"<!-- This site is optimized with the Yoast SEO plugin v20.8 - https:\/\/yoast.com\/wordpress\/plugins\/seo\/ -->\n<title>Proyecto de la Dip. Galleguillos: los medios, obligados a difundir contenidos estatales sin cobrar. - RQ 99.9<\/title>\n<meta name=\"description\" content=\"No queremos silenciar la voz del Estado, pero tampoco queremos que silencien la nuestra.\" \/>\n<meta name=\"robots\" content=\"index, follow, max-snippet:-1, max-image-preview:large, max-video-preview:-1\" \/>\n<link rel=\"canonical\" href=\"https:\/\/nahuelproducciones.com.ar\/radioquijano\/proyecto-de-la-dip-galleguillos-los-medios-obligados-a-difundir-contenidos-estatales-sin-cobrar\/\" \/>\n<meta property=\"og:locale\" content=\"es_ES\" \/>\n<meta property=\"og:type\" content=\"article\" \/>\n<meta property=\"og:title\" content=\"Proyecto de la Dip. Galleguillos: los medios, obligados a difundir contenidos estatales sin cobrar. - RQ 99.9\" \/>\n<meta property=\"og:description\" content=\"No queremos silenciar la voz del Estado, pero tampoco queremos que silencien la nuestra.\" \/>\n<meta property=\"og:url\" content=\"https:\/\/nahuelproducciones.com.ar\/radioquijano\/proyecto-de-la-dip-galleguillos-los-medios-obligados-a-difundir-contenidos-estatales-sin-cobrar\/\" \/>\n<meta property=\"og:site_name\" content=\"RQ 99.9\" \/>\n<meta property=\"article:publisher\" content=\"https:\/\/www.facebook.com\/nahuelproducciones999\/\" \/>\n<meta property=\"article:published_time\" content=\"2025-06-10T19:21:23+00:00\" \/>\n<meta property=\"article:modified_time\" content=\"2025-06-10T21:19:45+00:00\" \/>\n<meta property=\"og:image\" content=\"https:\/\/nahuelproducciones.com.ar\/radioquijano\/wp-content\/uploads\/2025\/06\/1000139004.jpg\" \/>\n\t<meta property=\"og:image:width\" content=\"720\" \/>\n\t<meta property=\"og:image:height\" content=\"959\" \/>\n\t<meta property=\"og:image:type\" content=\"image\/jpeg\" \/>\n<meta name=\"author\" content=\"Cecilia Pastrana\" \/>\n<meta name=\"twitter:card\" content=\"summary_large_image\" \/>\n<meta name=\"twitter:creator\" content=\"@nahuproduciones\" \/>\n<meta name=\"twitter:site\" content=\"@nahuproduciones\" \/>\n<meta name=\"twitter:label1\" content=\"Escrito por\" \/>\n\t<meta name=\"twitter:data1\" content=\"Cecilia Pastrana\" \/>\n\t<meta name=\"twitter:label2\" content=\"Tiempo de lectura\" \/>\n\t<meta name=\"twitter:data2\" content=\"3 minutos\" \/>\n<script type=\"application\/ld+json\" class=\"yoast-schema-graph\">{\"@context\":\"https:\/\/schema.org\",\"@graph\":[{\"@type\":\"WebPage\",\"@id\":\"https:\/\/nahuelproducciones.com.ar\/radioquijano\/proyecto-de-la-dip-galleguillos-los-medios-obligados-a-difundir-contenidos-estatales-sin-cobrar\/\",\"url\":\"https:\/\/nahuelproducciones.com.ar\/radioquijano\/proyecto-de-la-dip-galleguillos-los-medios-obligados-a-difundir-contenidos-estatales-sin-cobrar\/\",\"name\":\"Proyecto de la Dip. Galleguillos: los medios, obligados a difundir contenidos estatales sin cobrar. - RQ 99.9\",\"isPartOf\":{\"@id\":\"https:\/\/nahuelproducciones.com.ar\/radioquijano\/#website\"},\"datePublished\":\"2025-06-10T19:21:23+00:00\",\"dateModified\":\"2025-06-10T21:19:45+00:00\",\"author\":{\"@id\":\"https:\/\/nahuelproducciones.com.ar\/radioquijano\/#\/schema\/person\/e8a4f939e2cb487fe6d0c54042c9d32c\"},\"description\":\"No queremos silenciar la voz del Estado, pero tampoco queremos que silencien la nuestra.\",\"breadcrumb\":{\"@id\":\"https:\/\/nahuelproducciones.com.ar\/radioquijano\/proyecto-de-la-dip-galleguillos-los-medios-obligados-a-difundir-contenidos-estatales-sin-cobrar\/#breadcrumb\"},\"inLanguage\":\"es\",\"potentialAction\":[{\"@type\":\"ReadAction\",\"target\":[\"https:\/\/nahuelproducciones.com.ar\/radioquijano\/proyecto-de-la-dip-galleguillos-los-medios-obligados-a-difundir-contenidos-estatales-sin-cobrar\/\"]}]},{\"@type\":\"BreadcrumbList\",\"@id\":\"https:\/\/nahuelproducciones.com.ar\/radioquijano\/proyecto-de-la-dip-galleguillos-los-medios-obligados-a-difundir-contenidos-estatales-sin-cobrar\/#breadcrumb\",\"itemListElement\":[{\"@type\":\"ListItem\",\"position\":1,\"name\":\"Portada\",\"item\":\"https:\/\/nahuelproducciones.com.ar\/radioquijano\/\"},{\"@type\":\"ListItem\",\"position\":2,\"name\":\"Proyecto de la Dip. Galleguillos: los medios, obligados a difundir contenidos estatales sin cobrar.\"}]},{\"@type\":\"WebSite\",\"@id\":\"https:\/\/nahuelproducciones.com.ar\/radioquijano\/#website\",\"url\":\"https:\/\/nahuelproducciones.com.ar\/radioquijano\/\",\"name\":\"RQ 99.9\",\"description\":\"Radio Quijano 99.9 MHz\",\"potentialAction\":[{\"@type\":\"SearchAction\",\"target\":{\"@type\":\"EntryPoint\",\"urlTemplate\":\"https:\/\/nahuelproducciones.com.ar\/radioquijano\/?s={search_term_string}\"},\"query-input\":\"required name=search_term_string\"}],\"inLanguage\":\"es\"},{\"@type\":\"Person\",\"@id\":\"https:\/\/nahuelproducciones.com.ar\/radioquijano\/#\/schema\/person\/e8a4f939e2cb487fe6d0c54042c9d32c\",\"name\":\"Cecilia Pastrana\",\"image\":{\"@type\":\"ImageObject\",\"inLanguage\":\"es\",\"@id\":\"https:\/\/nahuelproducciones.com.ar\/radioquijano\/#\/schema\/person\/image\/\",\"url\":\"https:\/\/secure.gravatar.com\/avatar\/661a3ef63a8488d4f2794ed44af8cf71420f7e106f3072c40125114df5157749?s=96&d=mm&r=g\",\"contentUrl\":\"https:\/\/secure.gravatar.com\/avatar\/661a3ef63a8488d4f2794ed44af8cf71420f7e106f3072c40125114df5157749?s=96&d=mm&r=g\",\"caption\":\"Cecilia Pastrana\"},\"sameAs\":[\"cecy\"],\"url\":\"https:\/\/nahuelproducciones.com.ar\/radioquijano\/author\/cecy\/\"}]}<\/script>\n<!-- \/ Yoast SEO plugin. -->","yoast_head_json":{"title":"Proyecto de la Dip. Galleguillos: los medios, obligados a difundir contenidos estatales sin cobrar. - RQ 99.9","description":"No queremos silenciar la voz del Estado, pero tampoco queremos que silencien la nuestra.","robots":{"index":"index","follow":"follow","max-snippet":"max-snippet:-1","max-image-preview":"max-image-preview:large","max-video-preview":"max-video-preview:-1"},"canonical":"https:\/\/nahuelproducciones.com.ar\/radioquijano\/proyecto-de-la-dip-galleguillos-los-medios-obligados-a-difundir-contenidos-estatales-sin-cobrar\/","og_locale":"es_ES","og_type":"article","og_title":"Proyecto de la Dip. Galleguillos: los medios, obligados a difundir contenidos estatales sin cobrar. - RQ 99.9","og_description":"No queremos silenciar la voz del Estado, pero tampoco queremos que silencien la nuestra.","og_url":"https:\/\/nahuelproducciones.com.ar\/radioquijano\/proyecto-de-la-dip-galleguillos-los-medios-obligados-a-difundir-contenidos-estatales-sin-cobrar\/","og_site_name":"RQ 99.9","article_publisher":"https:\/\/www.facebook.com\/nahuelproducciones999\/","article_published_time":"2025-06-10T19:21:23+00:00","article_modified_time":"2025-06-10T21:19:45+00:00","og_image":[{"width":720,"height":959,"url":"https:\/\/nahuelproducciones.com.ar\/radioquijano\/wp-content\/uploads\/2025\/06\/1000139004.jpg","type":"image\/jpeg"}],"author":"Cecilia Pastrana","twitter_card":"summary_large_image","twitter_creator":"@nahuproduciones","twitter_site":"@nahuproduciones","twitter_misc":{"Escrito por":"Cecilia Pastrana","Tiempo de lectura":"3 minutos"},"schema":{"@context":"https:\/\/schema.org","@graph":[{"@type":"WebPage","@id":"https:\/\/nahuelproducciones.com.ar\/radioquijano\/proyecto-de-la-dip-galleguillos-los-medios-obligados-a-difundir-contenidos-estatales-sin-cobrar\/","url":"https:\/\/nahuelproducciones.com.ar\/radioquijano\/proyecto-de-la-dip-galleguillos-los-medios-obligados-a-difundir-contenidos-estatales-sin-cobrar\/","name":"Proyecto de la Dip. Galleguillos: los medios, obligados a difundir contenidos estatales sin cobrar. - RQ 99.9","isPartOf":{"@id":"https:\/\/nahuelproducciones.com.ar\/radioquijano\/#website"},"datePublished":"2025-06-10T19:21:23+00:00","dateModified":"2025-06-10T21:19:45+00:00","author":{"@id":"https:\/\/nahuelproducciones.com.ar\/radioquijano\/#\/schema\/person\/e8a4f939e2cb487fe6d0c54042c9d32c"},"description":"No queremos silenciar la voz del Estado, pero tampoco queremos que silencien la nuestra.","breadcrumb":{"@id":"https:\/\/nahuelproducciones.com.ar\/radioquijano\/proyecto-de-la-dip-galleguillos-los-medios-obligados-a-difundir-contenidos-estatales-sin-cobrar\/#breadcrumb"},"inLanguage":"es","potentialAction":[{"@type":"ReadAction","target":["https:\/\/nahuelproducciones.com.ar\/radioquijano\/proyecto-de-la-dip-galleguillos-los-medios-obligados-a-difundir-contenidos-estatales-sin-cobrar\/"]}]},{"@type":"BreadcrumbList","@id":"https:\/\/nahuelproducciones.com.ar\/radioquijano\/proyecto-de-la-dip-galleguillos-los-medios-obligados-a-difundir-contenidos-estatales-sin-cobrar\/#breadcrumb","itemListElement":[{"@type":"ListItem","position":1,"name":"Portada","item":"https:\/\/nahuelproducciones.com.ar\/radioquijano\/"},{"@type":"ListItem","position":2,"name":"Proyecto de la Dip. Galleguillos: los medios, obligados a difundir contenidos estatales sin cobrar."}]},{"@type":"WebSite","@id":"https:\/\/nahuelproducciones.com.ar\/radioquijano\/#website","url":"https:\/\/nahuelproducciones.com.ar\/radioquijano\/","name":"RQ 99.9","description":"Radio Quijano 99.9 MHz","potentialAction":[{"@type":"SearchAction","target":{"@type":"EntryPoint","urlTemplate":"https:\/\/nahuelproducciones.com.ar\/radioquijano\/?s={search_term_string}"},"query-input":"required name=search_term_string"}],"inLanguage":"es"},{"@type":"Person","@id":"https:\/\/nahuelproducciones.com.ar\/radioquijano\/#\/schema\/person\/e8a4f939e2cb487fe6d0c54042c9d32c","name":"Cecilia Pastrana","image":{"@type":"ImageObject","inLanguage":"es","@id":"https:\/\/nahuelproducciones.com.ar\/radioquijano\/#\/schema\/person\/image\/","url":"https:\/\/secure.gravatar.com\/avatar\/661a3ef63a8488d4f2794ed44af8cf71420f7e106f3072c40125114df5157749?s=96&d=mm&r=g","contentUrl":"https:\/\/secure.gravatar.com\/avatar\/661a3ef63a8488d4f2794ed44af8cf71420f7e106f3072c40125114df5157749?s=96&d=mm&r=g","caption":"Cecilia Pastrana"},"sameAs":["cecy"],"url":"https:\/\/nahuelproducciones.com.ar\/radioquijano\/author\/cecy\/"}]}},"_links":{"self":[{"href":"https:\/\/nahuelproducciones.com.ar\/radioquijano\/wp-json\/wp\/v2\/posts\/10400","targetHints":{"allow":["GET"]}}],"collection":[{"href":"https:\/\/nahuelproducciones.com.ar\/radioquijano\/wp-json\/wp\/v2\/posts"}],"about":[{"href":"https:\/\/nahuelproducciones.com.ar\/radioquijano\/wp-json\/wp\/v2\/types\/post"}],"author":[{"embeddable":true,"href":"https:\/\/nahuelproducciones.com.ar\/radioquijano\/wp-json\/wp\/v2\/users\/8"}],"replies":[{"embeddable":true,"href":"https:\/\/nahuelproducciones.com.ar\/radioquijano\/wp-json\/wp\/v2\/comments?post=10400"}],"version-history":[{"count":4,"href":"https:\/\/nahuelproducciones.com.ar\/radioquijano\/wp-json\/wp\/v2\/posts\/10400\/revisions"}],"predecessor-version":[{"id":10413,"href":"https:\/\/nahuelproducciones.com.ar\/radioquijano\/wp-json\/wp\/v2\/posts\/10400\/revisions\/10413"}],"wp:featuredmedia":[{"embeddable":true,"href":"https:\/\/nahuelproducciones.com.ar\/radioquijano\/wp-json\/wp\/v2\/media\/10401"}],"wp:attachment":[{"href":"https:\/\/nahuelproducciones.com.ar\/radioquijano\/wp-json\/wp\/v2\/media?parent=10400"}],"wp:term":[{"taxonomy":"category","embeddable":true,"href":"https:\/\/nahuelproducciones.com.ar\/radioquijano\/wp-json\/wp\/v2\/categories?post=10400"},{"taxonomy":"post_tag","embeddable":true,"href":"https:\/\/nahuelproducciones.com.ar\/radioquijano\/wp-json\/wp\/v2\/tags?post=10400"}],"curies":[{"name":"wp","href":"https:\/\/api.w.org\/{rel}","templated":true}]}}