{"id":10405,"date":"2025-06-10T18:06:57","date_gmt":"2025-06-10T21:06:57","guid":{"rendered":"https:\/\/nahuelproducciones.com.ar\/radioquijano\/?p=10405"},"modified":"2025-06-10T18:08:07","modified_gmt":"2025-06-10T21:08:07","slug":"la-corte-suprema-confirmo-la-condena-a-cristina-fernandez-de-kirchner-a-prision","status":"publish","type":"post","link":"https:\/\/nahuelproducciones.com.ar\/radioquijano\/la-corte-suprema-confirmo-la-condena-a-cristina-fernandez-de-kirchner-a-prision\/","title":{"rendered":"La Corte Suprema confirm\u00f3 la condena a Cristina Fern\u00e1ndez de Kirchner a prisi\u00f3n."},"content":{"rendered":"\n<p>La Corte Suprema confirm\u00f3 el fallo dictado en noviembre pasado por la Sala IV de la C\u00e1mara de Casaci\u00f3n Penal en la causa Vialidad, donde se investig\u00f3 el delito de defraudaci\u00f3n al Estado a trav\u00e9s de contratos de obras p\u00fablicas. <\/p>\n\n\n\n<p class=\"has-text-align-left\">Esta decisi\u00f3n implica que queda firme la condena contra la dos veces presidenta Cristina Fern\u00e1ndez de Kirchner, a seis a\u00f1os de prisi\u00f3n e inhabilitaci\u00f3n perpetua para ejercer cargos p\u00fablicos. La sentencia incluye el decomiso de unos 84.000 millones de pesos.<\/p>\n\n\n\n<p class=\"has-text-align-left\">Desde el retorno de la democracia, en 1983,&nbsp;<strong>s\u00f3lo dos ex presidentes fueron condenados&nbsp;<\/strong>por la Justicia argentina:&nbsp;<strong>Carlos Menem y Cristina Kirchner.<\/strong><\/p>\n\n\n\n<p class=\"has-text-align-left\">Ahora el Tribunal Oral Federal 2 (TOF 2)\u00a0<strong>deber\u00e1 resolver sobre las condiciones de detenci\u00f3n de la ex mandataria<\/strong>\u00a0y de los otros ocho condenados,\u00a0<strong>entre ellos L\u00e1zaro B\u00e1ez y Jos\u00e9 L\u00f3pez.<\/strong>\u00a0Es muy probable que en el caso de Cristina Kirchner, el TOF 2 resuelva\u00a0<strong>concederle el beneficio del arresto domiciliario<\/strong>\u00a0por contar con m\u00e1s de 70 a\u00f1os. Adem\u00e1s,\u00a0<strong>no podr\u00e1 participar de las elecciones legislativas<\/strong>\u00a0donde planeaba competir por una banca provincial. Esto convierte el caso en\u00a0<strong>el hecho de mayor impacto\u00a0<\/strong>en el escenario pol\u00edtico y judicial actual del pa\u00eds.<\/p>\n\n\n\n<p class=\"has-text-align-left\">La decisi\u00f3n fue adoptada por unanimidad por los tres jueces de la Corte Suprema,&nbsp;<strong>Horacio Rosatti, Carlos Rosenkrantz y Ricardo Lorenzetti<\/strong>, quienes rechazaron las apelaciones de la defensa de la ex presidenta, de los otros ocho condenados, y del fiscal&nbsp;<strong>Mario Villar<\/strong>, utilizando&nbsp;<strong>la f\u00f3rmula del art\u00edculo 280 de C\u00f3digo Procesal Civil y Comercial,<\/strong>&nbsp;en este caso&nbsp;<strong>acompa\u00f1ado de los fundamentos de la decisi\u00f3n (280 fundado)<\/strong>&nbsp;dada la trascendencia institucional de la decisi\u00f3n.<\/p>\n\n\n\n<p class=\"has-text-align-left\">La sentencia resuelve:&nbsp;<strong>\u201cRechazar el recurso extraordinario federal interpuesto por la defensa de Cristina Elizabet Fern\u00e1ndez de Kirchner. Confirmar la sentencia dictada por el Tribunal Oral en lo Criminal Federal N.\u00ba 2, en cuanto condena a la nombrada a seis (6) a\u00f1os de prisi\u00f3n e inhabilitaci\u00f3n perpetua para ejercer cargos p\u00fablicos, como coautora penalmente responsable del delito de administraci\u00f3n fraudulenta agravada en perjuicio de la administraci\u00f3n p\u00fablica (arts. 174 inc. 5\u00b0 y 45 del C\u00f3digo Penal)\u201c.<\/strong><\/p>\n\n\n\n<p class=\"has-text-align-left\">La condena a seis a\u00f1os de prisi\u00f3n e inhabilitaci\u00f3n perpetua contra Cristina Kirchner y otros acusados&nbsp;<strong>en la causa Vialidad<\/strong>&nbsp;fue dictada en 2022 por el&nbsp;<strong>Tribunal Oral en lo Criminal Federal N\u00b02<\/strong>, integrado por los jueces&nbsp;<strong>Jorge Gorini,<\/strong>&nbsp;<strong>Rodrigo Gim\u00e9nez Uriburu&nbsp;<\/strong>y&nbsp;<strong>Andr\u00e9s Basso,&nbsp;<\/strong>quienes juzgaronel desv\u00edo de fondos e irregularidades en la asignaci\u00f3n de&nbsp;<strong>obras p\u00fablicas en la provincia de Santa Cruz<\/strong>.<\/p>\n\n\n\n<p class=\"has-text-align-left\">Este fallo fue confirmado en noviembre pasado por la Sala IV de Casaci\u00f3n, integrada por los jueces&nbsp;<strong>Gustavo Hornos, Mariano Hern\u00e1n Borinsky y Diego Barroetave\u00f1a,&nbsp;<\/strong>por medio de una sentencia de m\u00e1s de 1.600 p\u00e1ginas en la que rechaz\u00f3 tanto los recursos de las defensas como el de la fiscal\u00eda.<\/p>\n\n\n\n<p class=\"has-text-align-left\">En la misma decisi\u00f3n, Casaci\u00f3n confirm\u00f3 las condenas -tambi\u00e9n por el delito de fraude a la administraci\u00f3n p\u00fablica- de&nbsp;<strong>L\u00e1zaro B\u00e1ez<\/strong>&nbsp;(6 a\u00f1os de prisi\u00f3n), de&nbsp;<strong>Jos\u00e9 L\u00f3pez<\/strong>&nbsp;(6 a\u00f1os de prisi\u00f3n), de&nbsp;<strong>Nelson Periotti<\/strong>&nbsp;(6 a\u00f1os de prisi\u00f3n), de&nbsp;<strong>Juan Carlos Villafa\u00f1e<\/strong>&nbsp;(5 a\u00f1os de prisi\u00f3n), de&nbsp;<strong>Ra\u00fal Pavesi&nbsp;<\/strong>(4 a\u00f1os y 6 meses de prisi\u00f3n), de&nbsp;<strong>Jos\u00e9 Santib\u00e1\u00f1ez<\/strong>&nbsp;(4 a\u00f1os de prisi\u00f3n), de&nbsp;<strong>Mauricio Collareda&nbsp;<\/strong>(4 a\u00f1os de prisi\u00f3n) y de<strong>&nbsp;Ra\u00fal Daruich<\/strong>&nbsp;(3 a\u00f1os y seis meses de prisi\u00f3n). A todos los ex funcionarios se les hab\u00eda impuesto la&nbsp;<strong>inhabilitaci\u00f3n perpetua para ejercer cargos p\u00fablicos<\/strong>, aspecto tambi\u00e9n confirmado por el m\u00e1ximo tribunal penal.<\/p>\n\n\n\n<p class=\"has-text-align-left\">Por decisi\u00f3n mayoritaria de los camaristas Borinsky y Barroetave\u00f1a,&nbsp;<strong>se rechaz\u00f3 la pretensi\u00f3n del Ministerio P\u00fablico Fiscal de aplicar al caso la figura de asociaci\u00f3n il\u00edcita,<\/strong>&nbsp;confirmando as\u00ed la decisi\u00f3n absolutoria del tribunal oral 2 en cuanto a ese delito. El juez Hornos, en disidencia, consider\u00f3 que correspond\u00eda aplicar la figura de asociaci\u00f3n il\u00edcita.<\/p>\n\n\n\n<p class=\"has-text-align-left\">La decisi\u00f3n de la Corte&nbsp;<strong>deja firme tambi\u00e9n las absoluciones de Julio De Vido, Abel Fatala, H\u00e9ctor Garro<\/strong>, y el sobreseimiento por prescripci\u00f3n de<strong>&nbsp;Carlos Kirchner,<\/strong>&nbsp;quien fuera acusado por el Ministerio P\u00fablico Fiscal durante el juicio oral.<\/p>\n\n\n\n<p class=\"has-text-align-left\">Finalmente, la Sala IV de la C\u00e1mara Federal de Casaci\u00f3n Penal&nbsp;<strong>homolog\u00f3 el decomiso de aproximadamente 84.000 millones de pesos, dinero que volver\u00e1 a las arcas del Estado.<\/strong><\/p>\n\n\n\n<p class=\"has-text-align-left\">FUENTE: INFOBAE<\/p>\n","protected":false},"excerpt":{"rendered":"<p>La Corte Suprema confirm\u00f3 el fallo dictado en noviembre pasado por la Sala IV de la C\u00e1mara de Casaci\u00f3n Penal en la causa Vialidad, donde se investig\u00f3 el delito de defraudaci\u00f3n al Estado a trav\u00e9s de contratos de obras p\u00fablicas. Esta decisi\u00f3n implica que queda firme la condena contra la dos veces presidenta Cristina Fern\u00e1ndez [&hellip;]<\/p>\n","protected":false},"author":8,"featured_media":10406,"comment_status":"open","ping_status":"open","sticky":false,"template":"","format":"standard","meta":{"_monsterinsights_skip_tracking":false,"_monsterinsights_sitenote_active":false,"_monsterinsights_sitenote_note":"","_monsterinsights_sitenote_category":0,"footnotes":""},"categories":[16],"tags":[1790,1829,100],"class_list":["post-10405","post","type-post","status-publish","format-standard","has-post-thumbnail","hentry","category-noticias","tag-condena","tag-cristina-fernandez-de-kirchner","tag-municipio-de-campo-quijano"],"yoast_head":"<!-- This site is optimized with the Yoast SEO plugin v20.8 - https:\/\/yoast.com\/wordpress\/plugins\/seo\/ -->\n<title>La Corte Suprema confirm\u00f3 la condena a Cristina Fern\u00e1ndez de Kirchner a prisi\u00f3n. - RQ 99.9<\/title>\n<meta name=\"description\" content=\"La sentencia incluye el decomiso de unos 84.000 millones de pesos.\" \/>\n<meta name=\"robots\" content=\"index, follow, max-snippet:-1, max-image-preview:large, max-video-preview:-1\" \/>\n<link rel=\"canonical\" href=\"https:\/\/nahuelproducciones.com.ar\/radioquijano\/la-corte-suprema-confirmo-la-condena-a-cristina-fernandez-de-kirchner-a-prision\/\" \/>\n<meta property=\"og:locale\" content=\"es_ES\" \/>\n<meta property=\"og:type\" content=\"article\" \/>\n<meta property=\"og:title\" content=\"La Corte Suprema confirm\u00f3 la condena a Cristina Fern\u00e1ndez de Kirchner a prisi\u00f3n. - RQ 99.9\" \/>\n<meta property=\"og:description\" content=\"La sentencia incluye el decomiso de unos 84.000 millones de pesos.\" \/>\n<meta property=\"og:url\" content=\"https:\/\/nahuelproducciones.com.ar\/radioquijano\/la-corte-suprema-confirmo-la-condena-a-cristina-fernandez-de-kirchner-a-prision\/\" \/>\n<meta property=\"og:site_name\" content=\"RQ 99.9\" \/>\n<meta property=\"article:publisher\" content=\"https:\/\/www.facebook.com\/nahuelproducciones999\/\" \/>\n<meta property=\"article:published_time\" content=\"2025-06-10T21:06:57+00:00\" \/>\n<meta property=\"article:modified_time\" content=\"2025-06-10T21:08:07+00:00\" \/>\n<meta property=\"og:image\" content=\"https:\/\/nahuelproducciones.com.ar\/radioquijano\/wp-content\/uploads\/2025\/06\/cristina-kirchner-umet-1140x675-1-e1749589214853.jpeg\" \/>\n\t<meta property=\"og:image:width\" content=\"700\" \/>\n\t<meta property=\"og:image:height\" content=\"414\" \/>\n\t<meta property=\"og:image:type\" content=\"image\/jpeg\" \/>\n<meta name=\"author\" content=\"Cecilia Pastrana\" \/>\n<meta name=\"twitter:card\" content=\"summary_large_image\" \/>\n<meta name=\"twitter:creator\" content=\"@nahuproduciones\" \/>\n<meta name=\"twitter:site\" content=\"@nahuproduciones\" \/>\n<meta name=\"twitter:label1\" content=\"Escrito por\" \/>\n\t<meta name=\"twitter:data1\" content=\"Cecilia Pastrana\" \/>\n\t<meta name=\"twitter:label2\" content=\"Tiempo de lectura\" \/>\n\t<meta name=\"twitter:data2\" content=\"4 minutos\" \/>\n<script type=\"application\/ld+json\" class=\"yoast-schema-graph\">{\"@context\":\"https:\/\/schema.org\",\"@graph\":[{\"@type\":\"WebPage\",\"@id\":\"https:\/\/nahuelproducciones.com.ar\/radioquijano\/la-corte-suprema-confirmo-la-condena-a-cristina-fernandez-de-kirchner-a-prision\/\",\"url\":\"https:\/\/nahuelproducciones.com.ar\/radioquijano\/la-corte-suprema-confirmo-la-condena-a-cristina-fernandez-de-kirchner-a-prision\/\",\"name\":\"La Corte Suprema confirm\u00f3 la condena a Cristina Fern\u00e1ndez de Kirchner a prisi\u00f3n. - RQ 99.9\",\"isPartOf\":{\"@id\":\"https:\/\/nahuelproducciones.com.ar\/radioquijano\/#website\"},\"datePublished\":\"2025-06-10T21:06:57+00:00\",\"dateModified\":\"2025-06-10T21:08:07+00:00\",\"author\":{\"@id\":\"https:\/\/nahuelproducciones.com.ar\/radioquijano\/#\/schema\/person\/e8a4f939e2cb487fe6d0c54042c9d32c\"},\"description\":\"La sentencia incluye el decomiso de unos 84.000 millones de pesos.\",\"breadcrumb\":{\"@id\":\"https:\/\/nahuelproducciones.com.ar\/radioquijano\/la-corte-suprema-confirmo-la-condena-a-cristina-fernandez-de-kirchner-a-prision\/#breadcrumb\"},\"inLanguage\":\"es\",\"potentialAction\":[{\"@type\":\"ReadAction\",\"target\":[\"https:\/\/nahuelproducciones.com.ar\/radioquijano\/la-corte-suprema-confirmo-la-condena-a-cristina-fernandez-de-kirchner-a-prision\/\"]}]},{\"@type\":\"BreadcrumbList\",\"@id\":\"https:\/\/nahuelproducciones.com.ar\/radioquijano\/la-corte-suprema-confirmo-la-condena-a-cristina-fernandez-de-kirchner-a-prision\/#breadcrumb\",\"itemListElement\":[{\"@type\":\"ListItem\",\"position\":1,\"name\":\"Portada\",\"item\":\"https:\/\/nahuelproducciones.com.ar\/radioquijano\/\"},{\"@type\":\"ListItem\",\"position\":2,\"name\":\"La Corte Suprema confirm\u00f3 la condena a Cristina Fern\u00e1ndez de Kirchner a prisi\u00f3n.\"}]},{\"@type\":\"WebSite\",\"@id\":\"https:\/\/nahuelproducciones.com.ar\/radioquijano\/#website\",\"url\":\"https:\/\/nahuelproducciones.com.ar\/radioquijano\/\",\"name\":\"RQ 99.9\",\"description\":\"Radio Quijano 99.9 MHz\",\"potentialAction\":[{\"@type\":\"SearchAction\",\"target\":{\"@type\":\"EntryPoint\",\"urlTemplate\":\"https:\/\/nahuelproducciones.com.ar\/radioquijano\/?s={search_term_string}\"},\"query-input\":\"required name=search_term_string\"}],\"inLanguage\":\"es\"},{\"@type\":\"Person\",\"@id\":\"https:\/\/nahuelproducciones.com.ar\/radioquijano\/#\/schema\/person\/e8a4f939e2cb487fe6d0c54042c9d32c\",\"name\":\"Cecilia Pastrana\",\"image\":{\"@type\":\"ImageObject\",\"inLanguage\":\"es\",\"@id\":\"https:\/\/nahuelproducciones.com.ar\/radioquijano\/#\/schema\/person\/image\/\",\"url\":\"https:\/\/secure.gravatar.com\/avatar\/661a3ef63a8488d4f2794ed44af8cf71420f7e106f3072c40125114df5157749?s=96&d=mm&r=g\",\"contentUrl\":\"https:\/\/secure.gravatar.com\/avatar\/661a3ef63a8488d4f2794ed44af8cf71420f7e106f3072c40125114df5157749?s=96&d=mm&r=g\",\"caption\":\"Cecilia Pastrana\"},\"sameAs\":[\"cecy\"],\"url\":\"https:\/\/nahuelproducciones.com.ar\/radioquijano\/author\/cecy\/\"}]}<\/script>\n<!-- \/ Yoast SEO plugin. -->","yoast_head_json":{"title":"La Corte Suprema confirm\u00f3 la condena a Cristina Fern\u00e1ndez de Kirchner a prisi\u00f3n. - RQ 99.9","description":"La sentencia incluye el decomiso de unos 84.000 millones de pesos.","robots":{"index":"index","follow":"follow","max-snippet":"max-snippet:-1","max-image-preview":"max-image-preview:large","max-video-preview":"max-video-preview:-1"},"canonical":"https:\/\/nahuelproducciones.com.ar\/radioquijano\/la-corte-suprema-confirmo-la-condena-a-cristina-fernandez-de-kirchner-a-prision\/","og_locale":"es_ES","og_type":"article","og_title":"La Corte Suprema confirm\u00f3 la condena a Cristina Fern\u00e1ndez de Kirchner a prisi\u00f3n. - RQ 99.9","og_description":"La sentencia incluye el decomiso de unos 84.000 millones de pesos.","og_url":"https:\/\/nahuelproducciones.com.ar\/radioquijano\/la-corte-suprema-confirmo-la-condena-a-cristina-fernandez-de-kirchner-a-prision\/","og_site_name":"RQ 99.9","article_publisher":"https:\/\/www.facebook.com\/nahuelproducciones999\/","article_published_time":"2025-06-10T21:06:57+00:00","article_modified_time":"2025-06-10T21:08:07+00:00","og_image":[{"width":700,"height":414,"url":"https:\/\/nahuelproducciones.com.ar\/radioquijano\/wp-content\/uploads\/2025\/06\/cristina-kirchner-umet-1140x675-1-e1749589214853.jpeg","type":"image\/jpeg"}],"author":"Cecilia Pastrana","twitter_card":"summary_large_image","twitter_creator":"@nahuproduciones","twitter_site":"@nahuproduciones","twitter_misc":{"Escrito por":"Cecilia Pastrana","Tiempo de lectura":"4 minutos"},"schema":{"@context":"https:\/\/schema.org","@graph":[{"@type":"WebPage","@id":"https:\/\/nahuelproducciones.com.ar\/radioquijano\/la-corte-suprema-confirmo-la-condena-a-cristina-fernandez-de-kirchner-a-prision\/","url":"https:\/\/nahuelproducciones.com.ar\/radioquijano\/la-corte-suprema-confirmo-la-condena-a-cristina-fernandez-de-kirchner-a-prision\/","name":"La Corte Suprema confirm\u00f3 la condena a Cristina Fern\u00e1ndez de Kirchner a prisi\u00f3n. - RQ 99.9","isPartOf":{"@id":"https:\/\/nahuelproducciones.com.ar\/radioquijano\/#website"},"datePublished":"2025-06-10T21:06:57+00:00","dateModified":"2025-06-10T21:08:07+00:00","author":{"@id":"https:\/\/nahuelproducciones.com.ar\/radioquijano\/#\/schema\/person\/e8a4f939e2cb487fe6d0c54042c9d32c"},"description":"La sentencia incluye el decomiso de unos 84.000 millones de pesos.","breadcrumb":{"@id":"https:\/\/nahuelproducciones.com.ar\/radioquijano\/la-corte-suprema-confirmo-la-condena-a-cristina-fernandez-de-kirchner-a-prision\/#breadcrumb"},"inLanguage":"es","potentialAction":[{"@type":"ReadAction","target":["https:\/\/nahuelproducciones.com.ar\/radioquijano\/la-corte-suprema-confirmo-la-condena-a-cristina-fernandez-de-kirchner-a-prision\/"]}]},{"@type":"BreadcrumbList","@id":"https:\/\/nahuelproducciones.com.ar\/radioquijano\/la-corte-suprema-confirmo-la-condena-a-cristina-fernandez-de-kirchner-a-prision\/#breadcrumb","itemListElement":[{"@type":"ListItem","position":1,"name":"Portada","item":"https:\/\/nahuelproducciones.com.ar\/radioquijano\/"},{"@type":"ListItem","position":2,"name":"La Corte Suprema confirm\u00f3 la condena a Cristina Fern\u00e1ndez de Kirchner a prisi\u00f3n."}]},{"@type":"WebSite","@id":"https:\/\/nahuelproducciones.com.ar\/radioquijano\/#website","url":"https:\/\/nahuelproducciones.com.ar\/radioquijano\/","name":"RQ 99.9","description":"Radio Quijano 99.9 MHz","potentialAction":[{"@type":"SearchAction","target":{"@type":"EntryPoint","urlTemplate":"https:\/\/nahuelproducciones.com.ar\/radioquijano\/?s={search_term_string}"},"query-input":"required name=search_term_string"}],"inLanguage":"es"},{"@type":"Person","@id":"https:\/\/nahuelproducciones.com.ar\/radioquijano\/#\/schema\/person\/e8a4f939e2cb487fe6d0c54042c9d32c","name":"Cecilia Pastrana","image":{"@type":"ImageObject","inLanguage":"es","@id":"https:\/\/nahuelproducciones.com.ar\/radioquijano\/#\/schema\/person\/image\/","url":"https:\/\/secure.gravatar.com\/avatar\/661a3ef63a8488d4f2794ed44af8cf71420f7e106f3072c40125114df5157749?s=96&d=mm&r=g","contentUrl":"https:\/\/secure.gravatar.com\/avatar\/661a3ef63a8488d4f2794ed44af8cf71420f7e106f3072c40125114df5157749?s=96&d=mm&r=g","caption":"Cecilia Pastrana"},"sameAs":["cecy"],"url":"https:\/\/nahuelproducciones.com.ar\/radioquijano\/author\/cecy\/"}]}},"_links":{"self":[{"href":"https:\/\/nahuelproducciones.com.ar\/radioquijano\/wp-json\/wp\/v2\/posts\/10405","targetHints":{"allow":["GET"]}}],"collection":[{"href":"https:\/\/nahuelproducciones.com.ar\/radioquijano\/wp-json\/wp\/v2\/posts"}],"about":[{"href":"https:\/\/nahuelproducciones.com.ar\/radioquijano\/wp-json\/wp\/v2\/types\/post"}],"author":[{"embeddable":true,"href":"https:\/\/nahuelproducciones.com.ar\/radioquijano\/wp-json\/wp\/v2\/users\/8"}],"replies":[{"embeddable":true,"href":"https:\/\/nahuelproducciones.com.ar\/radioquijano\/wp-json\/wp\/v2\/comments?post=10405"}],"version-history":[{"count":1,"href":"https:\/\/nahuelproducciones.com.ar\/radioquijano\/wp-json\/wp\/v2\/posts\/10405\/revisions"}],"predecessor-version":[{"id":10407,"href":"https:\/\/nahuelproducciones.com.ar\/radioquijano\/wp-json\/wp\/v2\/posts\/10405\/revisions\/10407"}],"wp:featuredmedia":[{"embeddable":true,"href":"https:\/\/nahuelproducciones.com.ar\/radioquijano\/wp-json\/wp\/v2\/media\/10406"}],"wp:attachment":[{"href":"https:\/\/nahuelproducciones.com.ar\/radioquijano\/wp-json\/wp\/v2\/media?parent=10405"}],"wp:term":[{"taxonomy":"category","embeddable":true,"href":"https:\/\/nahuelproducciones.com.ar\/radioquijano\/wp-json\/wp\/v2\/categories?post=10405"},{"taxonomy":"post_tag","embeddable":true,"href":"https:\/\/nahuelproducciones.com.ar\/radioquijano\/wp-json\/wp\/v2\/tags?post=10405"}],"curies":[{"name":"wp","href":"https:\/\/api.w.org\/{rel}","templated":true}]}}