{"id":10414,"date":"2025-06-11T22:10:07","date_gmt":"2025-06-12T01:10:07","guid":{"rendered":"https:\/\/nahuelproducciones.com.ar\/radioquijano\/?p=10414"},"modified":"2025-06-11T22:11:32","modified_gmt":"2025-06-12T01:11:32","slug":"lorena-torres-festejos-sin-transparencia-sigue-sin-aparecer-la-rendicion-del-8-y-9-de-julio-del-ano-pasado","status":"publish","type":"post","link":"https:\/\/nahuelproducciones.com.ar\/radioquijano\/lorena-torres-festejos-sin-transparencia-sigue-sin-aparecer-la-rendicion-del-8-y-9-de-julio-del-ano-pasado\/","title":{"rendered":"Lorena Torres: \u00abFestejos sin transparencia: sigue sin aparecer la rendici\u00f3n del 8 y 9 de julio del a\u00f1o pasado\u00bb"},"content":{"rendered":"\n<p>En di\u00e1logo telef\u00f3nico con Radio Quijano, la concejal Lorena Torres brind\u00f3 un resumen de la sesi\u00f3n ordinaria del Concejo Deliberante realizada el pasado martes 10 de junio, donde se trataron ocho temas en el recinto. Adem\u00e1s, respondi\u00f3 consultas de la audiencia y se comprometi\u00f3 a acercar respuestas sobre los temas en los que necesitaba documentaci\u00f3n respaldatoria.<\/p>\n\n\n\n<p>Uno de los puntos m\u00e1s destacados fue la confirmaci\u00f3n del <strong>aumento en las dietas de los concejales<\/strong>, tema que gener\u00f3 m\u00faltiples consultas de vecinos. \u201cS\u00ed, aumentamos la dieta. Actualmente, cada concejal est\u00e1 cobrando 800 mil pesos. La secretaria parlamentaria percibe 500 mil y los secretarios administrativos, unos 450 mil pesos\u201d, indic\u00f3.<\/p>\n\n\n\n<p>Respecto a la <strong>sesi\u00f3n anterior<\/strong>, en la que no estuvo presente por motivos personales, explic\u00f3 que se <strong>aprob\u00f3 sin debate ni pase a comisi\u00f3n<\/strong> una medida, a ra\u00edz del <strong>veto del Ejecutivo municipal al art\u00edculo 4\u00b0<\/strong>. Esta situaci\u00f3n fue se\u00f1alada como preocupante por la falta de tratamiento previo.<\/p>\n\n\n\n<p>Consultada sobre la <strong>puntualidad en las sesiones<\/strong>, Torres reconoci\u00f3 que \u201clos concejales llegan temprano, pero las sesiones nunca comienzan a horario\u201d. Adem\u00e1s, confirm\u00f3 que <strong>no existe un reglamento interno<\/strong> que ordene el funcionamiento del cuerpo deliberativo. \u201cNo hay sistema de control, ni premios ni castigos\u201d, lament\u00f3.<\/p>\n\n\n\n<p>Entre otros temas planteados por los oyentes, la concejal habl\u00f3 sobre <strong>aguas servidas en distintas calles de Quijano, proliferaci\u00f3n de pastizales, olores fuertes en el ambiente, presencia de perros callejeros y problemas vinculados a zoonosis<\/strong>. Todos estos puntos fueron tomados por la edil, quien se comprometi\u00f3 a elevar los reclamos correspondientes y realizar gestiones ante las \u00e1reas pertinentes.<\/p>\n\n\n\n<p>Tambi\u00e9n fue consultada sobre si el Concejo recibi\u00f3 la <strong>rendici\u00f3n de gastos por los festejos del 8 y 9 de julio del a\u00f1o pasado<\/strong>, a lo cual respondi\u00f3 que <strong>el Ejecutivo municipal a\u00fan no envi\u00f3 ning\u00fan informe<\/strong>, a pesar de que ya se aproxima una nueva edici\u00f3n de los tradicionales festejos patrios. \u201cVoy a volver a presentar el pedido de informe\u201d, asegur\u00f3.<\/p>\n\n\n\n<p>Finalmente, <strong>Torres se comprometi\u00f3 a informar p\u00fablicamente, a trav\u00e9s de Radio Quijano, cualquier documentaci\u00f3n que ingrese al Concejo relacionada con estos temas<\/strong>, a fin de que los vecinos tengan acceso directo a la informaci\u00f3n.<\/p>\n\n\n\n<p>Escucha la entrevista:<\/p>\n\n\n\n<figure class=\"wp-block-audio\"><audio controls src=\"https:\/\/nahuelproducciones.com.ar\/radioquijano\/wp-content\/uploads\/2025\/06\/11-06-2025-Lorena-torres-resumen-de-la-sesion-del-martes-10-de-junio.mp3\"><\/audio><\/figure>\n","protected":false},"excerpt":{"rendered":"<p>En di\u00e1logo telef\u00f3nico con Radio Quijano, la concejal Lorena Torres brind\u00f3 un resumen de la sesi\u00f3n ordinaria del Concejo Deliberante realizada el pasado martes 10 de junio, donde se trataron ocho temas en el recinto. Adem\u00e1s, respondi\u00f3 consultas de la audiencia y se comprometi\u00f3 a acercar respuestas sobre los temas en los que necesitaba documentaci\u00f3n [&hellip;]<\/p>\n","protected":false},"author":8,"featured_media":10416,"comment_status":"open","ping_status":"open","sticky":false,"template":"","format":"standard","meta":{"_monsterinsights_skip_tracking":false,"_monsterinsights_sitenote_active":false,"_monsterinsights_sitenote_note":"","_monsterinsights_sitenote_category":0,"footnotes":""},"categories":[16],"tags":[1584,75,100],"class_list":["post-10414","post","type-post","status-publish","format-standard","has-post-thumbnail","hentry","category-noticias","tag-concejal-lorena-tores","tag-concejo-deliberante-de-campo-quijano","tag-municipio-de-campo-quijano"],"yoast_head":"<!-- This site is optimized with the Yoast SEO plugin v20.8 - https:\/\/yoast.com\/wordpress\/plugins\/seo\/ -->\n<title>Lorena Torres: &quot;Festejos sin transparencia: sigue sin aparecer la rendici\u00f3n del 8 y 9 de julio del a\u00f1o pasado&quot; - RQ 99.9<\/title>\n<meta name=\"description\" content=\". \u201cVoy a volver a presentar el pedido de informe\u201d, asegur\u00f3.\" \/>\n<meta name=\"robots\" content=\"index, follow, max-snippet:-1, max-image-preview:large, max-video-preview:-1\" \/>\n<link rel=\"canonical\" href=\"https:\/\/nahuelproducciones.com.ar\/radioquijano\/lorena-torres-festejos-sin-transparencia-sigue-sin-aparecer-la-rendicion-del-8-y-9-de-julio-del-ano-pasado\/\" \/>\n<meta property=\"og:locale\" content=\"es_ES\" \/>\n<meta property=\"og:type\" content=\"article\" \/>\n<meta property=\"og:title\" content=\"Lorena Torres: &quot;Festejos sin transparencia: sigue sin aparecer la rendici\u00f3n del 8 y 9 de julio del a\u00f1o pasado&quot; - RQ 99.9\" \/>\n<meta property=\"og:description\" content=\". \u201cVoy a volver a presentar el pedido de informe\u201d, asegur\u00f3.\" \/>\n<meta property=\"og:url\" content=\"https:\/\/nahuelproducciones.com.ar\/radioquijano\/lorena-torres-festejos-sin-transparencia-sigue-sin-aparecer-la-rendicion-del-8-y-9-de-julio-del-ano-pasado\/\" \/>\n<meta property=\"og:site_name\" content=\"RQ 99.9\" \/>\n<meta property=\"article:publisher\" content=\"https:\/\/www.facebook.com\/nahuelproducciones999\/\" \/>\n<meta property=\"article:published_time\" content=\"2025-06-12T01:10:07+00:00\" \/>\n<meta property=\"article:modified_time\" content=\"2025-06-12T01:11:32+00:00\" \/>\n<meta property=\"og:image\" content=\"https:\/\/nahuelproducciones.com.ar\/radioquijano\/wp-content\/uploads\/2025\/06\/503456909_4361042694124938_2268605815970763387_n-e1749690597647.jpg\" \/>\n\t<meta property=\"og:image:width\" content=\"700\" \/>\n\t<meta property=\"og:image:height\" content=\"700\" \/>\n\t<meta property=\"og:image:type\" content=\"image\/jpeg\" \/>\n<meta name=\"author\" content=\"Cecilia Pastrana\" \/>\n<meta name=\"twitter:card\" content=\"summary_large_image\" \/>\n<meta name=\"twitter:creator\" content=\"@nahuproduciones\" \/>\n<meta name=\"twitter:site\" content=\"@nahuproduciones\" \/>\n<meta name=\"twitter:label1\" content=\"Escrito por\" \/>\n\t<meta name=\"twitter:data1\" content=\"Cecilia Pastrana\" \/>\n\t<meta name=\"twitter:label2\" content=\"Tiempo de lectura\" \/>\n\t<meta name=\"twitter:data2\" content=\"2 minutos\" \/>\n<script type=\"application\/ld+json\" class=\"yoast-schema-graph\">{\"@context\":\"https:\/\/schema.org\",\"@graph\":[{\"@type\":\"WebPage\",\"@id\":\"https:\/\/nahuelproducciones.com.ar\/radioquijano\/lorena-torres-festejos-sin-transparencia-sigue-sin-aparecer-la-rendicion-del-8-y-9-de-julio-del-ano-pasado\/\",\"url\":\"https:\/\/nahuelproducciones.com.ar\/radioquijano\/lorena-torres-festejos-sin-transparencia-sigue-sin-aparecer-la-rendicion-del-8-y-9-de-julio-del-ano-pasado\/\",\"name\":\"Lorena Torres: \\\"Festejos sin transparencia: sigue sin aparecer la rendici\u00f3n del 8 y 9 de julio del a\u00f1o pasado\\\" - RQ 99.9\",\"isPartOf\":{\"@id\":\"https:\/\/nahuelproducciones.com.ar\/radioquijano\/#website\"},\"datePublished\":\"2025-06-12T01:10:07+00:00\",\"dateModified\":\"2025-06-12T01:11:32+00:00\",\"author\":{\"@id\":\"https:\/\/nahuelproducciones.com.ar\/radioquijano\/#\/schema\/person\/e8a4f939e2cb487fe6d0c54042c9d32c\"},\"description\":\". \u201cVoy a volver a presentar el pedido de informe\u201d, asegur\u00f3.\",\"breadcrumb\":{\"@id\":\"https:\/\/nahuelproducciones.com.ar\/radioquijano\/lorena-torres-festejos-sin-transparencia-sigue-sin-aparecer-la-rendicion-del-8-y-9-de-julio-del-ano-pasado\/#breadcrumb\"},\"inLanguage\":\"es\",\"potentialAction\":[{\"@type\":\"ReadAction\",\"target\":[\"https:\/\/nahuelproducciones.com.ar\/radioquijano\/lorena-torres-festejos-sin-transparencia-sigue-sin-aparecer-la-rendicion-del-8-y-9-de-julio-del-ano-pasado\/\"]}]},{\"@type\":\"BreadcrumbList\",\"@id\":\"https:\/\/nahuelproducciones.com.ar\/radioquijano\/lorena-torres-festejos-sin-transparencia-sigue-sin-aparecer-la-rendicion-del-8-y-9-de-julio-del-ano-pasado\/#breadcrumb\",\"itemListElement\":[{\"@type\":\"ListItem\",\"position\":1,\"name\":\"Portada\",\"item\":\"https:\/\/nahuelproducciones.com.ar\/radioquijano\/\"},{\"@type\":\"ListItem\",\"position\":2,\"name\":\"Lorena Torres: &#8220;Festejos sin transparencia: sigue sin aparecer la rendici\u00f3n del 8 y 9 de julio del a\u00f1o pasado&#8221;\"}]},{\"@type\":\"WebSite\",\"@id\":\"https:\/\/nahuelproducciones.com.ar\/radioquijano\/#website\",\"url\":\"https:\/\/nahuelproducciones.com.ar\/radioquijano\/\",\"name\":\"RQ 99.9\",\"description\":\"Radio Quijano 99.9 MHz\",\"potentialAction\":[{\"@type\":\"SearchAction\",\"target\":{\"@type\":\"EntryPoint\",\"urlTemplate\":\"https:\/\/nahuelproducciones.com.ar\/radioquijano\/?s={search_term_string}\"},\"query-input\":\"required name=search_term_string\"}],\"inLanguage\":\"es\"},{\"@type\":\"Person\",\"@id\":\"https:\/\/nahuelproducciones.com.ar\/radioquijano\/#\/schema\/person\/e8a4f939e2cb487fe6d0c54042c9d32c\",\"name\":\"Cecilia Pastrana\",\"image\":{\"@type\":\"ImageObject\",\"inLanguage\":\"es\",\"@id\":\"https:\/\/nahuelproducciones.com.ar\/radioquijano\/#\/schema\/person\/image\/\",\"url\":\"https:\/\/secure.gravatar.com\/avatar\/661a3ef63a8488d4f2794ed44af8cf71420f7e106f3072c40125114df5157749?s=96&d=mm&r=g\",\"contentUrl\":\"https:\/\/secure.gravatar.com\/avatar\/661a3ef63a8488d4f2794ed44af8cf71420f7e106f3072c40125114df5157749?s=96&d=mm&r=g\",\"caption\":\"Cecilia Pastrana\"},\"sameAs\":[\"cecy\"],\"url\":\"https:\/\/nahuelproducciones.com.ar\/radioquijano\/author\/cecy\/\"}]}<\/script>\n<!-- \/ Yoast SEO plugin. -->","yoast_head_json":{"title":"Lorena Torres: \"Festejos sin transparencia: sigue sin aparecer la rendici\u00f3n del 8 y 9 de julio del a\u00f1o pasado\" - RQ 99.9","description":". \u201cVoy a volver a presentar el pedido de informe\u201d, asegur\u00f3.","robots":{"index":"index","follow":"follow","max-snippet":"max-snippet:-1","max-image-preview":"max-image-preview:large","max-video-preview":"max-video-preview:-1"},"canonical":"https:\/\/nahuelproducciones.com.ar\/radioquijano\/lorena-torres-festejos-sin-transparencia-sigue-sin-aparecer-la-rendicion-del-8-y-9-de-julio-del-ano-pasado\/","og_locale":"es_ES","og_type":"article","og_title":"Lorena Torres: \"Festejos sin transparencia: sigue sin aparecer la rendici\u00f3n del 8 y 9 de julio del a\u00f1o pasado\" - RQ 99.9","og_description":". \u201cVoy a volver a presentar el pedido de informe\u201d, asegur\u00f3.","og_url":"https:\/\/nahuelproducciones.com.ar\/radioquijano\/lorena-torres-festejos-sin-transparencia-sigue-sin-aparecer-la-rendicion-del-8-y-9-de-julio-del-ano-pasado\/","og_site_name":"RQ 99.9","article_publisher":"https:\/\/www.facebook.com\/nahuelproducciones999\/","article_published_time":"2025-06-12T01:10:07+00:00","article_modified_time":"2025-06-12T01:11:32+00:00","og_image":[{"width":700,"height":700,"url":"https:\/\/nahuelproducciones.com.ar\/radioquijano\/wp-content\/uploads\/2025\/06\/503456909_4361042694124938_2268605815970763387_n-e1749690597647.jpg","type":"image\/jpeg"}],"author":"Cecilia Pastrana","twitter_card":"summary_large_image","twitter_creator":"@nahuproduciones","twitter_site":"@nahuproduciones","twitter_misc":{"Escrito por":"Cecilia Pastrana","Tiempo de lectura":"2 minutos"},"schema":{"@context":"https:\/\/schema.org","@graph":[{"@type":"WebPage","@id":"https:\/\/nahuelproducciones.com.ar\/radioquijano\/lorena-torres-festejos-sin-transparencia-sigue-sin-aparecer-la-rendicion-del-8-y-9-de-julio-del-ano-pasado\/","url":"https:\/\/nahuelproducciones.com.ar\/radioquijano\/lorena-torres-festejos-sin-transparencia-sigue-sin-aparecer-la-rendicion-del-8-y-9-de-julio-del-ano-pasado\/","name":"Lorena Torres: \"Festejos sin transparencia: sigue sin aparecer la rendici\u00f3n del 8 y 9 de julio del a\u00f1o pasado\" - RQ 99.9","isPartOf":{"@id":"https:\/\/nahuelproducciones.com.ar\/radioquijano\/#website"},"datePublished":"2025-06-12T01:10:07+00:00","dateModified":"2025-06-12T01:11:32+00:00","author":{"@id":"https:\/\/nahuelproducciones.com.ar\/radioquijano\/#\/schema\/person\/e8a4f939e2cb487fe6d0c54042c9d32c"},"description":". \u201cVoy a volver a presentar el pedido de informe\u201d, asegur\u00f3.","breadcrumb":{"@id":"https:\/\/nahuelproducciones.com.ar\/radioquijano\/lorena-torres-festejos-sin-transparencia-sigue-sin-aparecer-la-rendicion-del-8-y-9-de-julio-del-ano-pasado\/#breadcrumb"},"inLanguage":"es","potentialAction":[{"@type":"ReadAction","target":["https:\/\/nahuelproducciones.com.ar\/radioquijano\/lorena-torres-festejos-sin-transparencia-sigue-sin-aparecer-la-rendicion-del-8-y-9-de-julio-del-ano-pasado\/"]}]},{"@type":"BreadcrumbList","@id":"https:\/\/nahuelproducciones.com.ar\/radioquijano\/lorena-torres-festejos-sin-transparencia-sigue-sin-aparecer-la-rendicion-del-8-y-9-de-julio-del-ano-pasado\/#breadcrumb","itemListElement":[{"@type":"ListItem","position":1,"name":"Portada","item":"https:\/\/nahuelproducciones.com.ar\/radioquijano\/"},{"@type":"ListItem","position":2,"name":"Lorena Torres: &#8220;Festejos sin transparencia: sigue sin aparecer la rendici\u00f3n del 8 y 9 de julio del a\u00f1o pasado&#8221;"}]},{"@type":"WebSite","@id":"https:\/\/nahuelproducciones.com.ar\/radioquijano\/#website","url":"https:\/\/nahuelproducciones.com.ar\/radioquijano\/","name":"RQ 99.9","description":"Radio Quijano 99.9 MHz","potentialAction":[{"@type":"SearchAction","target":{"@type":"EntryPoint","urlTemplate":"https:\/\/nahuelproducciones.com.ar\/radioquijano\/?s={search_term_string}"},"query-input":"required name=search_term_string"}],"inLanguage":"es"},{"@type":"Person","@id":"https:\/\/nahuelproducciones.com.ar\/radioquijano\/#\/schema\/person\/e8a4f939e2cb487fe6d0c54042c9d32c","name":"Cecilia Pastrana","image":{"@type":"ImageObject","inLanguage":"es","@id":"https:\/\/nahuelproducciones.com.ar\/radioquijano\/#\/schema\/person\/image\/","url":"https:\/\/secure.gravatar.com\/avatar\/661a3ef63a8488d4f2794ed44af8cf71420f7e106f3072c40125114df5157749?s=96&d=mm&r=g","contentUrl":"https:\/\/secure.gravatar.com\/avatar\/661a3ef63a8488d4f2794ed44af8cf71420f7e106f3072c40125114df5157749?s=96&d=mm&r=g","caption":"Cecilia Pastrana"},"sameAs":["cecy"],"url":"https:\/\/nahuelproducciones.com.ar\/radioquijano\/author\/cecy\/"}]}},"_links":{"self":[{"href":"https:\/\/nahuelproducciones.com.ar\/radioquijano\/wp-json\/wp\/v2\/posts\/10414","targetHints":{"allow":["GET"]}}],"collection":[{"href":"https:\/\/nahuelproducciones.com.ar\/radioquijano\/wp-json\/wp\/v2\/posts"}],"about":[{"href":"https:\/\/nahuelproducciones.com.ar\/radioquijano\/wp-json\/wp\/v2\/types\/post"}],"author":[{"embeddable":true,"href":"https:\/\/nahuelproducciones.com.ar\/radioquijano\/wp-json\/wp\/v2\/users\/8"}],"replies":[{"embeddable":true,"href":"https:\/\/nahuelproducciones.com.ar\/radioquijano\/wp-json\/wp\/v2\/comments?post=10414"}],"version-history":[{"count":1,"href":"https:\/\/nahuelproducciones.com.ar\/radioquijano\/wp-json\/wp\/v2\/posts\/10414\/revisions"}],"predecessor-version":[{"id":10417,"href":"https:\/\/nahuelproducciones.com.ar\/radioquijano\/wp-json\/wp\/v2\/posts\/10414\/revisions\/10417"}],"wp:featuredmedia":[{"embeddable":true,"href":"https:\/\/nahuelproducciones.com.ar\/radioquijano\/wp-json\/wp\/v2\/media\/10416"}],"wp:attachment":[{"href":"https:\/\/nahuelproducciones.com.ar\/radioquijano\/wp-json\/wp\/v2\/media?parent=10414"}],"wp:term":[{"taxonomy":"category","embeddable":true,"href":"https:\/\/nahuelproducciones.com.ar\/radioquijano\/wp-json\/wp\/v2\/categories?post=10414"},{"taxonomy":"post_tag","embeddable":true,"href":"https:\/\/nahuelproducciones.com.ar\/radioquijano\/wp-json\/wp\/v2\/tags?post=10414"}],"curies":[{"name":"wp","href":"https:\/\/api.w.org\/{rel}","templated":true}]}}