{"id":10427,"date":"2025-06-18T00:33:11","date_gmt":"2025-06-18T03:33:11","guid":{"rendered":"https:\/\/nahuelproducciones.com.ar\/radioquijano\/?p=10427"},"modified":"2025-06-18T00:33:13","modified_gmt":"2025-06-18T03:33:13","slug":"presentaron-una-nueva-herramienta-de-inteligencia-artificial-para-difundir-la-figura-del-general-guemes","status":"publish","type":"post","link":"https:\/\/nahuelproducciones.com.ar\/radioquijano\/presentaron-una-nueva-herramienta-de-inteligencia-artificial-para-difundir-la-figura-del-general-guemes\/","title":{"rendered":"Presentaron una nueva herramienta de Inteligencia Artificial para difundir la figura del General G\u00fcemes."},"content":{"rendered":"\n<p>La Secretar\u00eda de Modernizaci\u00f3n del Estado lanz\u00f3 la plataforma virtual educativa y cultural \u201cProyecto Carmen\u201d, desarrollada en articulaci\u00f3n con el Instituto G\u00fcemesiano de Salta.<\/p>\n\n\n\n<p>La iniciativa busca acercar de forma interactiva y r\u00e1pida los principales hitos de la vida del General Mart\u00edn Miguel de G\u00fcemes.<\/p>\n\n\n\n<p>Ni\u00f1os y adultos, a trav\u00e9s de esta herramienta tecnol\u00f3gica basada en inteligencia artificial pueden mantener un di\u00e1logo interactivo con \u201cCarmen\u201d, figura virtual inspirada en Carmen Puch, esposa del pr\u00f3cer salte\u00f1o que responde poni\u00e9ndose en su lugar.<\/p>\n\n\n\n<p>La iniciativa se presenta en el marco del 204 aniversario del Paso a la Inmortalidad del General Mart\u00edn Miguel de G\u00fcemes. La plataforma ya est\u00e1 operativa y los interesados pueden acceder a proyectocarmen.salta.gob.ar&nbsp;<\/p>\n\n\n\n<p>Al respecto, el secretario de Modernizaci\u00f3n del Estado,&nbsp;<strong>Mart\u00edn G\u00fcemes<\/strong>, se\u00f1al\u00f3 que \u201choy la tecnolog\u00eda es una oportunidad muy grande para que la figura del General G\u00fcemes y sus valores se conozcan a\u00fan m\u00e1s en toda la Argentina y especialmente logrando llegar a los m\u00e1s j\u00f3venes\u201d<\/p>\n\n\n\n<p>Tambi\u00e9n indic\u00f3 que \u00abla plataforma ayuda a que los argentinos se acerquen a la vida de su esposa Carmen Puch y destacar su aporte conjunto a la Guerra de la Independencia Argentina como forma de mostrar la crudeza de la guerra y valent\u00eda de sus protagonistas\u00bb.<\/p>\n\n\n\n<p>El funcionario invit\u00f3 a acad\u00e9micos, historiadores e interesados a sumarse al proyecto, contactando en las redes sociales a la Secretar\u00eda de Modernizaci\u00f3n y con el Instituto G\u00fcemesiano de Salta para aportar informaci\u00f3n que permita enriquecer la plataforma y ampliar el acceso al conocimiento sobre Mart\u00edn Miguel de G\u00fcemes.<br>&nbsp;<\/p>\n\n\n<div class=\"wp-block-image\">\n<figure class=\"aligncenter is-resized\"><a href=\"https:\/\/www.salta.gob.ar\/public\/images\/noticias\/contenidos\/17936-presentaron-una-nueva-herramienta-de-inteligencia-artificial-para-difundir-la-figura-del-general-guemes-20250616220740.webp\"><img decoding=\"async\" src=\"https:\/\/www.salta.gob.ar\/public\/images\/noticias\/contenidos\/17936-presentaron-una-nueva-herramienta-de-inteligencia-artificial-para-difundir-la-figura-del-general-guemes-20250616220740.webp\" alt=\"Presentaron una nueva herramienta de Inteligencia Artificial para difundir la figura del General G\u00fcemes\" style=\"width:535px;height:auto\"\/><\/a><\/figure><\/div>\n\n\n<p>\u201cEl proyecto se inicia hoy, pero se ir\u00e1 enriqueciendo con correcciones, nuevos aportes de historiadores y tambi\u00e9n a partir del inter\u00e9s de los argentinos que utilicen la herramienta\u201d destac\u00f3 G\u00fcemes.<\/p>\n\n\n\n<p>Por \u00faltimo, inform\u00f3 &nbsp;que, en los pr\u00f3ximos d\u00edas, se incorporar\u00e1 a la plataforma toda la informaci\u00f3n de los tomos de la obra \u201cG\u00fcemes Documentado\u201d del Doctor Luis G\u00fcemes, lo que enriquecer\u00e1 la capacidad del Proyecto Carmen.<br>&nbsp;<\/p>\n\n\n\n<hr class=\"wp-block-separator has-alpha-channel-opacity\"\/>\n\n\n\n<p>Fuente:\u00a0<strong>Secretar\u00eda de Prens<\/strong>a<\/p>\n","protected":false},"excerpt":{"rendered":"<p>La Secretar\u00eda de Modernizaci\u00f3n del Estado lanz\u00f3 la plataforma virtual educativa y cultural \u201cProyecto Carmen\u201d, desarrollada en articulaci\u00f3n con el Instituto G\u00fcemesiano de Salta. La iniciativa busca acercar de forma interactiva y r\u00e1pida los principales hitos de la vida del General Mart\u00edn Miguel de G\u00fcemes. Ni\u00f1os y adultos, a trav\u00e9s de esta herramienta tecnol\u00f3gica basada [&hellip;]<\/p>\n","protected":false},"author":8,"featured_media":10428,"comment_status":"open","ping_status":"open","sticky":false,"template":"","format":"standard","meta":{"_monsterinsights_skip_tracking":false,"_monsterinsights_sitenote_active":false,"_monsterinsights_sitenote_note":"","_monsterinsights_sitenote_category":0,"footnotes":""},"categories":[16],"tags":[1714,1830,100],"class_list":["post-10427","post","type-post","status-publish","format-standard","has-post-thumbnail","hentry","category-noticias","tag-gral-martin-miguel-de-guemes","tag-ia","tag-municipio-de-campo-quijano"],"yoast_head":"<!-- This site is optimized with the Yoast SEO plugin v20.8 - https:\/\/yoast.com\/wordpress\/plugins\/seo\/ -->\n<title>Presentaron una nueva herramienta de Inteligencia Artificial para difundir la figura del General G\u00fcemes. - RQ 99.9<\/title>\n<meta name=\"description\" content=\"La informaci\u00f3n es brindada por una agente virtual inspirada en Carmen Puch, esposa del pr\u00f3cer.\" \/>\n<meta name=\"robots\" content=\"index, follow, max-snippet:-1, max-image-preview:large, max-video-preview:-1\" \/>\n<link rel=\"canonical\" href=\"https:\/\/nahuelproducciones.com.ar\/radioquijano\/presentaron-una-nueva-herramienta-de-inteligencia-artificial-para-difundir-la-figura-del-general-guemes\/\" \/>\n<meta property=\"og:locale\" content=\"es_ES\" \/>\n<meta property=\"og:type\" content=\"article\" \/>\n<meta property=\"og:title\" content=\"Presentaron una nueva herramienta de Inteligencia Artificial para difundir la figura del General G\u00fcemes. - RQ 99.9\" \/>\n<meta property=\"og:description\" content=\"La informaci\u00f3n es brindada por una agente virtual inspirada en Carmen Puch, esposa del pr\u00f3cer.\" \/>\n<meta property=\"og:url\" content=\"https:\/\/nahuelproducciones.com.ar\/radioquijano\/presentaron-una-nueva-herramienta-de-inteligencia-artificial-para-difundir-la-figura-del-general-guemes\/\" \/>\n<meta property=\"og:site_name\" content=\"RQ 99.9\" \/>\n<meta property=\"article:publisher\" content=\"https:\/\/www.facebook.com\/nahuelproducciones999\/\" \/>\n<meta property=\"article:published_time\" content=\"2025-06-18T03:33:11+00:00\" \/>\n<meta property=\"article:modified_time\" content=\"2025-06-18T03:33:13+00:00\" \/>\n<meta property=\"og:image\" content=\"https:\/\/nahuelproducciones.com.ar\/radioquijano\/wp-content\/uploads\/2025\/06\/102237-presentan-una-nueva-herramienta-de-inteligencia-artificial-para-difundir-la-figura-del-general-guemes-e1750217547860.webp\" \/>\n\t<meta property=\"og:image:width\" content=\"700\" \/>\n\t<meta property=\"og:image:height\" content=\"394\" \/>\n\t<meta property=\"og:image:type\" content=\"image\/webp\" \/>\n<meta name=\"author\" content=\"Cecilia Pastrana\" \/>\n<meta name=\"twitter:card\" content=\"summary_large_image\" \/>\n<meta name=\"twitter:creator\" content=\"@nahuproduciones\" \/>\n<meta name=\"twitter:site\" content=\"@nahuproduciones\" \/>\n<meta name=\"twitter:label1\" content=\"Escrito por\" \/>\n\t<meta name=\"twitter:data1\" content=\"Cecilia Pastrana\" \/>\n\t<meta name=\"twitter:label2\" content=\"Tiempo de lectura\" \/>\n\t<meta name=\"twitter:data2\" content=\"2 minutos\" \/>\n<script type=\"application\/ld+json\" class=\"yoast-schema-graph\">{\"@context\":\"https:\/\/schema.org\",\"@graph\":[{\"@type\":\"WebPage\",\"@id\":\"https:\/\/nahuelproducciones.com.ar\/radioquijano\/presentaron-una-nueva-herramienta-de-inteligencia-artificial-para-difundir-la-figura-del-general-guemes\/\",\"url\":\"https:\/\/nahuelproducciones.com.ar\/radioquijano\/presentaron-una-nueva-herramienta-de-inteligencia-artificial-para-difundir-la-figura-del-general-guemes\/\",\"name\":\"Presentaron una nueva herramienta de Inteligencia Artificial para difundir la figura del General G\u00fcemes. - RQ 99.9\",\"isPartOf\":{\"@id\":\"https:\/\/nahuelproducciones.com.ar\/radioquijano\/#website\"},\"datePublished\":\"2025-06-18T03:33:11+00:00\",\"dateModified\":\"2025-06-18T03:33:13+00:00\",\"author\":{\"@id\":\"https:\/\/nahuelproducciones.com.ar\/radioquijano\/#\/schema\/person\/e8a4f939e2cb487fe6d0c54042c9d32c\"},\"description\":\"La informaci\u00f3n es brindada por una agente virtual inspirada en Carmen Puch, esposa del pr\u00f3cer.\",\"breadcrumb\":{\"@id\":\"https:\/\/nahuelproducciones.com.ar\/radioquijano\/presentaron-una-nueva-herramienta-de-inteligencia-artificial-para-difundir-la-figura-del-general-guemes\/#breadcrumb\"},\"inLanguage\":\"es\",\"potentialAction\":[{\"@type\":\"ReadAction\",\"target\":[\"https:\/\/nahuelproducciones.com.ar\/radioquijano\/presentaron-una-nueva-herramienta-de-inteligencia-artificial-para-difundir-la-figura-del-general-guemes\/\"]}]},{\"@type\":\"BreadcrumbList\",\"@id\":\"https:\/\/nahuelproducciones.com.ar\/radioquijano\/presentaron-una-nueva-herramienta-de-inteligencia-artificial-para-difundir-la-figura-del-general-guemes\/#breadcrumb\",\"itemListElement\":[{\"@type\":\"ListItem\",\"position\":1,\"name\":\"Portada\",\"item\":\"https:\/\/nahuelproducciones.com.ar\/radioquijano\/\"},{\"@type\":\"ListItem\",\"position\":2,\"name\":\"Presentaron una nueva herramienta de Inteligencia Artificial para difundir la figura del General G\u00fcemes.\"}]},{\"@type\":\"WebSite\",\"@id\":\"https:\/\/nahuelproducciones.com.ar\/radioquijano\/#website\",\"url\":\"https:\/\/nahuelproducciones.com.ar\/radioquijano\/\",\"name\":\"RQ 99.9\",\"description\":\"Radio Quijano 99.9 MHz\",\"potentialAction\":[{\"@type\":\"SearchAction\",\"target\":{\"@type\":\"EntryPoint\",\"urlTemplate\":\"https:\/\/nahuelproducciones.com.ar\/radioquijano\/?s={search_term_string}\"},\"query-input\":\"required name=search_term_string\"}],\"inLanguage\":\"es\"},{\"@type\":\"Person\",\"@id\":\"https:\/\/nahuelproducciones.com.ar\/radioquijano\/#\/schema\/person\/e8a4f939e2cb487fe6d0c54042c9d32c\",\"name\":\"Cecilia Pastrana\",\"image\":{\"@type\":\"ImageObject\",\"inLanguage\":\"es\",\"@id\":\"https:\/\/nahuelproducciones.com.ar\/radioquijano\/#\/schema\/person\/image\/\",\"url\":\"https:\/\/secure.gravatar.com\/avatar\/661a3ef63a8488d4f2794ed44af8cf71420f7e106f3072c40125114df5157749?s=96&d=mm&r=g\",\"contentUrl\":\"https:\/\/secure.gravatar.com\/avatar\/661a3ef63a8488d4f2794ed44af8cf71420f7e106f3072c40125114df5157749?s=96&d=mm&r=g\",\"caption\":\"Cecilia Pastrana\"},\"sameAs\":[\"cecy\"],\"url\":\"https:\/\/nahuelproducciones.com.ar\/radioquijano\/author\/cecy\/\"}]}<\/script>\n<!-- \/ Yoast SEO plugin. -->","yoast_head_json":{"title":"Presentaron una nueva herramienta de Inteligencia Artificial para difundir la figura del General G\u00fcemes. - RQ 99.9","description":"La informaci\u00f3n es brindada por una agente virtual inspirada en Carmen Puch, esposa del pr\u00f3cer.","robots":{"index":"index","follow":"follow","max-snippet":"max-snippet:-1","max-image-preview":"max-image-preview:large","max-video-preview":"max-video-preview:-1"},"canonical":"https:\/\/nahuelproducciones.com.ar\/radioquijano\/presentaron-una-nueva-herramienta-de-inteligencia-artificial-para-difundir-la-figura-del-general-guemes\/","og_locale":"es_ES","og_type":"article","og_title":"Presentaron una nueva herramienta de Inteligencia Artificial para difundir la figura del General G\u00fcemes. - RQ 99.9","og_description":"La informaci\u00f3n es brindada por una agente virtual inspirada en Carmen Puch, esposa del pr\u00f3cer.","og_url":"https:\/\/nahuelproducciones.com.ar\/radioquijano\/presentaron-una-nueva-herramienta-de-inteligencia-artificial-para-difundir-la-figura-del-general-guemes\/","og_site_name":"RQ 99.9","article_publisher":"https:\/\/www.facebook.com\/nahuelproducciones999\/","article_published_time":"2025-06-18T03:33:11+00:00","article_modified_time":"2025-06-18T03:33:13+00:00","og_image":[{"width":700,"height":394,"url":"https:\/\/nahuelproducciones.com.ar\/radioquijano\/wp-content\/uploads\/2025\/06\/102237-presentan-una-nueva-herramienta-de-inteligencia-artificial-para-difundir-la-figura-del-general-guemes-e1750217547860.webp","type":"image\/webp"}],"author":"Cecilia Pastrana","twitter_card":"summary_large_image","twitter_creator":"@nahuproduciones","twitter_site":"@nahuproduciones","twitter_misc":{"Escrito por":"Cecilia Pastrana","Tiempo de lectura":"2 minutos"},"schema":{"@context":"https:\/\/schema.org","@graph":[{"@type":"WebPage","@id":"https:\/\/nahuelproducciones.com.ar\/radioquijano\/presentaron-una-nueva-herramienta-de-inteligencia-artificial-para-difundir-la-figura-del-general-guemes\/","url":"https:\/\/nahuelproducciones.com.ar\/radioquijano\/presentaron-una-nueva-herramienta-de-inteligencia-artificial-para-difundir-la-figura-del-general-guemes\/","name":"Presentaron una nueva herramienta de Inteligencia Artificial para difundir la figura del General G\u00fcemes. - RQ 99.9","isPartOf":{"@id":"https:\/\/nahuelproducciones.com.ar\/radioquijano\/#website"},"datePublished":"2025-06-18T03:33:11+00:00","dateModified":"2025-06-18T03:33:13+00:00","author":{"@id":"https:\/\/nahuelproducciones.com.ar\/radioquijano\/#\/schema\/person\/e8a4f939e2cb487fe6d0c54042c9d32c"},"description":"La informaci\u00f3n es brindada por una agente virtual inspirada en Carmen Puch, esposa del pr\u00f3cer.","breadcrumb":{"@id":"https:\/\/nahuelproducciones.com.ar\/radioquijano\/presentaron-una-nueva-herramienta-de-inteligencia-artificial-para-difundir-la-figura-del-general-guemes\/#breadcrumb"},"inLanguage":"es","potentialAction":[{"@type":"ReadAction","target":["https:\/\/nahuelproducciones.com.ar\/radioquijano\/presentaron-una-nueva-herramienta-de-inteligencia-artificial-para-difundir-la-figura-del-general-guemes\/"]}]},{"@type":"BreadcrumbList","@id":"https:\/\/nahuelproducciones.com.ar\/radioquijano\/presentaron-una-nueva-herramienta-de-inteligencia-artificial-para-difundir-la-figura-del-general-guemes\/#breadcrumb","itemListElement":[{"@type":"ListItem","position":1,"name":"Portada","item":"https:\/\/nahuelproducciones.com.ar\/radioquijano\/"},{"@type":"ListItem","position":2,"name":"Presentaron una nueva herramienta de Inteligencia Artificial para difundir la figura del General G\u00fcemes."}]},{"@type":"WebSite","@id":"https:\/\/nahuelproducciones.com.ar\/radioquijano\/#website","url":"https:\/\/nahuelproducciones.com.ar\/radioquijano\/","name":"RQ 99.9","description":"Radio Quijano 99.9 MHz","potentialAction":[{"@type":"SearchAction","target":{"@type":"EntryPoint","urlTemplate":"https:\/\/nahuelproducciones.com.ar\/radioquijano\/?s={search_term_string}"},"query-input":"required name=search_term_string"}],"inLanguage":"es"},{"@type":"Person","@id":"https:\/\/nahuelproducciones.com.ar\/radioquijano\/#\/schema\/person\/e8a4f939e2cb487fe6d0c54042c9d32c","name":"Cecilia Pastrana","image":{"@type":"ImageObject","inLanguage":"es","@id":"https:\/\/nahuelproducciones.com.ar\/radioquijano\/#\/schema\/person\/image\/","url":"https:\/\/secure.gravatar.com\/avatar\/661a3ef63a8488d4f2794ed44af8cf71420f7e106f3072c40125114df5157749?s=96&d=mm&r=g","contentUrl":"https:\/\/secure.gravatar.com\/avatar\/661a3ef63a8488d4f2794ed44af8cf71420f7e106f3072c40125114df5157749?s=96&d=mm&r=g","caption":"Cecilia Pastrana"},"sameAs":["cecy"],"url":"https:\/\/nahuelproducciones.com.ar\/radioquijano\/author\/cecy\/"}]}},"_links":{"self":[{"href":"https:\/\/nahuelproducciones.com.ar\/radioquijano\/wp-json\/wp\/v2\/posts\/10427","targetHints":{"allow":["GET"]}}],"collection":[{"href":"https:\/\/nahuelproducciones.com.ar\/radioquijano\/wp-json\/wp\/v2\/posts"}],"about":[{"href":"https:\/\/nahuelproducciones.com.ar\/radioquijano\/wp-json\/wp\/v2\/types\/post"}],"author":[{"embeddable":true,"href":"https:\/\/nahuelproducciones.com.ar\/radioquijano\/wp-json\/wp\/v2\/users\/8"}],"replies":[{"embeddable":true,"href":"https:\/\/nahuelproducciones.com.ar\/radioquijano\/wp-json\/wp\/v2\/comments?post=10427"}],"version-history":[{"count":1,"href":"https:\/\/nahuelproducciones.com.ar\/radioquijano\/wp-json\/wp\/v2\/posts\/10427\/revisions"}],"predecessor-version":[{"id":10429,"href":"https:\/\/nahuelproducciones.com.ar\/radioquijano\/wp-json\/wp\/v2\/posts\/10427\/revisions\/10429"}],"wp:featuredmedia":[{"embeddable":true,"href":"https:\/\/nahuelproducciones.com.ar\/radioquijano\/wp-json\/wp\/v2\/media\/10428"}],"wp:attachment":[{"href":"https:\/\/nahuelproducciones.com.ar\/radioquijano\/wp-json\/wp\/v2\/media?parent=10427"}],"wp:term":[{"taxonomy":"category","embeddable":true,"href":"https:\/\/nahuelproducciones.com.ar\/radioquijano\/wp-json\/wp\/v2\/categories?post=10427"},{"taxonomy":"post_tag","embeddable":true,"href":"https:\/\/nahuelproducciones.com.ar\/radioquijano\/wp-json\/wp\/v2\/tags?post=10427"}],"curies":[{"name":"wp","href":"https:\/\/api.w.org\/{rel}","templated":true}]}}