{"id":10430,"date":"2025-06-18T00:39:22","date_gmt":"2025-06-18T03:39:22","guid":{"rendered":"https:\/\/nahuelproducciones.com.ar\/radioquijano\/?p=10430"},"modified":"2025-06-18T00:39:25","modified_gmt":"2025-06-18T03:39:25","slug":"el-gobernador-saenz-presidio-el-204-aniversario-de-guemes-un-legado-de-coraje-valentia-y-lealtad-a-su-pueblo","status":"publish","type":"post","link":"https:\/\/nahuelproducciones.com.ar\/radioquijano\/el-gobernador-saenz-presidio-el-204-aniversario-de-guemes-un-legado-de-coraje-valentia-y-lealtad-a-su-pueblo\/","title":{"rendered":"El gobernador S\u00e1enz presidi\u00f3 el 204 Aniversario de G\u00fcemes: \u201cUn legado de coraje, valent\u00eda y lealtad a su pueblo\u201d"},"content":{"rendered":"\n<p>En el 204 aniversario del paso a la inmortalidad del General Mart\u00edn Miguel de G\u00fcemes, el gobernador&nbsp;<strong>Gustavo S\u00e1enz<\/strong>&nbsp;presidi\u00f3 los actos centrales que iniciaron en el Pante\u00f3n de las Glorias del Norte de la Catedral Bas\u00edlica de Salta y luego se desarrollaron en el monumento al h\u00e9roe nacional.<\/p>\n\n\n\n<p>El mandatario provincial resalt\u00f3 que como \u201ccada 17 de junio, los salte\u00f1os sentimos una emoci\u00f3n y un orgullo muy grande\u201d y destac\u00f3 los valores del h\u00e9roe gaucho por \u201csu coraje, valent\u00eda y por sobre todo, la lealtad a su pueblo\u201d, siendo el \u00fanico general argentino ca\u00eddo en batalla durante la guerra de la Independencia.&nbsp;<\/p>\n\n\n\n<p>Record\u00f3 que los argentinos, los norte\u00f1os y especialmente los salte\u00f1os, \u201ctuvimos que esperar muchos a\u00f1os el reconocimiento de nuestro General; pero siempre llega el momento de la verdad y se reconoci\u00f3 en \u00e9l su rol central para que hoy esta Patria sea libre y soberana\u201d.<\/p>\n\n\n\n<p>Se\u00f1al\u00f3 que \u201cestamos ante un momento nuevo para la Argentina y para todos los actores pol\u00edticos, ya sin hablar de peronismo, radicalismo o del PRO, ni tampoco de colores y sellos. Hoy tenemos que hablar claramente sobre qu\u00e9 queremos para la Argentina, hacia d\u00f3nde vamos y c\u00f3mo podemos hacer para que de una vez por todas haya unidad nacional que es el legado que nos dej\u00f3 el General G\u00fcemes junto con los otros padres de la Patria, San Mart\u00edn y Belgrano. Tenemos que estar juntos, m\u00e1s unidos que nunca, peleando por un objetivo en com\u00fan\u201d.<br>&nbsp;<\/p>\n\n\n<div class=\"wp-block-image\">\n<figure class=\"aligncenter is-resized\"><a href=\"https:\/\/www.salta.gob.ar\/public\/images\/noticias\/contenidos\/17939-el-gobernador-saenz-presidio-el-204-aniversario-de-guemes-un-legado-de-coraje-valentia-y-lealtad-a-su-pueblo.webp\"><img decoding=\"async\" src=\"https:\/\/www.salta.gob.ar\/public\/images\/noticias\/contenidos\/17939-el-gobernador-saenz-presidio-el-204-aniversario-de-guemes-un-legado-de-coraje-valentia-y-lealtad-a-su-pueblo.webp\" alt=\"El gobernador S\u00e1enz presidi\u00f3 el 204 aniversario de G\u00fcemes: \u201cUn legado de coraje, valent\u00eda y lealtad a su pueblo\u201d\" style=\"width:611px;height:auto\"\/><\/a><\/figure><\/div>\n\n\n<p>Adem\u00e1s, al ser consultado por los medios, S\u00e1enz consider\u00f3 que los gobernadores tienen que acompa\u00f1ar \u201cpara garantizar que el plan econ\u00f3mico nacional pueda seguir adelante. Pero dentro de ese equilibrio fiscal que se busca, tambi\u00e9n tiene que haber un equilibrio social\u201d.<\/p>\n\n\n\n<p>Por \u00faltimo, Gustavo S\u00e1enz insisti\u00f3 en la unidad nacional y en la tolerancia mutua porque \u201cse tiene que entender que hay que respetar al otro, que cualquiera puede opinar distinto y eso no te hace enemigo. Es momento de sentarnos en una misma mesa para buscar puntos de encuentro y puentes que nos re\u00fanan al final del camino, abrazados, peleando por Argentina\u201d.<br>&nbsp;<\/p>\n\n\n\n<p><strong>En el Monumento a G\u00fcemes<\/strong><\/p>\n\n\n\n<p>El Gobernador junto al intendente de la ciudad de Salta Emiliano Durand pasaron revista a los efectivos formados y luego se izaron las banderas de Argentina y Salta. Posteriormente las autoridades depositaron ofrendas florales al pie del monumento que perpet\u00faa la memoria del General Gaucho. La ceremonia continu\u00f3 con el toque de silencio, los himnos Nacional Argentino y a G\u00fcemes y la invocaci\u00f3n religiosa.<\/p>\n\n\n\n<p>Como es tradicional, durante la ceremonia fue presentada la imagen de la Virgen Peregrina del Milagro, protectora de los fortines, y el Pretal de Plata, que perteneciera a G\u00fcemes y data del siglo XIX. Luego de finalizada la ceremonia el Pretal vuelve al sitial de honor del Museo Hist\u00f3rico del Regimiento de Caballer\u00eda Ligero 5, General G\u00fcemes.<\/p>\n\n\n<div class=\"wp-block-image\">\n<figure class=\"aligncenter is-resized\"><a href=\"https:\/\/www.salta.gob.ar\/public\/images\/noticias\/contenidos\/17940-el-gobernador-saenz-presidio-el-204-aniversario-de-guemes-un-legado-de-coraje-valentia-y-lealtad-a-su-pueblo.webp\"><img decoding=\"async\" src=\"https:\/\/www.salta.gob.ar\/public\/images\/noticias\/contenidos\/17940-el-gobernador-saenz-presidio-el-204-aniversario-de-guemes-un-legado-de-coraje-valentia-y-lealtad-a-su-pueblo.webp\" alt=\"El gobernador S\u00e1enz presidi\u00f3 el 204 aniversario de G\u00fcemes: \u201cUn legado de coraje, valent\u00eda y lealtad a su pueblo\u201d\" style=\"width:589px;height:auto\"\/><\/a><\/figure><\/div>\n\n<div class=\"wp-block-image\">\n<figure class=\"aligncenter is-resized\"><a href=\"https:\/\/www.salta.gob.ar\/public\/images\/noticias\/contenidos\/17941-el-gobernador-saenz-presidio-el-204-aniversario-de-guemes-un-legado-de-coraje-valentia-y-lealtad-a-su-pueblo.webp\"><img decoding=\"async\" src=\"https:\/\/www.salta.gob.ar\/public\/images\/noticias\/contenidos\/17941-el-gobernador-saenz-presidio-el-204-aniversario-de-guemes-un-legado-de-coraje-valentia-y-lealtad-a-su-pueblo.webp\" alt=\"El gobernador S\u00e1enz presidi\u00f3 el 204 aniversario de G\u00fcemes: \u201cUn legado de coraje, valent\u00eda y lealtad a su pueblo\u201d\" style=\"width:585px;height:auto\"\/><\/a><\/figure><\/div>\n\n\n<p>El presidente de la Agrupaci\u00f3n Tradicionalista Gauchos de G\u00fcemes, Fernando Garc\u00eda Bes, destac\u00f3 la figura de h\u00e9roe salte\u00f1o: \u201cHoy, nosotros, sus gauchos, recordamos y hacemos recordar al pa\u00eds que es uno de los hacedores de la Patria, aunque por tanto tiempo este hecho estuviera tan soslayado del conocimiento general de la Naci\u00f3n\u201d.<br>Y agreg\u00f3: \u201cMorir por la patria era su gloria y es la gloria que le venimos a tributar hoy.&nbsp;<\/p>\n\n\n\n<p>Es el \u00fanico general que a m\u00e1s de 200 a\u00f1os de su muerte tiene miles de hombres y mujeres montados en sus caballos, prestos a desfilar voluntariamente y pidi\u00e9ndole iluminaci\u00f3n para imitar su ejemplar conducta en estos convulsionados tiempos\u201d.<\/p>\n\n\n\n<p>Se encontraban presentes el presidente del Consejo Municipal de Tarija, Bolivia, Fernando Castellano Echaz\u00fa y concejales de Tarija; el presidente del Foro de Intendentes, Marcelo Mois\u00e9s e intendentes de la provincia; el comandante de la V Brigada de Monta\u00f1a Ricardo Fresta; miembros de la Corte de Justicia, legisladores nacionales y provinciales, ministros y secretarios del Ejecutivo provincial; autoridades municipales, de Gendarmer\u00eda Nacional, de la Delegaci\u00f3n Naval de Salta, &nbsp;Polic\u00eda de Salta, Polic\u00eda Federal, Servicio Penitenciario, entre otras.<\/p>\n\n\n<div class=\"wp-block-image\">\n<figure class=\"aligncenter is-resized\"><a href=\"https:\/\/www.salta.gob.ar\/public\/images\/noticias\/contenidos\/17942-el-gobernador-saenz-presidio-el-204-aniversario-de-guemes-un-legado-de-coraje-valentia-y-lealtad-a-su-pueblo.webp\"><img decoding=\"async\" src=\"https:\/\/www.salta.gob.ar\/public\/images\/noticias\/contenidos\/17942-el-gobernador-saenz-presidio-el-204-aniversario-de-guemes-un-legado-de-coraje-valentia-y-lealtad-a-su-pueblo.webp\" alt=\"El gobernador S\u00e1enz presidi\u00f3 el 204 aniversario de G\u00fcemes: \u201cUn legado de coraje, valent\u00eda y lealtad a su pueblo\u201d\" style=\"width:652px;height:auto\"\/><\/a><\/figure><\/div>\n\n\n<h2 class=\"wp-block-heading\"><\/h2>\n\n\n\n<h2 class=\"wp-block-heading\">Video Relacionado<\/h2>\n\n\n\n<hr class=\"wp-block-separator has-alpha-channel-opacity\"\/>\n\n\n\n<figure class=\"wp-block-embed is-type-rich is-provider-gestor-del-servicio wp-block-embed-gestor-del-servicio wp-embed-aspect-16-9 wp-has-aspect-ratio\"><div class=\"wp-block-embed__wrapper\">\n<iframe loading=\"lazy\" title=\"S\u00e1enz presidi\u00f3 el 204 Aniversario de G\u00fcemes :\u201cUn legado de coraje, valent\u00eda y lealtad a su pueblo\u201d\" width=\"640\" height=\"360\" src=\"https:\/\/www.youtube.com\/embed\/FZDi2a622gw?feature=oembed\" frameborder=\"0\" allow=\"accelerometer; autoplay; clipboard-write; encrypted-media; gyroscope; picture-in-picture; web-share\" referrerpolicy=\"strict-origin-when-cross-origin\" allowfullscreen><\/iframe>\n<\/div><\/figure>\n\n\n\n<hr class=\"wp-block-separator has-alpha-channel-opacity\"\/>\n\n\n\n<p>Fuente:&nbsp;<strong>Secretar\u00eda de Prensa<\/strong><\/p>\n","protected":false},"excerpt":{"rendered":"<p>En el 204 aniversario del paso a la inmortalidad del General Mart\u00edn Miguel de G\u00fcemes, el gobernador&nbsp;Gustavo S\u00e1enz&nbsp;presidi\u00f3 los actos centrales que iniciaron en el Pante\u00f3n de las Glorias del Norte de la Catedral Bas\u00edlica de Salta y luego se desarrollaron en el monumento al h\u00e9roe nacional. El mandatario provincial resalt\u00f3 que como \u201ccada 17 [&hellip;]<\/p>\n","protected":false},"author":8,"featured_media":10432,"comment_status":"open","ping_status":"open","sticky":false,"template":"","format":"standard","meta":{"_monsterinsights_skip_tracking":false,"_monsterinsights_sitenote_active":false,"_monsterinsights_sitenote_note":"","_monsterinsights_sitenote_category":0,"footnotes":""},"categories":[16],"tags":[960,1714,100],"class_list":["post-10430","post","type-post","status-publish","format-standard","has-post-thumbnail","hentry","category-noticias","tag-gobernador-gustavo-saenz","tag-gral-martin-miguel-de-guemes","tag-municipio-de-campo-quijano"],"yoast_head":"<!-- This site is optimized with the Yoast SEO plugin v20.8 - https:\/\/yoast.com\/wordpress\/plugins\/seo\/ -->\n<title>El gobernador S\u00e1enz presidi\u00f3 el 204 Aniversario de G\u00fcemes: \u201cUn legado de coraje, valent\u00eda y lealtad a su pueblo\u201d - RQ 99.9<\/title>\n<meta name=\"description\" content=\"El mandatario salte\u00f1o consider\u00f3 que \u201cestamos ante un momento nuevo de la Argentina\u201d, en el que todos los actores pol\u00edticos deben unirse por la cohesi\u00f3n nacional: \u201cEs el legado de G\u00fcemes y de los otros padres de la Patria, San Mart\u00edn y Belgrano\u201d, afirm\u00f3.\" \/>\n<meta name=\"robots\" content=\"index, follow, max-snippet:-1, max-image-preview:large, max-video-preview:-1\" \/>\n<link rel=\"canonical\" href=\"https:\/\/nahuelproducciones.com.ar\/radioquijano\/el-gobernador-saenz-presidio-el-204-aniversario-de-guemes-un-legado-de-coraje-valentia-y-lealtad-a-su-pueblo\/\" \/>\n<meta property=\"og:locale\" content=\"es_ES\" \/>\n<meta property=\"og:type\" content=\"article\" \/>\n<meta property=\"og:title\" content=\"El gobernador S\u00e1enz presidi\u00f3 el 204 Aniversario de G\u00fcemes: \u201cUn legado de coraje, valent\u00eda y lealtad a su pueblo\u201d - RQ 99.9\" \/>\n<meta property=\"og:description\" content=\"El mandatario salte\u00f1o consider\u00f3 que \u201cestamos ante un momento nuevo de la Argentina\u201d, en el que todos los actores pol\u00edticos deben unirse por la cohesi\u00f3n nacional: \u201cEs el legado de G\u00fcemes y de los otros padres de la Patria, San Mart\u00edn y Belgrano\u201d, afirm\u00f3.\" \/>\n<meta property=\"og:url\" content=\"https:\/\/nahuelproducciones.com.ar\/radioquijano\/el-gobernador-saenz-presidio-el-204-aniversario-de-guemes-un-legado-de-coraje-valentia-y-lealtad-a-su-pueblo\/\" \/>\n<meta property=\"og:site_name\" content=\"RQ 99.9\" \/>\n<meta property=\"article:publisher\" content=\"https:\/\/www.facebook.com\/nahuelproducciones999\/\" \/>\n<meta property=\"article:published_time\" content=\"2025-06-18T03:39:22+00:00\" \/>\n<meta property=\"article:modified_time\" content=\"2025-06-18T03:39:25+00:00\" \/>\n<meta property=\"og:image\" content=\"https:\/\/nahuelproducciones.com.ar\/radioquijano\/wp-content\/uploads\/2025\/06\/102241-el-gobernador-saenz-presidio-el-204-aniversario-de-guemes-un-legado-de-coraje-valentia-y-lealtad-a-su-pueblo-20250617183232.webp\" \/>\n\t<meta property=\"og:image:width\" content=\"560\" \/>\n\t<meta property=\"og:image:height\" content=\"315\" \/>\n\t<meta property=\"og:image:type\" content=\"image\/webp\" \/>\n<meta name=\"author\" content=\"Cecilia Pastrana\" \/>\n<meta name=\"twitter:card\" content=\"summary_large_image\" \/>\n<meta name=\"twitter:creator\" content=\"@nahuproduciones\" \/>\n<meta name=\"twitter:site\" content=\"@nahuproduciones\" \/>\n<meta name=\"twitter:label1\" content=\"Escrito por\" \/>\n\t<meta name=\"twitter:data1\" content=\"Cecilia Pastrana\" \/>\n\t<meta name=\"twitter:label2\" content=\"Tiempo de lectura\" \/>\n\t<meta name=\"twitter:data2\" content=\"4 minutos\" \/>\n<script type=\"application\/ld+json\" class=\"yoast-schema-graph\">{\"@context\":\"https:\/\/schema.org\",\"@graph\":[{\"@type\":\"WebPage\",\"@id\":\"https:\/\/nahuelproducciones.com.ar\/radioquijano\/el-gobernador-saenz-presidio-el-204-aniversario-de-guemes-un-legado-de-coraje-valentia-y-lealtad-a-su-pueblo\/\",\"url\":\"https:\/\/nahuelproducciones.com.ar\/radioquijano\/el-gobernador-saenz-presidio-el-204-aniversario-de-guemes-un-legado-de-coraje-valentia-y-lealtad-a-su-pueblo\/\",\"name\":\"El gobernador S\u00e1enz presidi\u00f3 el 204 Aniversario de G\u00fcemes: \u201cUn legado de coraje, valent\u00eda y lealtad a su pueblo\u201d - RQ 99.9\",\"isPartOf\":{\"@id\":\"https:\/\/nahuelproducciones.com.ar\/radioquijano\/#website\"},\"datePublished\":\"2025-06-18T03:39:22+00:00\",\"dateModified\":\"2025-06-18T03:39:25+00:00\",\"author\":{\"@id\":\"https:\/\/nahuelproducciones.com.ar\/radioquijano\/#\/schema\/person\/e8a4f939e2cb487fe6d0c54042c9d32c\"},\"description\":\"El mandatario salte\u00f1o consider\u00f3 que \u201cestamos ante un momento nuevo de la Argentina\u201d, en el que todos los actores pol\u00edticos deben unirse por la cohesi\u00f3n nacional: \u201cEs el legado de G\u00fcemes y de los otros padres de la Patria, San Mart\u00edn y Belgrano\u201d, afirm\u00f3.\",\"breadcrumb\":{\"@id\":\"https:\/\/nahuelproducciones.com.ar\/radioquijano\/el-gobernador-saenz-presidio-el-204-aniversario-de-guemes-un-legado-de-coraje-valentia-y-lealtad-a-su-pueblo\/#breadcrumb\"},\"inLanguage\":\"es\",\"potentialAction\":[{\"@type\":\"ReadAction\",\"target\":[\"https:\/\/nahuelproducciones.com.ar\/radioquijano\/el-gobernador-saenz-presidio-el-204-aniversario-de-guemes-un-legado-de-coraje-valentia-y-lealtad-a-su-pueblo\/\"]}]},{\"@type\":\"BreadcrumbList\",\"@id\":\"https:\/\/nahuelproducciones.com.ar\/radioquijano\/el-gobernador-saenz-presidio-el-204-aniversario-de-guemes-un-legado-de-coraje-valentia-y-lealtad-a-su-pueblo\/#breadcrumb\",\"itemListElement\":[{\"@type\":\"ListItem\",\"position\":1,\"name\":\"Portada\",\"item\":\"https:\/\/nahuelproducciones.com.ar\/radioquijano\/\"},{\"@type\":\"ListItem\",\"position\":2,\"name\":\"El gobernador S\u00e1enz presidi\u00f3 el 204 Aniversario de G\u00fcemes: \u201cUn legado de coraje, valent\u00eda y lealtad a su pueblo\u201d\"}]},{\"@type\":\"WebSite\",\"@id\":\"https:\/\/nahuelproducciones.com.ar\/radioquijano\/#website\",\"url\":\"https:\/\/nahuelproducciones.com.ar\/radioquijano\/\",\"name\":\"RQ 99.9\",\"description\":\"Radio Quijano 99.9 MHz\",\"potentialAction\":[{\"@type\":\"SearchAction\",\"target\":{\"@type\":\"EntryPoint\",\"urlTemplate\":\"https:\/\/nahuelproducciones.com.ar\/radioquijano\/?s={search_term_string}\"},\"query-input\":\"required name=search_term_string\"}],\"inLanguage\":\"es\"},{\"@type\":\"Person\",\"@id\":\"https:\/\/nahuelproducciones.com.ar\/radioquijano\/#\/schema\/person\/e8a4f939e2cb487fe6d0c54042c9d32c\",\"name\":\"Cecilia Pastrana\",\"image\":{\"@type\":\"ImageObject\",\"inLanguage\":\"es\",\"@id\":\"https:\/\/nahuelproducciones.com.ar\/radioquijano\/#\/schema\/person\/image\/\",\"url\":\"https:\/\/secure.gravatar.com\/avatar\/661a3ef63a8488d4f2794ed44af8cf71420f7e106f3072c40125114df5157749?s=96&d=mm&r=g\",\"contentUrl\":\"https:\/\/secure.gravatar.com\/avatar\/661a3ef63a8488d4f2794ed44af8cf71420f7e106f3072c40125114df5157749?s=96&d=mm&r=g\",\"caption\":\"Cecilia Pastrana\"},\"sameAs\":[\"cecy\"],\"url\":\"https:\/\/nahuelproducciones.com.ar\/radioquijano\/author\/cecy\/\"}]}<\/script>\n<!-- \/ Yoast SEO plugin. -->","yoast_head_json":{"title":"El gobernador S\u00e1enz presidi\u00f3 el 204 Aniversario de G\u00fcemes: \u201cUn legado de coraje, valent\u00eda y lealtad a su pueblo\u201d - RQ 99.9","description":"El mandatario salte\u00f1o consider\u00f3 que \u201cestamos ante un momento nuevo de la Argentina\u201d, en el que todos los actores pol\u00edticos deben unirse por la cohesi\u00f3n nacional: \u201cEs el legado de G\u00fcemes y de los otros padres de la Patria, San Mart\u00edn y Belgrano\u201d, afirm\u00f3.","robots":{"index":"index","follow":"follow","max-snippet":"max-snippet:-1","max-image-preview":"max-image-preview:large","max-video-preview":"max-video-preview:-1"},"canonical":"https:\/\/nahuelproducciones.com.ar\/radioquijano\/el-gobernador-saenz-presidio-el-204-aniversario-de-guemes-un-legado-de-coraje-valentia-y-lealtad-a-su-pueblo\/","og_locale":"es_ES","og_type":"article","og_title":"El gobernador S\u00e1enz presidi\u00f3 el 204 Aniversario de G\u00fcemes: \u201cUn legado de coraje, valent\u00eda y lealtad a su pueblo\u201d - RQ 99.9","og_description":"El mandatario salte\u00f1o consider\u00f3 que \u201cestamos ante un momento nuevo de la Argentina\u201d, en el que todos los actores pol\u00edticos deben unirse por la cohesi\u00f3n nacional: \u201cEs el legado de G\u00fcemes y de los otros padres de la Patria, San Mart\u00edn y Belgrano\u201d, afirm\u00f3.","og_url":"https:\/\/nahuelproducciones.com.ar\/radioquijano\/el-gobernador-saenz-presidio-el-204-aniversario-de-guemes-un-legado-de-coraje-valentia-y-lealtad-a-su-pueblo\/","og_site_name":"RQ 99.9","article_publisher":"https:\/\/www.facebook.com\/nahuelproducciones999\/","article_published_time":"2025-06-18T03:39:22+00:00","article_modified_time":"2025-06-18T03:39:25+00:00","og_image":[{"width":560,"height":315,"url":"https:\/\/nahuelproducciones.com.ar\/radioquijano\/wp-content\/uploads\/2025\/06\/102241-el-gobernador-saenz-presidio-el-204-aniversario-de-guemes-un-legado-de-coraje-valentia-y-lealtad-a-su-pueblo-20250617183232.webp","type":"image\/webp"}],"author":"Cecilia Pastrana","twitter_card":"summary_large_image","twitter_creator":"@nahuproduciones","twitter_site":"@nahuproduciones","twitter_misc":{"Escrito por":"Cecilia Pastrana","Tiempo de lectura":"4 minutos"},"schema":{"@context":"https:\/\/schema.org","@graph":[{"@type":"WebPage","@id":"https:\/\/nahuelproducciones.com.ar\/radioquijano\/el-gobernador-saenz-presidio-el-204-aniversario-de-guemes-un-legado-de-coraje-valentia-y-lealtad-a-su-pueblo\/","url":"https:\/\/nahuelproducciones.com.ar\/radioquijano\/el-gobernador-saenz-presidio-el-204-aniversario-de-guemes-un-legado-de-coraje-valentia-y-lealtad-a-su-pueblo\/","name":"El gobernador S\u00e1enz presidi\u00f3 el 204 Aniversario de G\u00fcemes: \u201cUn legado de coraje, valent\u00eda y lealtad a su pueblo\u201d - RQ 99.9","isPartOf":{"@id":"https:\/\/nahuelproducciones.com.ar\/radioquijano\/#website"},"datePublished":"2025-06-18T03:39:22+00:00","dateModified":"2025-06-18T03:39:25+00:00","author":{"@id":"https:\/\/nahuelproducciones.com.ar\/radioquijano\/#\/schema\/person\/e8a4f939e2cb487fe6d0c54042c9d32c"},"description":"El mandatario salte\u00f1o consider\u00f3 que \u201cestamos ante un momento nuevo de la Argentina\u201d, en el que todos los actores pol\u00edticos deben unirse por la cohesi\u00f3n nacional: \u201cEs el legado de G\u00fcemes y de los otros padres de la Patria, San Mart\u00edn y Belgrano\u201d, afirm\u00f3.","breadcrumb":{"@id":"https:\/\/nahuelproducciones.com.ar\/radioquijano\/el-gobernador-saenz-presidio-el-204-aniversario-de-guemes-un-legado-de-coraje-valentia-y-lealtad-a-su-pueblo\/#breadcrumb"},"inLanguage":"es","potentialAction":[{"@type":"ReadAction","target":["https:\/\/nahuelproducciones.com.ar\/radioquijano\/el-gobernador-saenz-presidio-el-204-aniversario-de-guemes-un-legado-de-coraje-valentia-y-lealtad-a-su-pueblo\/"]}]},{"@type":"BreadcrumbList","@id":"https:\/\/nahuelproducciones.com.ar\/radioquijano\/el-gobernador-saenz-presidio-el-204-aniversario-de-guemes-un-legado-de-coraje-valentia-y-lealtad-a-su-pueblo\/#breadcrumb","itemListElement":[{"@type":"ListItem","position":1,"name":"Portada","item":"https:\/\/nahuelproducciones.com.ar\/radioquijano\/"},{"@type":"ListItem","position":2,"name":"El gobernador S\u00e1enz presidi\u00f3 el 204 Aniversario de G\u00fcemes: \u201cUn legado de coraje, valent\u00eda y lealtad a su pueblo\u201d"}]},{"@type":"WebSite","@id":"https:\/\/nahuelproducciones.com.ar\/radioquijano\/#website","url":"https:\/\/nahuelproducciones.com.ar\/radioquijano\/","name":"RQ 99.9","description":"Radio Quijano 99.9 MHz","potentialAction":[{"@type":"SearchAction","target":{"@type":"EntryPoint","urlTemplate":"https:\/\/nahuelproducciones.com.ar\/radioquijano\/?s={search_term_string}"},"query-input":"required name=search_term_string"}],"inLanguage":"es"},{"@type":"Person","@id":"https:\/\/nahuelproducciones.com.ar\/radioquijano\/#\/schema\/person\/e8a4f939e2cb487fe6d0c54042c9d32c","name":"Cecilia Pastrana","image":{"@type":"ImageObject","inLanguage":"es","@id":"https:\/\/nahuelproducciones.com.ar\/radioquijano\/#\/schema\/person\/image\/","url":"https:\/\/secure.gravatar.com\/avatar\/661a3ef63a8488d4f2794ed44af8cf71420f7e106f3072c40125114df5157749?s=96&d=mm&r=g","contentUrl":"https:\/\/secure.gravatar.com\/avatar\/661a3ef63a8488d4f2794ed44af8cf71420f7e106f3072c40125114df5157749?s=96&d=mm&r=g","caption":"Cecilia Pastrana"},"sameAs":["cecy"],"url":"https:\/\/nahuelproducciones.com.ar\/radioquijano\/author\/cecy\/"}]}},"_links":{"self":[{"href":"https:\/\/nahuelproducciones.com.ar\/radioquijano\/wp-json\/wp\/v2\/posts\/10430","targetHints":{"allow":["GET"]}}],"collection":[{"href":"https:\/\/nahuelproducciones.com.ar\/radioquijano\/wp-json\/wp\/v2\/posts"}],"about":[{"href":"https:\/\/nahuelproducciones.com.ar\/radioquijano\/wp-json\/wp\/v2\/types\/post"}],"author":[{"embeddable":true,"href":"https:\/\/nahuelproducciones.com.ar\/radioquijano\/wp-json\/wp\/v2\/users\/8"}],"replies":[{"embeddable":true,"href":"https:\/\/nahuelproducciones.com.ar\/radioquijano\/wp-json\/wp\/v2\/comments?post=10430"}],"version-history":[{"count":1,"href":"https:\/\/nahuelproducciones.com.ar\/radioquijano\/wp-json\/wp\/v2\/posts\/10430\/revisions"}],"predecessor-version":[{"id":10433,"href":"https:\/\/nahuelproducciones.com.ar\/radioquijano\/wp-json\/wp\/v2\/posts\/10430\/revisions\/10433"}],"wp:featuredmedia":[{"embeddable":true,"href":"https:\/\/nahuelproducciones.com.ar\/radioquijano\/wp-json\/wp\/v2\/media\/10432"}],"wp:attachment":[{"href":"https:\/\/nahuelproducciones.com.ar\/radioquijano\/wp-json\/wp\/v2\/media?parent=10430"}],"wp:term":[{"taxonomy":"category","embeddable":true,"href":"https:\/\/nahuelproducciones.com.ar\/radioquijano\/wp-json\/wp\/v2\/categories?post=10430"},{"taxonomy":"post_tag","embeddable":true,"href":"https:\/\/nahuelproducciones.com.ar\/radioquijano\/wp-json\/wp\/v2\/tags?post=10430"}],"curies":[{"name":"wp","href":"https:\/\/api.w.org\/{rel}","templated":true}]}}