{"id":10441,"date":"2025-06-23T11:53:46","date_gmt":"2025-06-23T14:53:46","guid":{"rendered":"https:\/\/nahuelproducciones.com.ar\/radioquijano\/?p=10441"},"modified":"2025-06-23T11:53:47","modified_gmt":"2025-06-23T14:53:47","slug":"simulacro-de-siniestro-ferroviario-sobre-las-vias-del-tren-urbano-gesta-gaucha-que-vincula-general-guemes-la-ciudad-de-salta-y-campo-quijano","status":"publish","type":"post","link":"https:\/\/nahuelproducciones.com.ar\/radioquijano\/simulacro-de-siniestro-ferroviario-sobre-las-vias-del-tren-urbano-gesta-gaucha-que-vincula-general-guemes-la-ciudad-de-salta-y-campo-quijano\/","title":{"rendered":"Simulacro de siniestro ferroviario sobre las v\u00edas del tren urbano \u201cGesta Gaucha\u201d, que vincula General G\u00fcemes, la ciudad de Salta y Campo Quijano."},"content":{"rendered":"\n<p>Autoridades de organismos nacionales, provinciales y municipales mantuvieron un encuentro para ultimar detalles en la organizaci\u00f3n de un simulacro de siniestro sobre las v\u00edas del tren urbano \u201cGesta Gaucha\u201d, que vincula General G\u00fcemes, la ciudad de Salta y Campo Quijano.<\/p>\n\n\n<div class=\"wp-block-image\">\n<figure class=\"aligncenter is-resized\"><a href=\"https:\/\/www.salta.gob.ar\/public\/images\/noticias\/contenidos\/17988-nacion-provincia-y-municipalidad-organizan-un-simulacro-de-siniestro-ferroviario-en-capital.webp\"><img decoding=\"async\" src=\"https:\/\/www.salta.gob.ar\/public\/images\/noticias\/contenidos\/17988-nacion-provincia-y-municipalidad-organizan-un-simulacro-de-siniestro-ferroviario-en-capital.webp\" alt=\"Naci\u00f3n, Provincia y Municipalidad organizan un simulacro de siniestro ferroviario en Capital\" style=\"width:551px;height:auto\"\/><\/a><\/figure><\/div>\n\n\n<p>La reuni\u00f3n estuvo encabezada por la titular de la Unidad de Proyectos Ferroviarios de la Provincia,&nbsp;<strong>Virginia Fern\u00e1ndez Molina<\/strong>; la coordinadora general del Tren Regional Salta,&nbsp;<strong>Silvia Thomas<\/strong>;&nbsp;<strong>Emanuel Sagripanti<\/strong>, subgerente de la Unidad de Producci\u00f3n Salta en Belgrano Cargas y Log\u00edstica S.A; y&nbsp;<strong>Ernesto Flores<\/strong>, subsecretario de Protecci\u00f3n Ciudadana de la Municipalidad de Salta.<\/p>\n\n\n\n<p>El objetivo de esta iniciativa es disminuir las problem\u00e1ticas que se pueden presentar ante un ocasional accidente ferroviario, trabajando de forma coordinada, identificando tareas espec\u00edficas y aunando esfuerzos.<\/p>\n\n\n\n<p>De no mediar inconvenientes, el simulacro se desarrollar\u00e1 durante la primera semana del pr\u00f3ximo mes en el macrocentro de la capital. Contar\u00e1 con la participaci\u00f3n de unos 20 actores en funci\u00f3n de pasajeros y otros que lo har\u00e1n como integrantes de un veh\u00edculo particular. &nbsp;<\/p>\n\n\n\n<p>Participaron en la reuni\u00f3n representantes de Bomberos, del Sistema de Atenci\u00f3n M\u00e9dica para Emergencias y Cat\u00e1strofes (SAMEC) y Tr\u00e1nsito Municipal.&nbsp;<\/p>\n\n\n\n<hr class=\"wp-block-separator has-alpha-channel-opacity\"\/>\n\n\n\n<h2 class=\"wp-block-heading\">Video Relacionado<\/h2>\n\n\n\n<hr class=\"wp-block-separator has-alpha-channel-opacity\"\/>\n\n\n\n<figure class=\"wp-block-embed is-type-rich is-provider-gestor-del-servicio wp-block-embed-gestor-del-servicio wp-embed-aspect-16-9 wp-has-aspect-ratio\"><div class=\"wp-block-embed__wrapper\">\n<iframe loading=\"lazy\" title=\"Naci\u00f3n, Provincia y Municipalidad organizan un simulacro de siniestro ferroviario en Capital\" width=\"640\" height=\"360\" src=\"https:\/\/www.youtube.com\/embed\/PvbtauVGYcM?feature=oembed\" frameborder=\"0\" allow=\"accelerometer; autoplay; clipboard-write; encrypted-media; gyroscope; picture-in-picture; web-share\" referrerpolicy=\"strict-origin-when-cross-origin\" allowfullscreen><\/iframe>\n<\/div><\/figure>\n\n\n\n<hr class=\"wp-block-separator has-alpha-channel-opacity\"\/>\n\n\n\n<p>Fuente:&nbsp;<strong>Secretar\u00eda de Prensa y Comunicaci\u00f3n<\/strong><\/p>\n\n\n\n<h2 class=\"wp-block-heading\"><\/h2>\n","protected":false},"excerpt":{"rendered":"<p>Autoridades de organismos nacionales, provinciales y municipales mantuvieron un encuentro para ultimar detalles en la organizaci\u00f3n de un simulacro de siniestro sobre las v\u00edas del tren urbano \u201cGesta Gaucha\u201d, que vincula General G\u00fcemes, la ciudad de Salta y Campo Quijano. La reuni\u00f3n estuvo encabezada por la titular de la Unidad de Proyectos Ferroviarios de la [&hellip;]<\/p>\n","protected":false},"author":8,"featured_media":10443,"comment_status":"open","ping_status":"open","sticky":false,"template":"","format":"standard","meta":{"_monsterinsights_skip_tracking":false,"_monsterinsights_sitenote_active":false,"_monsterinsights_sitenote_note":"","_monsterinsights_sitenote_category":0,"footnotes":""},"categories":[16],"tags":[100,1835,1834],"class_list":["post-10441","post","type-post","status-publish","format-standard","has-post-thumbnail","hentry","category-noticias","tag-municipio-de-campo-quijano","tag-simulacro","tag-tren-urbano-gesta-gaucha"],"yoast_head":"<!-- This site is optimized with the Yoast SEO plugin v20.8 - https:\/\/yoast.com\/wordpress\/plugins\/seo\/ -->\n<title>Simulacro de siniestro ferroviario sobre las v\u00edas del tren urbano \u201cGesta Gaucha\u201d, que vincula General G\u00fcemes, la ciudad de Salta y Campo Quijano. - RQ 99.9<\/title>\n<meta name=\"description\" content=\"El objetivo es identificar tareas y trabajar coordinadamente para mitigar problem\u00e1ticas ante un ocasional accidente sobre las v\u00edas del Tren Urbano. Est\u00e1 previsto para la primera semana del pr\u00f3ximo mes.\" \/>\n<meta name=\"robots\" content=\"index, follow, max-snippet:-1, max-image-preview:large, max-video-preview:-1\" \/>\n<link rel=\"canonical\" href=\"https:\/\/nahuelproducciones.com.ar\/radioquijano\/simulacro-de-siniestro-ferroviario-sobre-las-vias-del-tren-urbano-gesta-gaucha-que-vincula-general-guemes-la-ciudad-de-salta-y-campo-quijano\/\" \/>\n<meta property=\"og:locale\" content=\"es_ES\" \/>\n<meta property=\"og:type\" content=\"article\" \/>\n<meta property=\"og:title\" content=\"Simulacro de siniestro ferroviario sobre las v\u00edas del tren urbano \u201cGesta Gaucha\u201d, que vincula General G\u00fcemes, la ciudad de Salta y Campo Quijano. - RQ 99.9\" \/>\n<meta property=\"og:description\" content=\"El objetivo es identificar tareas y trabajar coordinadamente para mitigar problem\u00e1ticas ante un ocasional accidente sobre las v\u00edas del Tren Urbano. Est\u00e1 previsto para la primera semana del pr\u00f3ximo mes.\" \/>\n<meta property=\"og:url\" content=\"https:\/\/nahuelproducciones.com.ar\/radioquijano\/simulacro-de-siniestro-ferroviario-sobre-las-vias-del-tren-urbano-gesta-gaucha-que-vincula-general-guemes-la-ciudad-de-salta-y-campo-quijano\/\" \/>\n<meta property=\"og:site_name\" content=\"RQ 99.9\" \/>\n<meta property=\"article:publisher\" content=\"https:\/\/www.facebook.com\/nahuelproducciones999\/\" \/>\n<meta property=\"article:published_time\" content=\"2025-06-23T14:53:46+00:00\" \/>\n<meta property=\"article:modified_time\" content=\"2025-06-23T14:53:47+00:00\" \/>\n<meta property=\"og:image\" content=\"https:\/\/nahuelproducciones.com.ar\/radioquijano\/wp-content\/uploads\/2025\/06\/102293-nacion-provincia-y-municipalidad-organizan-un-simulacro-de-siniestro-ferroviario-en-capital-e1750690323144.webp\" \/>\n\t<meta property=\"og:image:width\" content=\"700\" \/>\n\t<meta property=\"og:image:height\" content=\"394\" \/>\n\t<meta property=\"og:image:type\" content=\"image\/webp\" \/>\n<meta name=\"author\" content=\"Cecilia Pastrana\" \/>\n<meta name=\"twitter:card\" content=\"summary_large_image\" \/>\n<meta name=\"twitter:creator\" content=\"@nahuproduciones\" \/>\n<meta name=\"twitter:site\" content=\"@nahuproduciones\" \/>\n<meta name=\"twitter:label1\" content=\"Escrito por\" \/>\n\t<meta name=\"twitter:data1\" content=\"Cecilia Pastrana\" \/>\n\t<meta name=\"twitter:label2\" content=\"Tiempo de lectura\" \/>\n\t<meta name=\"twitter:data2\" content=\"2 minutos\" \/>\n<script type=\"application\/ld+json\" class=\"yoast-schema-graph\">{\"@context\":\"https:\/\/schema.org\",\"@graph\":[{\"@type\":\"WebPage\",\"@id\":\"https:\/\/nahuelproducciones.com.ar\/radioquijano\/simulacro-de-siniestro-ferroviario-sobre-las-vias-del-tren-urbano-gesta-gaucha-que-vincula-general-guemes-la-ciudad-de-salta-y-campo-quijano\/\",\"url\":\"https:\/\/nahuelproducciones.com.ar\/radioquijano\/simulacro-de-siniestro-ferroviario-sobre-las-vias-del-tren-urbano-gesta-gaucha-que-vincula-general-guemes-la-ciudad-de-salta-y-campo-quijano\/\",\"name\":\"Simulacro de siniestro ferroviario sobre las v\u00edas del tren urbano \u201cGesta Gaucha\u201d, que vincula General G\u00fcemes, la ciudad de Salta y Campo Quijano. - RQ 99.9\",\"isPartOf\":{\"@id\":\"https:\/\/nahuelproducciones.com.ar\/radioquijano\/#website\"},\"datePublished\":\"2025-06-23T14:53:46+00:00\",\"dateModified\":\"2025-06-23T14:53:47+00:00\",\"author\":{\"@id\":\"https:\/\/nahuelproducciones.com.ar\/radioquijano\/#\/schema\/person\/e8a4f939e2cb487fe6d0c54042c9d32c\"},\"description\":\"El objetivo es identificar tareas y trabajar coordinadamente para mitigar problem\u00e1ticas ante un ocasional accidente sobre las v\u00edas del Tren Urbano. Est\u00e1 previsto para la primera semana del pr\u00f3ximo mes.\",\"breadcrumb\":{\"@id\":\"https:\/\/nahuelproducciones.com.ar\/radioquijano\/simulacro-de-siniestro-ferroviario-sobre-las-vias-del-tren-urbano-gesta-gaucha-que-vincula-general-guemes-la-ciudad-de-salta-y-campo-quijano\/#breadcrumb\"},\"inLanguage\":\"es\",\"potentialAction\":[{\"@type\":\"ReadAction\",\"target\":[\"https:\/\/nahuelproducciones.com.ar\/radioquijano\/simulacro-de-siniestro-ferroviario-sobre-las-vias-del-tren-urbano-gesta-gaucha-que-vincula-general-guemes-la-ciudad-de-salta-y-campo-quijano\/\"]}]},{\"@type\":\"BreadcrumbList\",\"@id\":\"https:\/\/nahuelproducciones.com.ar\/radioquijano\/simulacro-de-siniestro-ferroviario-sobre-las-vias-del-tren-urbano-gesta-gaucha-que-vincula-general-guemes-la-ciudad-de-salta-y-campo-quijano\/#breadcrumb\",\"itemListElement\":[{\"@type\":\"ListItem\",\"position\":1,\"name\":\"Portada\",\"item\":\"https:\/\/nahuelproducciones.com.ar\/radioquijano\/\"},{\"@type\":\"ListItem\",\"position\":2,\"name\":\"Simulacro de siniestro ferroviario sobre las v\u00edas del tren urbano \u201cGesta Gaucha\u201d, que vincula General G\u00fcemes, la ciudad de Salta y Campo Quijano.\"}]},{\"@type\":\"WebSite\",\"@id\":\"https:\/\/nahuelproducciones.com.ar\/radioquijano\/#website\",\"url\":\"https:\/\/nahuelproducciones.com.ar\/radioquijano\/\",\"name\":\"RQ 99.9\",\"description\":\"Radio Quijano 99.9 MHz\",\"potentialAction\":[{\"@type\":\"SearchAction\",\"target\":{\"@type\":\"EntryPoint\",\"urlTemplate\":\"https:\/\/nahuelproducciones.com.ar\/radioquijano\/?s={search_term_string}\"},\"query-input\":\"required name=search_term_string\"}],\"inLanguage\":\"es\"},{\"@type\":\"Person\",\"@id\":\"https:\/\/nahuelproducciones.com.ar\/radioquijano\/#\/schema\/person\/e8a4f939e2cb487fe6d0c54042c9d32c\",\"name\":\"Cecilia Pastrana\",\"image\":{\"@type\":\"ImageObject\",\"inLanguage\":\"es\",\"@id\":\"https:\/\/nahuelproducciones.com.ar\/radioquijano\/#\/schema\/person\/image\/\",\"url\":\"https:\/\/secure.gravatar.com\/avatar\/661a3ef63a8488d4f2794ed44af8cf71420f7e106f3072c40125114df5157749?s=96&d=mm&r=g\",\"contentUrl\":\"https:\/\/secure.gravatar.com\/avatar\/661a3ef63a8488d4f2794ed44af8cf71420f7e106f3072c40125114df5157749?s=96&d=mm&r=g\",\"caption\":\"Cecilia Pastrana\"},\"sameAs\":[\"cecy\"],\"url\":\"https:\/\/nahuelproducciones.com.ar\/radioquijano\/author\/cecy\/\"}]}<\/script>\n<!-- \/ Yoast SEO plugin. -->","yoast_head_json":{"title":"Simulacro de siniestro ferroviario sobre las v\u00edas del tren urbano \u201cGesta Gaucha\u201d, que vincula General G\u00fcemes, la ciudad de Salta y Campo Quijano. - RQ 99.9","description":"El objetivo es identificar tareas y trabajar coordinadamente para mitigar problem\u00e1ticas ante un ocasional accidente sobre las v\u00edas del Tren Urbano. Est\u00e1 previsto para la primera semana del pr\u00f3ximo mes.","robots":{"index":"index","follow":"follow","max-snippet":"max-snippet:-1","max-image-preview":"max-image-preview:large","max-video-preview":"max-video-preview:-1"},"canonical":"https:\/\/nahuelproducciones.com.ar\/radioquijano\/simulacro-de-siniestro-ferroviario-sobre-las-vias-del-tren-urbano-gesta-gaucha-que-vincula-general-guemes-la-ciudad-de-salta-y-campo-quijano\/","og_locale":"es_ES","og_type":"article","og_title":"Simulacro de siniestro ferroviario sobre las v\u00edas del tren urbano \u201cGesta Gaucha\u201d, que vincula General G\u00fcemes, la ciudad de Salta y Campo Quijano. - RQ 99.9","og_description":"El objetivo es identificar tareas y trabajar coordinadamente para mitigar problem\u00e1ticas ante un ocasional accidente sobre las v\u00edas del Tren Urbano. Est\u00e1 previsto para la primera semana del pr\u00f3ximo mes.","og_url":"https:\/\/nahuelproducciones.com.ar\/radioquijano\/simulacro-de-siniestro-ferroviario-sobre-las-vias-del-tren-urbano-gesta-gaucha-que-vincula-general-guemes-la-ciudad-de-salta-y-campo-quijano\/","og_site_name":"RQ 99.9","article_publisher":"https:\/\/www.facebook.com\/nahuelproducciones999\/","article_published_time":"2025-06-23T14:53:46+00:00","article_modified_time":"2025-06-23T14:53:47+00:00","og_image":[{"width":700,"height":394,"url":"https:\/\/nahuelproducciones.com.ar\/radioquijano\/wp-content\/uploads\/2025\/06\/102293-nacion-provincia-y-municipalidad-organizan-un-simulacro-de-siniestro-ferroviario-en-capital-e1750690323144.webp","type":"image\/webp"}],"author":"Cecilia Pastrana","twitter_card":"summary_large_image","twitter_creator":"@nahuproduciones","twitter_site":"@nahuproduciones","twitter_misc":{"Escrito por":"Cecilia Pastrana","Tiempo de lectura":"2 minutos"},"schema":{"@context":"https:\/\/schema.org","@graph":[{"@type":"WebPage","@id":"https:\/\/nahuelproducciones.com.ar\/radioquijano\/simulacro-de-siniestro-ferroviario-sobre-las-vias-del-tren-urbano-gesta-gaucha-que-vincula-general-guemes-la-ciudad-de-salta-y-campo-quijano\/","url":"https:\/\/nahuelproducciones.com.ar\/radioquijano\/simulacro-de-siniestro-ferroviario-sobre-las-vias-del-tren-urbano-gesta-gaucha-que-vincula-general-guemes-la-ciudad-de-salta-y-campo-quijano\/","name":"Simulacro de siniestro ferroviario sobre las v\u00edas del tren urbano \u201cGesta Gaucha\u201d, que vincula General G\u00fcemes, la ciudad de Salta y Campo Quijano. - RQ 99.9","isPartOf":{"@id":"https:\/\/nahuelproducciones.com.ar\/radioquijano\/#website"},"datePublished":"2025-06-23T14:53:46+00:00","dateModified":"2025-06-23T14:53:47+00:00","author":{"@id":"https:\/\/nahuelproducciones.com.ar\/radioquijano\/#\/schema\/person\/e8a4f939e2cb487fe6d0c54042c9d32c"},"description":"El objetivo es identificar tareas y trabajar coordinadamente para mitigar problem\u00e1ticas ante un ocasional accidente sobre las v\u00edas del Tren Urbano. Est\u00e1 previsto para la primera semana del pr\u00f3ximo mes.","breadcrumb":{"@id":"https:\/\/nahuelproducciones.com.ar\/radioquijano\/simulacro-de-siniestro-ferroviario-sobre-las-vias-del-tren-urbano-gesta-gaucha-que-vincula-general-guemes-la-ciudad-de-salta-y-campo-quijano\/#breadcrumb"},"inLanguage":"es","potentialAction":[{"@type":"ReadAction","target":["https:\/\/nahuelproducciones.com.ar\/radioquijano\/simulacro-de-siniestro-ferroviario-sobre-las-vias-del-tren-urbano-gesta-gaucha-que-vincula-general-guemes-la-ciudad-de-salta-y-campo-quijano\/"]}]},{"@type":"BreadcrumbList","@id":"https:\/\/nahuelproducciones.com.ar\/radioquijano\/simulacro-de-siniestro-ferroviario-sobre-las-vias-del-tren-urbano-gesta-gaucha-que-vincula-general-guemes-la-ciudad-de-salta-y-campo-quijano\/#breadcrumb","itemListElement":[{"@type":"ListItem","position":1,"name":"Portada","item":"https:\/\/nahuelproducciones.com.ar\/radioquijano\/"},{"@type":"ListItem","position":2,"name":"Simulacro de siniestro ferroviario sobre las v\u00edas del tren urbano \u201cGesta Gaucha\u201d, que vincula General G\u00fcemes, la ciudad de Salta y Campo Quijano."}]},{"@type":"WebSite","@id":"https:\/\/nahuelproducciones.com.ar\/radioquijano\/#website","url":"https:\/\/nahuelproducciones.com.ar\/radioquijano\/","name":"RQ 99.9","description":"Radio Quijano 99.9 MHz","potentialAction":[{"@type":"SearchAction","target":{"@type":"EntryPoint","urlTemplate":"https:\/\/nahuelproducciones.com.ar\/radioquijano\/?s={search_term_string}"},"query-input":"required name=search_term_string"}],"inLanguage":"es"},{"@type":"Person","@id":"https:\/\/nahuelproducciones.com.ar\/radioquijano\/#\/schema\/person\/e8a4f939e2cb487fe6d0c54042c9d32c","name":"Cecilia Pastrana","image":{"@type":"ImageObject","inLanguage":"es","@id":"https:\/\/nahuelproducciones.com.ar\/radioquijano\/#\/schema\/person\/image\/","url":"https:\/\/secure.gravatar.com\/avatar\/661a3ef63a8488d4f2794ed44af8cf71420f7e106f3072c40125114df5157749?s=96&d=mm&r=g","contentUrl":"https:\/\/secure.gravatar.com\/avatar\/661a3ef63a8488d4f2794ed44af8cf71420f7e106f3072c40125114df5157749?s=96&d=mm&r=g","caption":"Cecilia Pastrana"},"sameAs":["cecy"],"url":"https:\/\/nahuelproducciones.com.ar\/radioquijano\/author\/cecy\/"}]}},"_links":{"self":[{"href":"https:\/\/nahuelproducciones.com.ar\/radioquijano\/wp-json\/wp\/v2\/posts\/10441","targetHints":{"allow":["GET"]}}],"collection":[{"href":"https:\/\/nahuelproducciones.com.ar\/radioquijano\/wp-json\/wp\/v2\/posts"}],"about":[{"href":"https:\/\/nahuelproducciones.com.ar\/radioquijano\/wp-json\/wp\/v2\/types\/post"}],"author":[{"embeddable":true,"href":"https:\/\/nahuelproducciones.com.ar\/radioquijano\/wp-json\/wp\/v2\/users\/8"}],"replies":[{"embeddable":true,"href":"https:\/\/nahuelproducciones.com.ar\/radioquijano\/wp-json\/wp\/v2\/comments?post=10441"}],"version-history":[{"count":1,"href":"https:\/\/nahuelproducciones.com.ar\/radioquijano\/wp-json\/wp\/v2\/posts\/10441\/revisions"}],"predecessor-version":[{"id":10444,"href":"https:\/\/nahuelproducciones.com.ar\/radioquijano\/wp-json\/wp\/v2\/posts\/10441\/revisions\/10444"}],"wp:featuredmedia":[{"embeddable":true,"href":"https:\/\/nahuelproducciones.com.ar\/radioquijano\/wp-json\/wp\/v2\/media\/10443"}],"wp:attachment":[{"href":"https:\/\/nahuelproducciones.com.ar\/radioquijano\/wp-json\/wp\/v2\/media?parent=10441"}],"wp:term":[{"taxonomy":"category","embeddable":true,"href":"https:\/\/nahuelproducciones.com.ar\/radioquijano\/wp-json\/wp\/v2\/categories?post=10441"},{"taxonomy":"post_tag","embeddable":true,"href":"https:\/\/nahuelproducciones.com.ar\/radioquijano\/wp-json\/wp\/v2\/tags?post=10441"}],"curies":[{"name":"wp","href":"https:\/\/api.w.org\/{rel}","templated":true}]}}