{"id":10445,"date":"2025-06-23T13:29:39","date_gmt":"2025-06-23T16:29:39","guid":{"rendered":"https:\/\/nahuelproducciones.com.ar\/radioquijano\/?p=10445"},"modified":"2025-06-23T13:29:41","modified_gmt":"2025-06-23T16:29:41","slug":"centro-de-jubilados-de-campo-quijano-presente-en-el-encuentro-de-mayores-danza-y-expresion-2025","status":"publish","type":"post","link":"https:\/\/nahuelproducciones.com.ar\/radioquijano\/centro-de-jubilados-de-campo-quijano-presente-en-el-encuentro-de-mayores-danza-y-expresion-2025\/","title":{"rendered":"Centro de jubilados de Campo Quijano presente en el Encuentro de Mayores Danza y Expresi\u00f3n 2025\u00a0."},"content":{"rendered":"\n<p> La Secretar\u00eda de las Personas Mayores realizar\u00e1 ma\u00f1ana\u00a0lunes el Encuentro de Mayores \u201cDanza y Expresi\u00f3n 2025\u201d en el cual participar\u00e1n m\u00e1s de 30 organizaciones de distintas partes de la Provincia las cuales re\u00fanen a personas mayores. Dichas organizaciones presentar\u00e1n n\u00fameros \u00a0 art\u00edsticos.\u00a0<\/p>\n\n\n\n<p>El encuentro, de m\u00fasica, danza y recreaci\u00f3n que comenzar\u00e1 a las 16 y se extender\u00e1 hasta pasadas las 20 ser\u00e1 en el Teatro Provincial, Juan Carlos Saravia, Zuvir\u00eda 70. Entre los n\u00fameros artisticos habr\u00e1 tango, ritmos latinos, rock, folclore, gimnasia, etc. Cabe resaltar que la entrada es libre y gratuita.&nbsp;<\/p>\n\n\n\n<p>El secretario de las Personas Mayores,&nbsp;<strong>Juan Carlos Villamayor<\/strong>, manifest\u00f3 que el Encuentro de Mayores es un espect\u00e1culo que propone que la comunidad, que toda la familia salte\u00f1a conozca el trabajo que realiza la Secretar\u00eda de las Personas Mayores, pero a la vez vea que los adultos mayores est\u00e1n mayormente activos y siendo protagonistas en distintos \u00e1mbitos.<\/p>\n\n\n\n<p>Por esta raz\u00f3n se invita a los mayores a que se sumen a las distintas comunidades zonales de adultos mayores y de esa manera puedan conectarse con pares. Villamayor resalt\u00f3 que con este tipo de presentaciones art\u00edsticas las personas mayores dan testimonios de vida a trav\u00e9s del trabajo, la unidad, el optimismo que ponen en cada presentaci\u00f3n y en cada momento de sus d\u00edas.&nbsp;<\/p>\n\n\n<div class=\"wp-block-image\">\n<figure class=\"aligncenter is-resized\"><a href=\"https:\/\/www.salta.gob.ar\/public\/images\/noticias\/contenidos\/17999-las-personas-mayores-celebraran-un-encuentro-de-danzas-y-expresion.webp\"><img decoding=\"async\" src=\"https:\/\/www.salta.gob.ar\/public\/images\/noticias\/contenidos\/17999-las-personas-mayores-celebraran-un-encuentro-de-danzas-y-expresion.webp\" alt=\"Las personas mayores celebrar\u00e1n un encuentro de danzas y expresi\u00f3n.\" style=\"width:500px;height:auto\"\/><\/a><\/figure><\/div>\n\n\n<p>El evento se realiza como parte de concientizar sobre la importancia del cuidado de los mayores ya que el pasado 15 de junio se conmemor\u00f3 el d\u00eda mundial de toma de conciencia contra el abuso y maltrato en la vejez. &nbsp;En este sentido, desde la Secretar\u00eda de las Personas Mayores se insta a la comunidad a promover el buen trato hacia las personas mayores porque la responsabilidad por el buen trato nos involucra a todos.&nbsp;<\/p>\n\n\n\n<p>Al respecto es oportuno destacar que como parte de las pautas que conllevan a buen trato se menciona: el trato a las personas mayores como adultos responsables y aut\u00f3nomos, el permitirles involucrarse en las decisiones que les competen, transmitirles respeto, consideraci\u00f3n, permitirles la participaci\u00f3n de las personas mayores en todos los asuntos sociales, entre otros aspectos.&nbsp;<\/p>\n\n\n\n<p>En otro sentido, el Secretario de las Personas Mayores se\u00f1al\u00f3 que entre todos debemos construir una sociedad m\u00e1s solidaria y equitativa basada en el respeto hacia las personas mayores.&nbsp;<\/p>\n\n\n\n<p>&nbsp;<br><strong>Campa\u00f1a solidaria de donaciones de lanas<\/strong><\/p>\n\n\n\n<p>Por otro lado, desde el organismo, se invita a los integrantes de los Centros de Jubilados que participan en el Teatro y a las familias y amigos que acompa\u00f1an a que puedan acercar sus donativos de lanas, agujas de tejer, bastidores y todo aquello que haya quedado en desuso, pero que est\u00e9n en condiciones, para darles un fin solidario.<\/p>\n\n\n\n<p>La iniciativa busca confeccionar elementos de abrigo como bufandas, gorros y mantas, que ser\u00e1n entregados a personas en situaci\u00f3n de vulnerabilidad. Esta campa\u00f1a refuerza el compromiso de los Adultos Mayores con la solidaridad y la acci\u00f3n comunitaria. La propuesta est\u00e1 a cargo de la responsable de prensa de la Secretar\u00eda de las Personas Mayores, Mariela Esqui\u00fa, con el acompa\u00f1amiento del titular del organismo,&nbsp;Juan Carlos Villamayor y su equipo de trabajo.<br>&nbsp;<br>\u00abEsperamos contar con la solidaridad de los salte\u00f1os\u00bb, sostuvo Villamayor, y agreg\u00f3 que \u201cesta acci\u00f3n es el puntapi\u00e9 inicial para una linda acci\u00f3n solidaria que estamos trabajando. Por eso, pedimos que nos acerquen al teatro esas lanas que quedaron guardadas, o sino en las semanas sucesivas se pueden dejar&nbsp;en la Secretar\u00eda de las Personas Mayores en el horario de 9 a 12, 20 de Febrero 465. Toda&nbsp;la informaci\u00f3n la encontrar\u00e1n en la p\u00e1gina de Facebook de la Secretar\u00eda o llamando a la l\u00ednea 148 opci\u00f3n 2&#8243;&nbsp;<\/p>\n\n\n<div class=\"wp-block-image\">\n<figure class=\"aligncenter is-resized\"><a href=\"https:\/\/www.salta.gob.ar\/public\/images\/noticias\/contenidos\/18015-hoy-se-realizara-el-encuentro-de-mayores-danza-y-expresion-2025.webp\"><img decoding=\"async\" src=\"https:\/\/www.salta.gob.ar\/public\/images\/noticias\/contenidos\/18015-hoy-se-realizara-el-encuentro-de-mayores-danza-y-expresion-2025.webp\" alt=\"Hoy se realizar\u00e1 el Encuentro de Mayores Danza y Expresi\u00f3n 2025\" style=\"width:625px;height:auto\"\/><\/a><\/figure><\/div>\n\n\n<hr class=\"wp-block-separator has-alpha-channel-opacity\"\/>\n\n\n\n<h2 class=\"wp-block-heading\">Video Relacionado<\/h2>\n\n\n\n<hr class=\"wp-block-separator has-alpha-channel-opacity\"\/>\n\n\n\n<figure class=\"wp-block-embed is-type-rich is-provider-gestor-del-servicio wp-block-embed-gestor-del-servicio wp-embed-aspect-16-9 wp-has-aspect-ratio\"><div class=\"wp-block-embed__wrapper\">\n<iframe loading=\"lazy\" title=\"Hoy se realizar\u00e1 el Encuentro de Mayores Danza y Expresi\u00f3n 2025\" width=\"640\" height=\"360\" src=\"https:\/\/www.youtube.com\/embed\/X_312onYroA?feature=oembed\" frameborder=\"0\" allow=\"accelerometer; autoplay; clipboard-write; encrypted-media; gyroscope; picture-in-picture; web-share\" referrerpolicy=\"strict-origin-when-cross-origin\" allowfullscreen><\/iframe>\n<\/div><\/figure>\n\n\n\n<hr class=\"wp-block-separator has-alpha-channel-opacity\"\/>\n\n\n\n<p>Fuente:\u00a0<strong>Secretar\u00eda de Prensa y Comunicaci\u00f3n<\/strong><\/p>\n\n\n\n<p><\/p>\n","protected":false},"excerpt":{"rendered":"<p>La Secretar\u00eda de las Personas Mayores realizar\u00e1 ma\u00f1ana\u00a0lunes el Encuentro de Mayores \u201cDanza y Expresi\u00f3n 2025\u201d en el cual participar\u00e1n m\u00e1s de 30 organizaciones de distintas partes de la Provincia las cuales re\u00fanen a personas mayores. Dichas organizaciones presentar\u00e1n n\u00fameros \u00a0 art\u00edsticos.\u00a0 El encuentro, de m\u00fasica, danza y recreaci\u00f3n que comenzar\u00e1 a las 16 y [&hellip;]<\/p>\n","protected":false},"author":8,"featured_media":10447,"comment_status":"open","ping_status":"open","sticky":false,"template":"","format":"standard","meta":{"_monsterinsights_skip_tracking":false,"_monsterinsights_sitenote_active":false,"_monsterinsights_sitenote_note":"","_monsterinsights_sitenote_category":0,"footnotes":""},"categories":[16],"tags":[112,100,1737],"class_list":["post-10445","post","type-post","status-publish","format-standard","has-post-thumbnail","hentry","category-noticias","tag-centro-de-jub-y-pensionados-el-portal-de-los-andes","tag-municipio-de-campo-quijano","tag-secretaria-de-las-personas-mayores"],"yoast_head":"<!-- This site is optimized with the Yoast SEO plugin v20.8 - https:\/\/yoast.com\/wordpress\/plugins\/seo\/ -->\n<title>Centro de jubilados de Campo Quijano presente en el Encuentro de Mayores Danza y Expresi\u00f3n 2025\u00a0. - RQ 99.9<\/title>\n<meta name=\"description\" content=\"El evento se enmarca en conmemoraci\u00f3n del D\u00eda mundial de la Toma de conciencia contra el abuso y maltrato en la vejez. Ser\u00e1 en el Teatro Provincial Juan Carlos Saravia, este lunes desde las 16. Se invita a toda la comunidad a disfrutar de un gran espect\u00e1culo, la entrada es libre y gratuita.\" \/>\n<meta name=\"robots\" content=\"index, follow, max-snippet:-1, max-image-preview:large, max-video-preview:-1\" \/>\n<link rel=\"canonical\" href=\"https:\/\/nahuelproducciones.com.ar\/radioquijano\/centro-de-jubilados-de-campo-quijano-presente-en-el-encuentro-de-mayores-danza-y-expresion-2025\/\" \/>\n<meta property=\"og:locale\" content=\"es_ES\" \/>\n<meta property=\"og:type\" content=\"article\" \/>\n<meta property=\"og:title\" content=\"Centro de jubilados de Campo Quijano presente en el Encuentro de Mayores Danza y Expresi\u00f3n 2025\u00a0. - RQ 99.9\" \/>\n<meta property=\"og:description\" content=\"El evento se enmarca en conmemoraci\u00f3n del D\u00eda mundial de la Toma de conciencia contra el abuso y maltrato en la vejez. Ser\u00e1 en el Teatro Provincial Juan Carlos Saravia, este lunes desde las 16. Se invita a toda la comunidad a disfrutar de un gran espect\u00e1culo, la entrada es libre y gratuita.\" \/>\n<meta property=\"og:url\" content=\"https:\/\/nahuelproducciones.com.ar\/radioquijano\/centro-de-jubilados-de-campo-quijano-presente-en-el-encuentro-de-mayores-danza-y-expresion-2025\/\" \/>\n<meta property=\"og:site_name\" content=\"RQ 99.9\" \/>\n<meta property=\"article:publisher\" content=\"https:\/\/www.facebook.com\/nahuelproducciones999\/\" \/>\n<meta property=\"article:published_time\" content=\"2025-06-23T16:29:39+00:00\" \/>\n<meta property=\"article:modified_time\" content=\"2025-06-23T16:29:41+00:00\" \/>\n<meta property=\"og:image\" content=\"https:\/\/nahuelproducciones.com.ar\/radioquijano\/wp-content\/uploads\/2025\/06\/102310-el-lunes-23-de-junio-se-realizara-el-encuentro-de-mayores-danza-y-expresion-2025-e1750696028186.webp\" \/>\n\t<meta property=\"og:image:width\" content=\"700\" \/>\n\t<meta property=\"og:image:height\" content=\"394\" \/>\n\t<meta property=\"og:image:type\" content=\"image\/webp\" \/>\n<meta name=\"author\" content=\"Cecilia Pastrana\" \/>\n<meta name=\"twitter:card\" content=\"summary_large_image\" \/>\n<meta name=\"twitter:creator\" content=\"@nahuproduciones\" \/>\n<meta name=\"twitter:site\" content=\"@nahuproduciones\" \/>\n<meta name=\"twitter:label1\" content=\"Escrito por\" \/>\n\t<meta name=\"twitter:data1\" content=\"Cecilia Pastrana\" \/>\n\t<meta name=\"twitter:label2\" content=\"Tiempo de lectura\" \/>\n\t<meta name=\"twitter:data2\" content=\"4 minutos\" \/>\n<script type=\"application\/ld+json\" class=\"yoast-schema-graph\">{\"@context\":\"https:\/\/schema.org\",\"@graph\":[{\"@type\":\"WebPage\",\"@id\":\"https:\/\/nahuelproducciones.com.ar\/radioquijano\/centro-de-jubilados-de-campo-quijano-presente-en-el-encuentro-de-mayores-danza-y-expresion-2025\/\",\"url\":\"https:\/\/nahuelproducciones.com.ar\/radioquijano\/centro-de-jubilados-de-campo-quijano-presente-en-el-encuentro-de-mayores-danza-y-expresion-2025\/\",\"name\":\"Centro de jubilados de Campo Quijano presente en el Encuentro de Mayores Danza y Expresi\u00f3n 2025\u00a0. - RQ 99.9\",\"isPartOf\":{\"@id\":\"https:\/\/nahuelproducciones.com.ar\/radioquijano\/#website\"},\"datePublished\":\"2025-06-23T16:29:39+00:00\",\"dateModified\":\"2025-06-23T16:29:41+00:00\",\"author\":{\"@id\":\"https:\/\/nahuelproducciones.com.ar\/radioquijano\/#\/schema\/person\/e8a4f939e2cb487fe6d0c54042c9d32c\"},\"description\":\"El evento se enmarca en conmemoraci\u00f3n del D\u00eda mundial de la Toma de conciencia contra el abuso y maltrato en la vejez. Ser\u00e1 en el Teatro Provincial Juan Carlos Saravia, este lunes desde las 16. Se invita a toda la comunidad a disfrutar de un gran espect\u00e1culo, la entrada es libre y gratuita.\",\"breadcrumb\":{\"@id\":\"https:\/\/nahuelproducciones.com.ar\/radioquijano\/centro-de-jubilados-de-campo-quijano-presente-en-el-encuentro-de-mayores-danza-y-expresion-2025\/#breadcrumb\"},\"inLanguage\":\"es\",\"potentialAction\":[{\"@type\":\"ReadAction\",\"target\":[\"https:\/\/nahuelproducciones.com.ar\/radioquijano\/centro-de-jubilados-de-campo-quijano-presente-en-el-encuentro-de-mayores-danza-y-expresion-2025\/\"]}]},{\"@type\":\"BreadcrumbList\",\"@id\":\"https:\/\/nahuelproducciones.com.ar\/radioquijano\/centro-de-jubilados-de-campo-quijano-presente-en-el-encuentro-de-mayores-danza-y-expresion-2025\/#breadcrumb\",\"itemListElement\":[{\"@type\":\"ListItem\",\"position\":1,\"name\":\"Portada\",\"item\":\"https:\/\/nahuelproducciones.com.ar\/radioquijano\/\"},{\"@type\":\"ListItem\",\"position\":2,\"name\":\"Centro de jubilados de Campo Quijano presente en el Encuentro de Mayores Danza y Expresi\u00f3n 2025\u00a0.\"}]},{\"@type\":\"WebSite\",\"@id\":\"https:\/\/nahuelproducciones.com.ar\/radioquijano\/#website\",\"url\":\"https:\/\/nahuelproducciones.com.ar\/radioquijano\/\",\"name\":\"RQ 99.9\",\"description\":\"Radio Quijano 99.9 MHz\",\"potentialAction\":[{\"@type\":\"SearchAction\",\"target\":{\"@type\":\"EntryPoint\",\"urlTemplate\":\"https:\/\/nahuelproducciones.com.ar\/radioquijano\/?s={search_term_string}\"},\"query-input\":\"required name=search_term_string\"}],\"inLanguage\":\"es\"},{\"@type\":\"Person\",\"@id\":\"https:\/\/nahuelproducciones.com.ar\/radioquijano\/#\/schema\/person\/e8a4f939e2cb487fe6d0c54042c9d32c\",\"name\":\"Cecilia Pastrana\",\"image\":{\"@type\":\"ImageObject\",\"inLanguage\":\"es\",\"@id\":\"https:\/\/nahuelproducciones.com.ar\/radioquijano\/#\/schema\/person\/image\/\",\"url\":\"https:\/\/secure.gravatar.com\/avatar\/661a3ef63a8488d4f2794ed44af8cf71420f7e106f3072c40125114df5157749?s=96&d=mm&r=g\",\"contentUrl\":\"https:\/\/secure.gravatar.com\/avatar\/661a3ef63a8488d4f2794ed44af8cf71420f7e106f3072c40125114df5157749?s=96&d=mm&r=g\",\"caption\":\"Cecilia Pastrana\"},\"sameAs\":[\"cecy\"],\"url\":\"https:\/\/nahuelproducciones.com.ar\/radioquijano\/author\/cecy\/\"}]}<\/script>\n<!-- \/ Yoast SEO plugin. -->","yoast_head_json":{"title":"Centro de jubilados de Campo Quijano presente en el Encuentro de Mayores Danza y Expresi\u00f3n 2025\u00a0. - RQ 99.9","description":"El evento se enmarca en conmemoraci\u00f3n del D\u00eda mundial de la Toma de conciencia contra el abuso y maltrato en la vejez. Ser\u00e1 en el Teatro Provincial Juan Carlos Saravia, este lunes desde las 16. Se invita a toda la comunidad a disfrutar de un gran espect\u00e1culo, la entrada es libre y gratuita.","robots":{"index":"index","follow":"follow","max-snippet":"max-snippet:-1","max-image-preview":"max-image-preview:large","max-video-preview":"max-video-preview:-1"},"canonical":"https:\/\/nahuelproducciones.com.ar\/radioquijano\/centro-de-jubilados-de-campo-quijano-presente-en-el-encuentro-de-mayores-danza-y-expresion-2025\/","og_locale":"es_ES","og_type":"article","og_title":"Centro de jubilados de Campo Quijano presente en el Encuentro de Mayores Danza y Expresi\u00f3n 2025\u00a0. - RQ 99.9","og_description":"El evento se enmarca en conmemoraci\u00f3n del D\u00eda mundial de la Toma de conciencia contra el abuso y maltrato en la vejez. Ser\u00e1 en el Teatro Provincial Juan Carlos Saravia, este lunes desde las 16. Se invita a toda la comunidad a disfrutar de un gran espect\u00e1culo, la entrada es libre y gratuita.","og_url":"https:\/\/nahuelproducciones.com.ar\/radioquijano\/centro-de-jubilados-de-campo-quijano-presente-en-el-encuentro-de-mayores-danza-y-expresion-2025\/","og_site_name":"RQ 99.9","article_publisher":"https:\/\/www.facebook.com\/nahuelproducciones999\/","article_published_time":"2025-06-23T16:29:39+00:00","article_modified_time":"2025-06-23T16:29:41+00:00","og_image":[{"width":700,"height":394,"url":"https:\/\/nahuelproducciones.com.ar\/radioquijano\/wp-content\/uploads\/2025\/06\/102310-el-lunes-23-de-junio-se-realizara-el-encuentro-de-mayores-danza-y-expresion-2025-e1750696028186.webp","type":"image\/webp"}],"author":"Cecilia Pastrana","twitter_card":"summary_large_image","twitter_creator":"@nahuproduciones","twitter_site":"@nahuproduciones","twitter_misc":{"Escrito por":"Cecilia Pastrana","Tiempo de lectura":"4 minutos"},"schema":{"@context":"https:\/\/schema.org","@graph":[{"@type":"WebPage","@id":"https:\/\/nahuelproducciones.com.ar\/radioquijano\/centro-de-jubilados-de-campo-quijano-presente-en-el-encuentro-de-mayores-danza-y-expresion-2025\/","url":"https:\/\/nahuelproducciones.com.ar\/radioquijano\/centro-de-jubilados-de-campo-quijano-presente-en-el-encuentro-de-mayores-danza-y-expresion-2025\/","name":"Centro de jubilados de Campo Quijano presente en el Encuentro de Mayores Danza y Expresi\u00f3n 2025\u00a0. - RQ 99.9","isPartOf":{"@id":"https:\/\/nahuelproducciones.com.ar\/radioquijano\/#website"},"datePublished":"2025-06-23T16:29:39+00:00","dateModified":"2025-06-23T16:29:41+00:00","author":{"@id":"https:\/\/nahuelproducciones.com.ar\/radioquijano\/#\/schema\/person\/e8a4f939e2cb487fe6d0c54042c9d32c"},"description":"El evento se enmarca en conmemoraci\u00f3n del D\u00eda mundial de la Toma de conciencia contra el abuso y maltrato en la vejez. Ser\u00e1 en el Teatro Provincial Juan Carlos Saravia, este lunes desde las 16. Se invita a toda la comunidad a disfrutar de un gran espect\u00e1culo, la entrada es libre y gratuita.","breadcrumb":{"@id":"https:\/\/nahuelproducciones.com.ar\/radioquijano\/centro-de-jubilados-de-campo-quijano-presente-en-el-encuentro-de-mayores-danza-y-expresion-2025\/#breadcrumb"},"inLanguage":"es","potentialAction":[{"@type":"ReadAction","target":["https:\/\/nahuelproducciones.com.ar\/radioquijano\/centro-de-jubilados-de-campo-quijano-presente-en-el-encuentro-de-mayores-danza-y-expresion-2025\/"]}]},{"@type":"BreadcrumbList","@id":"https:\/\/nahuelproducciones.com.ar\/radioquijano\/centro-de-jubilados-de-campo-quijano-presente-en-el-encuentro-de-mayores-danza-y-expresion-2025\/#breadcrumb","itemListElement":[{"@type":"ListItem","position":1,"name":"Portada","item":"https:\/\/nahuelproducciones.com.ar\/radioquijano\/"},{"@type":"ListItem","position":2,"name":"Centro de jubilados de Campo Quijano presente en el Encuentro de Mayores Danza y Expresi\u00f3n 2025\u00a0."}]},{"@type":"WebSite","@id":"https:\/\/nahuelproducciones.com.ar\/radioquijano\/#website","url":"https:\/\/nahuelproducciones.com.ar\/radioquijano\/","name":"RQ 99.9","description":"Radio Quijano 99.9 MHz","potentialAction":[{"@type":"SearchAction","target":{"@type":"EntryPoint","urlTemplate":"https:\/\/nahuelproducciones.com.ar\/radioquijano\/?s={search_term_string}"},"query-input":"required name=search_term_string"}],"inLanguage":"es"},{"@type":"Person","@id":"https:\/\/nahuelproducciones.com.ar\/radioquijano\/#\/schema\/person\/e8a4f939e2cb487fe6d0c54042c9d32c","name":"Cecilia Pastrana","image":{"@type":"ImageObject","inLanguage":"es","@id":"https:\/\/nahuelproducciones.com.ar\/radioquijano\/#\/schema\/person\/image\/","url":"https:\/\/secure.gravatar.com\/avatar\/661a3ef63a8488d4f2794ed44af8cf71420f7e106f3072c40125114df5157749?s=96&d=mm&r=g","contentUrl":"https:\/\/secure.gravatar.com\/avatar\/661a3ef63a8488d4f2794ed44af8cf71420f7e106f3072c40125114df5157749?s=96&d=mm&r=g","caption":"Cecilia Pastrana"},"sameAs":["cecy"],"url":"https:\/\/nahuelproducciones.com.ar\/radioquijano\/author\/cecy\/"}]}},"_links":{"self":[{"href":"https:\/\/nahuelproducciones.com.ar\/radioquijano\/wp-json\/wp\/v2\/posts\/10445","targetHints":{"allow":["GET"]}}],"collection":[{"href":"https:\/\/nahuelproducciones.com.ar\/radioquijano\/wp-json\/wp\/v2\/posts"}],"about":[{"href":"https:\/\/nahuelproducciones.com.ar\/radioquijano\/wp-json\/wp\/v2\/types\/post"}],"author":[{"embeddable":true,"href":"https:\/\/nahuelproducciones.com.ar\/radioquijano\/wp-json\/wp\/v2\/users\/8"}],"replies":[{"embeddable":true,"href":"https:\/\/nahuelproducciones.com.ar\/radioquijano\/wp-json\/wp\/v2\/comments?post=10445"}],"version-history":[{"count":1,"href":"https:\/\/nahuelproducciones.com.ar\/radioquijano\/wp-json\/wp\/v2\/posts\/10445\/revisions"}],"predecessor-version":[{"id":10448,"href":"https:\/\/nahuelproducciones.com.ar\/radioquijano\/wp-json\/wp\/v2\/posts\/10445\/revisions\/10448"}],"wp:featuredmedia":[{"embeddable":true,"href":"https:\/\/nahuelproducciones.com.ar\/radioquijano\/wp-json\/wp\/v2\/media\/10447"}],"wp:attachment":[{"href":"https:\/\/nahuelproducciones.com.ar\/radioquijano\/wp-json\/wp\/v2\/media?parent=10445"}],"wp:term":[{"taxonomy":"category","embeddable":true,"href":"https:\/\/nahuelproducciones.com.ar\/radioquijano\/wp-json\/wp\/v2\/categories?post=10445"},{"taxonomy":"post_tag","embeddable":true,"href":"https:\/\/nahuelproducciones.com.ar\/radioquijano\/wp-json\/wp\/v2\/tags?post=10445"}],"curies":[{"name":"wp","href":"https:\/\/api.w.org\/{rel}","templated":true}]}}