{"id":10482,"date":"2025-06-25T15:55:27","date_gmt":"2025-06-25T18:55:27","guid":{"rendered":"https:\/\/nahuelproducciones.com.ar\/radioquijano\/?p=10482"},"modified":"2025-06-25T15:55:28","modified_gmt":"2025-06-25T18:55:28","slug":"campo-quijano-se-prepara-para-una-gran-jornada-de-tradicion-y-fiesta-popular","status":"publish","type":"post","link":"https:\/\/nahuelproducciones.com.ar\/radioquijano\/campo-quijano-se-prepara-para-una-gran-jornada-de-tradicion-y-fiesta-popular\/","title":{"rendered":"Campo Quijano se prepara para una gran jornada de tradici\u00f3n y fiesta popular"},"content":{"rendered":"\n<p><strong>S\u00e1bado 5 de julio: Festival de Pialada, Jineteada y Baile Carpero en el Picadero Santiago Ap\u00f3stol<\/strong><\/p>\n\n\n\n<p>La tradici\u00f3n gaucha y la alegr\u00eda popular se dar\u00e1n cita este <strong>s\u00e1bado 5 de julio<\/strong> en <strong>Campo Quijano<\/strong>, que se vestir\u00e1 de fiesta para celebrar el gran <strong>Festival de Pialada y Jineteada<\/strong>, con cierre a puro ritmo en un <strong>Baile Carpero y Popular<\/strong> que promete extenderse hasta la madrugada.<\/p>\n\n\n\n<p>El evento, que se desarrollar\u00e1 a partir del <strong>mediod\u00eda<\/strong> en el predio del <strong>Picadero Santiago Ap\u00f3stol<\/strong>, es organizado e impulsado por la <strong>Agrupaci\u00f3n Gauchos de G\u00fcemes Rodeo Antenor S\u00e1nchez<\/strong>, con el firme prop\u00f3sito de mantener vivas las ra\u00edces culturales y rendir homenaje al esp\u00edritu del gaucho salte\u00f1o.<\/p>\n\n\n\n<p>En di\u00e1logo con <strong>Radio Quijano<\/strong>, <strong>Marcos Vilte<\/strong>, presidente de la agrupaci\u00f3n, destac\u00f3 que \u201cser\u00e1 una jornada cargada de emoci\u00f3n, destreza y m\u00fasica, en la que diremos bien fuerte \u2018\u00a1Viva la Patria!\u2019\u201d.<\/p>\n\n\n\n<h3 class=\"wp-block-heading\">Tradici\u00f3n a flor de piel: pialada y jineteada<\/h3>\n\n\n\n<p>Desde temprano, los presentes podr\u00e1n disfrutar de una <strong>gran pialada con hacienda del Chino Herrera<\/strong>, seguida por una espectacular <strong>jineteada con las tropillas<\/strong>:<\/p>\n\n\n\n<ul class=\"wp-block-list\">\n<li><strong>El Relincho de Benecio (Jujuy)<\/strong><\/li>\n\n\n\n<li><strong>La Ilusi\u00f3n de Amaya<\/strong><\/li>\n\n\n\n<li><strong>La Cruz y Fierro de los Hermanos Cruz<\/strong><\/li>\n<\/ul>\n\n\n\n<p>La animaci\u00f3n estar\u00e1 a cargo de <strong>Javier Cruz<\/strong>, tambi\u00e9n oriundo de Jujuy, y el payador <strong>Bagual Prieto<\/strong> ser\u00e1 quien acompa\u00f1e con su arte criollo cada momento.<\/p>\n\n\n\n<h3 class=\"wp-block-heading\">Montas especiales:<\/h3>\n\n\n\n<ul class=\"wp-block-list\">\n<li><strong>Clina<\/strong>: <em>El Cabur\u00e9<\/em> de la tropilla Cruz vs <strong>Franco Gonz\u00e1lez<\/strong><\/li>\n\n\n\n<li><strong>Grupa<\/strong>: <em>El Discutido<\/em> de Benecio vs <strong>Javier Ortiz<\/strong><\/li>\n\n\n\n<li><strong>Basto<\/strong>: <em>El 222<\/em> de Amaya vs <strong>Roy Lucero<\/strong><\/li>\n<\/ul>\n\n\n\n<p>Los apadrinadores ser\u00e1n <strong>\u00c1lvaro Le\u00f3n<\/strong> y <strong>Mariano Samill\u00e1n<\/strong>, encargados de velar por la seguridad en cada monta.<\/p>\n\n\n\n<h3 class=\"wp-block-heading\">De la tierra al baile: m\u00fasica y fiesta hasta el amanecer<\/h3>\n\n\n\n<p>A partir de las <strong>19 horas<\/strong>, el escenario del Picadero se transformar\u00e1 para dar lugar al <strong>gran Baile Carpero<\/strong>, con artistas populares que pondr\u00e1n a todos a bailar hasta las <strong>4 de la ma\u00f1ana<\/strong>. Entre los destacados de la noche estar\u00e1n:<\/p>\n\n\n\n<ul class=\"wp-block-list\">\n<li><strong>Los Brillantes Latinos<\/strong><\/li>\n\n\n\n<li><strong>Agua y Sol<\/strong><\/li>\n\n\n\n<li><strong>Guarachos Borbotones<\/strong><\/li>\n\n\n\n<li><strong>Palmas Arriba<\/strong><\/li>\n\n\n\n<li><strong>Chano y sus Tropicales<\/strong><\/li>\n\n\n\n<li><strong>Chaco Flores<\/strong><\/li>\n\n\n\n<li><strong>Jorge y La Revoluci\u00f3n Carpera<\/strong><\/li>\n\n\n\n<li><strong>El Seba Vel\u00e1squez<\/strong><\/li>\n<\/ul>\n\n\n\n<p>La animaci\u00f3n estar\u00e1 a cargo del inconfundible <strong>Chino Mar\u00edn<\/strong>.<\/p>\n\n\n\n<h3 class=\"wp-block-heading\">Una cita imperdible para toda la familia<\/h3>\n\n\n\n<p>El Festival de Pialada y Jineteada en el Picadero <strong>Santiago Ap\u00f3stol<\/strong> ser\u00e1 una verdadera fiesta del pueblo, donde se celebrar\u00e1 nuestra identidad cultural, la pasi\u00f3n gaucha y el encuentro comunitario.<\/p>\n\n\n\n<p><strong>\u00a1Campo Quijano dice presente con orgullo y tradici\u00f3n! \u00a1Viva la Patria!<\/strong><\/p>\n\n\n\n<p>Escucha la entrevista:<\/p>\n\n\n\n<figure class=\"wp-block-audio\"><audio controls src=\"https:\/\/nahuelproducciones.com.ar\/radioquijano\/wp-content\/uploads\/2025\/06\/25-06-2025-MARCOS-VILTE-FIESTA-5-DE-JUNIO.mp3\"><\/audio><\/figure>\n\n\n\n<figure class=\"wp-block-gallery has-nested-images columns-default is-cropped wp-block-gallery-1 is-layout-flex wp-block-gallery-is-layout-flex\">\n<figure class=\"wp-block-image size-large\"><img loading=\"lazy\" decoding=\"async\" width=\"417\" height=\"590\" data-id=\"10484\" src=\"https:\/\/nahuelproducciones.com.ar\/radioquijano\/wp-content\/uploads\/2025\/06\/WhatsApp-Image-2025-06-25-at-1.15.46-PM.jpeg\" alt=\"\" class=\"wp-image-10484\" srcset=\"https:\/\/nahuelproducciones.com.ar\/radioquijano\/wp-content\/uploads\/2025\/06\/WhatsApp-Image-2025-06-25-at-1.15.46-PM.jpeg 417w, https:\/\/nahuelproducciones.com.ar\/radioquijano\/wp-content\/uploads\/2025\/06\/WhatsApp-Image-2025-06-25-at-1.15.46-PM-212x300.jpeg 212w, https:\/\/nahuelproducciones.com.ar\/radioquijano\/wp-content\/uploads\/2025\/06\/WhatsApp-Image-2025-06-25-at-1.15.46-PM-150x212.jpeg 150w\" sizes=\"auto, (max-width: 417px) 100vw, 417px\" \/><\/figure>\n\n\n\n<figure class=\"wp-block-image size-large\"><img loading=\"lazy\" decoding=\"async\" width=\"338\" height=\"600\" data-id=\"10485\" src=\"https:\/\/nahuelproducciones.com.ar\/radioquijano\/wp-content\/uploads\/2025\/06\/WhatsApp-Image-2025-06-25-at-1.15.58-PM.jpeg\" alt=\"\" class=\"wp-image-10485\" srcset=\"https:\/\/nahuelproducciones.com.ar\/radioquijano\/wp-content\/uploads\/2025\/06\/WhatsApp-Image-2025-06-25-at-1.15.58-PM.jpeg 338w, https:\/\/nahuelproducciones.com.ar\/radioquijano\/wp-content\/uploads\/2025\/06\/WhatsApp-Image-2025-06-25-at-1.15.58-PM-169x300.jpeg 169w, https:\/\/nahuelproducciones.com.ar\/radioquijano\/wp-content\/uploads\/2025\/06\/WhatsApp-Image-2025-06-25-at-1.15.58-PM-150x266.jpeg 150w\" sizes=\"auto, (max-width: 338px) 100vw, 338px\" \/><\/figure>\n<\/figure>\n","protected":false},"excerpt":{"rendered":"<p>S\u00e1bado 5 de julio: Festival de Pialada, Jineteada y Baile Carpero en el Picadero Santiago Ap\u00f3stol La tradici\u00f3n gaucha y la alegr\u00eda popular se dar\u00e1n cita este s\u00e1bado 5 de julio en Campo Quijano, que se vestir\u00e1 de fiesta para celebrar el gran Festival de Pialada y Jineteada, con cierre a puro ritmo en un [&hellip;]<\/p>\n","protected":false},"author":8,"featured_media":10485,"comment_status":"open","ping_status":"open","sticky":false,"template":"","format":"standard","meta":{"_monsterinsights_skip_tracking":false,"_monsterinsights_sitenote_active":false,"_monsterinsights_sitenote_note":"","_monsterinsights_sitenote_category":0,"footnotes":""},"categories":[16],"tags":[1329,236,100],"class_list":["post-10482","post","type-post","status-publish","format-standard","has-post-thumbnail","hentry","category-noticias","tag-agrupacion-de-gauchos-de-guemes-rodeo-antenor-sanchez-2","tag-marcos-vilte","tag-municipio-de-campo-quijano"],"yoast_head":"<!-- This site is optimized with the Yoast SEO plugin v20.8 - https:\/\/yoast.com\/wordpress\/plugins\/seo\/ -->\n<title>Campo Quijano se prepara para una gran jornada de tradici\u00f3n y fiesta popular - RQ 99.9<\/title>\n<meta name=\"description\" content=\"El Festival de Pialada y Jineteada en el Picadero Santiago Ap\u00f3stol ser\u00e1 una verdadera fiesta del pueblo, donde se celebrar\u00e1 nuestra identidad cultural, la pasi\u00f3n gaucha y el encuentro comunitario.\" \/>\n<meta name=\"robots\" content=\"index, follow, max-snippet:-1, max-image-preview:large, max-video-preview:-1\" \/>\n<link rel=\"canonical\" href=\"https:\/\/nahuelproducciones.com.ar\/radioquijano\/campo-quijano-se-prepara-para-una-gran-jornada-de-tradicion-y-fiesta-popular\/\" \/>\n<meta property=\"og:locale\" content=\"es_ES\" \/>\n<meta property=\"og:type\" content=\"article\" \/>\n<meta property=\"og:title\" content=\"Campo Quijano se prepara para una gran jornada de tradici\u00f3n y fiesta popular - RQ 99.9\" \/>\n<meta property=\"og:description\" content=\"El Festival de Pialada y Jineteada en el Picadero Santiago Ap\u00f3stol ser\u00e1 una verdadera fiesta del pueblo, donde se celebrar\u00e1 nuestra identidad cultural, la pasi\u00f3n gaucha y el encuentro comunitario.\" \/>\n<meta property=\"og:url\" content=\"https:\/\/nahuelproducciones.com.ar\/radioquijano\/campo-quijano-se-prepara-para-una-gran-jornada-de-tradicion-y-fiesta-popular\/\" \/>\n<meta property=\"og:site_name\" content=\"RQ 99.9\" \/>\n<meta property=\"article:publisher\" content=\"https:\/\/www.facebook.com\/nahuelproducciones999\/\" \/>\n<meta property=\"article:published_time\" content=\"2025-06-25T18:55:27+00:00\" \/>\n<meta property=\"article:modified_time\" content=\"2025-06-25T18:55:28+00:00\" \/>\n<meta property=\"og:image\" content=\"https:\/\/nahuelproducciones.com.ar\/radioquijano\/wp-content\/uploads\/2025\/06\/WhatsApp-Image-2025-06-25-at-1.15.58-PM.jpeg\" \/>\n\t<meta property=\"og:image:width\" content=\"338\" \/>\n\t<meta property=\"og:image:height\" content=\"600\" \/>\n\t<meta property=\"og:image:type\" content=\"image\/jpeg\" \/>\n<meta name=\"author\" content=\"Cecilia Pastrana\" \/>\n<meta name=\"twitter:card\" content=\"summary_large_image\" \/>\n<meta name=\"twitter:creator\" content=\"@nahuproduciones\" \/>\n<meta name=\"twitter:site\" content=\"@nahuproduciones\" \/>\n<meta name=\"twitter:label1\" content=\"Escrito por\" \/>\n\t<meta name=\"twitter:data1\" content=\"Cecilia Pastrana\" \/>\n\t<meta name=\"twitter:label2\" content=\"Tiempo de lectura\" \/>\n\t<meta name=\"twitter:data2\" content=\"3 minutos\" \/>\n<script type=\"application\/ld+json\" class=\"yoast-schema-graph\">{\"@context\":\"https:\/\/schema.org\",\"@graph\":[{\"@type\":\"WebPage\",\"@id\":\"https:\/\/nahuelproducciones.com.ar\/radioquijano\/campo-quijano-se-prepara-para-una-gran-jornada-de-tradicion-y-fiesta-popular\/\",\"url\":\"https:\/\/nahuelproducciones.com.ar\/radioquijano\/campo-quijano-se-prepara-para-una-gran-jornada-de-tradicion-y-fiesta-popular\/\",\"name\":\"Campo Quijano se prepara para una gran jornada de tradici\u00f3n y fiesta popular - RQ 99.9\",\"isPartOf\":{\"@id\":\"https:\/\/nahuelproducciones.com.ar\/radioquijano\/#website\"},\"datePublished\":\"2025-06-25T18:55:27+00:00\",\"dateModified\":\"2025-06-25T18:55:28+00:00\",\"author\":{\"@id\":\"https:\/\/nahuelproducciones.com.ar\/radioquijano\/#\/schema\/person\/e8a4f939e2cb487fe6d0c54042c9d32c\"},\"description\":\"El Festival de Pialada y Jineteada en el Picadero Santiago Ap\u00f3stol ser\u00e1 una verdadera fiesta del pueblo, donde se celebrar\u00e1 nuestra identidad cultural, la pasi\u00f3n gaucha y el encuentro comunitario.\",\"breadcrumb\":{\"@id\":\"https:\/\/nahuelproducciones.com.ar\/radioquijano\/campo-quijano-se-prepara-para-una-gran-jornada-de-tradicion-y-fiesta-popular\/#breadcrumb\"},\"inLanguage\":\"es\",\"potentialAction\":[{\"@type\":\"ReadAction\",\"target\":[\"https:\/\/nahuelproducciones.com.ar\/radioquijano\/campo-quijano-se-prepara-para-una-gran-jornada-de-tradicion-y-fiesta-popular\/\"]}]},{\"@type\":\"BreadcrumbList\",\"@id\":\"https:\/\/nahuelproducciones.com.ar\/radioquijano\/campo-quijano-se-prepara-para-una-gran-jornada-de-tradicion-y-fiesta-popular\/#breadcrumb\",\"itemListElement\":[{\"@type\":\"ListItem\",\"position\":1,\"name\":\"Portada\",\"item\":\"https:\/\/nahuelproducciones.com.ar\/radioquijano\/\"},{\"@type\":\"ListItem\",\"position\":2,\"name\":\"Campo Quijano se prepara para una gran jornada de tradici\u00f3n y fiesta popular\"}]},{\"@type\":\"WebSite\",\"@id\":\"https:\/\/nahuelproducciones.com.ar\/radioquijano\/#website\",\"url\":\"https:\/\/nahuelproducciones.com.ar\/radioquijano\/\",\"name\":\"RQ 99.9\",\"description\":\"Radio Quijano 99.9 MHz\",\"potentialAction\":[{\"@type\":\"SearchAction\",\"target\":{\"@type\":\"EntryPoint\",\"urlTemplate\":\"https:\/\/nahuelproducciones.com.ar\/radioquijano\/?s={search_term_string}\"},\"query-input\":\"required name=search_term_string\"}],\"inLanguage\":\"es\"},{\"@type\":\"Person\",\"@id\":\"https:\/\/nahuelproducciones.com.ar\/radioquijano\/#\/schema\/person\/e8a4f939e2cb487fe6d0c54042c9d32c\",\"name\":\"Cecilia Pastrana\",\"image\":{\"@type\":\"ImageObject\",\"inLanguage\":\"es\",\"@id\":\"https:\/\/nahuelproducciones.com.ar\/radioquijano\/#\/schema\/person\/image\/\",\"url\":\"https:\/\/secure.gravatar.com\/avatar\/661a3ef63a8488d4f2794ed44af8cf71420f7e106f3072c40125114df5157749?s=96&d=mm&r=g\",\"contentUrl\":\"https:\/\/secure.gravatar.com\/avatar\/661a3ef63a8488d4f2794ed44af8cf71420f7e106f3072c40125114df5157749?s=96&d=mm&r=g\",\"caption\":\"Cecilia Pastrana\"},\"sameAs\":[\"cecy\"],\"url\":\"https:\/\/nahuelproducciones.com.ar\/radioquijano\/author\/cecy\/\"}]}<\/script>\n<!-- \/ Yoast SEO plugin. -->","yoast_head_json":{"title":"Campo Quijano se prepara para una gran jornada de tradici\u00f3n y fiesta popular - RQ 99.9","description":"El Festival de Pialada y Jineteada en el Picadero Santiago Ap\u00f3stol ser\u00e1 una verdadera fiesta del pueblo, donde se celebrar\u00e1 nuestra identidad cultural, la pasi\u00f3n gaucha y el encuentro comunitario.","robots":{"index":"index","follow":"follow","max-snippet":"max-snippet:-1","max-image-preview":"max-image-preview:large","max-video-preview":"max-video-preview:-1"},"canonical":"https:\/\/nahuelproducciones.com.ar\/radioquijano\/campo-quijano-se-prepara-para-una-gran-jornada-de-tradicion-y-fiesta-popular\/","og_locale":"es_ES","og_type":"article","og_title":"Campo Quijano se prepara para una gran jornada de tradici\u00f3n y fiesta popular - RQ 99.9","og_description":"El Festival de Pialada y Jineteada en el Picadero Santiago Ap\u00f3stol ser\u00e1 una verdadera fiesta del pueblo, donde se celebrar\u00e1 nuestra identidad cultural, la pasi\u00f3n gaucha y el encuentro comunitario.","og_url":"https:\/\/nahuelproducciones.com.ar\/radioquijano\/campo-quijano-se-prepara-para-una-gran-jornada-de-tradicion-y-fiesta-popular\/","og_site_name":"RQ 99.9","article_publisher":"https:\/\/www.facebook.com\/nahuelproducciones999\/","article_published_time":"2025-06-25T18:55:27+00:00","article_modified_time":"2025-06-25T18:55:28+00:00","og_image":[{"width":338,"height":600,"url":"https:\/\/nahuelproducciones.com.ar\/radioquijano\/wp-content\/uploads\/2025\/06\/WhatsApp-Image-2025-06-25-at-1.15.58-PM.jpeg","type":"image\/jpeg"}],"author":"Cecilia Pastrana","twitter_card":"summary_large_image","twitter_creator":"@nahuproduciones","twitter_site":"@nahuproduciones","twitter_misc":{"Escrito por":"Cecilia Pastrana","Tiempo de lectura":"3 minutos"},"schema":{"@context":"https:\/\/schema.org","@graph":[{"@type":"WebPage","@id":"https:\/\/nahuelproducciones.com.ar\/radioquijano\/campo-quijano-se-prepara-para-una-gran-jornada-de-tradicion-y-fiesta-popular\/","url":"https:\/\/nahuelproducciones.com.ar\/radioquijano\/campo-quijano-se-prepara-para-una-gran-jornada-de-tradicion-y-fiesta-popular\/","name":"Campo Quijano se prepara para una gran jornada de tradici\u00f3n y fiesta popular - RQ 99.9","isPartOf":{"@id":"https:\/\/nahuelproducciones.com.ar\/radioquijano\/#website"},"datePublished":"2025-06-25T18:55:27+00:00","dateModified":"2025-06-25T18:55:28+00:00","author":{"@id":"https:\/\/nahuelproducciones.com.ar\/radioquijano\/#\/schema\/person\/e8a4f939e2cb487fe6d0c54042c9d32c"},"description":"El Festival de Pialada y Jineteada en el Picadero Santiago Ap\u00f3stol ser\u00e1 una verdadera fiesta del pueblo, donde se celebrar\u00e1 nuestra identidad cultural, la pasi\u00f3n gaucha y el encuentro comunitario.","breadcrumb":{"@id":"https:\/\/nahuelproducciones.com.ar\/radioquijano\/campo-quijano-se-prepara-para-una-gran-jornada-de-tradicion-y-fiesta-popular\/#breadcrumb"},"inLanguage":"es","potentialAction":[{"@type":"ReadAction","target":["https:\/\/nahuelproducciones.com.ar\/radioquijano\/campo-quijano-se-prepara-para-una-gran-jornada-de-tradicion-y-fiesta-popular\/"]}]},{"@type":"BreadcrumbList","@id":"https:\/\/nahuelproducciones.com.ar\/radioquijano\/campo-quijano-se-prepara-para-una-gran-jornada-de-tradicion-y-fiesta-popular\/#breadcrumb","itemListElement":[{"@type":"ListItem","position":1,"name":"Portada","item":"https:\/\/nahuelproducciones.com.ar\/radioquijano\/"},{"@type":"ListItem","position":2,"name":"Campo Quijano se prepara para una gran jornada de tradici\u00f3n y fiesta popular"}]},{"@type":"WebSite","@id":"https:\/\/nahuelproducciones.com.ar\/radioquijano\/#website","url":"https:\/\/nahuelproducciones.com.ar\/radioquijano\/","name":"RQ 99.9","description":"Radio Quijano 99.9 MHz","potentialAction":[{"@type":"SearchAction","target":{"@type":"EntryPoint","urlTemplate":"https:\/\/nahuelproducciones.com.ar\/radioquijano\/?s={search_term_string}"},"query-input":"required name=search_term_string"}],"inLanguage":"es"},{"@type":"Person","@id":"https:\/\/nahuelproducciones.com.ar\/radioquijano\/#\/schema\/person\/e8a4f939e2cb487fe6d0c54042c9d32c","name":"Cecilia Pastrana","image":{"@type":"ImageObject","inLanguage":"es","@id":"https:\/\/nahuelproducciones.com.ar\/radioquijano\/#\/schema\/person\/image\/","url":"https:\/\/secure.gravatar.com\/avatar\/661a3ef63a8488d4f2794ed44af8cf71420f7e106f3072c40125114df5157749?s=96&d=mm&r=g","contentUrl":"https:\/\/secure.gravatar.com\/avatar\/661a3ef63a8488d4f2794ed44af8cf71420f7e106f3072c40125114df5157749?s=96&d=mm&r=g","caption":"Cecilia Pastrana"},"sameAs":["cecy"],"url":"https:\/\/nahuelproducciones.com.ar\/radioquijano\/author\/cecy\/"}]}},"_links":{"self":[{"href":"https:\/\/nahuelproducciones.com.ar\/radioquijano\/wp-json\/wp\/v2\/posts\/10482","targetHints":{"allow":["GET"]}}],"collection":[{"href":"https:\/\/nahuelproducciones.com.ar\/radioquijano\/wp-json\/wp\/v2\/posts"}],"about":[{"href":"https:\/\/nahuelproducciones.com.ar\/radioquijano\/wp-json\/wp\/v2\/types\/post"}],"author":[{"embeddable":true,"href":"https:\/\/nahuelproducciones.com.ar\/radioquijano\/wp-json\/wp\/v2\/users\/8"}],"replies":[{"embeddable":true,"href":"https:\/\/nahuelproducciones.com.ar\/radioquijano\/wp-json\/wp\/v2\/comments?post=10482"}],"version-history":[{"count":1,"href":"https:\/\/nahuelproducciones.com.ar\/radioquijano\/wp-json\/wp\/v2\/posts\/10482\/revisions"}],"predecessor-version":[{"id":10486,"href":"https:\/\/nahuelproducciones.com.ar\/radioquijano\/wp-json\/wp\/v2\/posts\/10482\/revisions\/10486"}],"wp:featuredmedia":[{"embeddable":true,"href":"https:\/\/nahuelproducciones.com.ar\/radioquijano\/wp-json\/wp\/v2\/media\/10485"}],"wp:attachment":[{"href":"https:\/\/nahuelproducciones.com.ar\/radioquijano\/wp-json\/wp\/v2\/media?parent=10482"}],"wp:term":[{"taxonomy":"category","embeddable":true,"href":"https:\/\/nahuelproducciones.com.ar\/radioquijano\/wp-json\/wp\/v2\/categories?post=10482"},{"taxonomy":"post_tag","embeddable":true,"href":"https:\/\/nahuelproducciones.com.ar\/radioquijano\/wp-json\/wp\/v2\/tags?post=10482"}],"curies":[{"name":"wp","href":"https:\/\/api.w.org\/{rel}","templated":true}]}}