{"id":10490,"date":"2025-06-25T16:25:14","date_gmt":"2025-06-25T19:25:14","guid":{"rendered":"https:\/\/nahuelproducciones.com.ar\/radioquijano\/?p=10490"},"modified":"2025-06-25T16:25:15","modified_gmt":"2025-06-25T19:25:15","slug":"estado-del-tiempo-en-salta-rige-alerta-amarilla-por-viento-zonda","status":"publish","type":"post","link":"https:\/\/nahuelproducciones.com.ar\/radioquijano\/estado-del-tiempo-en-salta-rige-alerta-amarilla-por-viento-zonda\/","title":{"rendered":"Estado del tiempo en Salta: rige alerta amarilla por viento zonda"},"content":{"rendered":"\n<p>El fen\u00f3meno afectar\u00e1 a varios departamentos de la provincia. La alerta est\u00e1 vigente desde las 12 hs hasta 00 hs con velocidades estimadas entre 35 y 50 km\/h y r\u00e1fagas que podr\u00edan alcanzar los 75 km\/h y 100 km\/h en la zona m\u00e1s elevada.<a href=\"https:\/\/www.salta.gob.ar\/public\/images\/noticias\/102364-estado-del-tiempo-en-salta-rige-alerta-amarilla-por-viento-zonda.webp\"><\/a><\/p>\n\n\n\n<p>El Servicio Meteorol\u00f3gico Nacional emiti\u00f3 una alerta amarilla para este mi\u00e9rcoles por viento Zonda con velocidades estimadas entre 35 y 50 km\/h y r\u00e1fagas que podr\u00edan alcanzar los 75 km\/h y 100 km\/h en la zona m\u00e1s elevada.<\/p>\n\n\n\n<p>Este fen\u00f3meno puede provocar reducci\u00f3n de la visibilidad, un aumento repentino de la temperatura y condiciones de humedad relativa muy bajas.<\/p>\n\n\n\n<p>La alerta est\u00e1 vigente a partir de las 12:00 hs hasta 00:00 hs para la Cordillera de los Andes, Puna de Cachi, Puna de La Poma, Puna de Los Andes, Puna de Molinos, Puna de Cafayate, Puna de San Carlos, Valles de Cachi, Valles de Cafayate, Valles de Chicoana, Valles de La Caldera, Valles de La Poma, Valles de Molinos, Valles de Rosario de Lerma&nbsp; y Valles de San Carlos.<\/p>\n\n\n\n<hr class=\"wp-block-separator has-alpha-channel-opacity\"\/>\n\n\n\n<p>Fuente:&nbsp;<strong>Secretar\u00eda de Prensa y Comunicaci\u00f3n<\/strong><\/p>\n","protected":false},"excerpt":{"rendered":"<p>El fen\u00f3meno afectar\u00e1 a varios departamentos de la provincia. La alerta est\u00e1 vigente desde las 12 hs hasta 00 hs con velocidades estimadas entre 35 y 50 km\/h y r\u00e1fagas que podr\u00edan alcanzar los 75 km\/h y 100 km\/h en la zona m\u00e1s elevada. El Servicio Meteorol\u00f3gico Nacional emiti\u00f3 una alerta amarilla para este mi\u00e9rcoles [&hellip;]<\/p>\n","protected":false},"author":8,"featured_media":10491,"comment_status":"open","ping_status":"open","sticky":false,"template":"","format":"standard","meta":{"_monsterinsights_skip_tracking":false,"_monsterinsights_sitenote_active":false,"_monsterinsights_sitenote_note":"","_monsterinsights_sitenote_category":0,"footnotes":""},"categories":[16],"tags":[1320,100],"class_list":["post-10490","post","type-post","status-publish","format-standard","has-post-thumbnail","hentry","category-noticias","tag-alerta-meteorologico","tag-municipio-de-campo-quijano"],"yoast_head":"<!-- This site is optimized with the Yoast SEO plugin v20.8 - https:\/\/yoast.com\/wordpress\/plugins\/seo\/ -->\n<title>Estado del tiempo en Salta: rige alerta amarilla por viento zonda - RQ 99.9<\/title>\n<meta name=\"description\" content=\"Este fen\u00f3meno puede provocar reducci\u00f3n de la visibilidad, un aumento repentino de la temperatura y condiciones de humedad relativa muy bajas.\" \/>\n<meta name=\"robots\" content=\"index, follow, max-snippet:-1, max-image-preview:large, max-video-preview:-1\" \/>\n<link rel=\"canonical\" href=\"https:\/\/nahuelproducciones.com.ar\/radioquijano\/estado-del-tiempo-en-salta-rige-alerta-amarilla-por-viento-zonda\/\" \/>\n<meta property=\"og:locale\" content=\"es_ES\" \/>\n<meta property=\"og:type\" content=\"article\" \/>\n<meta property=\"og:title\" content=\"Estado del tiempo en Salta: rige alerta amarilla por viento zonda - RQ 99.9\" \/>\n<meta property=\"og:description\" content=\"Este fen\u00f3meno puede provocar reducci\u00f3n de la visibilidad, un aumento repentino de la temperatura y condiciones de humedad relativa muy bajas.\" \/>\n<meta property=\"og:url\" content=\"https:\/\/nahuelproducciones.com.ar\/radioquijano\/estado-del-tiempo-en-salta-rige-alerta-amarilla-por-viento-zonda\/\" \/>\n<meta property=\"og:site_name\" content=\"RQ 99.9\" \/>\n<meta property=\"article:publisher\" content=\"https:\/\/www.facebook.com\/nahuelproducciones999\/\" \/>\n<meta property=\"article:published_time\" content=\"2025-06-25T19:25:14+00:00\" \/>\n<meta property=\"article:modified_time\" content=\"2025-06-25T19:25:15+00:00\" \/>\n<meta property=\"og:image\" content=\"https:\/\/nahuelproducciones.com.ar\/radioquijano\/wp-content\/uploads\/2025\/06\/102364-estado-del-tiempo-en-salta-rige-alerta-amarilla-por-viento-zonda-e1750879487567.webp\" \/>\n\t<meta property=\"og:image:width\" content=\"700\" \/>\n\t<meta property=\"og:image:height\" content=\"394\" \/>\n\t<meta property=\"og:image:type\" content=\"image\/webp\" \/>\n<meta name=\"author\" content=\"Cecilia Pastrana\" \/>\n<meta name=\"twitter:card\" content=\"summary_large_image\" \/>\n<meta name=\"twitter:creator\" content=\"@nahuproduciones\" \/>\n<meta name=\"twitter:site\" content=\"@nahuproduciones\" \/>\n<meta name=\"twitter:label1\" content=\"Escrito por\" \/>\n\t<meta name=\"twitter:data1\" content=\"Cecilia Pastrana\" \/>\n\t<meta name=\"twitter:label2\" content=\"Tiempo de lectura\" \/>\n\t<meta name=\"twitter:data2\" content=\"1 minuto\" \/>\n<script type=\"application\/ld+json\" class=\"yoast-schema-graph\">{\"@context\":\"https:\/\/schema.org\",\"@graph\":[{\"@type\":\"WebPage\",\"@id\":\"https:\/\/nahuelproducciones.com.ar\/radioquijano\/estado-del-tiempo-en-salta-rige-alerta-amarilla-por-viento-zonda\/\",\"url\":\"https:\/\/nahuelproducciones.com.ar\/radioquijano\/estado-del-tiempo-en-salta-rige-alerta-amarilla-por-viento-zonda\/\",\"name\":\"Estado del tiempo en Salta: rige alerta amarilla por viento zonda - RQ 99.9\",\"isPartOf\":{\"@id\":\"https:\/\/nahuelproducciones.com.ar\/radioquijano\/#website\"},\"datePublished\":\"2025-06-25T19:25:14+00:00\",\"dateModified\":\"2025-06-25T19:25:15+00:00\",\"author\":{\"@id\":\"https:\/\/nahuelproducciones.com.ar\/radioquijano\/#\/schema\/person\/e8a4f939e2cb487fe6d0c54042c9d32c\"},\"description\":\"Este fen\u00f3meno puede provocar reducci\u00f3n de la visibilidad, un aumento repentino de la temperatura y condiciones de humedad relativa muy bajas.\",\"breadcrumb\":{\"@id\":\"https:\/\/nahuelproducciones.com.ar\/radioquijano\/estado-del-tiempo-en-salta-rige-alerta-amarilla-por-viento-zonda\/#breadcrumb\"},\"inLanguage\":\"es\",\"potentialAction\":[{\"@type\":\"ReadAction\",\"target\":[\"https:\/\/nahuelproducciones.com.ar\/radioquijano\/estado-del-tiempo-en-salta-rige-alerta-amarilla-por-viento-zonda\/\"]}]},{\"@type\":\"BreadcrumbList\",\"@id\":\"https:\/\/nahuelproducciones.com.ar\/radioquijano\/estado-del-tiempo-en-salta-rige-alerta-amarilla-por-viento-zonda\/#breadcrumb\",\"itemListElement\":[{\"@type\":\"ListItem\",\"position\":1,\"name\":\"Portada\",\"item\":\"https:\/\/nahuelproducciones.com.ar\/radioquijano\/\"},{\"@type\":\"ListItem\",\"position\":2,\"name\":\"Estado del tiempo en Salta: rige alerta amarilla por viento zonda\"}]},{\"@type\":\"WebSite\",\"@id\":\"https:\/\/nahuelproducciones.com.ar\/radioquijano\/#website\",\"url\":\"https:\/\/nahuelproducciones.com.ar\/radioquijano\/\",\"name\":\"RQ 99.9\",\"description\":\"Radio Quijano 99.9 MHz\",\"potentialAction\":[{\"@type\":\"SearchAction\",\"target\":{\"@type\":\"EntryPoint\",\"urlTemplate\":\"https:\/\/nahuelproducciones.com.ar\/radioquijano\/?s={search_term_string}\"},\"query-input\":\"required name=search_term_string\"}],\"inLanguage\":\"es\"},{\"@type\":\"Person\",\"@id\":\"https:\/\/nahuelproducciones.com.ar\/radioquijano\/#\/schema\/person\/e8a4f939e2cb487fe6d0c54042c9d32c\",\"name\":\"Cecilia Pastrana\",\"image\":{\"@type\":\"ImageObject\",\"inLanguage\":\"es\",\"@id\":\"https:\/\/nahuelproducciones.com.ar\/radioquijano\/#\/schema\/person\/image\/\",\"url\":\"https:\/\/secure.gravatar.com\/avatar\/661a3ef63a8488d4f2794ed44af8cf71420f7e106f3072c40125114df5157749?s=96&d=mm&r=g\",\"contentUrl\":\"https:\/\/secure.gravatar.com\/avatar\/661a3ef63a8488d4f2794ed44af8cf71420f7e106f3072c40125114df5157749?s=96&d=mm&r=g\",\"caption\":\"Cecilia Pastrana\"},\"sameAs\":[\"cecy\"],\"url\":\"https:\/\/nahuelproducciones.com.ar\/radioquijano\/author\/cecy\/\"}]}<\/script>\n<!-- \/ Yoast SEO plugin. -->","yoast_head_json":{"title":"Estado del tiempo en Salta: rige alerta amarilla por viento zonda - RQ 99.9","description":"Este fen\u00f3meno puede provocar reducci\u00f3n de la visibilidad, un aumento repentino de la temperatura y condiciones de humedad relativa muy bajas.","robots":{"index":"index","follow":"follow","max-snippet":"max-snippet:-1","max-image-preview":"max-image-preview:large","max-video-preview":"max-video-preview:-1"},"canonical":"https:\/\/nahuelproducciones.com.ar\/radioquijano\/estado-del-tiempo-en-salta-rige-alerta-amarilla-por-viento-zonda\/","og_locale":"es_ES","og_type":"article","og_title":"Estado del tiempo en Salta: rige alerta amarilla por viento zonda - RQ 99.9","og_description":"Este fen\u00f3meno puede provocar reducci\u00f3n de la visibilidad, un aumento repentino de la temperatura y condiciones de humedad relativa muy bajas.","og_url":"https:\/\/nahuelproducciones.com.ar\/radioquijano\/estado-del-tiempo-en-salta-rige-alerta-amarilla-por-viento-zonda\/","og_site_name":"RQ 99.9","article_publisher":"https:\/\/www.facebook.com\/nahuelproducciones999\/","article_published_time":"2025-06-25T19:25:14+00:00","article_modified_time":"2025-06-25T19:25:15+00:00","og_image":[{"width":700,"height":394,"url":"https:\/\/nahuelproducciones.com.ar\/radioquijano\/wp-content\/uploads\/2025\/06\/102364-estado-del-tiempo-en-salta-rige-alerta-amarilla-por-viento-zonda-e1750879487567.webp","type":"image\/webp"}],"author":"Cecilia Pastrana","twitter_card":"summary_large_image","twitter_creator":"@nahuproduciones","twitter_site":"@nahuproduciones","twitter_misc":{"Escrito por":"Cecilia Pastrana","Tiempo de lectura":"1 minuto"},"schema":{"@context":"https:\/\/schema.org","@graph":[{"@type":"WebPage","@id":"https:\/\/nahuelproducciones.com.ar\/radioquijano\/estado-del-tiempo-en-salta-rige-alerta-amarilla-por-viento-zonda\/","url":"https:\/\/nahuelproducciones.com.ar\/radioquijano\/estado-del-tiempo-en-salta-rige-alerta-amarilla-por-viento-zonda\/","name":"Estado del tiempo en Salta: rige alerta amarilla por viento zonda - RQ 99.9","isPartOf":{"@id":"https:\/\/nahuelproducciones.com.ar\/radioquijano\/#website"},"datePublished":"2025-06-25T19:25:14+00:00","dateModified":"2025-06-25T19:25:15+00:00","author":{"@id":"https:\/\/nahuelproducciones.com.ar\/radioquijano\/#\/schema\/person\/e8a4f939e2cb487fe6d0c54042c9d32c"},"description":"Este fen\u00f3meno puede provocar reducci\u00f3n de la visibilidad, un aumento repentino de la temperatura y condiciones de humedad relativa muy bajas.","breadcrumb":{"@id":"https:\/\/nahuelproducciones.com.ar\/radioquijano\/estado-del-tiempo-en-salta-rige-alerta-amarilla-por-viento-zonda\/#breadcrumb"},"inLanguage":"es","potentialAction":[{"@type":"ReadAction","target":["https:\/\/nahuelproducciones.com.ar\/radioquijano\/estado-del-tiempo-en-salta-rige-alerta-amarilla-por-viento-zonda\/"]}]},{"@type":"BreadcrumbList","@id":"https:\/\/nahuelproducciones.com.ar\/radioquijano\/estado-del-tiempo-en-salta-rige-alerta-amarilla-por-viento-zonda\/#breadcrumb","itemListElement":[{"@type":"ListItem","position":1,"name":"Portada","item":"https:\/\/nahuelproducciones.com.ar\/radioquijano\/"},{"@type":"ListItem","position":2,"name":"Estado del tiempo en Salta: rige alerta amarilla por viento zonda"}]},{"@type":"WebSite","@id":"https:\/\/nahuelproducciones.com.ar\/radioquijano\/#website","url":"https:\/\/nahuelproducciones.com.ar\/radioquijano\/","name":"RQ 99.9","description":"Radio Quijano 99.9 MHz","potentialAction":[{"@type":"SearchAction","target":{"@type":"EntryPoint","urlTemplate":"https:\/\/nahuelproducciones.com.ar\/radioquijano\/?s={search_term_string}"},"query-input":"required name=search_term_string"}],"inLanguage":"es"},{"@type":"Person","@id":"https:\/\/nahuelproducciones.com.ar\/radioquijano\/#\/schema\/person\/e8a4f939e2cb487fe6d0c54042c9d32c","name":"Cecilia Pastrana","image":{"@type":"ImageObject","inLanguage":"es","@id":"https:\/\/nahuelproducciones.com.ar\/radioquijano\/#\/schema\/person\/image\/","url":"https:\/\/secure.gravatar.com\/avatar\/661a3ef63a8488d4f2794ed44af8cf71420f7e106f3072c40125114df5157749?s=96&d=mm&r=g","contentUrl":"https:\/\/secure.gravatar.com\/avatar\/661a3ef63a8488d4f2794ed44af8cf71420f7e106f3072c40125114df5157749?s=96&d=mm&r=g","caption":"Cecilia Pastrana"},"sameAs":["cecy"],"url":"https:\/\/nahuelproducciones.com.ar\/radioquijano\/author\/cecy\/"}]}},"_links":{"self":[{"href":"https:\/\/nahuelproducciones.com.ar\/radioquijano\/wp-json\/wp\/v2\/posts\/10490","targetHints":{"allow":["GET"]}}],"collection":[{"href":"https:\/\/nahuelproducciones.com.ar\/radioquijano\/wp-json\/wp\/v2\/posts"}],"about":[{"href":"https:\/\/nahuelproducciones.com.ar\/radioquijano\/wp-json\/wp\/v2\/types\/post"}],"author":[{"embeddable":true,"href":"https:\/\/nahuelproducciones.com.ar\/radioquijano\/wp-json\/wp\/v2\/users\/8"}],"replies":[{"embeddable":true,"href":"https:\/\/nahuelproducciones.com.ar\/radioquijano\/wp-json\/wp\/v2\/comments?post=10490"}],"version-history":[{"count":1,"href":"https:\/\/nahuelproducciones.com.ar\/radioquijano\/wp-json\/wp\/v2\/posts\/10490\/revisions"}],"predecessor-version":[{"id":10492,"href":"https:\/\/nahuelproducciones.com.ar\/radioquijano\/wp-json\/wp\/v2\/posts\/10490\/revisions\/10492"}],"wp:featuredmedia":[{"embeddable":true,"href":"https:\/\/nahuelproducciones.com.ar\/radioquijano\/wp-json\/wp\/v2\/media\/10491"}],"wp:attachment":[{"href":"https:\/\/nahuelproducciones.com.ar\/radioquijano\/wp-json\/wp\/v2\/media?parent=10490"}],"wp:term":[{"taxonomy":"category","embeddable":true,"href":"https:\/\/nahuelproducciones.com.ar\/radioquijano\/wp-json\/wp\/v2\/categories?post=10490"},{"taxonomy":"post_tag","embeddable":true,"href":"https:\/\/nahuelproducciones.com.ar\/radioquijano\/wp-json\/wp\/v2\/tags?post=10490"}],"curies":[{"name":"wp","href":"https:\/\/api.w.org\/{rel}","templated":true}]}}