{"id":10500,"date":"2025-06-29T20:50:25","date_gmt":"2025-06-29T23:50:25","guid":{"rendered":"https:\/\/nahuelproducciones.com.ar\/radioquijano\/?p=10500"},"modified":"2025-06-30T00:31:47","modified_gmt":"2025-06-30T03:31:47","slug":"grave-denuncia-de-abandono-a-un-trabajador-municipal-accidentado-en-campo-quijano","status":"publish","type":"post","link":"https:\/\/nahuelproducciones.com.ar\/radioquijano\/grave-denuncia-de-abandono-a-un-trabajador-municipal-accidentado-en-campo-quijano\/","title":{"rendered":"\u00c1ngel Vilte, el trabajador municipal accidentado en La Silleta, y la postura de ATE Campo Quijano"},"content":{"rendered":"\n<p>La situaci\u00f3n de \u00c1ngel Vilte, trabajador municipal contratado \u00abpor hora\u00bb que sufri\u00f3 un grave accidente mientras realizaba tareas de mantenimiento en la plaza de Los Robles, en La Silleta, puso en evidencia la problem\u00e1tica de la precarizaci\u00f3n laboral en los municipios.<\/p>\n\n\n\n<p>En di\u00e1logo con <strong>Radio Quijano<\/strong>, el delegado de ATE en Campo Quijano, Mart\u00edn Dom\u00ednguez, explic\u00f3 el alcance de la intervenci\u00f3n sindical en este tipo de casos y se refiri\u00f3 a la dif\u00edcil situaci\u00f3n que atraviesan los trabajadores en condiciones informales.<\/p>\n\n\n\n<blockquote class=\"wp-block-quote is-layout-flow wp-block-quote-is-layout-flow\">\n<p>\u201cNo podemos decirle al trabajador que no acepte el trabajo, porque sabemos que la situaci\u00f3n econ\u00f3mica es dif\u00edcil y muchos necesitan el ingreso. Lamentablemente, estas contrataciones en negro se dan en casi todos los municipios\u201d, expres\u00f3 Dom\u00ednguez, quien remarc\u00f3 que ATE solo puede intervenir formalmente en casos de empleados afiliados y en relaci\u00f3n de dependencia regularizada.<\/p>\n<\/blockquote>\n\n\n\n<p>Dom\u00ednguez se\u00f1al\u00f3 que est\u00e1n al tanto del caso de Vilte y asegur\u00f3 que se pondr\u00e1n en contacto con \u00e9l para conocer en detalle su situaci\u00f3n y ofrecer acompa\u00f1amiento, en caso de ser posible. Adem\u00e1s, aclar\u00f3 que el trabajador tiene derecho a iniciar acciones legales si as\u00ed lo decide: \u201cHay cosas que la ley ampara y, si tiene un representante legal, deben dialogar con los abogados del municipio\u201d, sostuvo.<\/p>\n\n\n\n<p>Durante la entrevista, el delegado tambi\u00e9n abord\u00f3 la problem\u00e1tica de los descuentos al <strong>Instituto Provincial de Salud de Salta (IPS)<\/strong>, que afectan directamente los ingresos de los empleados municipales. \u201cA los compa\u00f1eros se les descuenta cada vez m\u00e1s, lo que impacta en su salario. Como trabajadores y dirigentes tenemos que hacernos sentir\u201d, indic\u00f3. Asimismo, cuestion\u00f3 la falta de acompa\u00f1amiento desde la conducci\u00f3n central de ATE y adelant\u00f3 que impulsar\u00e1n reuniones con las autoridades municipales para discutir esta situaci\u00f3n.<\/p>\n\n\n\n<p>Finalmente, Dom\u00ednguez subray\u00f3 que el rol del representante gremial es buscar soluciones en beneficio de los trabajadores y reiter\u00f3 la importancia de visibilizar las condiciones precarias en las que muchos empleados municipales desempe\u00f1an sus tareas.<\/p>\n\n\n\n<p>El caso de \u00c1ngel Vilte fue denunciado p\u00fablicamente por su esposa a trav\u00e9s de redes sociales y confirmado a <strong>Radio Quijano<\/strong> por la propia familia.<\/p>\n\n\n\n<p><strong>Fuente:<\/strong> Testimonio directo de la familia, contacto con Radio Quijano. y denuncia publica de la esposa del trabajador municipal en su red social de Facebook. <\/p>\n\n\n\n<p>Escucha las declaraciones de Mart\u00edn Dom\u00ednguez de ATE Campo Quijano sobre este y otros temas.<\/p>\n\n\n\n<figure class=\"wp-block-audio\"><audio controls src=\"https:\/\/nahuelproducciones.com.ar\/radioquijano\/wp-content\/uploads\/2025\/06\/28-06-2025-delegado-de-ATE-PAYO-DOMINGUEZ.mp3\"><\/audio><\/figure>\n\n\n\n<figure class=\"wp-block-image size-full\"><img loading=\"lazy\" decoding=\"async\" width=\"707\" height=\"458\" src=\"https:\/\/nahuelproducciones.com.ar\/radioquijano\/wp-content\/uploads\/2025\/06\/WhatsApp-Image-2025-06-29-at-9.02.58-PM.jpeg\" alt=\"\" class=\"wp-image-10508\" srcset=\"https:\/\/nahuelproducciones.com.ar\/radioquijano\/wp-content\/uploads\/2025\/06\/WhatsApp-Image-2025-06-29-at-9.02.58-PM.jpeg 707w, https:\/\/nahuelproducciones.com.ar\/radioquijano\/wp-content\/uploads\/2025\/06\/WhatsApp-Image-2025-06-29-at-9.02.58-PM-300x194.jpeg 300w, https:\/\/nahuelproducciones.com.ar\/radioquijano\/wp-content\/uploads\/2025\/06\/WhatsApp-Image-2025-06-29-at-9.02.58-PM-150x97.jpeg 150w\" sizes=\"auto, (max-width: 707px) 100vw, 707px\" \/><\/figure>\n\n\n\n<p><a href=\"https:\/\/www.facebook.com\/share\/p\/1C81jts4Au\">https:\/\/www.facebook.com\/share\/p\/1C81jts4Au<\/a><\/p>\n","protected":false},"excerpt":{"rendered":"<p>La situaci\u00f3n de \u00c1ngel Vilte, trabajador municipal contratado \u00abpor hora\u00bb que sufri\u00f3 un grave accidente mientras realizaba tareas de mantenimiento en la plaza de Los Robles, en La Silleta, puso en evidencia la problem\u00e1tica de la precarizaci\u00f3n laboral en los municipios. En di\u00e1logo con Radio Quijano, el delegado de ATE en Campo Quijano, Mart\u00edn Dom\u00ednguez, [&hellip;]<\/p>\n","protected":false},"author":8,"featured_media":10505,"comment_status":"open","ping_status":"open","sticky":false,"template":"","format":"standard","meta":{"_monsterinsights_skip_tracking":false,"_monsterinsights_sitenote_active":false,"_monsterinsights_sitenote_note":"","_monsterinsights_sitenote_category":0,"footnotes":""},"categories":[16],"tags":[1840,206,63,1841,100],"class_list":["post-10500","post","type-post","status-publish","format-standard","has-post-thumbnail","hentry","category-noticias","tag-angel-vilte","tag-ate","tag-lino-yonar","tag-martin-dominguez-2","tag-municipio-de-campo-quijano"],"yoast_head":"<!-- This site is optimized with the Yoast SEO plugin v20.8 - https:\/\/yoast.com\/wordpress\/plugins\/seo\/ -->\n<title>\u00c1ngel Vilte, el trabajador municipal accidentado en La Silleta, y la postura de ATE Campo Quijano - RQ 99.9<\/title>\n<meta name=\"description\" content=\"&quot;la situaci\u00f3n econ\u00f3mica obliga a muchos a aceptar estas condiciones&quot;.\" \/>\n<meta name=\"robots\" content=\"index, follow, max-snippet:-1, max-image-preview:large, max-video-preview:-1\" \/>\n<link rel=\"canonical\" href=\"https:\/\/nahuelproducciones.com.ar\/radioquijano\/grave-denuncia-de-abandono-a-un-trabajador-municipal-accidentado-en-campo-quijano\/\" \/>\n<meta property=\"og:locale\" content=\"es_ES\" \/>\n<meta property=\"og:type\" content=\"article\" \/>\n<meta property=\"og:title\" content=\"\u00c1ngel Vilte, el trabajador municipal accidentado en La Silleta, y la postura de ATE Campo Quijano - RQ 99.9\" \/>\n<meta property=\"og:description\" content=\"&quot;la situaci\u00f3n econ\u00f3mica obliga a muchos a aceptar estas condiciones&quot;.\" \/>\n<meta property=\"og:url\" content=\"https:\/\/nahuelproducciones.com.ar\/radioquijano\/grave-denuncia-de-abandono-a-un-trabajador-municipal-accidentado-en-campo-quijano\/\" \/>\n<meta property=\"og:site_name\" content=\"RQ 99.9\" \/>\n<meta property=\"article:publisher\" content=\"https:\/\/www.facebook.com\/nahuelproducciones999\/\" \/>\n<meta property=\"article:published_time\" content=\"2025-06-29T23:50:25+00:00\" \/>\n<meta property=\"article:modified_time\" content=\"2025-06-30T03:31:47+00:00\" \/>\n<meta property=\"og:image\" content=\"https:\/\/nahuelproducciones.com.ar\/radioquijano\/wp-content\/uploads\/2025\/06\/513917320_4008535852701549_4119857442832766340_n.jpg\" \/>\n\t<meta property=\"og:image:width\" content=\"528\" \/>\n\t<meta property=\"og:image:height\" content=\"960\" \/>\n\t<meta property=\"og:image:type\" content=\"image\/jpeg\" \/>\n<meta name=\"author\" content=\"Cecilia Pastrana\" \/>\n<meta name=\"twitter:card\" content=\"summary_large_image\" \/>\n<meta name=\"twitter:creator\" content=\"@nahuproduciones\" \/>\n<meta name=\"twitter:site\" content=\"@nahuproduciones\" \/>\n<meta name=\"twitter:label1\" content=\"Escrito por\" \/>\n\t<meta name=\"twitter:data1\" content=\"Cecilia Pastrana\" \/>\n\t<meta name=\"twitter:label2\" content=\"Tiempo de lectura\" \/>\n\t<meta name=\"twitter:data2\" content=\"2 minutos\" \/>\n<script type=\"application\/ld+json\" class=\"yoast-schema-graph\">{\"@context\":\"https:\/\/schema.org\",\"@graph\":[{\"@type\":\"WebPage\",\"@id\":\"https:\/\/nahuelproducciones.com.ar\/radioquijano\/grave-denuncia-de-abandono-a-un-trabajador-municipal-accidentado-en-campo-quijano\/\",\"url\":\"https:\/\/nahuelproducciones.com.ar\/radioquijano\/grave-denuncia-de-abandono-a-un-trabajador-municipal-accidentado-en-campo-quijano\/\",\"name\":\"\u00c1ngel Vilte, el trabajador municipal accidentado en La Silleta, y la postura de ATE Campo Quijano - RQ 99.9\",\"isPartOf\":{\"@id\":\"https:\/\/nahuelproducciones.com.ar\/radioquijano\/#website\"},\"datePublished\":\"2025-06-29T23:50:25+00:00\",\"dateModified\":\"2025-06-30T03:31:47+00:00\",\"author\":{\"@id\":\"https:\/\/nahuelproducciones.com.ar\/radioquijano\/#\/schema\/person\/e8a4f939e2cb487fe6d0c54042c9d32c\"},\"description\":\"\\\"la situaci\u00f3n econ\u00f3mica obliga a muchos a aceptar estas condiciones\\\".\",\"breadcrumb\":{\"@id\":\"https:\/\/nahuelproducciones.com.ar\/radioquijano\/grave-denuncia-de-abandono-a-un-trabajador-municipal-accidentado-en-campo-quijano\/#breadcrumb\"},\"inLanguage\":\"es\",\"potentialAction\":[{\"@type\":\"ReadAction\",\"target\":[\"https:\/\/nahuelproducciones.com.ar\/radioquijano\/grave-denuncia-de-abandono-a-un-trabajador-municipal-accidentado-en-campo-quijano\/\"]}]},{\"@type\":\"BreadcrumbList\",\"@id\":\"https:\/\/nahuelproducciones.com.ar\/radioquijano\/grave-denuncia-de-abandono-a-un-trabajador-municipal-accidentado-en-campo-quijano\/#breadcrumb\",\"itemListElement\":[{\"@type\":\"ListItem\",\"position\":1,\"name\":\"Portada\",\"item\":\"https:\/\/nahuelproducciones.com.ar\/radioquijano\/\"},{\"@type\":\"ListItem\",\"position\":2,\"name\":\"\u00c1ngel Vilte, el trabajador municipal accidentado en La Silleta, y la postura de ATE Campo Quijano\"}]},{\"@type\":\"WebSite\",\"@id\":\"https:\/\/nahuelproducciones.com.ar\/radioquijano\/#website\",\"url\":\"https:\/\/nahuelproducciones.com.ar\/radioquijano\/\",\"name\":\"RQ 99.9\",\"description\":\"Radio Quijano 99.9 MHz\",\"potentialAction\":[{\"@type\":\"SearchAction\",\"target\":{\"@type\":\"EntryPoint\",\"urlTemplate\":\"https:\/\/nahuelproducciones.com.ar\/radioquijano\/?s={search_term_string}\"},\"query-input\":\"required name=search_term_string\"}],\"inLanguage\":\"es\"},{\"@type\":\"Person\",\"@id\":\"https:\/\/nahuelproducciones.com.ar\/radioquijano\/#\/schema\/person\/e8a4f939e2cb487fe6d0c54042c9d32c\",\"name\":\"Cecilia Pastrana\",\"image\":{\"@type\":\"ImageObject\",\"inLanguage\":\"es\",\"@id\":\"https:\/\/nahuelproducciones.com.ar\/radioquijano\/#\/schema\/person\/image\/\",\"url\":\"https:\/\/secure.gravatar.com\/avatar\/661a3ef63a8488d4f2794ed44af8cf71420f7e106f3072c40125114df5157749?s=96&d=mm&r=g\",\"contentUrl\":\"https:\/\/secure.gravatar.com\/avatar\/661a3ef63a8488d4f2794ed44af8cf71420f7e106f3072c40125114df5157749?s=96&d=mm&r=g\",\"caption\":\"Cecilia Pastrana\"},\"sameAs\":[\"cecy\"],\"url\":\"https:\/\/nahuelproducciones.com.ar\/radioquijano\/author\/cecy\/\"}]}<\/script>\n<!-- \/ Yoast SEO plugin. -->","yoast_head_json":{"title":"\u00c1ngel Vilte, el trabajador municipal accidentado en La Silleta, y la postura de ATE Campo Quijano - RQ 99.9","description":"\"la situaci\u00f3n econ\u00f3mica obliga a muchos a aceptar estas condiciones\".","robots":{"index":"index","follow":"follow","max-snippet":"max-snippet:-1","max-image-preview":"max-image-preview:large","max-video-preview":"max-video-preview:-1"},"canonical":"https:\/\/nahuelproducciones.com.ar\/radioquijano\/grave-denuncia-de-abandono-a-un-trabajador-municipal-accidentado-en-campo-quijano\/","og_locale":"es_ES","og_type":"article","og_title":"\u00c1ngel Vilte, el trabajador municipal accidentado en La Silleta, y la postura de ATE Campo Quijano - RQ 99.9","og_description":"\"la situaci\u00f3n econ\u00f3mica obliga a muchos a aceptar estas condiciones\".","og_url":"https:\/\/nahuelproducciones.com.ar\/radioquijano\/grave-denuncia-de-abandono-a-un-trabajador-municipal-accidentado-en-campo-quijano\/","og_site_name":"RQ 99.9","article_publisher":"https:\/\/www.facebook.com\/nahuelproducciones999\/","article_published_time":"2025-06-29T23:50:25+00:00","article_modified_time":"2025-06-30T03:31:47+00:00","og_image":[{"width":528,"height":960,"url":"https:\/\/nahuelproducciones.com.ar\/radioquijano\/wp-content\/uploads\/2025\/06\/513917320_4008535852701549_4119857442832766340_n.jpg","type":"image\/jpeg"}],"author":"Cecilia Pastrana","twitter_card":"summary_large_image","twitter_creator":"@nahuproduciones","twitter_site":"@nahuproduciones","twitter_misc":{"Escrito por":"Cecilia Pastrana","Tiempo de lectura":"2 minutos"},"schema":{"@context":"https:\/\/schema.org","@graph":[{"@type":"WebPage","@id":"https:\/\/nahuelproducciones.com.ar\/radioquijano\/grave-denuncia-de-abandono-a-un-trabajador-municipal-accidentado-en-campo-quijano\/","url":"https:\/\/nahuelproducciones.com.ar\/radioquijano\/grave-denuncia-de-abandono-a-un-trabajador-municipal-accidentado-en-campo-quijano\/","name":"\u00c1ngel Vilte, el trabajador municipal accidentado en La Silleta, y la postura de ATE Campo Quijano - RQ 99.9","isPartOf":{"@id":"https:\/\/nahuelproducciones.com.ar\/radioquijano\/#website"},"datePublished":"2025-06-29T23:50:25+00:00","dateModified":"2025-06-30T03:31:47+00:00","author":{"@id":"https:\/\/nahuelproducciones.com.ar\/radioquijano\/#\/schema\/person\/e8a4f939e2cb487fe6d0c54042c9d32c"},"description":"\"la situaci\u00f3n econ\u00f3mica obliga a muchos a aceptar estas condiciones\".","breadcrumb":{"@id":"https:\/\/nahuelproducciones.com.ar\/radioquijano\/grave-denuncia-de-abandono-a-un-trabajador-municipal-accidentado-en-campo-quijano\/#breadcrumb"},"inLanguage":"es","potentialAction":[{"@type":"ReadAction","target":["https:\/\/nahuelproducciones.com.ar\/radioquijano\/grave-denuncia-de-abandono-a-un-trabajador-municipal-accidentado-en-campo-quijano\/"]}]},{"@type":"BreadcrumbList","@id":"https:\/\/nahuelproducciones.com.ar\/radioquijano\/grave-denuncia-de-abandono-a-un-trabajador-municipal-accidentado-en-campo-quijano\/#breadcrumb","itemListElement":[{"@type":"ListItem","position":1,"name":"Portada","item":"https:\/\/nahuelproducciones.com.ar\/radioquijano\/"},{"@type":"ListItem","position":2,"name":"\u00c1ngel Vilte, el trabajador municipal accidentado en La Silleta, y la postura de ATE Campo Quijano"}]},{"@type":"WebSite","@id":"https:\/\/nahuelproducciones.com.ar\/radioquijano\/#website","url":"https:\/\/nahuelproducciones.com.ar\/radioquijano\/","name":"RQ 99.9","description":"Radio Quijano 99.9 MHz","potentialAction":[{"@type":"SearchAction","target":{"@type":"EntryPoint","urlTemplate":"https:\/\/nahuelproducciones.com.ar\/radioquijano\/?s={search_term_string}"},"query-input":"required name=search_term_string"}],"inLanguage":"es"},{"@type":"Person","@id":"https:\/\/nahuelproducciones.com.ar\/radioquijano\/#\/schema\/person\/e8a4f939e2cb487fe6d0c54042c9d32c","name":"Cecilia Pastrana","image":{"@type":"ImageObject","inLanguage":"es","@id":"https:\/\/nahuelproducciones.com.ar\/radioquijano\/#\/schema\/person\/image\/","url":"https:\/\/secure.gravatar.com\/avatar\/661a3ef63a8488d4f2794ed44af8cf71420f7e106f3072c40125114df5157749?s=96&d=mm&r=g","contentUrl":"https:\/\/secure.gravatar.com\/avatar\/661a3ef63a8488d4f2794ed44af8cf71420f7e106f3072c40125114df5157749?s=96&d=mm&r=g","caption":"Cecilia Pastrana"},"sameAs":["cecy"],"url":"https:\/\/nahuelproducciones.com.ar\/radioquijano\/author\/cecy\/"}]}},"_links":{"self":[{"href":"https:\/\/nahuelproducciones.com.ar\/radioquijano\/wp-json\/wp\/v2\/posts\/10500","targetHints":{"allow":["GET"]}}],"collection":[{"href":"https:\/\/nahuelproducciones.com.ar\/radioquijano\/wp-json\/wp\/v2\/posts"}],"about":[{"href":"https:\/\/nahuelproducciones.com.ar\/radioquijano\/wp-json\/wp\/v2\/types\/post"}],"author":[{"embeddable":true,"href":"https:\/\/nahuelproducciones.com.ar\/radioquijano\/wp-json\/wp\/v2\/users\/8"}],"replies":[{"embeddable":true,"href":"https:\/\/nahuelproducciones.com.ar\/radioquijano\/wp-json\/wp\/v2\/comments?post=10500"}],"version-history":[{"count":8,"href":"https:\/\/nahuelproducciones.com.ar\/radioquijano\/wp-json\/wp\/v2\/posts\/10500\/revisions"}],"predecessor-version":[{"id":10525,"href":"https:\/\/nahuelproducciones.com.ar\/radioquijano\/wp-json\/wp\/v2\/posts\/10500\/revisions\/10525"}],"wp:featuredmedia":[{"embeddable":true,"href":"https:\/\/nahuelproducciones.com.ar\/radioquijano\/wp-json\/wp\/v2\/media\/10505"}],"wp:attachment":[{"href":"https:\/\/nahuelproducciones.com.ar\/radioquijano\/wp-json\/wp\/v2\/media?parent=10500"}],"wp:term":[{"taxonomy":"category","embeddable":true,"href":"https:\/\/nahuelproducciones.com.ar\/radioquijano\/wp-json\/wp\/v2\/categories?post=10500"},{"taxonomy":"post_tag","embeddable":true,"href":"https:\/\/nahuelproducciones.com.ar\/radioquijano\/wp-json\/wp\/v2\/tags?post=10500"}],"curies":[{"name":"wp","href":"https:\/\/api.w.org\/{rel}","templated":true}]}}