{"id":1052,"date":"2021-06-16T23:19:27","date_gmt":"2021-06-17T02:19:27","guid":{"rendered":"https:\/\/nahuelproducciones.com.ar\/radioquijano\/?p=1052"},"modified":"2021-06-16T23:32:26","modified_gmt":"2021-06-17T02:32:26","slug":"sin-copa-de-leche-para-el-gesta-guemesiana","status":"publish","type":"post","link":"https:\/\/nahuelproducciones.com.ar\/radioquijano\/sin-copa-de-leche-para-el-gesta-guemesiana\/","title":{"rendered":"Sin copa de leche para el \u00abGesta G\u00fcemesiana\u00bb"},"content":{"rendered":"\n<p>El colegio secundario Gesta G\u00fcemesiana est\u00e1 situado en La Silleta municipio de Campo Quijano y hace muy poco tiempo atr\u00e1s recibi\u00f3 un edificio completamente nuevo pero hasta la fecha no recibe la necesaria Copa de Leche para sus alumnos.<\/p>\n\n\n\n<p>Todos en Salta, conocemos de la necesidad de esta infusi\u00f3n en los alumnos y m\u00e1s todav\u00eda en aquellos que deben recorrer largas distancias hasta llegar a tomar clases. Por ello, la directora Profesora Josefina L\u00f3pez gestion\u00f3 ante el intendente municipal Carlos Folloni en el mes de marzo del presente a\u00f1o, la correspondiente colaboraci\u00f3n a fin de satisfacer \u00e9sta necesidad de los alumnos. <\/p>\n\n\n\n<p>Hasta la fecha no hay respuesta al pedido de colaboraci\u00f3n pero el alumnado agradece la colaboraci\u00f3n del Profesor Leonardo L\u00f3pez quien brinda esta colaboraci\u00f3n hasta que las autoridades correspondiente puedan hacerlo.<\/p>\n\n\n\n<iframe loading=\"lazy\" src=\"https:\/\/www.facebook.com\/plugins\/post.php?href=https%3A%2F%2Fwww.facebook.com%2Fhectorleonardo.lopez.7%2Fposts%2F2925151627705063&#038;show_text=true&#038;width=500\" width=\"700\" height=\"773\" style=\"border:none;overflow:hidden\" scrolling=\"no\" frameborder=\"0\" allowfullscreen=\"true\" allow=\"autoplay; clipboard-write; encrypted-media; picture-in-picture; web-share\"><\/iframe>\n\n\n\n<figure class=\"wp-block-image size-large\"><img loading=\"lazy\" decoding=\"async\" width=\"830\" height=\"1024\" src=\"https:\/\/nahuelproducciones.com.ar\/radioquijano\/wp-content\/uploads\/2021\/06\/WhatsApp-Image-2021-06-16-at-20.42.18-830x1024.jpeg\" alt=\"\" class=\"wp-image-1053\" srcset=\"https:\/\/nahuelproducciones.com.ar\/radioquijano\/wp-content\/uploads\/2021\/06\/WhatsApp-Image-2021-06-16-at-20.42.18-830x1024.jpeg 830w, https:\/\/nahuelproducciones.com.ar\/radioquijano\/wp-content\/uploads\/2021\/06\/WhatsApp-Image-2021-06-16-at-20.42.18-243x300.jpeg 243w, https:\/\/nahuelproducciones.com.ar\/radioquijano\/wp-content\/uploads\/2021\/06\/WhatsApp-Image-2021-06-16-at-20.42.18-768x947.jpeg 768w, https:\/\/nahuelproducciones.com.ar\/radioquijano\/wp-content\/uploads\/2021\/06\/WhatsApp-Image-2021-06-16-at-20.42.18-1246x1536.jpeg 1246w, https:\/\/nahuelproducciones.com.ar\/radioquijano\/wp-content\/uploads\/2021\/06\/WhatsApp-Image-2021-06-16-at-20.42.18-150x185.jpeg 150w, https:\/\/nahuelproducciones.com.ar\/radioquijano\/wp-content\/uploads\/2021\/06\/WhatsApp-Image-2021-06-16-at-20.42.18.jpeg 1338w\" sizes=\"auto, (max-width: 830px) 100vw, 830px\" \/><\/figure>\n","protected":false},"excerpt":{"rendered":"<p>El colegio secundario Gesta G\u00fcemesiana est\u00e1 situado en La Silleta municipio de Campo Quijano y hace muy poco tiempo atr\u00e1s recibi\u00f3 un edificio completamente nuevo pero hasta la fecha no recibe la necesaria Copa de Leche para sus alumnos. Todos en Salta, conocemos de la necesidad de esta infusi\u00f3n en los alumnos y m\u00e1s todav\u00eda [&hellip;]<\/p>\n","protected":false},"author":6,"featured_media":1055,"comment_status":"open","ping_status":"open","sticky":false,"template":"","format":"standard","meta":{"_monsterinsights_skip_tracking":false,"_monsterinsights_sitenote_active":false,"_monsterinsights_sitenote_note":"","_monsterinsights_sitenote_category":0,"footnotes":""},"categories":[16],"tags":[],"class_list":["post-1052","post","type-post","status-publish","format-standard","has-post-thumbnail","hentry","category-noticias"],"yoast_head":"<!-- This site is optimized with the Yoast SEO plugin v20.8 - https:\/\/yoast.com\/wordpress\/plugins\/seo\/ -->\n<title>Sin copa de leche para el &quot;Gesta G\u00fcemesiana&quot; - RQ 99.9<\/title>\n<meta name=\"robots\" content=\"index, follow, max-snippet:-1, max-image-preview:large, max-video-preview:-1\" \/>\n<link rel=\"canonical\" href=\"https:\/\/nahuelproducciones.com.ar\/radioquijano\/sin-copa-de-leche-para-el-gesta-guemesiana\/\" \/>\n<meta property=\"og:locale\" content=\"es_ES\" \/>\n<meta property=\"og:type\" content=\"article\" \/>\n<meta property=\"og:title\" content=\"Sin copa de leche para el &quot;Gesta G\u00fcemesiana&quot; - RQ 99.9\" \/>\n<meta property=\"og:description\" content=\"El colegio secundario Gesta G\u00fcemesiana est\u00e1 situado en La Silleta municipio de Campo Quijano y hace muy poco tiempo atr\u00e1s recibi\u00f3 un edificio completamente nuevo pero hasta la fecha no recibe la necesaria Copa de Leche para sus alumnos. Todos en Salta, conocemos de la necesidad de esta infusi\u00f3n en los alumnos y m\u00e1s todav\u00eda [&hellip;]\" \/>\n<meta property=\"og:url\" content=\"https:\/\/nahuelproducciones.com.ar\/radioquijano\/sin-copa-de-leche-para-el-gesta-guemesiana\/\" \/>\n<meta property=\"og:site_name\" content=\"RQ 99.9\" \/>\n<meta property=\"article:publisher\" content=\"https:\/\/www.facebook.com\/nahuelproducciones999\/\" \/>\n<meta property=\"article:published_time\" content=\"2021-06-17T02:19:27+00:00\" \/>\n<meta property=\"article:modified_time\" content=\"2021-06-17T02:32:26+00:00\" \/>\n<meta property=\"og:image\" content=\"https:\/\/nahuelproducciones.com.ar\/radioquijano\/wp-content\/uploads\/2021\/06\/Profesor-Leo-Lopez-y-directora-del-colegio.jpg\" \/>\n\t<meta property=\"og:image:width\" content=\"700\" \/>\n\t<meta property=\"og:image:height\" content=\"340\" \/>\n\t<meta property=\"og:image:type\" content=\"image\/jpeg\" \/>\n<meta name=\"author\" content=\"Ricardo Guzman\" \/>\n<meta name=\"twitter:card\" content=\"summary_large_image\" \/>\n<meta name=\"twitter:creator\" content=\"@nahuproduciones\" \/>\n<meta name=\"twitter:site\" content=\"@nahuproduciones\" \/>\n<meta name=\"twitter:label1\" content=\"Escrito por\" \/>\n\t<meta name=\"twitter:data1\" content=\"Ricardo Guzman\" \/>\n\t<meta name=\"twitter:label2\" content=\"Tiempo de lectura\" \/>\n\t<meta name=\"twitter:data2\" content=\"1 minuto\" \/>\n<script type=\"application\/ld+json\" class=\"yoast-schema-graph\">{\"@context\":\"https:\/\/schema.org\",\"@graph\":[{\"@type\":\"WebPage\",\"@id\":\"https:\/\/nahuelproducciones.com.ar\/radioquijano\/sin-copa-de-leche-para-el-gesta-guemesiana\/\",\"url\":\"https:\/\/nahuelproducciones.com.ar\/radioquijano\/sin-copa-de-leche-para-el-gesta-guemesiana\/\",\"name\":\"Sin copa de leche para el \\\"Gesta G\u00fcemesiana\\\" - RQ 99.9\",\"isPartOf\":{\"@id\":\"https:\/\/nahuelproducciones.com.ar\/radioquijano\/#website\"},\"datePublished\":\"2021-06-17T02:19:27+00:00\",\"dateModified\":\"2021-06-17T02:32:26+00:00\",\"author\":{\"@id\":\"https:\/\/nahuelproducciones.com.ar\/radioquijano\/#\/schema\/person\/b9b81a110cbdf07949e2cd02d478ab9d\"},\"breadcrumb\":{\"@id\":\"https:\/\/nahuelproducciones.com.ar\/radioquijano\/sin-copa-de-leche-para-el-gesta-guemesiana\/#breadcrumb\"},\"inLanguage\":\"es\",\"potentialAction\":[{\"@type\":\"ReadAction\",\"target\":[\"https:\/\/nahuelproducciones.com.ar\/radioquijano\/sin-copa-de-leche-para-el-gesta-guemesiana\/\"]}]},{\"@type\":\"BreadcrumbList\",\"@id\":\"https:\/\/nahuelproducciones.com.ar\/radioquijano\/sin-copa-de-leche-para-el-gesta-guemesiana\/#breadcrumb\",\"itemListElement\":[{\"@type\":\"ListItem\",\"position\":1,\"name\":\"Portada\",\"item\":\"https:\/\/nahuelproducciones.com.ar\/radioquijano\/\"},{\"@type\":\"ListItem\",\"position\":2,\"name\":\"Sin copa de leche para el \u00abGesta G\u00fcemesiana\u00bb\"}]},{\"@type\":\"WebSite\",\"@id\":\"https:\/\/nahuelproducciones.com.ar\/radioquijano\/#website\",\"url\":\"https:\/\/nahuelproducciones.com.ar\/radioquijano\/\",\"name\":\"RQ 99.9\",\"description\":\"Radio Quijano 99.9 MHz\",\"potentialAction\":[{\"@type\":\"SearchAction\",\"target\":{\"@type\":\"EntryPoint\",\"urlTemplate\":\"https:\/\/nahuelproducciones.com.ar\/radioquijano\/?s={search_term_string}\"},\"query-input\":\"required name=search_term_string\"}],\"inLanguage\":\"es\"},{\"@type\":\"Person\",\"@id\":\"https:\/\/nahuelproducciones.com.ar\/radioquijano\/#\/schema\/person\/b9b81a110cbdf07949e2cd02d478ab9d\",\"name\":\"Ricardo Guzman\",\"image\":{\"@type\":\"ImageObject\",\"inLanguage\":\"es\",\"@id\":\"https:\/\/nahuelproducciones.com.ar\/radioquijano\/#\/schema\/person\/image\/\",\"url\":\"https:\/\/secure.gravatar.com\/avatar\/a5d582deda251f95dc882b72fc6e7b4854f88bb25c3154519210afffa7d706e8?s=96&d=mm&r=g\",\"contentUrl\":\"https:\/\/secure.gravatar.com\/avatar\/a5d582deda251f95dc882b72fc6e7b4854f88bb25c3154519210afffa7d706e8?s=96&d=mm&r=g\",\"caption\":\"Ricardo Guzman\"},\"url\":\"https:\/\/nahuelproducciones.com.ar\/radioquijano\/author\/cady\/\"}]}<\/script>\n<!-- \/ Yoast SEO plugin. -->","yoast_head_json":{"title":"Sin copa de leche para el \"Gesta G\u00fcemesiana\" - RQ 99.9","robots":{"index":"index","follow":"follow","max-snippet":"max-snippet:-1","max-image-preview":"max-image-preview:large","max-video-preview":"max-video-preview:-1"},"canonical":"https:\/\/nahuelproducciones.com.ar\/radioquijano\/sin-copa-de-leche-para-el-gesta-guemesiana\/","og_locale":"es_ES","og_type":"article","og_title":"Sin copa de leche para el \"Gesta G\u00fcemesiana\" - RQ 99.9","og_description":"El colegio secundario Gesta G\u00fcemesiana est\u00e1 situado en La Silleta municipio de Campo Quijano y hace muy poco tiempo atr\u00e1s recibi\u00f3 un edificio completamente nuevo pero hasta la fecha no recibe la necesaria Copa de Leche para sus alumnos. Todos en Salta, conocemos de la necesidad de esta infusi\u00f3n en los alumnos y m\u00e1s todav\u00eda [&hellip;]","og_url":"https:\/\/nahuelproducciones.com.ar\/radioquijano\/sin-copa-de-leche-para-el-gesta-guemesiana\/","og_site_name":"RQ 99.9","article_publisher":"https:\/\/www.facebook.com\/nahuelproducciones999\/","article_published_time":"2021-06-17T02:19:27+00:00","article_modified_time":"2021-06-17T02:32:26+00:00","og_image":[{"width":700,"height":340,"url":"https:\/\/nahuelproducciones.com.ar\/radioquijano\/wp-content\/uploads\/2021\/06\/Profesor-Leo-Lopez-y-directora-del-colegio.jpg","type":"image\/jpeg"}],"author":"Ricardo Guzman","twitter_card":"summary_large_image","twitter_creator":"@nahuproduciones","twitter_site":"@nahuproduciones","twitter_misc":{"Escrito por":"Ricardo Guzman","Tiempo de lectura":"1 minuto"},"schema":{"@context":"https:\/\/schema.org","@graph":[{"@type":"WebPage","@id":"https:\/\/nahuelproducciones.com.ar\/radioquijano\/sin-copa-de-leche-para-el-gesta-guemesiana\/","url":"https:\/\/nahuelproducciones.com.ar\/radioquijano\/sin-copa-de-leche-para-el-gesta-guemesiana\/","name":"Sin copa de leche para el \"Gesta G\u00fcemesiana\" - RQ 99.9","isPartOf":{"@id":"https:\/\/nahuelproducciones.com.ar\/radioquijano\/#website"},"datePublished":"2021-06-17T02:19:27+00:00","dateModified":"2021-06-17T02:32:26+00:00","author":{"@id":"https:\/\/nahuelproducciones.com.ar\/radioquijano\/#\/schema\/person\/b9b81a110cbdf07949e2cd02d478ab9d"},"breadcrumb":{"@id":"https:\/\/nahuelproducciones.com.ar\/radioquijano\/sin-copa-de-leche-para-el-gesta-guemesiana\/#breadcrumb"},"inLanguage":"es","potentialAction":[{"@type":"ReadAction","target":["https:\/\/nahuelproducciones.com.ar\/radioquijano\/sin-copa-de-leche-para-el-gesta-guemesiana\/"]}]},{"@type":"BreadcrumbList","@id":"https:\/\/nahuelproducciones.com.ar\/radioquijano\/sin-copa-de-leche-para-el-gesta-guemesiana\/#breadcrumb","itemListElement":[{"@type":"ListItem","position":1,"name":"Portada","item":"https:\/\/nahuelproducciones.com.ar\/radioquijano\/"},{"@type":"ListItem","position":2,"name":"Sin copa de leche para el \u00abGesta G\u00fcemesiana\u00bb"}]},{"@type":"WebSite","@id":"https:\/\/nahuelproducciones.com.ar\/radioquijano\/#website","url":"https:\/\/nahuelproducciones.com.ar\/radioquijano\/","name":"RQ 99.9","description":"Radio Quijano 99.9 MHz","potentialAction":[{"@type":"SearchAction","target":{"@type":"EntryPoint","urlTemplate":"https:\/\/nahuelproducciones.com.ar\/radioquijano\/?s={search_term_string}"},"query-input":"required name=search_term_string"}],"inLanguage":"es"},{"@type":"Person","@id":"https:\/\/nahuelproducciones.com.ar\/radioquijano\/#\/schema\/person\/b9b81a110cbdf07949e2cd02d478ab9d","name":"Ricardo Guzman","image":{"@type":"ImageObject","inLanguage":"es","@id":"https:\/\/nahuelproducciones.com.ar\/radioquijano\/#\/schema\/person\/image\/","url":"https:\/\/secure.gravatar.com\/avatar\/a5d582deda251f95dc882b72fc6e7b4854f88bb25c3154519210afffa7d706e8?s=96&d=mm&r=g","contentUrl":"https:\/\/secure.gravatar.com\/avatar\/a5d582deda251f95dc882b72fc6e7b4854f88bb25c3154519210afffa7d706e8?s=96&d=mm&r=g","caption":"Ricardo Guzman"},"url":"https:\/\/nahuelproducciones.com.ar\/radioquijano\/author\/cady\/"}]}},"_links":{"self":[{"href":"https:\/\/nahuelproducciones.com.ar\/radioquijano\/wp-json\/wp\/v2\/posts\/1052","targetHints":{"allow":["GET"]}}],"collection":[{"href":"https:\/\/nahuelproducciones.com.ar\/radioquijano\/wp-json\/wp\/v2\/posts"}],"about":[{"href":"https:\/\/nahuelproducciones.com.ar\/radioquijano\/wp-json\/wp\/v2\/types\/post"}],"author":[{"embeddable":true,"href":"https:\/\/nahuelproducciones.com.ar\/radioquijano\/wp-json\/wp\/v2\/users\/6"}],"replies":[{"embeddable":true,"href":"https:\/\/nahuelproducciones.com.ar\/radioquijano\/wp-json\/wp\/v2\/comments?post=1052"}],"version-history":[{"count":5,"href":"https:\/\/nahuelproducciones.com.ar\/radioquijano\/wp-json\/wp\/v2\/posts\/1052\/revisions"}],"predecessor-version":[{"id":1062,"href":"https:\/\/nahuelproducciones.com.ar\/radioquijano\/wp-json\/wp\/v2\/posts\/1052\/revisions\/1062"}],"wp:featuredmedia":[{"embeddable":true,"href":"https:\/\/nahuelproducciones.com.ar\/radioquijano\/wp-json\/wp\/v2\/media\/1055"}],"wp:attachment":[{"href":"https:\/\/nahuelproducciones.com.ar\/radioquijano\/wp-json\/wp\/v2\/media?parent=1052"}],"wp:term":[{"taxonomy":"category","embeddable":true,"href":"https:\/\/nahuelproducciones.com.ar\/radioquijano\/wp-json\/wp\/v2\/categories?post=1052"},{"taxonomy":"post_tag","embeddable":true,"href":"https:\/\/nahuelproducciones.com.ar\/radioquijano\/wp-json\/wp\/v2\/tags?post=1052"}],"curies":[{"name":"wp","href":"https:\/\/api.w.org\/{rel}","templated":true}]}}