{"id":10526,"date":"2025-06-30T16:06:44","date_gmt":"2025-06-30T19:06:44","guid":{"rendered":"https:\/\/nahuelproducciones.com.ar\/radioquijano\/?p=10526"},"modified":"2025-06-30T16:06:46","modified_gmt":"2025-06-30T19:06:46","slug":"invitan-a-futuras-mamas-a-un-encuentro-de-salud-en-el-puesto-sanitario-enfermero-santillan","status":"publish","type":"post","link":"https:\/\/nahuelproducciones.com.ar\/radioquijano\/invitan-a-futuras-mamas-a-un-encuentro-de-salud-en-el-puesto-sanitario-enfermero-santillan\/","title":{"rendered":"Invitan a futuras mam\u00e1s a un encuentro de salud en el Puesto Sanitario Enfermero Santill\u00e1n"},"content":{"rendered":"\n<p>En di\u00e1logo con Radio Quijano, Roc\u00edo Fr\u00edas Comoglio, residente en Psicolog\u00eda del hospital Dr. Francisco Herrera, anunci\u00f3 la realizaci\u00f3n de un encuentro destinado a futuras mam\u00e1s en el Puesto Sanitario Enfermero Santill\u00e1n, ubicado en el Barrio Portal. La actividad se llevar\u00e1 a cabo a partir del viernes 4 de julio y est\u00e1 dirigida especialmente a mujeres que cursen desde la semana 28 de embarazo.<\/p>\n\n\n\n<p>\u00abLas futuras mam\u00e1s pueden asistir acompa\u00f1adas y con muchas ganas de participar y consultar\u00bb, explic\u00f3 Fr\u00edas Comoglio. Durante el encuentro se abordar\u00e1n distintos temas relacionados con los cuidados durante el embarazo, como la alimentaci\u00f3n adecuada, la importancia de la gimnasia y el bienestar emocional, entre otros.<\/p>\n\n\n\n<p>Adem\u00e1s, el espacio contar\u00e1 con la presencia de profesionales de diferentes especialidades, quienes brindar\u00e1n informaci\u00f3n y asesoramiento personalizado a las participantes.<\/p>\n\n\n\n<p>Desde la organizaci\u00f3n destacaron la importancia de estos espacios para fortalecer el acompa\u00f1amiento durante el embarazo y promover h\u00e1bitos saludables tanto en la mam\u00e1 como en el futuro beb\u00e9.<\/p>\n\n\n\n<p>Las interesadas pueden acercarse al Puesto Sanitario Enfermero Santill\u00e1n para m\u00e1s informaci\u00f3n e inscribirse de manera gratuita.<\/p>\n\n\n\n<p>Escucha la entrevista:<\/p>\n\n\n\n<figure class=\"wp-block-audio\"><audio controls src=\"https:\/\/nahuelproducciones.com.ar\/radioquijano\/wp-content\/uploads\/2025\/06\/30-06-2025-Rocio-Frias-Comoglio-del-hosp-francisco-herrera.mp3\"><\/audio><\/figure>\n","protected":false},"excerpt":{"rendered":"<p>En di\u00e1logo con Radio Quijano, Roc\u00edo Fr\u00edas Comoglio, residente en Psicolog\u00eda del hospital Dr. Francisco Herrera, anunci\u00f3 la realizaci\u00f3n de un encuentro destinado a futuras mam\u00e1s en el Puesto Sanitario Enfermero Santill\u00e1n, ubicado en el Barrio Portal. La actividad se llevar\u00e1 a cabo a partir del viernes 4 de julio y est\u00e1 dirigida especialmente a [&hellip;]<\/p>\n","protected":false},"author":8,"featured_media":10528,"comment_status":"open","ping_status":"open","sticky":false,"template":"","format":"standard","meta":{"_monsterinsights_skip_tracking":false,"_monsterinsights_sitenote_active":false,"_monsterinsights_sitenote_note":"","_monsterinsights_sitenote_category":0,"footnotes":""},"categories":[16],"tags":[374,100],"class_list":["post-10526","post","type-post","status-publish","format-standard","has-post-thumbnail","hentry","category-noticias","tag-hospital-dr-francisco-herrera","tag-municipio-de-campo-quijano"],"yoast_head":"<!-- This site is optimized with the Yoast SEO plugin v20.8 - https:\/\/yoast.com\/wordpress\/plugins\/seo\/ -->\n<title>Invitan a futuras mam\u00e1s a un encuentro de salud en el Puesto Sanitario Enfermero Santill\u00e1n - RQ 99.9<\/title>\n<meta name=\"description\" content=\"Las interesadas pueden acercarse al Puesto Sanitario Enfermero Santill\u00e1n para m\u00e1s informaci\u00f3n e inscribirse de manera gratuita.\" \/>\n<meta name=\"robots\" content=\"index, follow, max-snippet:-1, max-image-preview:large, max-video-preview:-1\" \/>\n<link rel=\"canonical\" href=\"https:\/\/nahuelproducciones.com.ar\/radioquijano\/invitan-a-futuras-mamas-a-un-encuentro-de-salud-en-el-puesto-sanitario-enfermero-santillan\/\" \/>\n<meta property=\"og:locale\" content=\"es_ES\" \/>\n<meta property=\"og:type\" content=\"article\" \/>\n<meta property=\"og:title\" content=\"Invitan a futuras mam\u00e1s a un encuentro de salud en el Puesto Sanitario Enfermero Santill\u00e1n - RQ 99.9\" \/>\n<meta property=\"og:description\" content=\"Las interesadas pueden acercarse al Puesto Sanitario Enfermero Santill\u00e1n para m\u00e1s informaci\u00f3n e inscribirse de manera gratuita.\" \/>\n<meta property=\"og:url\" content=\"https:\/\/nahuelproducciones.com.ar\/radioquijano\/invitan-a-futuras-mamas-a-un-encuentro-de-salud-en-el-puesto-sanitario-enfermero-santillan\/\" \/>\n<meta property=\"og:site_name\" content=\"RQ 99.9\" \/>\n<meta property=\"article:publisher\" content=\"https:\/\/www.facebook.com\/nahuelproducciones999\/\" \/>\n<meta property=\"article:published_time\" content=\"2025-06-30T19:06:44+00:00\" \/>\n<meta property=\"article:modified_time\" content=\"2025-06-30T19:06:46+00:00\" \/>\n<meta property=\"og:image\" content=\"https:\/\/nahuelproducciones.com.ar\/radioquijano\/wp-content\/uploads\/2025\/06\/WhatsApp-Image-2025-06-30-at-1.56.26-PM-e1751310369378.jpeg\" \/>\n\t<meta property=\"og:image:width\" content=\"700\" \/>\n\t<meta property=\"og:image:height\" content=\"990\" \/>\n\t<meta property=\"og:image:type\" content=\"image\/jpeg\" \/>\n<meta name=\"author\" content=\"Cecilia Pastrana\" \/>\n<meta name=\"twitter:card\" content=\"summary_large_image\" \/>\n<meta name=\"twitter:creator\" content=\"@nahuproduciones\" \/>\n<meta name=\"twitter:site\" content=\"@nahuproduciones\" \/>\n<meta name=\"twitter:label1\" content=\"Escrito por\" \/>\n\t<meta name=\"twitter:data1\" content=\"Cecilia Pastrana\" \/>\n\t<meta name=\"twitter:label2\" content=\"Tiempo de lectura\" \/>\n\t<meta name=\"twitter:data2\" content=\"1 minuto\" \/>\n<script type=\"application\/ld+json\" class=\"yoast-schema-graph\">{\"@context\":\"https:\/\/schema.org\",\"@graph\":[{\"@type\":\"WebPage\",\"@id\":\"https:\/\/nahuelproducciones.com.ar\/radioquijano\/invitan-a-futuras-mamas-a-un-encuentro-de-salud-en-el-puesto-sanitario-enfermero-santillan\/\",\"url\":\"https:\/\/nahuelproducciones.com.ar\/radioquijano\/invitan-a-futuras-mamas-a-un-encuentro-de-salud-en-el-puesto-sanitario-enfermero-santillan\/\",\"name\":\"Invitan a futuras mam\u00e1s a un encuentro de salud en el Puesto Sanitario Enfermero Santill\u00e1n - RQ 99.9\",\"isPartOf\":{\"@id\":\"https:\/\/nahuelproducciones.com.ar\/radioquijano\/#website\"},\"datePublished\":\"2025-06-30T19:06:44+00:00\",\"dateModified\":\"2025-06-30T19:06:46+00:00\",\"author\":{\"@id\":\"https:\/\/nahuelproducciones.com.ar\/radioquijano\/#\/schema\/person\/e8a4f939e2cb487fe6d0c54042c9d32c\"},\"description\":\"Las interesadas pueden acercarse al Puesto Sanitario Enfermero Santill\u00e1n para m\u00e1s informaci\u00f3n e inscribirse de manera gratuita.\",\"breadcrumb\":{\"@id\":\"https:\/\/nahuelproducciones.com.ar\/radioquijano\/invitan-a-futuras-mamas-a-un-encuentro-de-salud-en-el-puesto-sanitario-enfermero-santillan\/#breadcrumb\"},\"inLanguage\":\"es\",\"potentialAction\":[{\"@type\":\"ReadAction\",\"target\":[\"https:\/\/nahuelproducciones.com.ar\/radioquijano\/invitan-a-futuras-mamas-a-un-encuentro-de-salud-en-el-puesto-sanitario-enfermero-santillan\/\"]}]},{\"@type\":\"BreadcrumbList\",\"@id\":\"https:\/\/nahuelproducciones.com.ar\/radioquijano\/invitan-a-futuras-mamas-a-un-encuentro-de-salud-en-el-puesto-sanitario-enfermero-santillan\/#breadcrumb\",\"itemListElement\":[{\"@type\":\"ListItem\",\"position\":1,\"name\":\"Portada\",\"item\":\"https:\/\/nahuelproducciones.com.ar\/radioquijano\/\"},{\"@type\":\"ListItem\",\"position\":2,\"name\":\"Invitan a futuras mam\u00e1s a un encuentro de salud en el Puesto Sanitario Enfermero Santill\u00e1n\"}]},{\"@type\":\"WebSite\",\"@id\":\"https:\/\/nahuelproducciones.com.ar\/radioquijano\/#website\",\"url\":\"https:\/\/nahuelproducciones.com.ar\/radioquijano\/\",\"name\":\"RQ 99.9\",\"description\":\"Radio Quijano 99.9 MHz\",\"potentialAction\":[{\"@type\":\"SearchAction\",\"target\":{\"@type\":\"EntryPoint\",\"urlTemplate\":\"https:\/\/nahuelproducciones.com.ar\/radioquijano\/?s={search_term_string}\"},\"query-input\":\"required name=search_term_string\"}],\"inLanguage\":\"es\"},{\"@type\":\"Person\",\"@id\":\"https:\/\/nahuelproducciones.com.ar\/radioquijano\/#\/schema\/person\/e8a4f939e2cb487fe6d0c54042c9d32c\",\"name\":\"Cecilia Pastrana\",\"image\":{\"@type\":\"ImageObject\",\"inLanguage\":\"es\",\"@id\":\"https:\/\/nahuelproducciones.com.ar\/radioquijano\/#\/schema\/person\/image\/\",\"url\":\"https:\/\/secure.gravatar.com\/avatar\/661a3ef63a8488d4f2794ed44af8cf71420f7e106f3072c40125114df5157749?s=96&d=mm&r=g\",\"contentUrl\":\"https:\/\/secure.gravatar.com\/avatar\/661a3ef63a8488d4f2794ed44af8cf71420f7e106f3072c40125114df5157749?s=96&d=mm&r=g\",\"caption\":\"Cecilia Pastrana\"},\"sameAs\":[\"cecy\"],\"url\":\"https:\/\/nahuelproducciones.com.ar\/radioquijano\/author\/cecy\/\"}]}<\/script>\n<!-- \/ Yoast SEO plugin. -->","yoast_head_json":{"title":"Invitan a futuras mam\u00e1s a un encuentro de salud en el Puesto Sanitario Enfermero Santill\u00e1n - RQ 99.9","description":"Las interesadas pueden acercarse al Puesto Sanitario Enfermero Santill\u00e1n para m\u00e1s informaci\u00f3n e inscribirse de manera gratuita.","robots":{"index":"index","follow":"follow","max-snippet":"max-snippet:-1","max-image-preview":"max-image-preview:large","max-video-preview":"max-video-preview:-1"},"canonical":"https:\/\/nahuelproducciones.com.ar\/radioquijano\/invitan-a-futuras-mamas-a-un-encuentro-de-salud-en-el-puesto-sanitario-enfermero-santillan\/","og_locale":"es_ES","og_type":"article","og_title":"Invitan a futuras mam\u00e1s a un encuentro de salud en el Puesto Sanitario Enfermero Santill\u00e1n - RQ 99.9","og_description":"Las interesadas pueden acercarse al Puesto Sanitario Enfermero Santill\u00e1n para m\u00e1s informaci\u00f3n e inscribirse de manera gratuita.","og_url":"https:\/\/nahuelproducciones.com.ar\/radioquijano\/invitan-a-futuras-mamas-a-un-encuentro-de-salud-en-el-puesto-sanitario-enfermero-santillan\/","og_site_name":"RQ 99.9","article_publisher":"https:\/\/www.facebook.com\/nahuelproducciones999\/","article_published_time":"2025-06-30T19:06:44+00:00","article_modified_time":"2025-06-30T19:06:46+00:00","og_image":[{"width":700,"height":990,"url":"https:\/\/nahuelproducciones.com.ar\/radioquijano\/wp-content\/uploads\/2025\/06\/WhatsApp-Image-2025-06-30-at-1.56.26-PM-e1751310369378.jpeg","type":"image\/jpeg"}],"author":"Cecilia Pastrana","twitter_card":"summary_large_image","twitter_creator":"@nahuproduciones","twitter_site":"@nahuproduciones","twitter_misc":{"Escrito por":"Cecilia Pastrana","Tiempo de lectura":"1 minuto"},"schema":{"@context":"https:\/\/schema.org","@graph":[{"@type":"WebPage","@id":"https:\/\/nahuelproducciones.com.ar\/radioquijano\/invitan-a-futuras-mamas-a-un-encuentro-de-salud-en-el-puesto-sanitario-enfermero-santillan\/","url":"https:\/\/nahuelproducciones.com.ar\/radioquijano\/invitan-a-futuras-mamas-a-un-encuentro-de-salud-en-el-puesto-sanitario-enfermero-santillan\/","name":"Invitan a futuras mam\u00e1s a un encuentro de salud en el Puesto Sanitario Enfermero Santill\u00e1n - RQ 99.9","isPartOf":{"@id":"https:\/\/nahuelproducciones.com.ar\/radioquijano\/#website"},"datePublished":"2025-06-30T19:06:44+00:00","dateModified":"2025-06-30T19:06:46+00:00","author":{"@id":"https:\/\/nahuelproducciones.com.ar\/radioquijano\/#\/schema\/person\/e8a4f939e2cb487fe6d0c54042c9d32c"},"description":"Las interesadas pueden acercarse al Puesto Sanitario Enfermero Santill\u00e1n para m\u00e1s informaci\u00f3n e inscribirse de manera gratuita.","breadcrumb":{"@id":"https:\/\/nahuelproducciones.com.ar\/radioquijano\/invitan-a-futuras-mamas-a-un-encuentro-de-salud-en-el-puesto-sanitario-enfermero-santillan\/#breadcrumb"},"inLanguage":"es","potentialAction":[{"@type":"ReadAction","target":["https:\/\/nahuelproducciones.com.ar\/radioquijano\/invitan-a-futuras-mamas-a-un-encuentro-de-salud-en-el-puesto-sanitario-enfermero-santillan\/"]}]},{"@type":"BreadcrumbList","@id":"https:\/\/nahuelproducciones.com.ar\/radioquijano\/invitan-a-futuras-mamas-a-un-encuentro-de-salud-en-el-puesto-sanitario-enfermero-santillan\/#breadcrumb","itemListElement":[{"@type":"ListItem","position":1,"name":"Portada","item":"https:\/\/nahuelproducciones.com.ar\/radioquijano\/"},{"@type":"ListItem","position":2,"name":"Invitan a futuras mam\u00e1s a un encuentro de salud en el Puesto Sanitario Enfermero Santill\u00e1n"}]},{"@type":"WebSite","@id":"https:\/\/nahuelproducciones.com.ar\/radioquijano\/#website","url":"https:\/\/nahuelproducciones.com.ar\/radioquijano\/","name":"RQ 99.9","description":"Radio Quijano 99.9 MHz","potentialAction":[{"@type":"SearchAction","target":{"@type":"EntryPoint","urlTemplate":"https:\/\/nahuelproducciones.com.ar\/radioquijano\/?s={search_term_string}"},"query-input":"required name=search_term_string"}],"inLanguage":"es"},{"@type":"Person","@id":"https:\/\/nahuelproducciones.com.ar\/radioquijano\/#\/schema\/person\/e8a4f939e2cb487fe6d0c54042c9d32c","name":"Cecilia Pastrana","image":{"@type":"ImageObject","inLanguage":"es","@id":"https:\/\/nahuelproducciones.com.ar\/radioquijano\/#\/schema\/person\/image\/","url":"https:\/\/secure.gravatar.com\/avatar\/661a3ef63a8488d4f2794ed44af8cf71420f7e106f3072c40125114df5157749?s=96&d=mm&r=g","contentUrl":"https:\/\/secure.gravatar.com\/avatar\/661a3ef63a8488d4f2794ed44af8cf71420f7e106f3072c40125114df5157749?s=96&d=mm&r=g","caption":"Cecilia Pastrana"},"sameAs":["cecy"],"url":"https:\/\/nahuelproducciones.com.ar\/radioquijano\/author\/cecy\/"}]}},"_links":{"self":[{"href":"https:\/\/nahuelproducciones.com.ar\/radioquijano\/wp-json\/wp\/v2\/posts\/10526","targetHints":{"allow":["GET"]}}],"collection":[{"href":"https:\/\/nahuelproducciones.com.ar\/radioquijano\/wp-json\/wp\/v2\/posts"}],"about":[{"href":"https:\/\/nahuelproducciones.com.ar\/radioquijano\/wp-json\/wp\/v2\/types\/post"}],"author":[{"embeddable":true,"href":"https:\/\/nahuelproducciones.com.ar\/radioquijano\/wp-json\/wp\/v2\/users\/8"}],"replies":[{"embeddable":true,"href":"https:\/\/nahuelproducciones.com.ar\/radioquijano\/wp-json\/wp\/v2\/comments?post=10526"}],"version-history":[{"count":1,"href":"https:\/\/nahuelproducciones.com.ar\/radioquijano\/wp-json\/wp\/v2\/posts\/10526\/revisions"}],"predecessor-version":[{"id":10529,"href":"https:\/\/nahuelproducciones.com.ar\/radioquijano\/wp-json\/wp\/v2\/posts\/10526\/revisions\/10529"}],"wp:featuredmedia":[{"embeddable":true,"href":"https:\/\/nahuelproducciones.com.ar\/radioquijano\/wp-json\/wp\/v2\/media\/10528"}],"wp:attachment":[{"href":"https:\/\/nahuelproducciones.com.ar\/radioquijano\/wp-json\/wp\/v2\/media?parent=10526"}],"wp:term":[{"taxonomy":"category","embeddable":true,"href":"https:\/\/nahuelproducciones.com.ar\/radioquijano\/wp-json\/wp\/v2\/categories?post=10526"},{"taxonomy":"post_tag","embeddable":true,"href":"https:\/\/nahuelproducciones.com.ar\/radioquijano\/wp-json\/wp\/v2\/tags?post=10526"}],"curies":[{"name":"wp","href":"https:\/\/api.w.org\/{rel}","templated":true}]}}