{"id":10530,"date":"2025-06-30T18:29:48","date_gmt":"2025-06-30T21:29:48","guid":{"rendered":"https:\/\/nahuelproducciones.com.ar\/radioquijano\/?p=10530"},"modified":"2025-06-30T18:29:50","modified_gmt":"2025-06-30T21:29:50","slug":"clases-en-salta-martes-1-de-julio-habra-actividades-con-normalidad","status":"publish","type":"post","link":"https:\/\/nahuelproducciones.com.ar\/radioquijano\/clases-en-salta-martes-1-de-julio-habra-actividades-con-normalidad\/","title":{"rendered":"Clases en Salta: martes 1 de julio habr\u00e1 actividades con normalidad."},"content":{"rendered":"\n<p>El Ministerio de Educaci\u00f3n, Cultura, Ciencia y Tecnolog\u00eda de la Provincia inform\u00f3 que la medida transitoria de suspensi\u00f3n de actividades \u00e1ulicas en zonas cordilleranas rige \u00fanicamente por hoy lunes 30 de junio; en tanto ma\u00f1ana martes 1 de julio las clases continuar\u00e1n con normalidad.<\/p>\n\n\n\n<p>Desde la cartera educativa provincial tambi\u00e9n se indic\u00f3 que a partir de ma\u00f1ana las inasistencias ser\u00e1n computadas de manera regular.<\/p>\n\n\n\n<hr class=\"wp-block-separator has-alpha-channel-opacity\"\/>\n\n\n\n<p>Fuente:&nbsp;<strong>Secretar\u00eda de Prensa y Comunicaci\u00f3n<\/strong><\/p>\n","protected":false},"excerpt":{"rendered":"<p>El Ministerio de Educaci\u00f3n, Cultura, Ciencia y Tecnolog\u00eda de la Provincia inform\u00f3 que la medida transitoria de suspensi\u00f3n de actividades \u00e1ulicas en zonas cordilleranas rige \u00fanicamente por hoy lunes 30 de junio; en tanto ma\u00f1ana martes 1 de julio las clases continuar\u00e1n con normalidad. Desde la cartera educativa provincial tambi\u00e9n se indic\u00f3 que a partir [&hellip;]<\/p>\n","protected":false},"author":8,"featured_media":10531,"comment_status":"open","ping_status":"open","sticky":false,"template":"","format":"standard","meta":{"_monsterinsights_skip_tracking":false,"_monsterinsights_sitenote_active":false,"_monsterinsights_sitenote_note":"","_monsterinsights_sitenote_category":0,"footnotes":""},"categories":[16],"tags":[603,100,1842],"class_list":["post-10530","post","type-post","status-publish","format-standard","has-post-thumbnail","hentry","category-noticias","tag-ministerio-de-educacion","tag-municipio-de-campo-quijano","tag-ola-polar-clases"],"yoast_head":"<!-- This site is optimized with the Yoast SEO plugin v20.8 - https:\/\/yoast.com\/wordpress\/plugins\/seo\/ -->\n<title>Clases en Salta: martes 1 de julio habr\u00e1 actividades con normalidad. - RQ 99.9<\/title>\n<meta name=\"description\" content=\"Desde Educaci\u00f3n se informa que las inasistencias a partir del martes ser\u00e1n computadas en toda la provincia.\" \/>\n<meta name=\"robots\" content=\"index, follow, max-snippet:-1, max-image-preview:large, max-video-preview:-1\" \/>\n<link rel=\"canonical\" href=\"https:\/\/nahuelproducciones.com.ar\/radioquijano\/clases-en-salta-martes-1-de-julio-habra-actividades-con-normalidad\/\" \/>\n<meta property=\"og:locale\" content=\"es_ES\" \/>\n<meta property=\"og:type\" content=\"article\" \/>\n<meta property=\"og:title\" content=\"Clases en Salta: martes 1 de julio habr\u00e1 actividades con normalidad. - RQ 99.9\" \/>\n<meta property=\"og:description\" content=\"Desde Educaci\u00f3n se informa que las inasistencias a partir del martes ser\u00e1n computadas en toda la provincia.\" \/>\n<meta property=\"og:url\" content=\"https:\/\/nahuelproducciones.com.ar\/radioquijano\/clases-en-salta-martes-1-de-julio-habra-actividades-con-normalidad\/\" \/>\n<meta property=\"og:site_name\" content=\"RQ 99.9\" \/>\n<meta property=\"article:publisher\" content=\"https:\/\/www.facebook.com\/nahuelproducciones999\/\" \/>\n<meta property=\"article:published_time\" content=\"2025-06-30T21:29:48+00:00\" \/>\n<meta property=\"article:modified_time\" content=\"2025-06-30T21:29:50+00:00\" \/>\n<meta property=\"og:image\" content=\"https:\/\/nahuelproducciones.com.ar\/radioquijano\/wp-content\/uploads\/2025\/06\/102441-clases-en-salta-maniana-habra-actividades-con-normalidad-e1751318924332.webp\" \/>\n\t<meta property=\"og:image:width\" content=\"700\" \/>\n\t<meta property=\"og:image:height\" content=\"394\" \/>\n\t<meta property=\"og:image:type\" content=\"image\/webp\" \/>\n<meta name=\"author\" content=\"Cecilia Pastrana\" \/>\n<meta name=\"twitter:card\" content=\"summary_large_image\" \/>\n<meta name=\"twitter:creator\" content=\"@nahuproduciones\" \/>\n<meta name=\"twitter:site\" content=\"@nahuproduciones\" \/>\n<meta name=\"twitter:label1\" content=\"Escrito por\" \/>\n\t<meta name=\"twitter:data1\" content=\"Cecilia Pastrana\" \/>\n\t<meta name=\"twitter:label2\" content=\"Tiempo de lectura\" \/>\n\t<meta name=\"twitter:data2\" content=\"1 minuto\" \/>\n<script type=\"application\/ld+json\" class=\"yoast-schema-graph\">{\"@context\":\"https:\/\/schema.org\",\"@graph\":[{\"@type\":\"WebPage\",\"@id\":\"https:\/\/nahuelproducciones.com.ar\/radioquijano\/clases-en-salta-martes-1-de-julio-habra-actividades-con-normalidad\/\",\"url\":\"https:\/\/nahuelproducciones.com.ar\/radioquijano\/clases-en-salta-martes-1-de-julio-habra-actividades-con-normalidad\/\",\"name\":\"Clases en Salta: martes 1 de julio habr\u00e1 actividades con normalidad. - RQ 99.9\",\"isPartOf\":{\"@id\":\"https:\/\/nahuelproducciones.com.ar\/radioquijano\/#website\"},\"datePublished\":\"2025-06-30T21:29:48+00:00\",\"dateModified\":\"2025-06-30T21:29:50+00:00\",\"author\":{\"@id\":\"https:\/\/nahuelproducciones.com.ar\/radioquijano\/#\/schema\/person\/e8a4f939e2cb487fe6d0c54042c9d32c\"},\"description\":\"Desde Educaci\u00f3n se informa que las inasistencias a partir del martes ser\u00e1n computadas en toda la provincia.\",\"breadcrumb\":{\"@id\":\"https:\/\/nahuelproducciones.com.ar\/radioquijano\/clases-en-salta-martes-1-de-julio-habra-actividades-con-normalidad\/#breadcrumb\"},\"inLanguage\":\"es\",\"potentialAction\":[{\"@type\":\"ReadAction\",\"target\":[\"https:\/\/nahuelproducciones.com.ar\/radioquijano\/clases-en-salta-martes-1-de-julio-habra-actividades-con-normalidad\/\"]}]},{\"@type\":\"BreadcrumbList\",\"@id\":\"https:\/\/nahuelproducciones.com.ar\/radioquijano\/clases-en-salta-martes-1-de-julio-habra-actividades-con-normalidad\/#breadcrumb\",\"itemListElement\":[{\"@type\":\"ListItem\",\"position\":1,\"name\":\"Portada\",\"item\":\"https:\/\/nahuelproducciones.com.ar\/radioquijano\/\"},{\"@type\":\"ListItem\",\"position\":2,\"name\":\"Clases en Salta: martes 1 de julio habr\u00e1 actividades con normalidad.\"}]},{\"@type\":\"WebSite\",\"@id\":\"https:\/\/nahuelproducciones.com.ar\/radioquijano\/#website\",\"url\":\"https:\/\/nahuelproducciones.com.ar\/radioquijano\/\",\"name\":\"RQ 99.9\",\"description\":\"Radio Quijano 99.9 MHz\",\"potentialAction\":[{\"@type\":\"SearchAction\",\"target\":{\"@type\":\"EntryPoint\",\"urlTemplate\":\"https:\/\/nahuelproducciones.com.ar\/radioquijano\/?s={search_term_string}\"},\"query-input\":\"required name=search_term_string\"}],\"inLanguage\":\"es\"},{\"@type\":\"Person\",\"@id\":\"https:\/\/nahuelproducciones.com.ar\/radioquijano\/#\/schema\/person\/e8a4f939e2cb487fe6d0c54042c9d32c\",\"name\":\"Cecilia Pastrana\",\"image\":{\"@type\":\"ImageObject\",\"inLanguage\":\"es\",\"@id\":\"https:\/\/nahuelproducciones.com.ar\/radioquijano\/#\/schema\/person\/image\/\",\"url\":\"https:\/\/secure.gravatar.com\/avatar\/661a3ef63a8488d4f2794ed44af8cf71420f7e106f3072c40125114df5157749?s=96&d=mm&r=g\",\"contentUrl\":\"https:\/\/secure.gravatar.com\/avatar\/661a3ef63a8488d4f2794ed44af8cf71420f7e106f3072c40125114df5157749?s=96&d=mm&r=g\",\"caption\":\"Cecilia Pastrana\"},\"sameAs\":[\"cecy\"],\"url\":\"https:\/\/nahuelproducciones.com.ar\/radioquijano\/author\/cecy\/\"}]}<\/script>\n<!-- \/ Yoast SEO plugin. -->","yoast_head_json":{"title":"Clases en Salta: martes 1 de julio habr\u00e1 actividades con normalidad. - RQ 99.9","description":"Desde Educaci\u00f3n se informa que las inasistencias a partir del martes ser\u00e1n computadas en toda la provincia.","robots":{"index":"index","follow":"follow","max-snippet":"max-snippet:-1","max-image-preview":"max-image-preview:large","max-video-preview":"max-video-preview:-1"},"canonical":"https:\/\/nahuelproducciones.com.ar\/radioquijano\/clases-en-salta-martes-1-de-julio-habra-actividades-con-normalidad\/","og_locale":"es_ES","og_type":"article","og_title":"Clases en Salta: martes 1 de julio habr\u00e1 actividades con normalidad. - RQ 99.9","og_description":"Desde Educaci\u00f3n se informa que las inasistencias a partir del martes ser\u00e1n computadas en toda la provincia.","og_url":"https:\/\/nahuelproducciones.com.ar\/radioquijano\/clases-en-salta-martes-1-de-julio-habra-actividades-con-normalidad\/","og_site_name":"RQ 99.9","article_publisher":"https:\/\/www.facebook.com\/nahuelproducciones999\/","article_published_time":"2025-06-30T21:29:48+00:00","article_modified_time":"2025-06-30T21:29:50+00:00","og_image":[{"width":700,"height":394,"url":"https:\/\/nahuelproducciones.com.ar\/radioquijano\/wp-content\/uploads\/2025\/06\/102441-clases-en-salta-maniana-habra-actividades-con-normalidad-e1751318924332.webp","type":"image\/webp"}],"author":"Cecilia Pastrana","twitter_card":"summary_large_image","twitter_creator":"@nahuproduciones","twitter_site":"@nahuproduciones","twitter_misc":{"Escrito por":"Cecilia Pastrana","Tiempo de lectura":"1 minuto"},"schema":{"@context":"https:\/\/schema.org","@graph":[{"@type":"WebPage","@id":"https:\/\/nahuelproducciones.com.ar\/radioquijano\/clases-en-salta-martes-1-de-julio-habra-actividades-con-normalidad\/","url":"https:\/\/nahuelproducciones.com.ar\/radioquijano\/clases-en-salta-martes-1-de-julio-habra-actividades-con-normalidad\/","name":"Clases en Salta: martes 1 de julio habr\u00e1 actividades con normalidad. - RQ 99.9","isPartOf":{"@id":"https:\/\/nahuelproducciones.com.ar\/radioquijano\/#website"},"datePublished":"2025-06-30T21:29:48+00:00","dateModified":"2025-06-30T21:29:50+00:00","author":{"@id":"https:\/\/nahuelproducciones.com.ar\/radioquijano\/#\/schema\/person\/e8a4f939e2cb487fe6d0c54042c9d32c"},"description":"Desde Educaci\u00f3n se informa que las inasistencias a partir del martes ser\u00e1n computadas en toda la provincia.","breadcrumb":{"@id":"https:\/\/nahuelproducciones.com.ar\/radioquijano\/clases-en-salta-martes-1-de-julio-habra-actividades-con-normalidad\/#breadcrumb"},"inLanguage":"es","potentialAction":[{"@type":"ReadAction","target":["https:\/\/nahuelproducciones.com.ar\/radioquijano\/clases-en-salta-martes-1-de-julio-habra-actividades-con-normalidad\/"]}]},{"@type":"BreadcrumbList","@id":"https:\/\/nahuelproducciones.com.ar\/radioquijano\/clases-en-salta-martes-1-de-julio-habra-actividades-con-normalidad\/#breadcrumb","itemListElement":[{"@type":"ListItem","position":1,"name":"Portada","item":"https:\/\/nahuelproducciones.com.ar\/radioquijano\/"},{"@type":"ListItem","position":2,"name":"Clases en Salta: martes 1 de julio habr\u00e1 actividades con normalidad."}]},{"@type":"WebSite","@id":"https:\/\/nahuelproducciones.com.ar\/radioquijano\/#website","url":"https:\/\/nahuelproducciones.com.ar\/radioquijano\/","name":"RQ 99.9","description":"Radio Quijano 99.9 MHz","potentialAction":[{"@type":"SearchAction","target":{"@type":"EntryPoint","urlTemplate":"https:\/\/nahuelproducciones.com.ar\/radioquijano\/?s={search_term_string}"},"query-input":"required name=search_term_string"}],"inLanguage":"es"},{"@type":"Person","@id":"https:\/\/nahuelproducciones.com.ar\/radioquijano\/#\/schema\/person\/e8a4f939e2cb487fe6d0c54042c9d32c","name":"Cecilia Pastrana","image":{"@type":"ImageObject","inLanguage":"es","@id":"https:\/\/nahuelproducciones.com.ar\/radioquijano\/#\/schema\/person\/image\/","url":"https:\/\/secure.gravatar.com\/avatar\/661a3ef63a8488d4f2794ed44af8cf71420f7e106f3072c40125114df5157749?s=96&d=mm&r=g","contentUrl":"https:\/\/secure.gravatar.com\/avatar\/661a3ef63a8488d4f2794ed44af8cf71420f7e106f3072c40125114df5157749?s=96&d=mm&r=g","caption":"Cecilia Pastrana"},"sameAs":["cecy"],"url":"https:\/\/nahuelproducciones.com.ar\/radioquijano\/author\/cecy\/"}]}},"_links":{"self":[{"href":"https:\/\/nahuelproducciones.com.ar\/radioquijano\/wp-json\/wp\/v2\/posts\/10530","targetHints":{"allow":["GET"]}}],"collection":[{"href":"https:\/\/nahuelproducciones.com.ar\/radioquijano\/wp-json\/wp\/v2\/posts"}],"about":[{"href":"https:\/\/nahuelproducciones.com.ar\/radioquijano\/wp-json\/wp\/v2\/types\/post"}],"author":[{"embeddable":true,"href":"https:\/\/nahuelproducciones.com.ar\/radioquijano\/wp-json\/wp\/v2\/users\/8"}],"replies":[{"embeddable":true,"href":"https:\/\/nahuelproducciones.com.ar\/radioquijano\/wp-json\/wp\/v2\/comments?post=10530"}],"version-history":[{"count":1,"href":"https:\/\/nahuelproducciones.com.ar\/radioquijano\/wp-json\/wp\/v2\/posts\/10530\/revisions"}],"predecessor-version":[{"id":10532,"href":"https:\/\/nahuelproducciones.com.ar\/radioquijano\/wp-json\/wp\/v2\/posts\/10530\/revisions\/10532"}],"wp:featuredmedia":[{"embeddable":true,"href":"https:\/\/nahuelproducciones.com.ar\/radioquijano\/wp-json\/wp\/v2\/media\/10531"}],"wp:attachment":[{"href":"https:\/\/nahuelproducciones.com.ar\/radioquijano\/wp-json\/wp\/v2\/media?parent=10530"}],"wp:term":[{"taxonomy":"category","embeddable":true,"href":"https:\/\/nahuelproducciones.com.ar\/radioquijano\/wp-json\/wp\/v2\/categories?post=10530"},{"taxonomy":"post_tag","embeddable":true,"href":"https:\/\/nahuelproducciones.com.ar\/radioquijano\/wp-json\/wp\/v2\/tags?post=10530"}],"curies":[{"name":"wp","href":"https:\/\/api.w.org\/{rel}","templated":true}]}}